{"id":31255,"date":"2022-12-15T17:28:20","date_gmt":"2022-12-15T15:28:20","guid":{"rendered":"https:\/\/www.gereso.com\/actualites\/?p=31255"},"modified":"2022-12-15T17:28:22","modified_gmt":"2022-12-15T15:28:22","slug":"plafond-securite-sociale-1er-janvier-2023-augmentation-de-6-9","status":"publish","type":"post","link":"https:\/\/www.gereso.com\/actualites\/2022\/12\/15\/plafond-securite-sociale-1er-janvier-2023-augmentation-de-6-9\/","title":{"rendered":"Plafond de la s\u00e9curit\u00e9 sociale au 1er janvier 2023 : augmentation de 6.9%"},"content":{"rendered":"\n<p>Le plafond de la S\u00e9curit\u00e9 sociale correspond au montant maximal des r\u00e9mun\u00e9rations ou gains \u00e0 prendre en compte pour le calcul de certaines cotisations, principalement les cotisations d\u2019assurance vieillesse de base, et sert \u00e9galement de r\u00e9f\u00e9rence pour la d\u00e9finition de l\u2019assiette de certaines contributions et le calcul des droits sociaux.<\/p>\n<article class=\"obj_encart-formation\">\n<div class=\"ctn_encart\">\n<h3>Votre formation sur ce th\u00e8me<\/h3>\n<h2>\u00a0L&rsquo;ESSENTIEL DE LA PROTECTION SOCIALE\u00a0<\/h2>\n<h4>2 jours &#8211; En pr\u00e9sentiel ou \u00e0 distance<\/h4>\n<ul>\n<li><strong>Disposer d&rsquo;une vue globale <\/strong>du r\u00e9gime de protection sociale des salari\u00e9s du secteur priv\u00e9.<\/li>\n<li><strong>Distinguer les diff\u00e9rentes prestations de S\u00e9curit\u00e9 sociale<\/strong> (maladie, maternit\u00e9, invalidit\u00e9, AT\/MP, d\u00e9c\u00e8s).<\/li>\n<li><strong>Relier les prestations servies par l&rsquo;assurance maladie<\/strong> avec la protection sociale compl\u00e9mentaire d&rsquo;entreprise.<\/li>\n<li><strong>D\u00e9finir les diff\u00e9rents niveaux de retraite<\/strong> dans le secteur priv\u00e9 (base, compl\u00e9mentaire et suppl\u00e9mentaire).<\/li>\n<\/ul>\n<div class=\"ctn_btn\"><a class=\"obj_btn\" href=\"https:\/\/www.gereso.com\/IPSO\" target=\"_blank\" rel=\"noopener\">Inscription gratuite<\/a> <a class=\"obj_btn\" href=\"https:\/\/www.gereso.com\/client\/programme-pdf\/IPSO.pdf\" target=\"_blank\" rel=\"noopener\">T\u00e9l\u00e9charger le programme PDF<\/a><\/div>\n<\/div>\n<\/article>\n<p>Un arr\u00eat\u00e9 fixant le niveau du plafond sera publi\u00e9 avant la fin de l\u2019ann\u00e9e 2022. Le chapitre 6 de la rubrique \u00ab\u00a0Assiette g\u00e9n\u00e9rale\u00a0\u00bb du Bulletin officiel de la S\u00e9curit\u00e9 sociale sera mis \u00e0 jour au 1er janvier 2023.<\/p>\n<p>Les valeurs du plafond de la S\u00e9curit\u00e9 sociale pour 2023 seront alors les suivantes\u00a0:<\/p>\n\n\n\n<p><html>\n<body>\n<table border=\"1\">\n<tbody>\n<tr>\n\t<td style=\"text-align: center;\" bgcolor=\"#d10016\" width=\"253\"><p><span style=\"color: #ffffff;\"><strong>Annuel<\/strong><\/span><\/p><\/td>\n\t<td style=\"text-align: center;\"  width=\"253\"><p><span>43 992 \u20ac<\/span><\/p><\/td>\n\t\n<\/tr>\n\n<tr>\n<td style=\"text-align: center;\" bgcolor=\"#d10016\" width=\"253\"><p><span style=\"color: #ffffff;\"><strong>Trimestriel<\/strong><\/span><\/p><\/td>\n\t<td style=\"text-align: center; width: 134px;\"><p>10 998 \u20ac<\/p><\/td>\n\t\n<\/tr>\n<tr>\n<td style=\"text-align: center;\" bgcolor=\"#d10016\" width=\"253\"><p><span style=\"color: #ffffff;\">\n<strong>Mensuel<\/strong><\/span><\/p>\n\t<\/td>\n\t<td style=\"text-align: center; width: 134px;\"><p>3 666 \u20ac<\/p><\/td>\n\n<\/tr>\n\n\t<tr>\n\t<td style=\"text-align: center;\" bgcolor=\"#d10016\" width=\"253\"><p><span style=\"color: #ffffff;\">\n\t\t<strong>Quinzaine<\/strong><\/span><\/p><\/td>\n\t<td style=\"text-align: center; width: 134px;\"><p>1 833 \u20ac<\/p><\/td>\n\t\n<\/tr>\n\t<tr>\n\t<td style=\"text-align: center;\" bgcolor=\"#d10016\" width=\"253\"><p><span style=\"color: #ffffff;\">\n\t\t<strong>Hebdomadaire<\/strong><\/span><\/p><\/td>\n\t<td style=\"text-align: center; width: 134px;\"><p>846 \u20ac<\/p><\/td>\n\t\n<\/tr>\n\t<tr>\n\t<td style=\"text-align: center;\" bgcolor=\"#d10016\" width=\"253\"><p><span style=\"color: #ffffff;\">\n\t\t<strong>Journalier<\/strong><\/span><\/p><\/td>\n\t<td style=\"text-align: center; width: 134px;\"><p>202 \u20ac<\/p><\/td>\n\t\n<\/tr>\n\t<tr>\n\t<td style=\"text-align: center;\" bgcolor=\"#d10016\" width=\"253\"><p><span style=\"color: #ffffff;\">\n\t\t<strong>Horaire<\/strong><\/span><\/p><\/td>\n\t<td style=\"text-align: center; width: 134px;\"><p>27 \u20ac<\/p><\/td>\n\t\n<\/tr>\n\n<\/tbody><!doctype html>\n\t<\/table>\n<html>\n<head>\n<meta charset=\"UTF-8\">\n<title>Document sans nom<\/title>\n<\/head>\n\n<body>\n<\/body>\n<\/html>\n<\/p>\n\n\n\n<p><a href=\"https:\/\/boss.gouv.fr\/portail\/accueil\/actualites-boss\/2022\/octobre\/plafond-securite-sociale-2023.html\" target=\"_blank\" rel=\"nofollow noopener\">BOSS, communiqu\u00e9 du 10 octobre 2022<\/a><\/p>\n\n\n","protected":false},"excerpt":{"rendered":"<p>Le plafond de la S\u00e9curit\u00e9 sociale correspond au montant maximal des r\u00e9mun\u00e9rations ou gains \u00e0 prendre en compte pour le calcul de certaines cotisations, principalement les cotisations d\u2019assurance vieillesse de base, et sert \u00e9galement de r\u00e9f\u00e9rence pour la d\u00e9finition de l\u2019assiette de certaines contributions et le calcul des droits sociaux. Votre formation sur ce th\u00e8me [&hellip;]<\/p>\n","protected":false},"author":32,"featured_media":31261,"comment_status":"open","ping_status":"open","sticky":false,"template":"","format":"standard","meta":{"_acf_changed":false,"_mi_skip_tracking":false,"footnotes":""},"categories":[12,8],"tags":[],"class_list":["post-31255","post","type-post","status-publish","format-standard","has-post-thumbnail","hentry","category-actualites","category-paie-et-administration-du-personnel"],"acf":[],"yoast_head":"<!-- This site is optimized with the Yoast SEO plugin v23.4 - https:\/\/yoast.com\/wordpress\/plugins\/seo\/ -->\n<title>Plafond de la s\u00e9curit\u00e9 sociale au 1er janvier 2023 : augmentation de 6.9% - Le Blog GERESO<\/title>\n<meta name=\"robots\" content=\"index, follow, max-snippet:-1, max-image-preview:large, max-video-preview:-1\" \/>\n<link rel=\"canonical\" href=\"https:\/\/www.gereso.com\/actualites\/2022\/12\/15\/plafond-securite-sociale-1er-janvier-2023-augmentation-de-6-9\/\" \/>\n<meta property=\"og:locale\" content=\"fr_FR\" \/>\n<meta property=\"og:type\" content=\"article\" \/>\n<meta property=\"og:title\" content=\"Plafond de la s\u00e9curit\u00e9 sociale au 1er janvier 2023 : augmentation de 6.9% - Le Blog GERESO\" \/>\n<meta property=\"og:description\" content=\"Le plafond de la S\u00e9curit\u00e9 sociale correspond au montant maximal des r\u00e9mun\u00e9rations ou gains \u00e0 prendre en compte pour le calcul de certaines cotisations, principalement les cotisations d\u2019assurance vieillesse de base, et sert \u00e9galement de r\u00e9f\u00e9rence pour la d\u00e9finition de l\u2019assiette de certaines contributions et le calcul des droits sociaux. Votre formation sur ce th\u00e8me [&hellip;]\" \/>\n<meta property=\"og:url\" content=\"https:\/\/www.gereso.com\/actualites\/2022\/12\/15\/plafond-securite-sociale-1er-janvier-2023-augmentation-de-6-9\/\" \/>\n<meta property=\"og:site_name\" content=\"Le Blog GERESO\" \/>\n<meta property=\"article:published_time\" content=\"2022-12-15T15:28:20+00:00\" \/>\n<meta property=\"article:modified_time\" content=\"2022-12-15T15:28:22+00:00\" \/>\n<meta property=\"og:image\" content=\"https:\/\/www.gereso.com\/actualites\/wp-content\/uploads\/2022\/11\/plafond-securite-sociale-1er-janvier-2023-augmentation-6.9.jpg\" \/>\n\t<meta property=\"og:image:width\" content=\"600\" \/>\n\t<meta property=\"og:image:height\" content=\"400\" \/>\n\t<meta property=\"og:image:type\" content=\"image\/jpeg\" \/>\n<meta name=\"author\" content=\"\u00c9quipe GERESO\" \/>\n<meta name=\"twitter:card\" content=\"summary_large_image\" \/>\n<script type=\"application\/ld+json\" class=\"yoast-schema-graph\">{\"@context\":\"https:\/\/schema.org\",\"@graph\":[{\"@type\":\"WebPage\",\"@id\":\"https:\/\/www.gereso.com\/actualites\/2022\/12\/15\/plafond-securite-sociale-1er-janvier-2023-augmentation-de-6-9\/\",\"url\":\"https:\/\/www.gereso.com\/actualites\/2022\/12\/15\/plafond-securite-sociale-1er-janvier-2023-augmentation-de-6-9\/\",\"name\":\"Plafond de la s\u00e9curit\u00e9 sociale au 1er janvier 2023 : augmentation de 6.9% - Le Blog GERESO\",\"isPartOf\":{\"@id\":\"https:\/\/www.gereso.com\/actualites\/#website\"},\"primaryImageOfPage\":{\"@id\":\"https:\/\/www.gereso.com\/actualites\/2022\/12\/15\/plafond-securite-sociale-1er-janvier-2023-augmentation-de-6-9\/#primaryimage\"},\"image\":{\"@id\":\"https:\/\/www.gereso.com\/actualites\/2022\/12\/15\/plafond-securite-sociale-1er-janvier-2023-augmentation-de-6-9\/#primaryimage\"},\"thumbnailUrl\":\"https:\/\/www.gereso.com\/actualites\/wp-content\/uploads\/2022\/11\/plafond-securite-sociale-1er-janvier-2023-augmentation-6.9.jpg\",\"datePublished\":\"2022-12-15T15:28:20+00:00\",\"dateModified\":\"2022-12-15T15:28:22+00:00\",\"author\":{\"@id\":\"https:\/\/www.gereso.com\/actualites\/#\/schema\/person\/197d8aef40cb4ae3f6a0aa9e1d3df2a6\"},\"breadcrumb\":{\"@id\":\"https:\/\/www.gereso.com\/actualites\/2022\/12\/15\/plafond-securite-sociale-1er-janvier-2023-augmentation-de-6-9\/#breadcrumb\"},\"inLanguage\":\"fr-FR\",\"potentialAction\":[{\"@type\":\"ReadAction\",\"target\":[\"https:\/\/www.gereso.com\/actualites\/2022\/12\/15\/plafond-securite-sociale-1er-janvier-2023-augmentation-de-6-9\/\"]}]},{\"@type\":\"ImageObject\",\"inLanguage\":\"fr-FR\",\"@id\":\"https:\/\/www.gereso.com\/actualites\/2022\/12\/15\/plafond-securite-sociale-1er-janvier-2023-augmentation-de-6-9\/#primaryimage\",\"url\":\"https:\/\/www.gereso.com\/actualites\/wp-content\/uploads\/2022\/11\/plafond-securite-sociale-1er-janvier-2023-augmentation-6.9.jpg\",\"contentUrl\":\"https:\/\/www.gereso.com\/actualites\/wp-content\/uploads\/2022\/11\/plafond-securite-sociale-1er-janvier-2023-augmentation-6.9.jpg\",\"width\":600,\"height\":400,\"caption\":\"La s\u00e9curit\u00e9 sociale en 2023\"},{\"@type\":\"BreadcrumbList\",\"@id\":\"https:\/\/www.gereso.com\/actualites\/2022\/12\/15\/plafond-securite-sociale-1er-janvier-2023-augmentation-de-6-9\/#breadcrumb\",\"itemListElement\":[{\"@type\":\"ListItem\",\"position\":1,\"name\":\"Home\",\"item\":\"https:\/\/www.gereso.com\/actualites\/\"},{\"@type\":\"ListItem\",\"position\":2,\"name\":\"Plafond de la s\u00e9curit\u00e9 sociale au 1er janvier 2023 : augmentation de 6.9%\"}]},{\"@type\":\"WebSite\",\"@id\":\"https:\/\/www.gereso.com\/actualites\/#website\",\"url\":\"https:\/\/www.gereso.com\/actualites\/\",\"name\":\"Le Blog GERESO\",\"description\":\"Toute l&#039;actu RH, Finance, Fonction Publique, Management...\",\"potentialAction\":[{\"@type\":\"SearchAction\",\"target\":{\"@type\":\"EntryPoint\",\"urlTemplate\":\"https:\/\/www.gereso.com\/actualites\/?s={search_term_string}\"},\"query-input\":{\"@type\":\"PropertyValueSpecification\",\"valueRequired\":true,\"valueName\":\"search_term_string\"}}],\"inLanguage\":\"fr-FR\"},{\"@type\":\"Person\",\"@id\":\"https:\/\/www.gereso.com\/actualites\/#\/schema\/person\/197d8aef40cb4ae3f6a0aa9e1d3df2a6\",\"name\":\"\u00c9quipe GERESO\",\"image\":{\"@type\":\"ImageObject\",\"inLanguage\":\"fr-FR\",\"@id\":\"https:\/\/www.gereso.com\/actualites\/#\/schema\/person\/image\/\",\"url\":\"https:\/\/www.gereso.com\/actualites\/wp-content\/uploads\/2013\/12\/avatar-gereso-1.png\",\"contentUrl\":\"https:\/\/www.gereso.com\/actualites\/wp-content\/uploads\/2013\/12\/avatar-gereso-1.png\",\"caption\":\"\u00c9quipe GERESO\"},\"url\":\"https:\/\/www.gereso.com\/actualites\/author\/gereso\/\"}]}<\/script>\n<!-- \/ Yoast SEO plugin. -->","yoast_head_json":{"title":"Plafond de la s\u00e9curit\u00e9 sociale au 1er janvier 2023 : augmentation de 6.9% - Le Blog GERESO","robots":{"index":"index","follow":"follow","max-snippet":"max-snippet:-1","max-image-preview":"max-image-preview:large","max-video-preview":"max-video-preview:-1"},"canonical":"https:\/\/www.gereso.com\/actualites\/2022\/12\/15\/plafond-securite-sociale-1er-janvier-2023-augmentation-de-6-9\/","og_locale":"fr_FR","og_type":"article","og_title":"Plafond de la s\u00e9curit\u00e9 sociale au 1er janvier 2023 : augmentation de 6.9% - Le Blog GERESO","og_description":"Le plafond de la S\u00e9curit\u00e9 sociale correspond au montant maximal des r\u00e9mun\u00e9rations ou gains \u00e0 prendre en compte pour le calcul de certaines cotisations, principalement les cotisations d\u2019assurance vieillesse de base, et sert \u00e9galement de r\u00e9f\u00e9rence pour la d\u00e9finition de l\u2019assiette de certaines contributions et le calcul des droits sociaux. Votre formation sur ce th\u00e8me [&hellip;]","og_url":"https:\/\/www.gereso.com\/actualites\/2022\/12\/15\/plafond-securite-sociale-1er-janvier-2023-augmentation-de-6-9\/","og_site_name":"Le Blog GERESO","article_published_time":"2022-12-15T15:28:20+00:00","article_modified_time":"2022-12-15T15:28:22+00:00","og_image":[{"width":600,"height":400,"url":"https:\/\/www.gereso.com\/actualites\/wp-content\/uploads\/2022\/11\/plafond-securite-sociale-1er-janvier-2023-augmentation-6.9.jpg","type":"image\/jpeg"}],"author":"\u00c9quipe GERESO","twitter_card":"summary_large_image","schema":{"@context":"https:\/\/schema.org","@graph":[{"@type":"WebPage","@id":"https:\/\/www.gereso.com\/actualites\/2022\/12\/15\/plafond-securite-sociale-1er-janvier-2023-augmentation-de-6-9\/","url":"https:\/\/www.gereso.com\/actualites\/2022\/12\/15\/plafond-securite-sociale-1er-janvier-2023-augmentation-de-6-9\/","name":"Plafond de la s\u00e9curit\u00e9 sociale au 1er janvier 2023 : augmentation de 6.9% - Le Blog GERESO","isPartOf":{"@id":"https:\/\/www.gereso.com\/actualites\/#website"},"primaryImageOfPage":{"@id":"https:\/\/www.gereso.com\/actualites\/2022\/12\/15\/plafond-securite-sociale-1er-janvier-2023-augmentation-de-6-9\/#primaryimage"},"image":{"@id":"https:\/\/www.gereso.com\/actualites\/2022\/12\/15\/plafond-securite-sociale-1er-janvier-2023-augmentation-de-6-9\/#primaryimage"},"thumbnailUrl":"https:\/\/www.gereso.com\/actualites\/wp-content\/uploads\/2022\/11\/plafond-securite-sociale-1er-janvier-2023-augmentation-6.9.jpg","datePublished":"2022-12-15T15:28:20+00:00","dateModified":"2022-12-15T15:28:22+00:00","author":{"@id":"https:\/\/www.gereso.com\/actualites\/#\/schema\/person\/197d8aef40cb4ae3f6a0aa9e1d3df2a6"},"breadcrumb":{"@id":"https:\/\/www.gereso.com\/actualites\/2022\/12\/15\/plafond-securite-sociale-1er-janvier-2023-augmentation-de-6-9\/#breadcrumb"},"inLanguage":"fr-FR","potentialAction":[{"@type":"ReadAction","target":["https:\/\/www.gereso.com\/actualites\/2022\/12\/15\/plafond-securite-sociale-1er-janvier-2023-augmentation-de-6-9\/"]}]},{"@type":"ImageObject","inLanguage":"fr-FR","@id":"https:\/\/www.gereso.com\/actualites\/2022\/12\/15\/plafond-securite-sociale-1er-janvier-2023-augmentation-de-6-9\/#primaryimage","url":"https:\/\/www.gereso.com\/actualites\/wp-content\/uploads\/2022\/11\/plafond-securite-sociale-1er-janvier-2023-augmentation-6.9.jpg","contentUrl":"https:\/\/www.gereso.com\/actualites\/wp-content\/uploads\/2022\/11\/plafond-securite-sociale-1er-janvier-2023-augmentation-6.9.jpg","width":600,"height":400,"caption":"La s\u00e9curit\u00e9 sociale en 2023"},{"@type":"BreadcrumbList","@id":"https:\/\/www.gereso.com\/actualites\/2022\/12\/15\/plafond-securite-sociale-1er-janvier-2023-augmentation-de-6-9\/#breadcrumb","itemListElement":[{"@type":"ListItem","position":1,"name":"Home","item":"https:\/\/www.gereso.com\/actualites\/"},{"@type":"ListItem","position":2,"name":"Plafond de la s\u00e9curit\u00e9 sociale au 1er janvier 2023 : augmentation de 6.9%"}]},{"@type":"WebSite","@id":"https:\/\/www.gereso.com\/actualites\/#website","url":"https:\/\/www.gereso.com\/actualites\/","name":"Le Blog GERESO","description":"Toute l&#039;actu RH, Finance, Fonction Publique, Management...","potentialAction":[{"@type":"SearchAction","target":{"@type":"EntryPoint","urlTemplate":"https:\/\/www.gereso.com\/actualites\/?s={search_term_string}"},"query-input":{"@type":"PropertyValueSpecification","valueRequired":true,"valueName":"search_term_string"}}],"inLanguage":"fr-FR"},{"@type":"Person","@id":"https:\/\/www.gereso.com\/actualites\/#\/schema\/person\/197d8aef40cb4ae3f6a0aa9e1d3df2a6","name":"\u00c9quipe GERESO","image":{"@type":"ImageObject","inLanguage":"fr-FR","@id":"https:\/\/www.gereso.com\/actualites\/#\/schema\/person\/image\/","url":"https:\/\/www.gereso.com\/actualites\/wp-content\/uploads\/2013\/12\/avatar-gereso-1.png","contentUrl":"https:\/\/www.gereso.com\/actualites\/wp-content\/uploads\/2013\/12\/avatar-gereso-1.png","caption":"\u00c9quipe GERESO"},"url":"https:\/\/www.gereso.com\/actualites\/author\/gereso\/"}]}},"_links":{"self":[{"href":"https:\/\/www.gereso.com\/actualites\/wp-json\/wp\/v2\/posts\/31255","targetHints":{"allow":["GET"]}}],"collection":[{"href":"https:\/\/www.gereso.com\/actualites\/wp-json\/wp\/v2\/posts"}],"about":[{"href":"https:\/\/www.gereso.com\/actualites\/wp-json\/wp\/v2\/types\/post"}],"author":[{"embeddable":true,"href":"https:\/\/www.gereso.com\/actualites\/wp-json\/wp\/v2\/users\/32"}],"replies":[{"embeddable":true,"href":"https:\/\/www.gereso.com\/actualites\/wp-json\/wp\/v2\/comments?post=31255"}],"version-history":[{"count":13,"href":"https:\/\/www.gereso.com\/actualites\/wp-json\/wp\/v2\/posts\/31255\/revisions"}],"predecessor-version":[{"id":32063,"href":"https:\/\/www.gereso.com\/actualites\/wp-json\/wp\/v2\/posts\/31255\/revisions\/32063"}],"wp:featuredmedia":[{"embeddable":true,"href":"https:\/\/www.gereso.com\/actualites\/wp-json\/wp\/v2\/media\/31261"}],"wp:attachment":[{"href":"https:\/\/www.gereso.com\/actualites\/wp-json\/wp\/v2\/media?parent=31255"}],"wp:term":[{"taxonomy":"category","embeddable":true,"href":"https:\/\/www.gereso.com\/actualites\/wp-json\/wp\/v2\/categories?post=31255"},{"taxonomy":"post_tag","embeddable":true,"href":"https:\/\/www.gereso.com\/actualites\/wp-json\/wp\/v2\/tags?post=31255"}],"curies":[{"name":"wp","href":"https:\/\/api.w.org\/{rel}","templated":true}]}}