{"id":3149,"date":"2014-05-10T13:20:16","date_gmt":"2014-05-10T11:20:16","guid":{"rendered":"https:\/\/www.gereso.com\/actualites\/?p=3149"},"modified":"2014-05-10T13:20:16","modified_gmt":"2014-05-10T11:20:16","slug":"le-certificat-professionnel-charge-de-mobilite-internationale","status":"publish","type":"post","link":"https:\/\/www.gereso.com\/actualites\/2014\/05\/10\/le-certificat-professionnel-charge-de-mobilite-internationale\/","title":{"rendered":"Le certificat professionnel \u00ab Charg\u00e9 de mobilit\u00e9 internationale \u00bb"},"content":{"rendered":"<p><span style=\"font-size: medium;\"><i>GERESO propose en exclusivit\u00e9 le <strong>certificat professionnel \u00ab\u00a0Charg\u00e9 de mobilit\u00e9 internationale\u00a0\u00bb<\/strong>\u00a0: il s\u2019agit d\u2019une formation certifiante \u00e0 haute valeur ajout\u00e9e qui s\u2019adresse principalement aux assistants et aux gestionnaires RH souhaitant se sp\u00e9cialiser en mobilit\u00e9 internationale.<\/i><\/span><\/p>\n<h2><strong>Les atouts de ce certificat professionnel<\/strong><\/h2>\n<p>Ce certificat est reconnu par la f\u00e9d\u00e9ration de la formation professionnelle. Il faut savoir qu\u2019il s\u2019agit d\u2019une exclusivit\u00e9 GERESO : si vous voulez obtenir un certificat vous permettant de vous sp\u00e9cialiser en mobilit\u00e9 internationale, vous ferez donc le bon choix. Le contenu des modules est complet et tient compte des toutes derni\u00e8res \u00e9volutions de la r\u00e9glementation. La formation est bien \u00e9videmment dispens\u00e9e et valid\u00e9e par des experts.<\/p>\n<h2><strong>Le programme du certificat \u00ab\u00a0Charg\u00e9 de mobilit\u00e9 internationale\u00a0\u00bb<\/strong><\/h2>\n<p>Le <a title=\"certificat professionnel charg\u00e9 de mobilit\u00e9 internationale\" href=\"http:\/\/www.gereso.com\/formations\/mobilite-internationale\/formation-certifiante-charge-de-mobilite-internationale\" target=\"_blank\">certificat \u201dCharg\u00e9 de mobilit\u00e9 internationale\u201d<\/a> se compose de 8 modules pour 18 jours de formation. Voici les points qui sont abord\u00e9s dans le programme :<\/p>\n<ul>\n<li>Les missions de courte dur\u00e9e \u00e0 l\u2019international<\/li>\n<li>La fiscalit\u00e9 des expatri\u00e9s<\/li>\n<li>La gestion des expatri\u00e9s (2 modules : premier niveau et niveau de perfectionnement)<\/li>\n<li>Le statut des salari\u00e9s impatri\u00e9s<\/li>\n<li>La retraite des expatri\u00e9s<\/li>\n<li>La paie et la r\u00e9mun\u00e9ration des expatri\u00e9s<\/li>\n<li>La gestion des salari\u00e9s inter-pays et des \u201dthird country nationals\u201d<\/li>\n<\/ul>\n<p>Pour valider le certificat, vous passerez bien \u00e9videmment un examen final devant un jury de professionnels, experts sur les th\u00e9matiques de la mobilit\u00e9 internationale. Pour en savoir plus sur notre certificat professionnel, contactez l\u2019\u00e9quipe de GERESO !<\/p>\n","protected":false},"excerpt":{"rendered":"<p>GERESO propose en exclusivit\u00e9 le certificat professionnel \u00ab\u00a0Charg\u00e9 de mobilit\u00e9 internationale\u00a0\u00bb\u00a0: il s\u2019agit d\u2019une formation certifiante \u00e0 haute valeur ajout\u00e9e qui s\u2019adresse principalement aux assistants et aux gestionnaires RH souhaitant se sp\u00e9cialiser en mobilit\u00e9 internationale. Les atouts de ce certificat professionnel Ce certificat est reconnu par la f\u00e9d\u00e9ration de la formation professionnelle. Il faut savoir [&hellip;]<\/p>\n","protected":false},"author":32,"featured_media":599,"comment_status":"open","ping_status":"open","sticky":false,"template":"","format":"standard","meta":{"_acf_changed":false,"_mi_skip_tracking":false,"footnotes":""},"categories":[7],"tags":[405],"class_list":["post-3149","post","type-post","status-publish","format-standard","has-post-thumbnail","hentry","category-mobilite-internationale","tag-certificat-professionnel-charge-de-mobilite-internationale"],"acf":[],"yoast_head":"<!-- This site is optimized with the Yoast SEO plugin v23.4 - https:\/\/yoast.com\/wordpress\/plugins\/seo\/ -->\n<title>Le certificat professionnel \u00ab Charg\u00e9 de mobilit\u00e9 internationale \u00bb - Le Blog GERESO<\/title>\n<meta name=\"robots\" content=\"index, follow, max-snippet:-1, max-image-preview:large, max-video-preview:-1\" \/>\n<link rel=\"canonical\" href=\"https:\/\/www.gereso.com\/actualites\/2014\/05\/10\/le-certificat-professionnel-charge-de-mobilite-internationale\/\" \/>\n<meta property=\"og:locale\" content=\"fr_FR\" \/>\n<meta property=\"og:type\" content=\"article\" \/>\n<meta property=\"og:title\" content=\"Le certificat professionnel \u00ab Charg\u00e9 de mobilit\u00e9 internationale \u00bb - Le Blog GERESO\" \/>\n<meta property=\"og:description\" content=\"GERESO propose en exclusivit\u00e9 le certificat professionnel \u00ab\u00a0Charg\u00e9 de mobilit\u00e9 internationale\u00a0\u00bb\u00a0: il s\u2019agit d\u2019une formation certifiante \u00e0 haute valeur ajout\u00e9e qui s\u2019adresse principalement aux assistants et aux gestionnaires RH souhaitant se sp\u00e9cialiser en mobilit\u00e9 internationale. Les atouts de ce certificat professionnel Ce certificat est reconnu par la f\u00e9d\u00e9ration de la formation professionnelle. Il faut savoir [&hellip;]\" \/>\n<meta property=\"og:url\" content=\"https:\/\/www.gereso.com\/actualites\/2014\/05\/10\/le-certificat-professionnel-charge-de-mobilite-internationale\/\" \/>\n<meta property=\"og:site_name\" content=\"Le Blog GERESO\" \/>\n<meta property=\"article:published_time\" content=\"2014-05-10T11:20:16+00:00\" \/>\n<meta property=\"og:image\" content=\"https:\/\/www.gereso.com\/actualites\/wp-content\/uploads\/2012\/08\/guichet-unique-1.jpg\" \/>\n\t<meta property=\"og:image:width\" content=\"534\" \/>\n\t<meta property=\"og:image:height\" content=\"330\" \/>\n\t<meta property=\"og:image:type\" content=\"image\/jpeg\" \/>\n<meta name=\"author\" content=\"\u00c9quipe GERESO\" \/>\n<meta name=\"twitter:card\" content=\"summary_large_image\" \/>\n<script type=\"application\/ld+json\" class=\"yoast-schema-graph\">{\"@context\":\"https:\/\/schema.org\",\"@graph\":[{\"@type\":\"WebPage\",\"@id\":\"https:\/\/www.gereso.com\/actualites\/2014\/05\/10\/le-certificat-professionnel-charge-de-mobilite-internationale\/\",\"url\":\"https:\/\/www.gereso.com\/actualites\/2014\/05\/10\/le-certificat-professionnel-charge-de-mobilite-internationale\/\",\"name\":\"Le certificat professionnel \u00ab Charg\u00e9 de mobilit\u00e9 internationale \u00bb - Le Blog GERESO\",\"isPartOf\":{\"@id\":\"https:\/\/www.gereso.com\/actualites\/#website\"},\"primaryImageOfPage\":{\"@id\":\"https:\/\/www.gereso.com\/actualites\/2014\/05\/10\/le-certificat-professionnel-charge-de-mobilite-internationale\/#primaryimage\"},\"image\":{\"@id\":\"https:\/\/www.gereso.com\/actualites\/2014\/05\/10\/le-certificat-professionnel-charge-de-mobilite-internationale\/#primaryimage\"},\"thumbnailUrl\":\"https:\/\/www.gereso.com\/actualites\/wp-content\/uploads\/2012\/08\/guichet-unique-1.jpg\",\"datePublished\":\"2014-05-10T11:20:16+00:00\",\"dateModified\":\"2014-05-10T11:20:16+00:00\",\"author\":{\"@id\":\"https:\/\/www.gereso.com\/actualites\/#\/schema\/person\/197d8aef40cb4ae3f6a0aa9e1d3df2a6\"},\"breadcrumb\":{\"@id\":\"https:\/\/www.gereso.com\/actualites\/2014\/05\/10\/le-certificat-professionnel-charge-de-mobilite-internationale\/#breadcrumb\"},\"inLanguage\":\"fr-FR\",\"potentialAction\":[{\"@type\":\"ReadAction\",\"target\":[\"https:\/\/www.gereso.com\/actualites\/2014\/05\/10\/le-certificat-professionnel-charge-de-mobilite-internationale\/\"]}]},{\"@type\":\"ImageObject\",\"inLanguage\":\"fr-FR\",\"@id\":\"https:\/\/www.gereso.com\/actualites\/2014\/05\/10\/le-certificat-professionnel-charge-de-mobilite-internationale\/#primaryimage\",\"url\":\"https:\/\/www.gereso.com\/actualites\/wp-content\/uploads\/2012\/08\/guichet-unique-1.jpg\",\"contentUrl\":\"https:\/\/www.gereso.com\/actualites\/wp-content\/uploads\/2012\/08\/guichet-unique-1.jpg\",\"width\":534,\"height\":330,\"caption\":\"Travailleur immigr\u00e9 guichet unique\"},{\"@type\":\"BreadcrumbList\",\"@id\":\"https:\/\/www.gereso.com\/actualites\/2014\/05\/10\/le-certificat-professionnel-charge-de-mobilite-internationale\/#breadcrumb\",\"itemListElement\":[{\"@type\":\"ListItem\",\"position\":1,\"name\":\"Home\",\"item\":\"https:\/\/www.gereso.com\/actualites\/\"},{\"@type\":\"ListItem\",\"position\":2,\"name\":\"Le certificat professionnel \u00ab Charg\u00e9 de mobilit\u00e9 internationale \u00bb\"}]},{\"@type\":\"WebSite\",\"@id\":\"https:\/\/www.gereso.com\/actualites\/#website\",\"url\":\"https:\/\/www.gereso.com\/actualites\/\",\"name\":\"Le Blog GERESO\",\"description\":\"Toute l&#039;actu RH, Finance, Fonction Publique, Management...\",\"potentialAction\":[{\"@type\":\"SearchAction\",\"target\":{\"@type\":\"EntryPoint\",\"urlTemplate\":\"https:\/\/www.gereso.com\/actualites\/?s={search_term_string}\"},\"query-input\":{\"@type\":\"PropertyValueSpecification\",\"valueRequired\":true,\"valueName\":\"search_term_string\"}}],\"inLanguage\":\"fr-FR\"},{\"@type\":\"Person\",\"@id\":\"https:\/\/www.gereso.com\/actualites\/#\/schema\/person\/197d8aef40cb4ae3f6a0aa9e1d3df2a6\",\"name\":\"\u00c9quipe GERESO\",\"image\":{\"@type\":\"ImageObject\",\"inLanguage\":\"fr-FR\",\"@id\":\"https:\/\/www.gereso.com\/actualites\/#\/schema\/person\/image\/\",\"url\":\"https:\/\/www.gereso.com\/actualites\/wp-content\/uploads\/2013\/12\/avatar-gereso-1.png\",\"contentUrl\":\"https:\/\/www.gereso.com\/actualites\/wp-content\/uploads\/2013\/12\/avatar-gereso-1.png\",\"caption\":\"\u00c9quipe GERESO\"},\"url\":\"https:\/\/www.gereso.com\/actualites\/author\/gereso\/\"}]}<\/script>\n<!-- \/ Yoast SEO plugin. -->","yoast_head_json":{"title":"Le certificat professionnel \u00ab Charg\u00e9 de mobilit\u00e9 internationale \u00bb - Le Blog GERESO","robots":{"index":"index","follow":"follow","max-snippet":"max-snippet:-1","max-image-preview":"max-image-preview:large","max-video-preview":"max-video-preview:-1"},"canonical":"https:\/\/www.gereso.com\/actualites\/2014\/05\/10\/le-certificat-professionnel-charge-de-mobilite-internationale\/","og_locale":"fr_FR","og_type":"article","og_title":"Le certificat professionnel \u00ab Charg\u00e9 de mobilit\u00e9 internationale \u00bb - Le Blog GERESO","og_description":"GERESO propose en exclusivit\u00e9 le certificat professionnel \u00ab\u00a0Charg\u00e9 de mobilit\u00e9 internationale\u00a0\u00bb\u00a0: il s\u2019agit d\u2019une formation certifiante \u00e0 haute valeur ajout\u00e9e qui s\u2019adresse principalement aux assistants et aux gestionnaires RH souhaitant se sp\u00e9cialiser en mobilit\u00e9 internationale. Les atouts de ce certificat professionnel Ce certificat est reconnu par la f\u00e9d\u00e9ration de la formation professionnelle. Il faut savoir [&hellip;]","og_url":"https:\/\/www.gereso.com\/actualites\/2014\/05\/10\/le-certificat-professionnel-charge-de-mobilite-internationale\/","og_site_name":"Le Blog GERESO","article_published_time":"2014-05-10T11:20:16+00:00","og_image":[{"width":534,"height":330,"url":"https:\/\/www.gereso.com\/actualites\/wp-content\/uploads\/2012\/08\/guichet-unique-1.jpg","type":"image\/jpeg"}],"author":"\u00c9quipe GERESO","twitter_card":"summary_large_image","schema":{"@context":"https:\/\/schema.org","@graph":[{"@type":"WebPage","@id":"https:\/\/www.gereso.com\/actualites\/2014\/05\/10\/le-certificat-professionnel-charge-de-mobilite-internationale\/","url":"https:\/\/www.gereso.com\/actualites\/2014\/05\/10\/le-certificat-professionnel-charge-de-mobilite-internationale\/","name":"Le certificat professionnel \u00ab Charg\u00e9 de mobilit\u00e9 internationale \u00bb - Le Blog GERESO","isPartOf":{"@id":"https:\/\/www.gereso.com\/actualites\/#website"},"primaryImageOfPage":{"@id":"https:\/\/www.gereso.com\/actualites\/2014\/05\/10\/le-certificat-professionnel-charge-de-mobilite-internationale\/#primaryimage"},"image":{"@id":"https:\/\/www.gereso.com\/actualites\/2014\/05\/10\/le-certificat-professionnel-charge-de-mobilite-internationale\/#primaryimage"},"thumbnailUrl":"https:\/\/www.gereso.com\/actualites\/wp-content\/uploads\/2012\/08\/guichet-unique-1.jpg","datePublished":"2014-05-10T11:20:16+00:00","dateModified":"2014-05-10T11:20:16+00:00","author":{"@id":"https:\/\/www.gereso.com\/actualites\/#\/schema\/person\/197d8aef40cb4ae3f6a0aa9e1d3df2a6"},"breadcrumb":{"@id":"https:\/\/www.gereso.com\/actualites\/2014\/05\/10\/le-certificat-professionnel-charge-de-mobilite-internationale\/#breadcrumb"},"inLanguage":"fr-FR","potentialAction":[{"@type":"ReadAction","target":["https:\/\/www.gereso.com\/actualites\/2014\/05\/10\/le-certificat-professionnel-charge-de-mobilite-internationale\/"]}]},{"@type":"ImageObject","inLanguage":"fr-FR","@id":"https:\/\/www.gereso.com\/actualites\/2014\/05\/10\/le-certificat-professionnel-charge-de-mobilite-internationale\/#primaryimage","url":"https:\/\/www.gereso.com\/actualites\/wp-content\/uploads\/2012\/08\/guichet-unique-1.jpg","contentUrl":"https:\/\/www.gereso.com\/actualites\/wp-content\/uploads\/2012\/08\/guichet-unique-1.jpg","width":534,"height":330,"caption":"Travailleur immigr\u00e9 guichet unique"},{"@type":"BreadcrumbList","@id":"https:\/\/www.gereso.com\/actualites\/2014\/05\/10\/le-certificat-professionnel-charge-de-mobilite-internationale\/#breadcrumb","itemListElement":[{"@type":"ListItem","position":1,"name":"Home","item":"https:\/\/www.gereso.com\/actualites\/"},{"@type":"ListItem","position":2,"name":"Le certificat professionnel \u00ab Charg\u00e9 de mobilit\u00e9 internationale \u00bb"}]},{"@type":"WebSite","@id":"https:\/\/www.gereso.com\/actualites\/#website","url":"https:\/\/www.gereso.com\/actualites\/","name":"Le Blog GERESO","description":"Toute l&#039;actu RH, Finance, Fonction Publique, Management...","potentialAction":[{"@type":"SearchAction","target":{"@type":"EntryPoint","urlTemplate":"https:\/\/www.gereso.com\/actualites\/?s={search_term_string}"},"query-input":{"@type":"PropertyValueSpecification","valueRequired":true,"valueName":"search_term_string"}}],"inLanguage":"fr-FR"},{"@type":"Person","@id":"https:\/\/www.gereso.com\/actualites\/#\/schema\/person\/197d8aef40cb4ae3f6a0aa9e1d3df2a6","name":"\u00c9quipe GERESO","image":{"@type":"ImageObject","inLanguage":"fr-FR","@id":"https:\/\/www.gereso.com\/actualites\/#\/schema\/person\/image\/","url":"https:\/\/www.gereso.com\/actualites\/wp-content\/uploads\/2013\/12\/avatar-gereso-1.png","contentUrl":"https:\/\/www.gereso.com\/actualites\/wp-content\/uploads\/2013\/12\/avatar-gereso-1.png","caption":"\u00c9quipe GERESO"},"url":"https:\/\/www.gereso.com\/actualites\/author\/gereso\/"}]}},"_links":{"self":[{"href":"https:\/\/www.gereso.com\/actualites\/wp-json\/wp\/v2\/posts\/3149","targetHints":{"allow":["GET"]}}],"collection":[{"href":"https:\/\/www.gereso.com\/actualites\/wp-json\/wp\/v2\/posts"}],"about":[{"href":"https:\/\/www.gereso.com\/actualites\/wp-json\/wp\/v2\/types\/post"}],"author":[{"embeddable":true,"href":"https:\/\/www.gereso.com\/actualites\/wp-json\/wp\/v2\/users\/32"}],"replies":[{"embeddable":true,"href":"https:\/\/www.gereso.com\/actualites\/wp-json\/wp\/v2\/comments?post=3149"}],"version-history":[{"count":0,"href":"https:\/\/www.gereso.com\/actualites\/wp-json\/wp\/v2\/posts\/3149\/revisions"}],"wp:featuredmedia":[{"embeddable":true,"href":"https:\/\/www.gereso.com\/actualites\/wp-json\/wp\/v2\/media\/599"}],"wp:attachment":[{"href":"https:\/\/www.gereso.com\/actualites\/wp-json\/wp\/v2\/media?parent=3149"}],"wp:term":[{"taxonomy":"category","embeddable":true,"href":"https:\/\/www.gereso.com\/actualites\/wp-json\/wp\/v2\/categories?post=3149"},{"taxonomy":"post_tag","embeddable":true,"href":"https:\/\/www.gereso.com\/actualites\/wp-json\/wp\/v2\/tags?post=3149"}],"curies":[{"name":"wp","href":"https:\/\/api.w.org\/{rel}","templated":true}]}}