{"id":31706,"date":"2022-12-05T12:30:32","date_gmt":"2022-12-05T10:30:32","guid":{"rendered":"https:\/\/www.gereso.com\/actualites\/?p=31706"},"modified":"2022-12-05T15:46:13","modified_gmt":"2022-12-05T13:46:13","slug":"entretien-evaluation-annuel-check-list-pour-reussir","status":"publish","type":"post","link":"https:\/\/www.gereso.com\/actualites\/2022\/12\/05\/entretien-evaluation-annuel-check-list-pour-reussir\/","title":{"rendered":"Entretien d\u2019\u00e9valuation annuel : la check-list pour le r\u00e9ussir"},"content":{"rendered":"\n<h2 style=\"color:#D10016\"><strong>\u00c9tape 1&nbsp;: Prenez le temps de pr\u00e9parer votre entretien<\/strong><\/h2>\n\n\n\n<p>Il s\u2019agit l\u00e0 d\u2019une v\u00e9ritable \u00e9vidence&nbsp;; et pourtant, comme pour nombre d\u2019entre elles, cela appara\u00eet tellement \u00e9vident que l\u2019on a parfois tendance \u00e0 l\u2019occulter.<\/p>\n\n\n\n<p><strong>Un entretien annuel ne se pr\u00e9pare pas en quelques minutes,<\/strong> c\u2019est pourquoi <strong>il est indispensable que vous vous am\u00e9nagiez des p\u00e9riodes sp\u00e9cifiques pour cette pr\u00e9paration<\/strong>. Que cela soit quelques minutes par jour ou des cr\u00e9neaux d\u2019une \u00e0 deux heures au cours de la semaine, r\u00e9servez-vous des temps off o\u00f9 vous disposerez du temps et du calme n\u00e9cessaire \u00e0 cet exercice.<\/p>\n\n\n\n<p>En vous appuyant sur la trame transmise par votre manager ou sur un support qui vous est propre, vous pourrez reprendre l\u2019ensemble des points qui seront abord\u00e9s lors de cet entretien et pr\u00e9parer votre argumentaire. Ce sera \u00e9galement l\u2019occasion pour vous de lister vos questions et les points que vous jugerez importants \u00e0 \u00e9voquer lors de cet entretien.<\/p>\n\n\n\n<p>Pour rappel, <strong>l\u2019entretien annuel est un temps d&rsquo;\u00e9change<\/strong> entre votre manager et vous et non une simple revue de l\u2019ann\u00e9e en cours.<\/p>\n\n\n\n<h2 style=\"color:#D10016\"><strong>\u00c9tape 2&nbsp;: Montrez-vous objectif dans l\u2019\u00e9tablissement de votre bilan annuel<\/strong><\/h2>\n\n\n\n<p>Pour vous aider dans cette d\u00e9marche, n\u2019h\u00e9sitez pas \u00e0 relire et \u00e0 repartir des objectifs qui vous ont \u00e9t\u00e9 fix\u00e9s au cours de cette ann\u00e9e. Ainsi, vous pourrez <strong>dresser une liste exhaustive des actions et missions accomplies durant l\u2019ann\u00e9e<\/strong>.<\/p>\n\n\n\n<p>Mais les objectifs d\u00e9termin\u00e9s au cours de l\u2019entretien annuel pr\u00e9c\u00e9dant ne sont pas les seules sources d\u2019information possibles. En effet, de nouveaux objectifs ou de nouvelles missions ont pu vous \u00eatre attribu\u00e9s au cours de l\u2019ann\u00e9e et il ne faudra pas les oublier. De m\u00eame, votre fiche de poste peut, elle aussi, \u00eatre une source importante d\u2019information.<\/p>\n\n\n\n<p>Lors de cette \u00e9tape, <strong>ne vous contentez pas de mettre en avant vos r\u00e9ussites ou t\u2019att\u00e9nuer les difficult\u00e9s rencontr\u00e9es<\/strong>. Montrez-vous honn\u00eate et objectif en \u00e9voquant ce qui a fonctionn\u00e9 et ce qui a moins bien march\u00e9, voire m\u00eame pas du tout afin d\u2019en analyser le pourquoi.<\/p>\n\n\n\n<p>Cela est-il d\u00fb \u00e0 un manque de moyens, \u00e0 un manque de comp\u00e9tences, que vous a-t-il fait d\u00e9faut pour r\u00e9ussir et comment y rem\u00e9dier&nbsp;? Ainsi, bien que vous n\u2019ayez pu atteindre l\u2019ensemble de vos objectifs, vous d\u00e9montrerez tout de m\u00eame votre implication professionnelle. S\u2019il est essentiel de vous montrer honn\u00eate et objectif dans l\u2019\u00e9valuation de votre travail<strong>, veillez \u00e9galement \u00e0 ne pas vous sous-estimer et n\u2019ayez pas peur de mettre en avant vos r\u00e9ussites et performances<\/strong>. Qu\u2019avez-vous apport\u00e9 \u00e0 l\u2019entreprise au cours de l\u2019ann\u00e9e&nbsp;? Avez-vous contribu\u00e9 \u00e0 l\u2019octroi de nouveaux march\u00e9s, clients&nbsp;? Votre travail a-t-il permis d\u2019am\u00e9liorer l\u2019image de l\u2019entreprise&nbsp;?<\/p>\n\n\n\n<p><strong>Pour \u00e9tayer votre bilan et appuyez vos arguments, pensez \u00e9galement \u00e0 l\u2019illustrer par des chiffres<\/strong> qui traduiront les performances et r\u00e9ussites mises en avant. Attention, il faut que ces chiffres soient incontestables et en correspondance avec les \u00e9l\u00e9ments que vous pr\u00e9senterez. Ainsi, pour un Community Manager, cela peut \u00eatre le taux d\u2019engagement de ses publications, le taux d\u2019ouverture des mails envoy\u00e9s, le nombre d\u2019abonn\u00e9s sur les r\u00e9seaux et site web, \u2026&nbsp;pour un recruteur, cela peut \u00eatre le nombre de recrutements confirm\u00e9s apr\u00e8s p\u00e9riode d\u2019essai, le taux de r\u00e9ponse aux candidatures, etc.<\/p>\n\n\n\n<h2 style=\"color:#D10016\"><strong>\u00c9tape 3&nbsp;: Prenez le temps de vous informer<\/strong><\/h2>\n\n\n\n<p>Si le bilan de votre ann\u00e9e est l\u2019un des principaux \u00e9l\u00e9ments sur lequel vous pourrez vous appuyer pour justifier vos diff\u00e9rentes demandes (augmentation, promotion, formation, mobilit\u00e9 ou autres) un autre \u00e9l\u00e9ment sera tout aussi essentiel, celui de <strong>la situation \u00e9conomique, commerciale et financi\u00e8re de l\u2019entreprise<\/strong>.<\/p>\n\n\n\n<p>Votre entreprise sera-t-elle en capacit\u00e9 de g\u00e9n\u00e9rer un chiffre d\u2019affaires&nbsp;? A-t-elle emport\u00e9 de nouveaux march\u00e9s ou au contraire perdus des contrats&nbsp;? Quelles sont les perspectives d\u2019avenir \u00e0 court, moyen et long terme&nbsp;?<\/p>\n\n\n\n<p>Autant d\u2019informations qui vous seront essentielles pour \u00e9valuer les chances que vos demandes aboutissent. Ainsi, si votre entreprise a rencontr\u00e9 des difficult\u00e9s \u00e9conomiques au cours de l\u2019ann\u00e9e, il est plus que probable que votre demande d\u2019augmentation se voit refus\u00e9e ou minor\u00e9e.<\/p>\n\n\n\n<p><strong>Conna\u00eetre la situation exacte de votre entreprise vous permettra de formuler vos demandes en cons\u00e9quence<\/strong>&nbsp;; vous \u00e9vitant ainsi frustrations et d\u00e9ceptions.<\/p>\n\n\n\n<p>Mais il ne s\u2019agit pas l\u00e0 des seules informations \u00e0 prendre en compte. En effet, <strong>le contexte du march\u00e9 de l\u2019emploi est aussi un \u00e9l\u00e9ment d\u00e9terminant dans la formulation de vos demandes<\/strong>. Votre cat\u00e9gorie d\u2019emploi est-elle en tension&nbsp;? Quel est le niveau de r\u00e9mun\u00e9ration propos\u00e9 dans les offres d\u2019emploi similaires&nbsp;? Quelle est la politique de r\u00e9mun\u00e9ration des entreprises concurrentes&nbsp;? <\/p>\n\n\n<h2 style=\"color: #d10016;\"><strong>\u00c9tape 4\u00a0: Devenez force de proposition dans la d\u00e9termination de vos prochains objectifs<\/strong><\/h2>\n\n\n<p>Vous n\u2019avez pas atteint vos pr\u00e9c\u00e9dents objectifs, car ceux-ci n\u2019\u00e9taient pas r\u00e9ellement adapt\u00e9s \u00e0 votre poste&nbsp;? Vous n\u2019\u00e9tiez pas en mesure de r\u00e9aliser vos objectifs, car vous n\u2019en aviez pas les moyens&nbsp;? Vos objectifs ne vous ont pas permis de d\u00e9montrer tout votre potentiel&nbsp;? Vous souhaitez \u00e9voluer au sein de votre poste et prendre plus de responsabilit\u00e9s&nbsp;? De nouvelles missions vous int\u00e9ressent et vous souhaitez vous investir dans la croissance de l\u2019entreprise&nbsp;? \u2026<\/p>\n\n\n\n<p>Voici autant de raison de vous int\u00e9resser \u00e0 la d\u00e9finition de vos objectifs&nbsp;! L\u2019entretien d\u2019\u00e9valuation ne permet pas seulement de r\u00e9aliser le bilan de l\u2019ann\u00e9e, il est le support sur lequel sera <strong>d\u00e9finie votre feuille de route pour les mois \u00e0 venir<\/strong>. De cet entretien d\u00e9coulera donc votre quotidien et vos missions pour une ann\u00e9e enti\u00e8re&nbsp;! En participant \u00e0 l\u2019\u00e9laboration de vos objectifs, vous vous assurerez ainsi que votre carri\u00e8re professionnelle prenne le chemin que vous souhaitez lui donner.<\/p>\n\n\n\n<p>Autre avantage \u00e0 pr\u00e9parer une liste d\u2019objectifs&nbsp;! Cela ouvrira la discussion en cas de d\u00e9saccord sur les objectifs propos\u00e9s par votre manager. Tout comme vous, ce dernier va lui aussi pr\u00e9parer cet entretien en dressant une liste d\u2019objectifs. Vous pourrez ainsi les comparer et construire ensemble une liste d\u2019objectifs en ad\u00e9quation avec vos attentes et celles de l\u2019entreprise.<\/p>\n\n\n\n<p>Lorsque vous d\u00e9finissez vos objectifs, pensez \u00e9galement aux indicateurs qui permettront de les valider ou non.<\/p>\n\n\n\n<h2 style=\"color:#D10016\"><strong>\u00c9tape 5&nbsp;: Identifiez les \u00e9ventuels points de d\u00e9saccord et les sujets qui f\u00e2chent pour vous y pr\u00e9parer<\/strong><\/h2>\n\n\n\n<p>Lors de l\u2019entretien annuel, vous ne serez pas le seul \u00e0 faire un bilan de votre ann\u00e9e, de vos r\u00e9ussites et de vos potentiels \u00e9checs. Ainsi, il vous faudra vous pr\u00e9parer et <strong>accepter que votre manager mette l\u2019accent sur ce qui ne va pas.<\/strong><\/p>\n\n\n\n<p>Bien que cela ne soit pas un moment agr\u00e9able, il faut savoir l\u2019accepter et m\u00eame en tirer parti. Pour en faire un moment d\u2019\u00e9change et non une punition, allez au-devant de cette situation en vous posant les bonnes questions pour les identifier et vous y pr\u00e9parez en amont.<\/p>\n\n\n\n<p>Une fois les potentiels points n\u00e9gatifs et d\u00e9saccords identifi\u00e9s, demandez-vous ce qui a conduit \u00e0 cette situation. Est-ce d\u00fb \u00e0 un oubli de votre part&nbsp;? Un facteur externe est-il venu interf\u00e9rer dans votre mission&nbsp;?<\/p>\n\n\n\n<p>Une fois cela fait, vous pourrez pr\u00e9parer quelques arguments permettant d\u2019expliquer ces situations. <strong>L\u2019objectif n\u2019est pas de vous d\u00e9douaner ou de reporter la faute sur une autre personne, mais de vous pr\u00e9parer \u00e0 ces \u00e9changes<\/strong> afin que vous ne soyez pas pris au d\u00e9pourvu lors de votre entretien.<\/p>\n\n\n\n<p><article class=\"obj_encart-formation\">\n<div class=\"ctn_encart\">\n<h3>Votre formation sur ce th\u00e8me<\/h3>\n<h2>&nbsp;R\u00c9USSIR SES ENTRETIENS D&rsquo;\u00c9VALUATION ANNUELS&nbsp;<\/h2>\n<h4>1 jour &#8211; En pr\u00e9sentiel ou \u00e0 distance<\/h4>\n<ul>\n<li><strong>Identifier la finalit\u00e9 et les enjeux<\/strong> de l&rsquo;entretien annuel d&rsquo;\u00e9valuation.<\/li>\n<li><strong>Pr\u00e9parer et conduire<\/strong> avec succ\u00e8s ses entretiens annuels.<\/li>\n<li><strong>Fixer des objectifs annuels<\/strong> et acqu\u00e9rir une m\u00e9thode pour \u00e9valuer avec objectivit\u00e9.<\/li>\n<li><strong>Utiliser l&rsquo;entretien comme un v\u00e9ritable outil<\/strong> de motivation et de d\u00e9veloppement de la relation manag\u00e9riale.<\/li>\n<li><strong>Se sentir plus \u00e0 l&rsquo;aise<\/strong> dans la conduite des diff\u00e9rentes \u00e9tapes de l&rsquo;entretien.<\/li>\n<\/ul>\n<div class=\"ctn_btn\">\n<a class=\"obj_btn\" target=\"_blank\" href=\"https:\/\/www.gereso.com\/ANNU\" rel=\"noopener\"><span>Inscription gratuite<\/span><\/a>\n<a class=\"obj_btn\" target=\"_blank\" href=\"https:\/\/www.gereso.com\/client\/programme-pdf\/ANNU.pdf\" rel=\"noopener\"><span>T\u00e9l\u00e9charger le programme PDF<\/span><\/a>\n<\/div>\n<\/div>\n<\/article><\/p>\n\n\n\n<h2 style=\"color:#D10016\"><strong>\u00c9tape 6&nbsp;: Osez aborder vos craintes et vos difficult\u00e9s du quotidien, mais \u00e9galement \u00e0 exprimer ce que vous attendez<\/strong><\/h2>\n\n\n\n<p>Comme nous l\u2019avons \u00e9voqu\u00e9 un peu plus haut, l\u2019entretien d\u2019\u00e9valuation est un temps d\u2019\u00e9change et il ne sert pas simplement \u00e0 \u00e9valuer votre travail de l\u2019ann\u00e9e. Il doit \u00e9galement \u00eatre <strong>une occasion pour vous et votre manager d&rsquo;\u00e9voquer votre travail dans son ensemble<\/strong>.<\/p>\n\n\n\n<p>Vous sentez-vous \u00e0 votre place dans l\u2019entreprise&nbsp;? Rencontrez-vous des difficult\u00e9s particuli\u00e8res dans votre quotidien professionnel&nbsp;? Vous posez-vous des questions quant \u00e0 votre avenir et celui de votre entreprise&nbsp;? Avez-vous des envies d\u2019\u00e9volution, de r\u00e9orientation de votre carri\u00e8re&nbsp;? Avez-vous des id\u00e9es pour am\u00e9liorer les outils de travail de la soci\u00e9t\u00e9&nbsp;? \u2026<\/p>\n\n\n\n<p>Tous ces sujets et toutes ces questions ont leur place au sein de l\u2019entretien annuel d\u2019\u00e9valuation et vous ne devez pas avoir peur de les \u00e9voquer&nbsp;!<\/p>\n\n\n\n<p>M\u00eame si les solutions ne seront pas apport\u00e9es lors de cet entretien, cela aura au moins le m\u00e9rite de les porter \u00e0 la connaissance de votre hi\u00e9rarchie et d\u2019amorcer le travail de r\u00e9flexion qui permettra d\u2019apporter des solutions et\/ou r\u00e9ponses.<\/p>\n\n\n\n<p>Mais comme pour le bilan de votre ann\u00e9e, montrez-vous objectifs dans cette partie et n\u2019agissez pas sous le coup de l\u2019\u00e9motion pour \u00e9viter les r\u00e9actions \u00e0 chaud. Appuyez vos propos en \u00e9voquant des situations concr\u00e8tes que vous pourrez facilement illustrer par des exemples.<\/p>\n\n\n\n<p>En ce qui concerne vos souhaits d\u2019\u00e9volution, justifiez \u00e9galement ces derniers afin de d\u00e9montrer tout votre s\u00e9rieux dans cette d\u00e9marche. Ainsi, lorsqu\u2019une opportunit\u00e9 se pr\u00e9sentera dans votre entreprise, il y a de grandes chances pour que votre manager se rem\u00e9more votre \u00e9change et qu\u2019il pense \u00e0 vous pour cette promotion&nbsp;!<\/p>\n","protected":false},"excerpt":{"rendered":"<p>\u00c9tape 1&nbsp;: Prenez le temps de pr\u00e9parer votre entretien Il s\u2019agit l\u00e0 d\u2019une v\u00e9ritable \u00e9vidence&nbsp;; et pourtant, comme pour nombre d\u2019entre elles, cela appara\u00eet tellement \u00e9vident que l\u2019on a parfois tendance \u00e0 l\u2019occulter. Un entretien annuel ne se pr\u00e9pare pas en quelques minutes, c\u2019est pourquoi il est indispensable que vous vous am\u00e9nagiez des p\u00e9riodes sp\u00e9cifiques [&hellip;]<\/p>\n","protected":false},"author":32,"featured_media":31732,"comment_status":"open","ping_status":"open","sticky":false,"template":"","format":"standard","meta":{"_acf_changed":false,"_mi_skip_tracking":false,"footnotes":""},"categories":[12,2],"tags":[],"class_list":["post-31706","post","type-post","status-publish","format-standard","has-post-thumbnail","hentry","category-actualites","category-ressources-humaines"],"acf":[],"yoast_head":"<!-- This site is optimized with the Yoast SEO plugin v23.4 - https:\/\/yoast.com\/wordpress\/plugins\/seo\/ -->\n<title>Entretien d\u2019\u00e9valuation annuel : la check-list pour le r\u00e9ussir - Le Blog GERESO<\/title>\n<meta name=\"robots\" content=\"index, follow, max-snippet:-1, max-image-preview:large, max-video-preview:-1\" \/>\n<link rel=\"canonical\" href=\"https:\/\/www.gereso.com\/actualites\/2022\/12\/05\/entretien-evaluation-annuel-check-list-pour-reussir\/\" \/>\n<meta property=\"og:locale\" content=\"fr_FR\" \/>\n<meta property=\"og:type\" content=\"article\" \/>\n<meta property=\"og:title\" content=\"Entretien d\u2019\u00e9valuation annuel : la check-list pour le r\u00e9ussir - Le Blog GERESO\" \/>\n<meta property=\"og:description\" content=\"\u00c9tape 1&nbsp;: Prenez le temps de pr\u00e9parer votre entretien Il s\u2019agit l\u00e0 d\u2019une v\u00e9ritable \u00e9vidence&nbsp;; et pourtant, comme pour nombre d\u2019entre elles, cela appara\u00eet tellement \u00e9vident que l\u2019on a parfois tendance \u00e0 l\u2019occulter. Un entretien annuel ne se pr\u00e9pare pas en quelques minutes, c\u2019est pourquoi il est indispensable que vous vous am\u00e9nagiez des p\u00e9riodes sp\u00e9cifiques [&hellip;]\" \/>\n<meta property=\"og:url\" content=\"https:\/\/www.gereso.com\/actualites\/2022\/12\/05\/entretien-evaluation-annuel-check-list-pour-reussir\/\" \/>\n<meta property=\"og:site_name\" content=\"Le Blog GERESO\" \/>\n<meta property=\"article:published_time\" content=\"2022-12-05T10:30:32+00:00\" \/>\n<meta property=\"article:modified_time\" content=\"2022-12-05T13:46:13+00:00\" \/>\n<meta property=\"og:image\" content=\"https:\/\/www.gereso.com\/actualites\/wp-content\/uploads\/2022\/12\/entretien-annuel-evaluation.jpg\" \/>\n\t<meta property=\"og:image:width\" content=\"600\" \/>\n\t<meta property=\"og:image:height\" content=\"400\" \/>\n\t<meta property=\"og:image:type\" content=\"image\/jpeg\" \/>\n<meta name=\"author\" content=\"\u00c9quipe GERESO\" \/>\n<meta name=\"twitter:card\" content=\"summary_large_image\" \/>\n<script type=\"application\/ld+json\" class=\"yoast-schema-graph\">{\"@context\":\"https:\/\/schema.org\",\"@graph\":[{\"@type\":\"WebPage\",\"@id\":\"https:\/\/www.gereso.com\/actualites\/2022\/12\/05\/entretien-evaluation-annuel-check-list-pour-reussir\/\",\"url\":\"https:\/\/www.gereso.com\/actualites\/2022\/12\/05\/entretien-evaluation-annuel-check-list-pour-reussir\/\",\"name\":\"Entretien d\u2019\u00e9valuation annuel : la check-list pour le r\u00e9ussir - Le Blog GERESO\",\"isPartOf\":{\"@id\":\"https:\/\/www.gereso.com\/actualites\/#website\"},\"primaryImageOfPage\":{\"@id\":\"https:\/\/www.gereso.com\/actualites\/2022\/12\/05\/entretien-evaluation-annuel-check-list-pour-reussir\/#primaryimage\"},\"image\":{\"@id\":\"https:\/\/www.gereso.com\/actualites\/2022\/12\/05\/entretien-evaluation-annuel-check-list-pour-reussir\/#primaryimage\"},\"thumbnailUrl\":\"https:\/\/www.gereso.com\/actualites\/wp-content\/uploads\/2022\/12\/entretien-annuel-evaluation.jpg\",\"datePublished\":\"2022-12-05T10:30:32+00:00\",\"dateModified\":\"2022-12-05T13:46:13+00:00\",\"author\":{\"@id\":\"https:\/\/www.gereso.com\/actualites\/#\/schema\/person\/197d8aef40cb4ae3f6a0aa9e1d3df2a6\"},\"breadcrumb\":{\"@id\":\"https:\/\/www.gereso.com\/actualites\/2022\/12\/05\/entretien-evaluation-annuel-check-list-pour-reussir\/#breadcrumb\"},\"inLanguage\":\"fr-FR\",\"potentialAction\":[{\"@type\":\"ReadAction\",\"target\":[\"https:\/\/www.gereso.com\/actualites\/2022\/12\/05\/entretien-evaluation-annuel-check-list-pour-reussir\/\"]}]},{\"@type\":\"ImageObject\",\"inLanguage\":\"fr-FR\",\"@id\":\"https:\/\/www.gereso.com\/actualites\/2022\/12\/05\/entretien-evaluation-annuel-check-list-pour-reussir\/#primaryimage\",\"url\":\"https:\/\/www.gereso.com\/actualites\/wp-content\/uploads\/2022\/12\/entretien-annuel-evaluation.jpg\",\"contentUrl\":\"https:\/\/www.gereso.com\/actualites\/wp-content\/uploads\/2022\/12\/entretien-annuel-evaluation.jpg\",\"width\":600,\"height\":400,\"caption\":\"Entretien d\u2019\u00e9valuation annuel, la check-list pour le r\u00e9ussir\"},{\"@type\":\"BreadcrumbList\",\"@id\":\"https:\/\/www.gereso.com\/actualites\/2022\/12\/05\/entretien-evaluation-annuel-check-list-pour-reussir\/#breadcrumb\",\"itemListElement\":[{\"@type\":\"ListItem\",\"position\":1,\"name\":\"Home\",\"item\":\"https:\/\/www.gereso.com\/actualites\/\"},{\"@type\":\"ListItem\",\"position\":2,\"name\":\"Entretien d\u2019\u00e9valuation annuel : la check-list pour le r\u00e9ussir\"}]},{\"@type\":\"WebSite\",\"@id\":\"https:\/\/www.gereso.com\/actualites\/#website\",\"url\":\"https:\/\/www.gereso.com\/actualites\/\",\"name\":\"Le Blog GERESO\",\"description\":\"Toute l&#039;actu RH, Finance, Fonction Publique, Management...\",\"potentialAction\":[{\"@type\":\"SearchAction\",\"target\":{\"@type\":\"EntryPoint\",\"urlTemplate\":\"https:\/\/www.gereso.com\/actualites\/?s={search_term_string}\"},\"query-input\":{\"@type\":\"PropertyValueSpecification\",\"valueRequired\":true,\"valueName\":\"search_term_string\"}}],\"inLanguage\":\"fr-FR\"},{\"@type\":\"Person\",\"@id\":\"https:\/\/www.gereso.com\/actualites\/#\/schema\/person\/197d8aef40cb4ae3f6a0aa9e1d3df2a6\",\"name\":\"\u00c9quipe GERESO\",\"image\":{\"@type\":\"ImageObject\",\"inLanguage\":\"fr-FR\",\"@id\":\"https:\/\/www.gereso.com\/actualites\/#\/schema\/person\/image\/\",\"url\":\"https:\/\/www.gereso.com\/actualites\/wp-content\/uploads\/2013\/12\/avatar-gereso-1.png\",\"contentUrl\":\"https:\/\/www.gereso.com\/actualites\/wp-content\/uploads\/2013\/12\/avatar-gereso-1.png\",\"caption\":\"\u00c9quipe GERESO\"},\"url\":\"https:\/\/www.gereso.com\/actualites\/author\/gereso\/\"}]}<\/script>\n<!-- \/ Yoast SEO plugin. -->","yoast_head_json":{"title":"Entretien d\u2019\u00e9valuation annuel : la check-list pour le r\u00e9ussir - Le Blog GERESO","robots":{"index":"index","follow":"follow","max-snippet":"max-snippet:-1","max-image-preview":"max-image-preview:large","max-video-preview":"max-video-preview:-1"},"canonical":"https:\/\/www.gereso.com\/actualites\/2022\/12\/05\/entretien-evaluation-annuel-check-list-pour-reussir\/","og_locale":"fr_FR","og_type":"article","og_title":"Entretien d\u2019\u00e9valuation annuel : la check-list pour le r\u00e9ussir - Le Blog GERESO","og_description":"\u00c9tape 1&nbsp;: Prenez le temps de pr\u00e9parer votre entretien Il s\u2019agit l\u00e0 d\u2019une v\u00e9ritable \u00e9vidence&nbsp;; et pourtant, comme pour nombre d\u2019entre elles, cela appara\u00eet tellement \u00e9vident que l\u2019on a parfois tendance \u00e0 l\u2019occulter. Un entretien annuel ne se pr\u00e9pare pas en quelques minutes, c\u2019est pourquoi il est indispensable que vous vous am\u00e9nagiez des p\u00e9riodes sp\u00e9cifiques [&hellip;]","og_url":"https:\/\/www.gereso.com\/actualites\/2022\/12\/05\/entretien-evaluation-annuel-check-list-pour-reussir\/","og_site_name":"Le Blog GERESO","article_published_time":"2022-12-05T10:30:32+00:00","article_modified_time":"2022-12-05T13:46:13+00:00","og_image":[{"width":600,"height":400,"url":"https:\/\/www.gereso.com\/actualites\/wp-content\/uploads\/2022\/12\/entretien-annuel-evaluation.jpg","type":"image\/jpeg"}],"author":"\u00c9quipe GERESO","twitter_card":"summary_large_image","schema":{"@context":"https:\/\/schema.org","@graph":[{"@type":"WebPage","@id":"https:\/\/www.gereso.com\/actualites\/2022\/12\/05\/entretien-evaluation-annuel-check-list-pour-reussir\/","url":"https:\/\/www.gereso.com\/actualites\/2022\/12\/05\/entretien-evaluation-annuel-check-list-pour-reussir\/","name":"Entretien d\u2019\u00e9valuation annuel : la check-list pour le r\u00e9ussir - Le Blog GERESO","isPartOf":{"@id":"https:\/\/www.gereso.com\/actualites\/#website"},"primaryImageOfPage":{"@id":"https:\/\/www.gereso.com\/actualites\/2022\/12\/05\/entretien-evaluation-annuel-check-list-pour-reussir\/#primaryimage"},"image":{"@id":"https:\/\/www.gereso.com\/actualites\/2022\/12\/05\/entretien-evaluation-annuel-check-list-pour-reussir\/#primaryimage"},"thumbnailUrl":"https:\/\/www.gereso.com\/actualites\/wp-content\/uploads\/2022\/12\/entretien-annuel-evaluation.jpg","datePublished":"2022-12-05T10:30:32+00:00","dateModified":"2022-12-05T13:46:13+00:00","author":{"@id":"https:\/\/www.gereso.com\/actualites\/#\/schema\/person\/197d8aef40cb4ae3f6a0aa9e1d3df2a6"},"breadcrumb":{"@id":"https:\/\/www.gereso.com\/actualites\/2022\/12\/05\/entretien-evaluation-annuel-check-list-pour-reussir\/#breadcrumb"},"inLanguage":"fr-FR","potentialAction":[{"@type":"ReadAction","target":["https:\/\/www.gereso.com\/actualites\/2022\/12\/05\/entretien-evaluation-annuel-check-list-pour-reussir\/"]}]},{"@type":"ImageObject","inLanguage":"fr-FR","@id":"https:\/\/www.gereso.com\/actualites\/2022\/12\/05\/entretien-evaluation-annuel-check-list-pour-reussir\/#primaryimage","url":"https:\/\/www.gereso.com\/actualites\/wp-content\/uploads\/2022\/12\/entretien-annuel-evaluation.jpg","contentUrl":"https:\/\/www.gereso.com\/actualites\/wp-content\/uploads\/2022\/12\/entretien-annuel-evaluation.jpg","width":600,"height":400,"caption":"Entretien d\u2019\u00e9valuation annuel, la check-list pour le r\u00e9ussir"},{"@type":"BreadcrumbList","@id":"https:\/\/www.gereso.com\/actualites\/2022\/12\/05\/entretien-evaluation-annuel-check-list-pour-reussir\/#breadcrumb","itemListElement":[{"@type":"ListItem","position":1,"name":"Home","item":"https:\/\/www.gereso.com\/actualites\/"},{"@type":"ListItem","position":2,"name":"Entretien d\u2019\u00e9valuation annuel : la check-list pour le r\u00e9ussir"}]},{"@type":"WebSite","@id":"https:\/\/www.gereso.com\/actualites\/#website","url":"https:\/\/www.gereso.com\/actualites\/","name":"Le Blog GERESO","description":"Toute l&#039;actu RH, Finance, Fonction Publique, Management...","potentialAction":[{"@type":"SearchAction","target":{"@type":"EntryPoint","urlTemplate":"https:\/\/www.gereso.com\/actualites\/?s={search_term_string}"},"query-input":{"@type":"PropertyValueSpecification","valueRequired":true,"valueName":"search_term_string"}}],"inLanguage":"fr-FR"},{"@type":"Person","@id":"https:\/\/www.gereso.com\/actualites\/#\/schema\/person\/197d8aef40cb4ae3f6a0aa9e1d3df2a6","name":"\u00c9quipe GERESO","image":{"@type":"ImageObject","inLanguage":"fr-FR","@id":"https:\/\/www.gereso.com\/actualites\/#\/schema\/person\/image\/","url":"https:\/\/www.gereso.com\/actualites\/wp-content\/uploads\/2013\/12\/avatar-gereso-1.png","contentUrl":"https:\/\/www.gereso.com\/actualites\/wp-content\/uploads\/2013\/12\/avatar-gereso-1.png","caption":"\u00c9quipe GERESO"},"url":"https:\/\/www.gereso.com\/actualites\/author\/gereso\/"}]}},"_links":{"self":[{"href":"https:\/\/www.gereso.com\/actualites\/wp-json\/wp\/v2\/posts\/31706","targetHints":{"allow":["GET"]}}],"collection":[{"href":"https:\/\/www.gereso.com\/actualites\/wp-json\/wp\/v2\/posts"}],"about":[{"href":"https:\/\/www.gereso.com\/actualites\/wp-json\/wp\/v2\/types\/post"}],"author":[{"embeddable":true,"href":"https:\/\/www.gereso.com\/actualites\/wp-json\/wp\/v2\/users\/32"}],"replies":[{"embeddable":true,"href":"https:\/\/www.gereso.com\/actualites\/wp-json\/wp\/v2\/comments?post=31706"}],"version-history":[{"count":33,"href":"https:\/\/www.gereso.com\/actualites\/wp-json\/wp\/v2\/posts\/31706\/revisions"}],"predecessor-version":[{"id":31790,"href":"https:\/\/www.gereso.com\/actualites\/wp-json\/wp\/v2\/posts\/31706\/revisions\/31790"}],"wp:featuredmedia":[{"embeddable":true,"href":"https:\/\/www.gereso.com\/actualites\/wp-json\/wp\/v2\/media\/31732"}],"wp:attachment":[{"href":"https:\/\/www.gereso.com\/actualites\/wp-json\/wp\/v2\/media?parent=31706"}],"wp:term":[{"taxonomy":"category","embeddable":true,"href":"https:\/\/www.gereso.com\/actualites\/wp-json\/wp\/v2\/categories?post=31706"},{"taxonomy":"post_tag","embeddable":true,"href":"https:\/\/www.gereso.com\/actualites\/wp-json\/wp\/v2\/tags?post=31706"}],"curies":[{"name":"wp","href":"https:\/\/api.w.org\/{rel}","templated":true}]}}