{"id":31781,"date":"2022-12-15T14:33:22","date_gmt":"2022-12-15T12:33:22","guid":{"rendered":"https:\/\/www.gereso.com\/actualites\/?p=31781"},"modified":"2022-12-15T14:38:49","modified_gmt":"2022-12-15T12:38:49","slug":"amendements-paie-3eme-partie-plfss-2023-adoptes-assemblee-nationale","status":"publish","type":"post","link":"https:\/\/www.gereso.com\/actualites\/2022\/12\/15\/amendements-paie-3eme-partie-plfss-2023-adoptes-assemblee-nationale\/","title":{"rendered":"Les amendements \u00ab\u00a0paie\u00a0\u00bb de la 3\u00e8me partie du PLFSS* 2023 adopt\u00e9s par l&rsquo;Assembl\u00e9e nationale"},"content":{"rendered":"\n<h2 style=\"color:#D10016\"><strong>D\u00e9duction forfaitaire de cotisations patronales pour les entreprises de 20 \u00e0 moins de 250 salari\u00e9s : nouvelles modalit\u00e9s d\u2019imputation<\/strong><\/h2>\n\n\n\n<p>Alors que la loi \u00ab\u00a0pouvoir d\u2019achat\u00a0\u00bb pr\u00e9voyait que la d\u00e9duction s\u2019imputerait sur les sommes dues par les employeurs aux organismes de recouvrement au titre des majorations salariales (<a href=\"https:\/\/www.legifrance.gouv.fr\/codes\/article_lc\/LEGIARTI000006902467\/2008-05-01#:~:text=Article%20L3121%2D28%20(abrog%C3%A9)&amp;text=Le%20repos%20compensateur%20obligatoire%20peut,calcul%20des%20droits%20du%20salari%C3%A9.\" target=\"_blank\" rel=\"noopener\">Code du travail articles n\u00b0\u00a0L. 3121-28<\/a> et <a href=\"https:\/\/www.legifrance.gouv.fr\/codes\/article_lc\/LEGIARTI000033003238#:~:text=Le%20salari%C3%A9%20qui%20le%20souhaite,employeur%20est%20%C3%A9tabli%20par%20%C3%A9crit.\" target=\"_blank\" rel=\"noopener\">L. 3121-59<\/a>) vers\u00e9es au moment du paiement de cette dur\u00e9e de travail suppl\u00e9mentaire, le PLFSS pour 2023 envisage son imputation sur les cotisations dues au titre de l\u2019ensemble de la r\u00e9mun\u00e9ration du salari\u00e9 (<a href=\"https:\/\/www2.assemblee-nationale.fr\/static\/16\/pdf\/274_3e_partie.pdf\" target=\"_blank\" rel=\"noopener\">projet de loi, article n\u00b0\u00a011 bis<\/a>).<\/p>\n<p>Selon l\u2019amendement \u00e0 l\u2019origine de cette mesure, cela permet \u00ab\u00a0d\u2019aligner les modalit\u00e9s de mise en \u0153uvre de cette d\u00e9duction sur celle applicable dans les entreprises de moins de 20 salari\u00e9s\u00a0\u00bb.<\/p>\n<p>Par ailleurs, le PLFSS 2023 rend applicable la d\u00e9duction forfaitaire de cotisations patronales pour les entreprises de 20 \u00e0 moins de 250 salari\u00e9s \u00e0 Mayotte et Saint-Pierre-et-Miquelon.<\/p>\n\n\n\n<h2 style=\"color:#D10016\"><strong>Fiabilisation et correction des donn\u00e9es issues de la DSN : le cadre juridique est compl\u00e9t\u00e9<\/strong><\/h2>\n\n\n\n<p>Pour rappel, la version initiale du PLFSS pr\u00e9voit d\u00e9j\u00e0 qu\u2019\u00e0 compter du 1er janvier 2023, si le cotisant ne corrige pas sa d\u00e9claration sociale nominative (DSN) suite au constat d\u2019anomalies, la correction serait effectu\u00e9e par les organismes de S\u00e9curit\u00e9 sociale auxquels la d\u00e9claration a \u00e9t\u00e9 adress\u00e9e. Elle tiendrait compte des demandes de correction signal\u00e9es par les autres organismes ou administrations destinataires des donn\u00e9es.<\/p>\n<p>Ainsi, en cas d\u2019inaction ou de carence prolong\u00e9e du cotisant, les Urssaf et la Caisse de MSA auraient donc \u00ab&nbsp;la possibilit\u00e9 d\u2019effectuer elles-m\u00eames les corrections requises par la production d\u2019une DSN dite de substitution&nbsp;\u00bb.<\/p>\n<p>Un amendement au PLFSS pour 2023 compl\u00e8te le cadre juridique des v\u00e9rifications et des contr\u00f4les p\u00e9riodiques des DSN.<\/p>\n<p>Ainsi, il est pr\u00e9vu de confier aux Urssaf le soin de v\u00e9rifier l\u2019exhaustivit\u00e9, la conformit\u00e9 et la coh\u00e9rence des informations d\u00e9clar\u00e9es par les employeurs lorsque les anomalies ou erreurs sont susceptibles d\u2019affecter le montant des cotisations recouvr\u00e9es pour le compte de tous leurs partenaires (<a href=\"https:\/\/www2.assemblee-nationale.fr\/static\/16\/pdf\/274_3e_partie.pdf\" target=\"_blank\" rel=\"noopener\">projet de loi, article n\u00b0&nbsp;6 bis, I, 2\u00b0<\/a>).<\/p>\n<p>Le texte ajoute que, dans des conditions pr\u00e9vues par d\u00e9cret, une convention conclue par l\u2019ACOSS (ou Urssaf Caisse nationale) avec les organismes pour le compte desquels ces cotisations et contributions sont recouvr\u00e9es peut pr\u00e9voir les modalit\u00e9s de contribution de ces organismes \u00e0 ces op\u00e9rations de v\u00e9rification.<\/p>\n<p>\u00ab&nbsp;Ce dispositif permettra de mobiliser, en appui \u00e0 la fiabilisation des donn\u00e9es qui les concernent, dans un cadre r\u00e9glementaire et conventionnel, certains de ces partenaires lorsque la l\u00e9gislation qui leur est propre est sp\u00e9cifique, et notamment l\u2019AGIRCARRCO&nbsp;\u00bb, explique l\u2019expos\u00e9 des motifs de l\u2019amendement.<\/p>\n\n\n\n<h2 style=\"color:#D10016\"><strong>Pr\u00e9cision sur la proc\u00e9dure de contr\u00f4le Urssaf<\/strong><\/h2>\n\n\n\n<p>Pour rappel, le projet de loi initial entend permettre aux agents Urssaf d\u2019utiliser les documents et informations obtenues lors du contr\u00f4le de toute personne appartenant au m\u00eame groupe que l\u2019entreprise qu\u2019ils contr\u00f4lent, selon des modalit\u00e9s qui seront fix\u00e9es par d\u00e9cret. L\u2019agent Urssaf serait tenu d\u2019informer la personne contr\u00f4l\u00e9e de la teneur et de l\u2019origine des documents ou informations ainsi obtenus et sur lesquels il se fonde.<\/p>\n<p>Un amendement au projet de loi est venu apporter une pr\u00e9cision en indiquant que dans ce cadre, le d\u00e9cret devra \u00e9galement pr\u00e9voir le d\u00e9lai d\u2019information de la personne contr\u00f4l\u00e9e (<a href=\"https:\/\/www2.assemblee-nationale.fr\/static\/16\/pdf\/274_3e_partie.pdf\" target=\"_blank\" rel=\"noopener\">projet de loi, article n\u00b0&nbsp;6, I, E<\/a>).<\/p>\n\n\n\n<p><article class=\"obj_encart-formation\">\n<div class=\"ctn_encart\">\n<h3>Votre formation sur ce th\u00e8me<\/h3>\n<h2>&nbsp;PAIE ET GESTION DU TEMPS DE TRAVAIL&nbsp;<\/h2>\n<h4>2 jours &#8211; En pr\u00e9sentiel ou \u00e0 distance<\/h4>\n<ul>\n<li><strong>Respecter les obligations de l&#8217;employeur<\/strong> en mati\u00e8re de dur\u00e9e du travail.<\/li>\n<li><strong>Analyser les incidences<\/strong> de la dur\u00e9e du travail sur la paie.<\/li>\n<li><strong>S\u00e9curiser ses pratiques en paie&nbsp;:<\/strong> heures suppl\u00e9mentaires, forfait d&rsquo;heures, forfait jours, temps partiel.<\/li>\n<li><strong>Expliquer aux salari\u00e9s le calcul des jours de repos<\/strong>  et des heures compl\u00e9mentaires et\/ou suppl\u00e9mentaires.<\/li>\n<\/ul>\n<div class=\"ctn_btn\">\n<a class=\"obj_btn\" target=\"_blank\" href=\"https:\/\/www.gereso.com\/ATWA\" rel=\"noopener\"><span>Inscription gratuite<\/span><\/a>\n<a class=\"obj_btn\" target=\"_blank\" href=\"https:\/\/www.gereso.com\/client\/programme-pdf\/ATWA.pdf\" rel=\"noopener\"><span>T\u00e9l\u00e9charger le programme PDF<\/span><\/a>\n<\/div>\n<\/div>\n<\/article><\/p>\n\n\n\n<h2 style=\"color:#D10016\"><strong>Exon\u00e9ration \u00ab TO-DE \u00bb du secteur agricole : suppression report\u00e9e au 1er janvier 2026<\/strong><\/h2>\n\n\n\n<p>Le texte du PLFSS pr\u00e9sent\u00e9 en conseil des ministres pr\u00e9voyait de reporter d\u2019un an, soit au 1er janvier 2024, la suppression de l\u2019exon\u00e9ration \u00ab\u00a0TO-DE\u00a0\u00bb du secteur agricole.<\/p>\n<p>Dans sa version adopt\u00e9e par l\u2019Assembl\u00e9e nationale le 24 octobre 2022, ce dispositif serait finalement maintenu jusqu\u2019au 31 d\u00e9cembre 2025 (<a href=\"https:\/\/www2.assemblee-nationale.fr\/static\/16\/pdf\/274_3e_partie.pdf\" target=\"_blank\" rel=\"noopener\">projet de loi, article n\u00b0\u00a07<\/a>).<\/p>\n<p>Ainsi, cette exon\u00e9ration sp\u00e9cifique de cotisations, dont b\u00e9n\u00e9ficient les employeurs embauchant des travailleurs occasionnels (TO) en CDD ou des demandeurs d\u2019emploi (DE) en CDI, ne serait supprim\u00e9e et remplac\u00e9e par la r\u00e9duction g\u00e9n\u00e9rale des cotisations sociales qu\u2019\u00e0 partir du 1er janvier 2026.<\/p>\n<p>Selon l\u2019amendement \u00e0 l\u2019origine de cette mesure, l\u2019objectif est de redonner de la visibilit\u00e9 aux agriculteurs en maintenant le dispositif \u00ab\u00a0au moins pour 3 ans, m\u00eame si l\u2019id\u00e9al est de le p\u00e9renniser\u00a0\u00bb. Sa suppression au 1er janvier 2024 viendrait en effet \u00ab\u00a0alourdir le poids des charges sociales des exploitants agricoles\u00a0\u00bb et \u00ab\u00a0d\u00e9grader [leur] comp\u00e9titivit\u00e9 g\u00e9n\u00e9rale\u00a0\u00bb.<\/p>\n<p><a href=\"https:\/\/www2.assemblee-nationale.fr\/static\/16\/pdf\/274_3e_partie.pdf\" target=\"_blank\" rel=\"noopener\"><em>Troisi\u00e8me partie du projet de loi de financement de la S\u00e9curit\u00e9 sociale consid\u00e9r\u00e9e comme adopt\u00e9e en premi\u00e8re lecture le 24 octobre 2022<\/em><\/a><\/p>\n<p>\u00a0<\/p>\n","protected":false},"excerpt":{"rendered":"<p>D\u00e9duction forfaitaire de cotisations patronales pour les entreprises de 20 \u00e0 moins de 250 salari\u00e9s : nouvelles modalit\u00e9s d\u2019imputation Alors que la loi \u00ab\u00a0pouvoir d\u2019achat\u00a0\u00bb pr\u00e9voyait que la d\u00e9duction s\u2019imputerait sur les sommes dues par les employeurs aux organismes de recouvrement au titre des majorations salariales (Code du travail articles n\u00b0\u00a0L. 3121-28 et L. 3121-59) [&hellip;]<\/p>\n","protected":false},"author":32,"featured_media":31788,"comment_status":"open","ping_status":"open","sticky":false,"template":"","format":"standard","meta":{"_acf_changed":false,"_mi_skip_tracking":false,"footnotes":""},"categories":[12,8],"tags":[],"class_list":["post-31781","post","type-post","status-publish","format-standard","has-post-thumbnail","hentry","category-actualites","category-paie-et-administration-du-personnel"],"acf":[],"yoast_head":"<!-- This site is optimized with the Yoast SEO plugin v23.4 - https:\/\/yoast.com\/wordpress\/plugins\/seo\/ -->\n<title>Les amendements \u00ab\u00a0paie\u00a0\u00bb de la 3\u00e8me partie du PLFSS* 2023 adopt\u00e9s par l&rsquo;Assembl\u00e9e nationale - Le Blog GERESO<\/title>\n<meta name=\"robots\" content=\"index, follow, max-snippet:-1, max-image-preview:large, max-video-preview:-1\" \/>\n<link rel=\"canonical\" href=\"https:\/\/www.gereso.com\/actualites\/2022\/12\/15\/amendements-paie-3eme-partie-plfss-2023-adoptes-assemblee-nationale\/\" \/>\n<meta property=\"og:locale\" content=\"fr_FR\" \/>\n<meta property=\"og:type\" content=\"article\" \/>\n<meta property=\"og:title\" content=\"Les amendements \u00ab\u00a0paie\u00a0\u00bb de la 3\u00e8me partie du PLFSS* 2023 adopt\u00e9s par l&rsquo;Assembl\u00e9e nationale - Le Blog GERESO\" \/>\n<meta property=\"og:description\" content=\"D\u00e9duction forfaitaire de cotisations patronales pour les entreprises de 20 \u00e0 moins de 250 salari\u00e9s : nouvelles modalit\u00e9s d\u2019imputation Alors que la loi \u00ab\u00a0pouvoir d\u2019achat\u00a0\u00bb pr\u00e9voyait que la d\u00e9duction s\u2019imputerait sur les sommes dues par les employeurs aux organismes de recouvrement au titre des majorations salariales (Code du travail articles n\u00b0\u00a0L. 3121-28 et L. 3121-59) [&hellip;]\" \/>\n<meta property=\"og:url\" content=\"https:\/\/www.gereso.com\/actualites\/2022\/12\/15\/amendements-paie-3eme-partie-plfss-2023-adoptes-assemblee-nationale\/\" \/>\n<meta property=\"og:site_name\" content=\"Le Blog GERESO\" \/>\n<meta property=\"article:published_time\" content=\"2022-12-15T12:33:22+00:00\" \/>\n<meta property=\"article:modified_time\" content=\"2022-12-15T12:38:49+00:00\" \/>\n<meta property=\"og:image\" content=\"https:\/\/www.gereso.com\/actualites\/wp-content\/uploads\/2022\/12\/amendement-paie-3e-partie-plfss-2023-adoptes-assemblee-nationale.jpg\" \/>\n\t<meta property=\"og:image:width\" content=\"600\" \/>\n\t<meta property=\"og:image:height\" content=\"400\" \/>\n\t<meta property=\"og:image:type\" content=\"image\/jpeg\" \/>\n<meta name=\"author\" content=\"\u00c9quipe GERESO\" \/>\n<meta name=\"twitter:card\" content=\"summary_large_image\" \/>\n<script type=\"application\/ld+json\" class=\"yoast-schema-graph\">{\"@context\":\"https:\/\/schema.org\",\"@graph\":[{\"@type\":\"WebPage\",\"@id\":\"https:\/\/www.gereso.com\/actualites\/2022\/12\/15\/amendements-paie-3eme-partie-plfss-2023-adoptes-assemblee-nationale\/\",\"url\":\"https:\/\/www.gereso.com\/actualites\/2022\/12\/15\/amendements-paie-3eme-partie-plfss-2023-adoptes-assemblee-nationale\/\",\"name\":\"Les amendements \u00ab\u00a0paie\u00a0\u00bb de la 3\u00e8me partie du PLFSS* 2023 adopt\u00e9s par l&rsquo;Assembl\u00e9e nationale - Le Blog GERESO\",\"isPartOf\":{\"@id\":\"https:\/\/www.gereso.com\/actualites\/#website\"},\"primaryImageOfPage\":{\"@id\":\"https:\/\/www.gereso.com\/actualites\/2022\/12\/15\/amendements-paie-3eme-partie-plfss-2023-adoptes-assemblee-nationale\/#primaryimage\"},\"image\":{\"@id\":\"https:\/\/www.gereso.com\/actualites\/2022\/12\/15\/amendements-paie-3eme-partie-plfss-2023-adoptes-assemblee-nationale\/#primaryimage\"},\"thumbnailUrl\":\"https:\/\/www.gereso.com\/actualites\/wp-content\/uploads\/2022\/12\/amendement-paie-3e-partie-plfss-2023-adoptes-assemblee-nationale.jpg\",\"datePublished\":\"2022-12-15T12:33:22+00:00\",\"dateModified\":\"2022-12-15T12:38:49+00:00\",\"author\":{\"@id\":\"https:\/\/www.gereso.com\/actualites\/#\/schema\/person\/197d8aef40cb4ae3f6a0aa9e1d3df2a6\"},\"breadcrumb\":{\"@id\":\"https:\/\/www.gereso.com\/actualites\/2022\/12\/15\/amendements-paie-3eme-partie-plfss-2023-adoptes-assemblee-nationale\/#breadcrumb\"},\"inLanguage\":\"fr-FR\",\"potentialAction\":[{\"@type\":\"ReadAction\",\"target\":[\"https:\/\/www.gereso.com\/actualites\/2022\/12\/15\/amendements-paie-3eme-partie-plfss-2023-adoptes-assemblee-nationale\/\"]}]},{\"@type\":\"ImageObject\",\"inLanguage\":\"fr-FR\",\"@id\":\"https:\/\/www.gereso.com\/actualites\/2022\/12\/15\/amendements-paie-3eme-partie-plfss-2023-adoptes-assemblee-nationale\/#primaryimage\",\"url\":\"https:\/\/www.gereso.com\/actualites\/wp-content\/uploads\/2022\/12\/amendement-paie-3e-partie-plfss-2023-adoptes-assemblee-nationale.jpg\",\"contentUrl\":\"https:\/\/www.gereso.com\/actualites\/wp-content\/uploads\/2022\/12\/amendement-paie-3e-partie-plfss-2023-adoptes-assemblee-nationale.jpg\",\"width\":600,\"height\":400,\"caption\":\"Comment bien g\u00e9rer la paie de votre entreprise ?\"},{\"@type\":\"BreadcrumbList\",\"@id\":\"https:\/\/www.gereso.com\/actualites\/2022\/12\/15\/amendements-paie-3eme-partie-plfss-2023-adoptes-assemblee-nationale\/#breadcrumb\",\"itemListElement\":[{\"@type\":\"ListItem\",\"position\":1,\"name\":\"Home\",\"item\":\"https:\/\/www.gereso.com\/actualites\/\"},{\"@type\":\"ListItem\",\"position\":2,\"name\":\"Les amendements \u00ab\u00a0paie\u00a0\u00bb de la 3\u00e8me partie du PLFSS* 2023 adopt\u00e9s par l&rsquo;Assembl\u00e9e nationale\"}]},{\"@type\":\"WebSite\",\"@id\":\"https:\/\/www.gereso.com\/actualites\/#website\",\"url\":\"https:\/\/www.gereso.com\/actualites\/\",\"name\":\"Le Blog GERESO\",\"description\":\"Toute l&#039;actu RH, Finance, Fonction Publique, Management...\",\"potentialAction\":[{\"@type\":\"SearchAction\",\"target\":{\"@type\":\"EntryPoint\",\"urlTemplate\":\"https:\/\/www.gereso.com\/actualites\/?s={search_term_string}\"},\"query-input\":{\"@type\":\"PropertyValueSpecification\",\"valueRequired\":true,\"valueName\":\"search_term_string\"}}],\"inLanguage\":\"fr-FR\"},{\"@type\":\"Person\",\"@id\":\"https:\/\/www.gereso.com\/actualites\/#\/schema\/person\/197d8aef40cb4ae3f6a0aa9e1d3df2a6\",\"name\":\"\u00c9quipe GERESO\",\"image\":{\"@type\":\"ImageObject\",\"inLanguage\":\"fr-FR\",\"@id\":\"https:\/\/www.gereso.com\/actualites\/#\/schema\/person\/image\/\",\"url\":\"https:\/\/www.gereso.com\/actualites\/wp-content\/uploads\/2013\/12\/avatar-gereso-1.png\",\"contentUrl\":\"https:\/\/www.gereso.com\/actualites\/wp-content\/uploads\/2013\/12\/avatar-gereso-1.png\",\"caption\":\"\u00c9quipe GERESO\"},\"url\":\"https:\/\/www.gereso.com\/actualites\/author\/gereso\/\"}]}<\/script>\n<!-- \/ Yoast SEO plugin. -->","yoast_head_json":{"title":"Les amendements \u00ab\u00a0paie\u00a0\u00bb de la 3\u00e8me partie du PLFSS* 2023 adopt\u00e9s par l&rsquo;Assembl\u00e9e nationale - Le Blog GERESO","robots":{"index":"index","follow":"follow","max-snippet":"max-snippet:-1","max-image-preview":"max-image-preview:large","max-video-preview":"max-video-preview:-1"},"canonical":"https:\/\/www.gereso.com\/actualites\/2022\/12\/15\/amendements-paie-3eme-partie-plfss-2023-adoptes-assemblee-nationale\/","og_locale":"fr_FR","og_type":"article","og_title":"Les amendements \u00ab\u00a0paie\u00a0\u00bb de la 3\u00e8me partie du PLFSS* 2023 adopt\u00e9s par l&rsquo;Assembl\u00e9e nationale - Le Blog GERESO","og_description":"D\u00e9duction forfaitaire de cotisations patronales pour les entreprises de 20 \u00e0 moins de 250 salari\u00e9s : nouvelles modalit\u00e9s d\u2019imputation Alors que la loi \u00ab\u00a0pouvoir d\u2019achat\u00a0\u00bb pr\u00e9voyait que la d\u00e9duction s\u2019imputerait sur les sommes dues par les employeurs aux organismes de recouvrement au titre des majorations salariales (Code du travail articles n\u00b0\u00a0L. 3121-28 et L. 3121-59) [&hellip;]","og_url":"https:\/\/www.gereso.com\/actualites\/2022\/12\/15\/amendements-paie-3eme-partie-plfss-2023-adoptes-assemblee-nationale\/","og_site_name":"Le Blog GERESO","article_published_time":"2022-12-15T12:33:22+00:00","article_modified_time":"2022-12-15T12:38:49+00:00","og_image":[{"width":600,"height":400,"url":"https:\/\/www.gereso.com\/actualites\/wp-content\/uploads\/2022\/12\/amendement-paie-3e-partie-plfss-2023-adoptes-assemblee-nationale.jpg","type":"image\/jpeg"}],"author":"\u00c9quipe GERESO","twitter_card":"summary_large_image","schema":{"@context":"https:\/\/schema.org","@graph":[{"@type":"WebPage","@id":"https:\/\/www.gereso.com\/actualites\/2022\/12\/15\/amendements-paie-3eme-partie-plfss-2023-adoptes-assemblee-nationale\/","url":"https:\/\/www.gereso.com\/actualites\/2022\/12\/15\/amendements-paie-3eme-partie-plfss-2023-adoptes-assemblee-nationale\/","name":"Les amendements \u00ab\u00a0paie\u00a0\u00bb de la 3\u00e8me partie du PLFSS* 2023 adopt\u00e9s par l&rsquo;Assembl\u00e9e nationale - Le Blog GERESO","isPartOf":{"@id":"https:\/\/www.gereso.com\/actualites\/#website"},"primaryImageOfPage":{"@id":"https:\/\/www.gereso.com\/actualites\/2022\/12\/15\/amendements-paie-3eme-partie-plfss-2023-adoptes-assemblee-nationale\/#primaryimage"},"image":{"@id":"https:\/\/www.gereso.com\/actualites\/2022\/12\/15\/amendements-paie-3eme-partie-plfss-2023-adoptes-assemblee-nationale\/#primaryimage"},"thumbnailUrl":"https:\/\/www.gereso.com\/actualites\/wp-content\/uploads\/2022\/12\/amendement-paie-3e-partie-plfss-2023-adoptes-assemblee-nationale.jpg","datePublished":"2022-12-15T12:33:22+00:00","dateModified":"2022-12-15T12:38:49+00:00","author":{"@id":"https:\/\/www.gereso.com\/actualites\/#\/schema\/person\/197d8aef40cb4ae3f6a0aa9e1d3df2a6"},"breadcrumb":{"@id":"https:\/\/www.gereso.com\/actualites\/2022\/12\/15\/amendements-paie-3eme-partie-plfss-2023-adoptes-assemblee-nationale\/#breadcrumb"},"inLanguage":"fr-FR","potentialAction":[{"@type":"ReadAction","target":["https:\/\/www.gereso.com\/actualites\/2022\/12\/15\/amendements-paie-3eme-partie-plfss-2023-adoptes-assemblee-nationale\/"]}]},{"@type":"ImageObject","inLanguage":"fr-FR","@id":"https:\/\/www.gereso.com\/actualites\/2022\/12\/15\/amendements-paie-3eme-partie-plfss-2023-adoptes-assemblee-nationale\/#primaryimage","url":"https:\/\/www.gereso.com\/actualites\/wp-content\/uploads\/2022\/12\/amendement-paie-3e-partie-plfss-2023-adoptes-assemblee-nationale.jpg","contentUrl":"https:\/\/www.gereso.com\/actualites\/wp-content\/uploads\/2022\/12\/amendement-paie-3e-partie-plfss-2023-adoptes-assemblee-nationale.jpg","width":600,"height":400,"caption":"Comment bien g\u00e9rer la paie de votre entreprise ?"},{"@type":"BreadcrumbList","@id":"https:\/\/www.gereso.com\/actualites\/2022\/12\/15\/amendements-paie-3eme-partie-plfss-2023-adoptes-assemblee-nationale\/#breadcrumb","itemListElement":[{"@type":"ListItem","position":1,"name":"Home","item":"https:\/\/www.gereso.com\/actualites\/"},{"@type":"ListItem","position":2,"name":"Les amendements \u00ab\u00a0paie\u00a0\u00bb de la 3\u00e8me partie du PLFSS* 2023 adopt\u00e9s par l&rsquo;Assembl\u00e9e nationale"}]},{"@type":"WebSite","@id":"https:\/\/www.gereso.com\/actualites\/#website","url":"https:\/\/www.gereso.com\/actualites\/","name":"Le Blog GERESO","description":"Toute l&#039;actu RH, Finance, Fonction Publique, Management...","potentialAction":[{"@type":"SearchAction","target":{"@type":"EntryPoint","urlTemplate":"https:\/\/www.gereso.com\/actualites\/?s={search_term_string}"},"query-input":{"@type":"PropertyValueSpecification","valueRequired":true,"valueName":"search_term_string"}}],"inLanguage":"fr-FR"},{"@type":"Person","@id":"https:\/\/www.gereso.com\/actualites\/#\/schema\/person\/197d8aef40cb4ae3f6a0aa9e1d3df2a6","name":"\u00c9quipe GERESO","image":{"@type":"ImageObject","inLanguage":"fr-FR","@id":"https:\/\/www.gereso.com\/actualites\/#\/schema\/person\/image\/","url":"https:\/\/www.gereso.com\/actualites\/wp-content\/uploads\/2013\/12\/avatar-gereso-1.png","contentUrl":"https:\/\/www.gereso.com\/actualites\/wp-content\/uploads\/2013\/12\/avatar-gereso-1.png","caption":"\u00c9quipe GERESO"},"url":"https:\/\/www.gereso.com\/actualites\/author\/gereso\/"}]}},"_links":{"self":[{"href":"https:\/\/www.gereso.com\/actualites\/wp-json\/wp\/v2\/posts\/31781","targetHints":{"allow":["GET"]}}],"collection":[{"href":"https:\/\/www.gereso.com\/actualites\/wp-json\/wp\/v2\/posts"}],"about":[{"href":"https:\/\/www.gereso.com\/actualites\/wp-json\/wp\/v2\/types\/post"}],"author":[{"embeddable":true,"href":"https:\/\/www.gereso.com\/actualites\/wp-json\/wp\/v2\/users\/32"}],"replies":[{"embeddable":true,"href":"https:\/\/www.gereso.com\/actualites\/wp-json\/wp\/v2\/comments?post=31781"}],"version-history":[{"count":20,"href":"https:\/\/www.gereso.com\/actualites\/wp-json\/wp\/v2\/posts\/31781\/revisions"}],"predecessor-version":[{"id":31957,"href":"https:\/\/www.gereso.com\/actualites\/wp-json\/wp\/v2\/posts\/31781\/revisions\/31957"}],"wp:featuredmedia":[{"embeddable":true,"href":"https:\/\/www.gereso.com\/actualites\/wp-json\/wp\/v2\/media\/31788"}],"wp:attachment":[{"href":"https:\/\/www.gereso.com\/actualites\/wp-json\/wp\/v2\/media?parent=31781"}],"wp:term":[{"taxonomy":"category","embeddable":true,"href":"https:\/\/www.gereso.com\/actualites\/wp-json\/wp\/v2\/categories?post=31781"},{"taxonomy":"post_tag","embeddable":true,"href":"https:\/\/www.gereso.com\/actualites\/wp-json\/wp\/v2\/tags?post=31781"}],"curies":[{"name":"wp","href":"https:\/\/api.w.org\/{rel}","templated":true}]}}