{"id":31792,"date":"2022-12-15T15:01:59","date_gmt":"2022-12-15T13:01:59","guid":{"rendered":"https:\/\/www.gereso.com\/actualites\/?p=31792"},"modified":"2022-12-15T15:02:00","modified_gmt":"2022-12-15T13:02:00","slug":"nouveaux-amendements-paie-adoptes-assemblee-nationale-deuxieme-49-3","status":"publish","type":"post","link":"https:\/\/www.gereso.com\/actualites\/2022\/12\/15\/nouveaux-amendements-paie-adoptes-assemblee-nationale-deuxieme-49-3\/","title":{"rendered":"Les nouveaux amendements \u00ab\u00a0paie\u00a0\u00bb adopt\u00e9s par l&rsquo;Assembl\u00e9e nationale lors du deuxi\u00e8me \u00ab\u00a049.3\u00a0\u00bb"},"content":{"rendered":"\n<h2 style=\"color:#D10016\"><strong>\u00ab&nbsp;Avance&nbsp;\u00bb par l\u2019employeur des IJSS maternit\u00e9 et paternit\u00e9&nbsp;: la subrogation serait une simple facult\u00e9<\/strong><\/h2>\n\n\n\n<p>Le texte initial pr\u00e9voyait une subrogation de plein droit, en vertu de laquelle la CPAM verserait ensuite \u00e0 l\u2019employeur les IJSS. Dans la pratique, l\u2019employeur avancerait \u00e0 l&rsquo;assur\u00e9 le montant des IJSS, dont il serait \u00ab\u00a0rembours\u00e9\u00a0\u00bb par la CPAM dans un d\u00e9lai maximal fix\u00e9 par d\u00e9cret (qui pourrait \u00eatre de 7 jours).<\/p>\n<p>Dans la version adopt\u00e9e sous \u00ab\u00a049,3\u00a0\u00bb par l&rsquo;Assembl\u00e9e nationale, la subrogation est devenue une simple possibilit\u00e9. Le projet de loi pr\u00e9voit maintenant que \u00ab\u00a0l\u2019employeur peut \u00eatre subrog\u00e9 au salari\u00e9 dans le versement de ces indemnit\u00e9s journali\u00e8res\u00a0\u00bb.<\/p>\n<p>La d\u00e9cision d\u2019\u00eatre subrog\u00e9 appartiendrait \u00e0 l&#8217;employeur seul (le salari\u00e9 ne pourrait pas s&rsquo;y opposer).<\/p>\n<p>L&#8217;employeur qui choisirait de ne pas \u00eatre subrog\u00e9 serait logiquement fond\u00e9 \u00e0 recouvrer aupr\u00e8s du salari\u00e9 la somme qui lui sera vers\u00e9e par l&rsquo;assurance maladie.<\/p>\n<p><em>\u00c0 noter\u00a0: rappelons que sans changement par rapport au texte initial, le m\u00e9canisme d\u2019avance des IJSS ne s\u2019appliquerait pas \u00e0 certaines cat\u00e9gories de salari\u00e9s, d\u00e9finies par d\u00e9cret, compte tenu des caract\u00e9ristiques de leur contrat de travail.<\/em><\/p>\n\n\n\n<h2 style=\"color:#D10016\"><strong>Obligation pour les plateformes de t\u00e9l\u00e9 consultation d&rsquo;informer les utilisateurs des conditions d&rsquo;indemnisation des arr\u00eats de travail<\/strong><\/h2>\n\n\n\n<p>Depuis le d\u00e9part, le PLSS pr\u00e9voit une mesure visant \u00e0 renforcer l\u2019encadrement des arr\u00eats maladie prescrits en t\u00e9l\u00e9consultation, afin d\u2019\u00e9viter certaines d\u00e9rives.<\/p>\n<p>\u00c0 partir du 1er juin 2023, les arr\u00eats maladie ainsi que les arr\u00eats li\u00e9s \u00e0 un accident du travail ou une maladie professionnelle prescrits en t\u00e9l\u00e9consultation ne seraient indemnis\u00e9s par la S\u00e9curit\u00e9 sociale que s&rsquo;ils sont prescrits par le m\u00e9decin traitant du patient, ou par un m\u00e9decin ayant re\u00e7u le patient en consultation il y a moins d&rsquo;un an (<a href=\"https:\/\/www.assemblee-nationale.fr\/dyn\/16\/textes\/l16t0025_texte-adopte-provisoire.pdf\" target=\"_blank\" rel=\"noopener\">PLFSS article n\u00b0&nbsp;43<\/a>).<\/p>\n<p>Cette mesure a \u00e9t\u00e9 compl\u00e9t\u00e9e par l\u2019Assembl\u00e9e nationale, pour imposer aux plateformes de t\u00e9l\u00e9consultation d&rsquo;informer les professionnels de sant\u00e9 et les assur\u00e9s des r\u00e8gles applicables en mati\u00e8re d\u2019indemnisation des arr\u00eats de travail prescrits lors de t\u00e9l\u00e9consultations.<\/p>\n\n\n\n<h2 style=\"color:#D10016\"><strong>Cong\u00e9 de pr\u00e9sence parentale et AJPP&nbsp;: assouplissement de la proc\u00e9dure d\u00e9rogatoire de renouvellement avant le terme des 3 ans<\/strong><\/h2>\n\n\n\n<p>Un salari\u00e9 dont un enfant \u00e0 charge est atteint d\u2019une maladie, d\u2019un handicap ou est victime d\u2019un accident d\u2019une particuli\u00e8re gravit\u00e9 rendant indispensable une pr\u00e9sence soutenue et des soins contraignants peut b\u00e9n\u00e9ficier du cong\u00e9 de pr\u00e9sence parentale (<a href=\"https:\/\/www.legifrance.gouv.fr\/codes\/article_lc\/LEGIARTI000041398522#:~:text=Version%20en%20vigueur%20depuis%20le%2017%20novembre%202021&amp;text=Le%20nombre%20de%20jours%20de,temps%20partiel%20ou%20le%20fractionner.\" target=\"_blank\" rel=\"noopener\">Code du travail article n\u00b0&nbsp;L. 1225-62<\/a>). Concr\u00e8tement, ce cong\u00e9 permet au salari\u00e9 de s\u2019absenter 310 jours ouvr\u00e9s maximum pendant la dur\u00e9e pr\u00e9visible de traitement de l\u2019enfant, et au plus sur une p\u00e9riode maximale de 3 ans (<a href=\"https:\/\/www.legifrance.gouv.fr\/codes\/article_lc\/LEGIARTI000041398522#:~:text=Version%20en%20vigueur%20depuis%20le%2017%20novembre%202021&amp;text=Le%20nombre%20de%20jours%20de,temps%20partiel%20ou%20le%20fractionner.\" target=\"_blank\" rel=\"noopener\">Code du travail article n\u00b0&nbsp;L. 1225-62<\/a>, <a href=\"https:\/\/www.legifrance.gouv.fr\/codes\/article_lc\/LEGIARTI000042389624#:~:text=La%20p%C3%A9riode%20maximale%20pendant%20laquelle,d%27une%20demi%2Djourn%C3%A9e.\" target=\"_blank\" rel=\"noopener\">D. 1225-16<\/a> et <a href=\"https:\/\/www.legifrance.gouv.fr\/codes\/article_lc\/LEGIARTI000018764596#:~:text=La%20salari%C3%A9e%20a%20le%20droit,la%20date%20de%20celui%2Dci.\" target=\"_blank\" rel=\"noopener\">D. 1225-17<\/a>).<\/p>\n<p>Le salari\u00e9 b\u00e9n\u00e9ficie, pendant le cong\u00e9, d&rsquo;une allocation journali\u00e8re de pr\u00e9sence parentale (AJPP) vers\u00e9e par les caisses d&rsquo;allocations familiales (<a href=\"https:\/\/www.legifrance.gouv.fr\/codes\/article_lc\/LEGIARTI000044329312#:~:text=Version%20en%20vigueur%20depuis%20le%2017%20novembre%202021&amp;text=La%20personne%20qui%20assume%20la,pr%C3%A9vu%20%C3%A0%20l%27article%20L.\" target=\"_blank\" rel=\"noopener\">Code de la S\u00e9curit\u00e9 sociale article n\u00b0&nbsp;L. 544-1<\/a>).<\/p>\n<p>Lorsque le nombre maximal de 310 jours de cong\u00e9 est atteint avant l\u2019expiration de la p\u00e9riode de 3 ans, le salari\u00e9 peut b\u00e9n\u00e9ficier, \u00e0 titre exceptionnel et par d\u00e9rogation, d\u2019un renouvellement de son cong\u00e9 (et du versement de l&rsquo;AJPP) avant le terme de cette p\u00e9riode de 3 ans au titre de la m\u00eame maladie, du m\u00eame handicap ou du m\u00eame accident dont l\u2019enfant a \u00e9t\u00e9 victime. Pour cela, il faut qu&rsquo;un nouveau certificat m\u00e9dical du m\u00e9decin suivant l&rsquo;enfant atteste le caract\u00e8re indispensable de la poursuite des soins contraignants et d&rsquo;une pr\u00e9sence soutenue (<a href=\"https:\/\/www.legifrance.gouv.fr\/codes\/article_lc\/LEGIARTI000041398522#:~:text=Version%20en%20vigueur%20depuis%20le%2017%20novembre%202021&amp;text=Le%20nombre%20de%20jours%20de,temps%20partiel%20ou%20le%20fractionner.\" target=\"_blank\" rel=\"noopener\">Code du travail article n\u00b0&nbsp;L. 1225-62<\/a> et <a href=\"https:\/\/www.legifrance.gouv.fr\/codes\/article_lc\/LEGIARTI000018537788#:~:text=Version%20en%20vigueur%20depuis%20le%2030%20avril%202022&amp;text=Au%20moins%20quinze%20jours%20avant,de%20b%C3%A9n%C3%A9ficier%20de%20ce%20cong%C3%A9.\" target=\"_blank\" rel=\"noopener\">R. 1225-14&nbsp;<\/a>; <a href=\"https:\/\/www.legifrance.gouv.fr\/codes\/article_lc\/LEGIARTI000044329330#:~:text=Version%20en%20vigueur%20depuis%20le%2017%20novembre%202021&amp;text=L%27allocation%20est%20vers%C3%A9e%20dans,%C3%A9gal%20%C3%A0%20trois%20cent%20dix.\" target=\"_blank\" rel=\"noopener\">Code de la S\u00e9curit\u00e9 sociale article n\u00b0&nbsp;L. 544-3<\/a>).<\/p>\n<p>En outre, il est n\u00e9cessaire d&rsquo;obtenir l&rsquo;accord explicite du service de contr\u00f4le m\u00e9dical, qui doit confirmer le certificat m\u00e9dical (<a href=\"https:\/\/www.legifrance.gouv.fr\/codes\/article_lc\/LEGIARTI000041398522#:~:text=Version%20en%20vigueur%20depuis%20le%2017%20novembre%202021&amp;text=Le%20nombre%20de%20jours%20de,temps%20partiel%20ou%20le%20fractionner.\" target=\"_blank\" rel=\"noopener\">Code du travail article n\u00b0&nbsp;L. 1225- 62<\/a> ; <a href=\"https:\/\/www.legifrance.gouv.fr\/codes\/article_lc\/LEGIARTI000044329330#:~:text=Version%20en%20vigueur%20depuis%20le%2017%20novembre%202021&amp;text=L%27allocation%20est%20vers%C3%A9e%20dans,%C3%A9gal%20%C3%A0%20trois%20cent%20dix.\" target=\"_blank\" rel=\"noopener\">Code de la S\u00e9curit\u00e9 sociale article n\u00b0&nbsp;L. 544-3<\/a>). Au bout de 2 mois, le silence du service du contr\u00f4le m\u00e9dical vaut avis d\u00e9favorable (<a href=\"https:\/\/www.legifrance.gouv.fr\/codes\/article_lc\/LEGIARTI000044329330#:~:text=Version%20en%20vigueur%20depuis%20le%2017%20novembre%202021&amp;text=L%27allocation%20est%20vers%C3%A9e%20dans,%C3%A9gal%20%C3%A0%20trois%20cent%20dix.\" target=\"_blank\" rel=\"noopener\">Code de la S\u00e9curit\u00e9 sociale article n\u00b0&nbsp;R. 544-3<\/a>).<\/p>\n<p>Un amendement a \u00e9t\u00e9 adopt\u00e9 pour assouplir cette proc\u00e9dure (<a href=\"https:\/\/www.assemblee-nationale.fr\/dyn\/16\/textes\/l16t0025_texte-adopte-provisoire.pdf\" target=\"_blank\" rel=\"noopener\">PLFSS article n\u00b0&nbsp;36 quater<\/a>).<\/p>\n<p>C\u00f4t\u00e9 S\u00e9curit\u00e9 sociale (AJPP), le service du contr\u00f4le m\u00e9dical resterait impliqu\u00e9. N\u00e9anmoins, le renouvellement de l&rsquo;AJPP ne serait plus subordonn\u00e9 \u00e0 son accord explicite. Autrement dit, l&rsquo;accord du service du contr\u00f4le m\u00e9dical pourrait n&rsquo;\u00eatre qu&rsquo;implicite, le silence gard\u00e9 au terme du d\u00e9lai r\u00e9glementaire valant avis favorable, comme cela est d\u00e9j\u00e0 le cas pour la premi\u00e8re demande d&rsquo;AJPP.<\/p>\n<p>C\u00f4t\u00e9 droit du travail (cong\u00e9 proprement dit), le projet de loi pr\u00e9voit de supprimer l&rsquo;intervention du service du contr\u00f4le m\u00e9dical dans cette proc\u00e9dure de demande de renouvellement du cong\u00e9 de pr\u00e9sence parentale.<\/p>\n\n\n\n<p><article class=\"obj_encart-formation\">\n<div class=\"ctn_encart\">\n<h3>Votre formation sur ce th\u00e8me<\/h3>\n<h2>&nbsp;PAIE ET GESTION DU TEMPS DE TRAVAILS&nbsp;<\/h2>\n<h4>2 jours &#8211; En pr\u00e9sentiel ou \u00e0 distance<\/h4>\n<ul>\n<li><strong>Respecter les obligations de l&#8217;employeur<\/strong> en mati\u00e8re de dur\u00e9e du travail.<\/li>\n<li><strong>Analyser les incidences<\/strong> de la dur\u00e9e du travail sur la paie.<\/li>\n<li><strong>S\u00e9curiser ses pratiques en paie&nbsp;:<\/strong> heures suppl\u00e9mentaires, forfait d&rsquo;heures, forfait jours, temps partiel.<\/li>\n<li><strong>Expliquer aux salari\u00e9s le calcul des jours de repos<\/strong>  et des heures compl\u00e9mentaires et\/ou suppl\u00e9mentaires.<\/li>\n<\/ul>\n<div class=\"ctn_btn\">\n<a class=\"obj_btn\" target=\"_blank\" href=\"https:\/\/www.gereso.com\/ATWA\" rel=\"noopener\"><span>Inscription gratuite<\/span><\/a>\n<a class=\"obj_btn\" target=\"_blank\" href=\"https:\/\/www.gereso.com\/client\/programme-pdf\/ATWA.pdf\" rel=\"noopener\"><span>T\u00e9l\u00e9charger le programme PDF<\/span><\/a>\n<\/div>\n<\/div>\n<\/article><\/p>\n\n\n\n<h2 style=\"color:#D10016\"><strong>Rappel des amendements issus du premier \u00ab&nbsp;49, 3&nbsp;\u00bb sur la partie \u00ab&nbsp;recettes&nbsp;\u00bb du projet de loi<\/strong><\/h2>\n\n\n\n<p>Le gouvernement avait d\u00e9j\u00e0 engag\u00e9 sa responsabilit\u00e9 en application de <a href=\"https:\/\/www.assemblee-nationale.fr\/dyn\/16\/textes\/l16t0025_texte-adopte-provisoire.pdf\" target=\"_blank\" rel=\"noopener\">l&rsquo;article n\u00b0\u00a049, al. 3 de la Constitution sur la 3e partie du PLFSS<\/a>, relative aux recettes. Le texte a \u00e9t\u00e9 consid\u00e9r\u00e9 comme adopt\u00e9 par l\u2019Assembl\u00e9e en premi\u00e8re lecture le 24 octobre 2022.<\/p>\n<p>On rappellera que ces amendements visent, en substance\u00a0:<\/p>\n<ul>\n<li>\u00e0 reporter d\u2019un an, soit au 1er janvier 2024, le transfert du recouvrement des cotisations AGIRCARRCO (y inclus APEC) aux Urssaf, et ce pour toutes les entreprises (<a href=\"https:\/\/www.assemblee-nationale.fr\/dyn\/16\/textes\/l16t0025_texte-adopte-provisoire.pdf\" target=\"_blank\" rel=\"noopener\">PLFSS article n\u00b0\u00a06 bis, I, 1\u00b0 et III, A<\/a>) ;<\/li>\n<li>\u00e0 pr\u00e9ciser les modalit\u00e9s d\u2019imputation de la d\u00e9duction forfaitaire de cotisations patronales dont peuvent b\u00e9n\u00e9ficier, depuis le 1er octobre 2022, les employeurs de 20 \u00e0 moins de 250 salari\u00e9s au titre des heures suppl\u00e9mentaires et, pour les salari\u00e9s sous convention de forfait en jours sur l\u2019ann\u00e9e, au titre des jours travaill\u00e9s au-del\u00e0 de 218 jours par an dans les conditions pr\u00e9vues par le Code du travail (<a href=\"https:\/\/www.legifrance.gouv.fr\/jorf\/article_jo\/JORFARTI000046186742\" target=\"_blank\" rel=\"noopener\">loi n\u00b0\u00a02022-1158 du 16 ao\u00fbt 2022, article n\u00b0\u00a02, I et II<\/a>) (<a href=\"https:\/\/www.assemblee-nationale.fr\/dyn\/16\/textes\/l16t0025_texte-adopte-provisoire.pdf\" target=\"_blank\" rel=\"noopener\">PLFSS article n\u00b0\u00a011 bis<\/a>) ;<\/li>\n<li>\u00e0 prolonger l\u2019exon\u00e9ration TO\/DE (\u00ab\u00a0travailleurs occasionnels\/demandeurs d\u2019emploi\u00a0\u00bb) propres au secteur agricole jusqu\u2019au 31 d\u00e9cembre 2025 (<a href=\"https:\/\/www.assemblee-nationale.fr\/dyn\/16\/textes\/l16t0025_texte-adopte-provisoire.pdf\" target=\"_blank\" rel=\"noopener\">PLFSS article n\u00b0\u00a07 modifi\u00e9<\/a>)\u00a0;<\/li>\n<li>\u00e0 pr\u00e9ciser les dispositions initiales du PLFSS relatives \u00e0 la fiabilisation et \u00e0 la correction des donn\u00e9es issues de la DSN (<a href=\"https:\/\/www.assemblee-nationale.fr\/dyn\/16\/textes\/l16t0025_texte-adopte-provisoire.pdf\" target=\"_blank\" rel=\"noopener\">PLFSS article n\u00b0\u00a06 bis, I, 2\u00b0<\/a>)\u00a0;<\/li>\n<li>\u00e0 compl\u00e9ter les dispositions du PLFSS visant \u00e0 permettre aux agents Urssaf d\u2019utiliser les documents et informations obtenues lors du contr\u00f4le de toute personne appartenant au m\u00eame groupe (<a href=\"https:\/\/www.assemblee-nationale.fr\/dyn\/16\/textes\/l16t0025_texte-adopte-provisoire.pdf\" target=\"_blank\" rel=\"noopener\">PLFSS article n\u00b0\u00a06, I, E modifi\u00e9<\/a>)\u00a0;<\/li>\n<li>\u00e0 clarifier le r\u00e9gime social de la prime de partage de la valeur \u00e0 Mayotte, au regard de la contribution salariale d&rsquo;assurance maladie sp\u00e9cifique \u00e0 ce d\u00e9partement (<a href=\"https:\/\/www.assemblee-nationale.fr\/dyn\/16\/textes\/l16t0025_texte-adopte-provisoire.pdf\" target=\"_blank\" rel=\"noopener\">PLFSS article n\u00b0\u00a07 quinquies<\/a>).<\/li>\n<\/ul>\n<p>Les dispositions visant \u00e0 p\u00e9renniser l\u2019extension aux entreprises de moins de 20 salari\u00e9s (au lieu de moins de 10 salari\u00e9s) de la limitation de la dur\u00e9e des contr\u00f4les Urssaf \u00e0 3 mois (sauf cas de prolongation) n\u2019a pas fait l\u2019objet de modification de fond depuis le texte initial du PLFSS (<a href=\"https:\/\/www.assemblee-nationale.fr\/dyn\/16\/textes\/l16t0025_texte-adopte-provisoire.pdf\" target=\"_blank\" rel=\"noopener\">PLFSS, article n\u00b0\u00a06, I, G<\/a>). Seul un amendement r\u00e9dactionnel, visant \u00e0 bien prendre en compte les deux hypoth\u00e8ses de contr\u00f4le Urssaf (contr\u00f4le Urssaf sur place \u00ab\u00a0classique\u00a0\u00bb\u00a0; possibilit\u00e9 de contr\u00f4le sur pi\u00e8ces dans les entreprises de moins de 11 salari\u00e9s) a \u00e9t\u00e9 adopt\u00e9.<\/p>\n<p><a href=\"https:\/\/www.assemblee-nationale.fr\/dyn\/16\/textes\/l16t0025_texte-adopte-provisoire.pdf\" target=\"_blank\" rel=\"noopener\">Projet de loi de financement de la S\u00e9curit\u00e9 sociale pour 2023, consid\u00e9r\u00e9 comme adopt\u00e9 par l&rsquo;Assembl\u00e9e nationale le 31 octobre 2022<\/a><\/p>\n<p>\u00a0<\/p>\n","protected":false},"excerpt":{"rendered":"<p>\u00ab&nbsp;Avance&nbsp;\u00bb par l\u2019employeur des IJSS maternit\u00e9 et paternit\u00e9&nbsp;: la subrogation serait une simple facult\u00e9 Le texte initial pr\u00e9voyait une subrogation de plein droit, en vertu de laquelle la CPAM verserait ensuite \u00e0 l\u2019employeur les IJSS. Dans la pratique, l\u2019employeur avancerait \u00e0 l&rsquo;assur\u00e9 le montant des IJSS, dont il serait \u00ab\u00a0rembours\u00e9\u00a0\u00bb par la CPAM dans un [&hellip;]<\/p>\n","protected":false},"author":32,"featured_media":31967,"comment_status":"open","ping_status":"open","sticky":false,"template":"","format":"standard","meta":{"_acf_changed":false,"_mi_skip_tracking":false,"footnotes":""},"categories":[12,8],"tags":[],"class_list":["post-31792","post","type-post","status-publish","format-standard","has-post-thumbnail","hentry","category-actualites","category-paie-et-administration-du-personnel"],"acf":[],"yoast_head":"<!-- This site is optimized with the Yoast SEO plugin v23.4 - https:\/\/yoast.com\/wordpress\/plugins\/seo\/ -->\n<title>Les nouveaux amendements \u00ab\u00a0paie\u00a0\u00bb adopt\u00e9s par l&rsquo;Assembl\u00e9e nationale lors du deuxi\u00e8me \u00ab\u00a049.3\u00a0\u00bb - Le Blog GERESO<\/title>\n<meta name=\"robots\" content=\"index, follow, max-snippet:-1, max-image-preview:large, max-video-preview:-1\" \/>\n<link rel=\"canonical\" href=\"https:\/\/www.gereso.com\/actualites\/2022\/12\/15\/nouveaux-amendements-paie-adoptes-assemblee-nationale-deuxieme-49-3\/\" \/>\n<meta property=\"og:locale\" content=\"fr_FR\" \/>\n<meta property=\"og:type\" content=\"article\" \/>\n<meta property=\"og:title\" content=\"Les nouveaux amendements \u00ab\u00a0paie\u00a0\u00bb adopt\u00e9s par l&rsquo;Assembl\u00e9e nationale lors du deuxi\u00e8me \u00ab\u00a049.3\u00a0\u00bb - Le Blog GERESO\" \/>\n<meta property=\"og:description\" content=\"\u00ab&nbsp;Avance&nbsp;\u00bb par l\u2019employeur des IJSS maternit\u00e9 et paternit\u00e9&nbsp;: la subrogation serait une simple facult\u00e9 Le texte initial pr\u00e9voyait une subrogation de plein droit, en vertu de laquelle la CPAM verserait ensuite \u00e0 l\u2019employeur les IJSS. Dans la pratique, l\u2019employeur avancerait \u00e0 l&rsquo;assur\u00e9 le montant des IJSS, dont il serait \u00ab\u00a0rembours\u00e9\u00a0\u00bb par la CPAM dans un [&hellip;]\" \/>\n<meta property=\"og:url\" content=\"https:\/\/www.gereso.com\/actualites\/2022\/12\/15\/nouveaux-amendements-paie-adoptes-assemblee-nationale-deuxieme-49-3\/\" \/>\n<meta property=\"og:site_name\" content=\"Le Blog GERESO\" \/>\n<meta property=\"article:published_time\" content=\"2022-12-15T13:01:59+00:00\" \/>\n<meta property=\"article:modified_time\" content=\"2022-12-15T13:02:00+00:00\" \/>\n<meta property=\"og:image\" content=\"https:\/\/www.gereso.com\/actualites\/wp-content\/uploads\/2022\/12\/nouveaux-amendements-paie-assemblee-nationale-deuxieme-49-3-1.jpg\" \/>\n\t<meta property=\"og:image:width\" content=\"600\" \/>\n\t<meta property=\"og:image:height\" content=\"400\" \/>\n\t<meta property=\"og:image:type\" content=\"image\/jpeg\" \/>\n<meta name=\"author\" content=\"\u00c9quipe GERESO\" \/>\n<meta name=\"twitter:card\" content=\"summary_large_image\" \/>\n<script type=\"application\/ld+json\" class=\"yoast-schema-graph\">{\"@context\":\"https:\/\/schema.org\",\"@graph\":[{\"@type\":\"WebPage\",\"@id\":\"https:\/\/www.gereso.com\/actualites\/2022\/12\/15\/nouveaux-amendements-paie-adoptes-assemblee-nationale-deuxieme-49-3\/\",\"url\":\"https:\/\/www.gereso.com\/actualites\/2022\/12\/15\/nouveaux-amendements-paie-adoptes-assemblee-nationale-deuxieme-49-3\/\",\"name\":\"Les nouveaux amendements \u00ab\u00a0paie\u00a0\u00bb adopt\u00e9s par l&rsquo;Assembl\u00e9e nationale lors du deuxi\u00e8me \u00ab\u00a049.3\u00a0\u00bb - Le Blog GERESO\",\"isPartOf\":{\"@id\":\"https:\/\/www.gereso.com\/actualites\/#website\"},\"primaryImageOfPage\":{\"@id\":\"https:\/\/www.gereso.com\/actualites\/2022\/12\/15\/nouveaux-amendements-paie-adoptes-assemblee-nationale-deuxieme-49-3\/#primaryimage\"},\"image\":{\"@id\":\"https:\/\/www.gereso.com\/actualites\/2022\/12\/15\/nouveaux-amendements-paie-adoptes-assemblee-nationale-deuxieme-49-3\/#primaryimage\"},\"thumbnailUrl\":\"https:\/\/www.gereso.com\/actualites\/wp-content\/uploads\/2022\/12\/nouveaux-amendements-paie-assemblee-nationale-deuxieme-49-3-1.jpg\",\"datePublished\":\"2022-12-15T13:01:59+00:00\",\"dateModified\":\"2022-12-15T13:02:00+00:00\",\"author\":{\"@id\":\"https:\/\/www.gereso.com\/actualites\/#\/schema\/person\/197d8aef40cb4ae3f6a0aa9e1d3df2a6\"},\"breadcrumb\":{\"@id\":\"https:\/\/www.gereso.com\/actualites\/2022\/12\/15\/nouveaux-amendements-paie-adoptes-assemblee-nationale-deuxieme-49-3\/#breadcrumb\"},\"inLanguage\":\"fr-FR\",\"potentialAction\":[{\"@type\":\"ReadAction\",\"target\":[\"https:\/\/www.gereso.com\/actualites\/2022\/12\/15\/nouveaux-amendements-paie-adoptes-assemblee-nationale-deuxieme-49-3\/\"]}]},{\"@type\":\"ImageObject\",\"inLanguage\":\"fr-FR\",\"@id\":\"https:\/\/www.gereso.com\/actualites\/2022\/12\/15\/nouveaux-amendements-paie-adoptes-assemblee-nationale-deuxieme-49-3\/#primaryimage\",\"url\":\"https:\/\/www.gereso.com\/actualites\/wp-content\/uploads\/2022\/12\/nouveaux-amendements-paie-assemblee-nationale-deuxieme-49-3-1.jpg\",\"contentUrl\":\"https:\/\/www.gereso.com\/actualites\/wp-content\/uploads\/2022\/12\/nouveaux-amendements-paie-assemblee-nationale-deuxieme-49-3-1.jpg\",\"width\":600,\"height\":400,\"caption\":\"Deuxi\u00e8me 49,3 : quels sont les nouveaux amendements adopt\u00e9s ?\"},{\"@type\":\"BreadcrumbList\",\"@id\":\"https:\/\/www.gereso.com\/actualites\/2022\/12\/15\/nouveaux-amendements-paie-adoptes-assemblee-nationale-deuxieme-49-3\/#breadcrumb\",\"itemListElement\":[{\"@type\":\"ListItem\",\"position\":1,\"name\":\"Home\",\"item\":\"https:\/\/www.gereso.com\/actualites\/\"},{\"@type\":\"ListItem\",\"position\":2,\"name\":\"Les nouveaux amendements \u00ab\u00a0paie\u00a0\u00bb adopt\u00e9s par l&rsquo;Assembl\u00e9e nationale lors du deuxi\u00e8me \u00ab\u00a049.3\u00a0\u00bb\"}]},{\"@type\":\"WebSite\",\"@id\":\"https:\/\/www.gereso.com\/actualites\/#website\",\"url\":\"https:\/\/www.gereso.com\/actualites\/\",\"name\":\"Le Blog GERESO\",\"description\":\"Toute l&#039;actu RH, Finance, Fonction Publique, Management...\",\"potentialAction\":[{\"@type\":\"SearchAction\",\"target\":{\"@type\":\"EntryPoint\",\"urlTemplate\":\"https:\/\/www.gereso.com\/actualites\/?s={search_term_string}\"},\"query-input\":{\"@type\":\"PropertyValueSpecification\",\"valueRequired\":true,\"valueName\":\"search_term_string\"}}],\"inLanguage\":\"fr-FR\"},{\"@type\":\"Person\",\"@id\":\"https:\/\/www.gereso.com\/actualites\/#\/schema\/person\/197d8aef40cb4ae3f6a0aa9e1d3df2a6\",\"name\":\"\u00c9quipe GERESO\",\"image\":{\"@type\":\"ImageObject\",\"inLanguage\":\"fr-FR\",\"@id\":\"https:\/\/www.gereso.com\/actualites\/#\/schema\/person\/image\/\",\"url\":\"https:\/\/www.gereso.com\/actualites\/wp-content\/uploads\/2013\/12\/avatar-gereso-1.png\",\"contentUrl\":\"https:\/\/www.gereso.com\/actualites\/wp-content\/uploads\/2013\/12\/avatar-gereso-1.png\",\"caption\":\"\u00c9quipe GERESO\"},\"url\":\"https:\/\/www.gereso.com\/actualites\/author\/gereso\/\"}]}<\/script>\n<!-- \/ Yoast SEO plugin. -->","yoast_head_json":{"title":"Les nouveaux amendements \u00ab\u00a0paie\u00a0\u00bb adopt\u00e9s par l&rsquo;Assembl\u00e9e nationale lors du deuxi\u00e8me \u00ab\u00a049.3\u00a0\u00bb - Le Blog GERESO","robots":{"index":"index","follow":"follow","max-snippet":"max-snippet:-1","max-image-preview":"max-image-preview:large","max-video-preview":"max-video-preview:-1"},"canonical":"https:\/\/www.gereso.com\/actualites\/2022\/12\/15\/nouveaux-amendements-paie-adoptes-assemblee-nationale-deuxieme-49-3\/","og_locale":"fr_FR","og_type":"article","og_title":"Les nouveaux amendements \u00ab\u00a0paie\u00a0\u00bb adopt\u00e9s par l&rsquo;Assembl\u00e9e nationale lors du deuxi\u00e8me \u00ab\u00a049.3\u00a0\u00bb - Le Blog GERESO","og_description":"\u00ab&nbsp;Avance&nbsp;\u00bb par l\u2019employeur des IJSS maternit\u00e9 et paternit\u00e9&nbsp;: la subrogation serait une simple facult\u00e9 Le texte initial pr\u00e9voyait une subrogation de plein droit, en vertu de laquelle la CPAM verserait ensuite \u00e0 l\u2019employeur les IJSS. Dans la pratique, l\u2019employeur avancerait \u00e0 l&rsquo;assur\u00e9 le montant des IJSS, dont il serait \u00ab\u00a0rembours\u00e9\u00a0\u00bb par la CPAM dans un [&hellip;]","og_url":"https:\/\/www.gereso.com\/actualites\/2022\/12\/15\/nouveaux-amendements-paie-adoptes-assemblee-nationale-deuxieme-49-3\/","og_site_name":"Le Blog GERESO","article_published_time":"2022-12-15T13:01:59+00:00","article_modified_time":"2022-12-15T13:02:00+00:00","og_image":[{"width":600,"height":400,"url":"https:\/\/www.gereso.com\/actualites\/wp-content\/uploads\/2022\/12\/nouveaux-amendements-paie-assemblee-nationale-deuxieme-49-3-1.jpg","type":"image\/jpeg"}],"author":"\u00c9quipe GERESO","twitter_card":"summary_large_image","schema":{"@context":"https:\/\/schema.org","@graph":[{"@type":"WebPage","@id":"https:\/\/www.gereso.com\/actualites\/2022\/12\/15\/nouveaux-amendements-paie-adoptes-assemblee-nationale-deuxieme-49-3\/","url":"https:\/\/www.gereso.com\/actualites\/2022\/12\/15\/nouveaux-amendements-paie-adoptes-assemblee-nationale-deuxieme-49-3\/","name":"Les nouveaux amendements \u00ab\u00a0paie\u00a0\u00bb adopt\u00e9s par l&rsquo;Assembl\u00e9e nationale lors du deuxi\u00e8me \u00ab\u00a049.3\u00a0\u00bb - Le Blog GERESO","isPartOf":{"@id":"https:\/\/www.gereso.com\/actualites\/#website"},"primaryImageOfPage":{"@id":"https:\/\/www.gereso.com\/actualites\/2022\/12\/15\/nouveaux-amendements-paie-adoptes-assemblee-nationale-deuxieme-49-3\/#primaryimage"},"image":{"@id":"https:\/\/www.gereso.com\/actualites\/2022\/12\/15\/nouveaux-amendements-paie-adoptes-assemblee-nationale-deuxieme-49-3\/#primaryimage"},"thumbnailUrl":"https:\/\/www.gereso.com\/actualites\/wp-content\/uploads\/2022\/12\/nouveaux-amendements-paie-assemblee-nationale-deuxieme-49-3-1.jpg","datePublished":"2022-12-15T13:01:59+00:00","dateModified":"2022-12-15T13:02:00+00:00","author":{"@id":"https:\/\/www.gereso.com\/actualites\/#\/schema\/person\/197d8aef40cb4ae3f6a0aa9e1d3df2a6"},"breadcrumb":{"@id":"https:\/\/www.gereso.com\/actualites\/2022\/12\/15\/nouveaux-amendements-paie-adoptes-assemblee-nationale-deuxieme-49-3\/#breadcrumb"},"inLanguage":"fr-FR","potentialAction":[{"@type":"ReadAction","target":["https:\/\/www.gereso.com\/actualites\/2022\/12\/15\/nouveaux-amendements-paie-adoptes-assemblee-nationale-deuxieme-49-3\/"]}]},{"@type":"ImageObject","inLanguage":"fr-FR","@id":"https:\/\/www.gereso.com\/actualites\/2022\/12\/15\/nouveaux-amendements-paie-adoptes-assemblee-nationale-deuxieme-49-3\/#primaryimage","url":"https:\/\/www.gereso.com\/actualites\/wp-content\/uploads\/2022\/12\/nouveaux-amendements-paie-assemblee-nationale-deuxieme-49-3-1.jpg","contentUrl":"https:\/\/www.gereso.com\/actualites\/wp-content\/uploads\/2022\/12\/nouveaux-amendements-paie-assemblee-nationale-deuxieme-49-3-1.jpg","width":600,"height":400,"caption":"Deuxi\u00e8me 49,3 : quels sont les nouveaux amendements adopt\u00e9s ?"},{"@type":"BreadcrumbList","@id":"https:\/\/www.gereso.com\/actualites\/2022\/12\/15\/nouveaux-amendements-paie-adoptes-assemblee-nationale-deuxieme-49-3\/#breadcrumb","itemListElement":[{"@type":"ListItem","position":1,"name":"Home","item":"https:\/\/www.gereso.com\/actualites\/"},{"@type":"ListItem","position":2,"name":"Les nouveaux amendements \u00ab\u00a0paie\u00a0\u00bb adopt\u00e9s par l&rsquo;Assembl\u00e9e nationale lors du deuxi\u00e8me \u00ab\u00a049.3\u00a0\u00bb"}]},{"@type":"WebSite","@id":"https:\/\/www.gereso.com\/actualites\/#website","url":"https:\/\/www.gereso.com\/actualites\/","name":"Le Blog GERESO","description":"Toute l&#039;actu RH, Finance, Fonction Publique, Management...","potentialAction":[{"@type":"SearchAction","target":{"@type":"EntryPoint","urlTemplate":"https:\/\/www.gereso.com\/actualites\/?s={search_term_string}"},"query-input":{"@type":"PropertyValueSpecification","valueRequired":true,"valueName":"search_term_string"}}],"inLanguage":"fr-FR"},{"@type":"Person","@id":"https:\/\/www.gereso.com\/actualites\/#\/schema\/person\/197d8aef40cb4ae3f6a0aa9e1d3df2a6","name":"\u00c9quipe GERESO","image":{"@type":"ImageObject","inLanguage":"fr-FR","@id":"https:\/\/www.gereso.com\/actualites\/#\/schema\/person\/image\/","url":"https:\/\/www.gereso.com\/actualites\/wp-content\/uploads\/2013\/12\/avatar-gereso-1.png","contentUrl":"https:\/\/www.gereso.com\/actualites\/wp-content\/uploads\/2013\/12\/avatar-gereso-1.png","caption":"\u00c9quipe GERESO"},"url":"https:\/\/www.gereso.com\/actualites\/author\/gereso\/"}]}},"_links":{"self":[{"href":"https:\/\/www.gereso.com\/actualites\/wp-json\/wp\/v2\/posts\/31792","targetHints":{"allow":["GET"]}}],"collection":[{"href":"https:\/\/www.gereso.com\/actualites\/wp-json\/wp\/v2\/posts"}],"about":[{"href":"https:\/\/www.gereso.com\/actualites\/wp-json\/wp\/v2\/types\/post"}],"author":[{"embeddable":true,"href":"https:\/\/www.gereso.com\/actualites\/wp-json\/wp\/v2\/users\/32"}],"replies":[{"embeddable":true,"href":"https:\/\/www.gereso.com\/actualites\/wp-json\/wp\/v2\/comments?post=31792"}],"version-history":[{"count":16,"href":"https:\/\/www.gereso.com\/actualites\/wp-json\/wp\/v2\/posts\/31792\/revisions"}],"predecessor-version":[{"id":31966,"href":"https:\/\/www.gereso.com\/actualites\/wp-json\/wp\/v2\/posts\/31792\/revisions\/31966"}],"wp:featuredmedia":[{"embeddable":true,"href":"https:\/\/www.gereso.com\/actualites\/wp-json\/wp\/v2\/media\/31967"}],"wp:attachment":[{"href":"https:\/\/www.gereso.com\/actualites\/wp-json\/wp\/v2\/media?parent=31792"}],"wp:term":[{"taxonomy":"category","embeddable":true,"href":"https:\/\/www.gereso.com\/actualites\/wp-json\/wp\/v2\/categories?post=31792"},{"taxonomy":"post_tag","embeddable":true,"href":"https:\/\/www.gereso.com\/actualites\/wp-json\/wp\/v2\/tags?post=31792"}],"curies":[{"name":"wp","href":"https:\/\/api.w.org\/{rel}","templated":true}]}}