{"id":32034,"date":"2022-12-20T15:56:15","date_gmt":"2022-12-20T13:56:15","guid":{"rendered":"https:\/\/www.gereso.com\/actualites\/?p=32034"},"modified":"2022-12-20T15:56:16","modified_gmt":"2022-12-20T13:56:16","slug":"frontiere-tenue-entre-insuffisance-professionnelle-faute-disciplinaire","status":"publish","type":"post","link":"https:\/\/www.gereso.com\/actualites\/2022\/12\/20\/frontiere-tenue-entre-insuffisance-professionnelle-faute-disciplinaire\/","title":{"rendered":"Fonction publique : La fronti\u00e8re t\u00e9nue entre l\u2019insuffisance professionnelle et la faute disciplinaire"},"content":{"rendered":"\n<p>Le juge administratif a ainsi pu consid\u00e9rer qu\u2019une d\u00e9cision pr\u00e9sente le caract\u00e8re d&rsquo;une sanction disciplinaire d\u00e9guis\u00e9e lorsque, tout \u00e0 la fois, il en r\u00e9sulte une d\u00e9gradation de la situation professionnelle de l&rsquo;agent concern\u00e9 et que la nature des faits l&rsquo;ayant justifi\u00e9e et l&rsquo;intention poursuivie par l&rsquo;administration r\u00e9v\u00e8lent une volont\u00e9 de sanctionner cet agent (<a href=\"https:\/\/www.legifrance.gouv.fr\/ceta\/id\/CETATEXT000033404084\/\" target=\"_blank\" rel=\"noopener\">Cour administrative d\u2019appel de Bordeaux, 15 novembre 2016, n\u00b0&nbsp;14BX01858<\/a>).<\/p>\n<p>Ainsi, pour le juge administratif, la distinction entre l\u2019insuffisance professionnelle et la faute disciplinaire doit faire l\u2019objet d\u2019une application stricte, au risque d\u2019\u00eatre interpr\u00e9t\u00e9 comme un d\u00e9tournement de pouvoir.<\/p>\n<p>Toutefois, la fronti\u00e8re se r\u00e9v\u00e8le souvent t\u00e9nue.<\/p>\n<p>En effet, s\u2019agissant des agents contractuels, le juge administratif consid\u00e8re qu\u2019une d\u00e9cision de non renouvellement de contrat prise en consid\u00e9ration de la personne peut \u00eatre l\u00e9galement fond\u00e9e lorsqu\u2019elle est justifi\u00e9e par le comportement de l\u2019agent, qu\u2019il ait manqu\u00e9 \u00e0 ses obligations professionnelles ou qu\u2019il soit en situation d\u2019insuffisance professionnelle.<\/p>\n<p>Ainsi, l\u2019insuffisance professionnelle ou des faits tir\u00e9s du comportement de l\u2019int\u00e9ress\u00e9 peuvent justifier un refus de renouvellement de contrat (<a href=\"https:\/\/www.legifrance.gouv.fr\/ceta\/id\/CETATEXT000008237503\" target=\"_blank\" rel=\"noopener\">Conseil d\u2019\u00c9tat, 5 d\u00e9cembre 2005, n\u00b0&nbsp;262948<\/a> \/ <a href=\"https:\/\/www.legifrance.gouv.fr\/ceta\/id\/CETATEXT000007679385\/\" target=\"_blank\" rel=\"noopener\">Conseil d\u2019\u00c9tat, 23 janvier 1981, n\u00b0&nbsp;17932<\/a> \/ <a href=\"https:\/\/www.legifrance.gouv.fr\/ceta\/id\/CETATEXT000007856056\/\" target=\"_blank\" rel=\"noopener\">Conseil d\u2019\u00c9tat, 4 juillet 1994, n\u00b0&nbsp;118298<\/a> \/ <a href=\"https:\/\/www.legifrance.gouv.fr\/ceta\/id\/CETATEXT000007839968\" target=\"_blank\" rel=\"noopener\">Conseil d\u2019\u00c9tat, 23 d\u00e9cembre 1994, n\u00b0&nbsp;126194<\/a>).<\/p>\n<p>Au nombre de ces motifs, figurent notamment des manquements aux obligations professionnelles, comme des absences injustifi\u00e9es, ou encore un refus d&rsquo;ex\u00e9cution de t\u00e2ches li\u00e9es aux fonctions (<a href=\"https:\/\/www.legifrance.gouv.fr\/ceta\/id\/CETATEXT000007504307\" target=\"_blank\" rel=\"noopener\">Cour administrative d\u2019appel de Bordeaux, 10 f\u00e9vrier 2004, n\u00b0&nbsp;00BX00997<\/a>). S\u2019agissant des agents stagiaires, il en va de m\u00eame.<\/p>\n<p>En effet, le juge administratif consid\u00e8re que ces derniers peuvent faire l\u2019objet d\u2019un refus de titularisation en fin de stage, m\u00eame si certains des faits \u00e9voqu\u00e9s dans les rapports \u00e9tablis par les sup\u00e9rieurs hi\u00e9rarchiques de l\u2019agent peuvent \u00eatre qualifi\u00e9s de fautes disciplinaires. Le Conseil d\u2019\u00c9tat pr\u00e9cise m\u00eame que cette situation ne fait pas obstacle \u00e0 ce que ces m\u00eames faits soient pris en compte pour appr\u00e9cier l&rsquo;aptitude professionnelle du stagiaire (Conseil d\u2019\u00c9tat, 24 f\u00e9vrier 2020, n\u00b0&nbsp;421291 \/ <a href=\"https:\/\/www.legifrance.gouv.fr\/ceta\/id\/CETATEXT000028964801\/\" target=\"_blank\" rel=\"noopener\">Cour administrative d\u2019appel de Marseille, 15 mai 2014, n\u00b0&nbsp;12MA02734<\/a>).<\/p>\n<p>Dans le cadre de cette distinction, le juge administratif a eu tout r\u00e9cemment l\u2019occasion de se prononcer \u00e0 l\u2019\u00e9gard de faits qui relevait de l\u2019un de ces r\u00e9gimes juridiques mais qui semblaient pouvoir relever de l\u2019autre r\u00e9gime&nbsp;: le chef de service responsable d\u2019agissements susceptibles de rev\u00eatir le caract\u00e8re de harc\u00e8lement moral et les n\u00e9gligences d\u2019un soignant dans l\u2019exercice de ses fonctions.<\/p>\n\n\n\n<h2 style=\"color: #d10016;\"><strong>Des faits susceptibles de relever de l\u2019insuffisance professionnelle <br \/><\/strong><\/h2>\n\n\n\n<p><em>Cour administrative d\u2019appel de Paris, 9 novembre 2022, n\u00b0 21PA01034<\/em><\/p>\n<p>Comme les jurisprudences pr\u00e9cit\u00e9es l\u2019\u00e9tablissent, l\u2019insuffisance professionnelle de l\u2019agent repose sur l\u2019appr\u00e9ciation de sa mani\u00e8re de servir.<\/p>\n<p>Or, par d\u00e9cision en date du 9 novembre 2022, le juge administratif a eu l\u2019occasion de confirmer la r\u00e9gularit\u00e9 d\u2019une sanction disciplinaire, alors m\u00eame que les faits retenus \u00e9taient susceptibles de relever de l\u2019insuffisance professionnelle.<\/p>\n<p>En effet, L\u2019agent pr\u00e9sentait des absences r\u00e9currentes de son poste et ne respectait pas les normes sanitaires mises en place au sein de l\u2019\u00e9tablissement, en portant, notamment, sa tenue civile au-dessus de sa tenue professionnelle ou en portant ses bijoux pendant son service.<\/p>\n<p>Ainsi, dans cette esp\u00e8ce, la Cour administrative d\u2019appel reconna\u00eet qu\u2019en d\u00e9pit de la circonstance selon laquelle tout ou partie des reproches adress\u00e9s \u00e0 l\u2019agent, puissent \u00e9galement \u00eatre susceptibles de r\u00e9v\u00e9ler une insuffisance professionnelle, ne font pas obstacle \u00e0 ce que l&rsquo;autorit\u00e9 comp\u00e9tente prenne l\u00e9galement une sanction disciplinaire.<\/p>\n<p>Le juge a \u00e9galement eu l\u2019occasion d\u2019op\u00e9rer une analyse inverse.<\/p>\n\n\n\n<h2 style=\"color: #d10016;\"><strong>Le licenciement pour insuffisance professionnelle plut\u00f4t que la sanction disciplinaire pour un chef de service <br \/><\/strong><\/h2>\n\n\n\n<p><em>Cour administrative d\u2019appel de Nantes, 25 octobre 2022, n\u00b0 22NT0006<\/em><\/p>\n<p>Par une d\u00e9cision en date du 25 octobre 2022, le juge administratif confirme le licenciement d\u2019un responsable de police municipale, sur le fondement de son insuffisance professionnelle.<\/p>\n<p>Cependant, comme l\u2019attestent plusieurs agents du service, ce dernier adressait des remarques humiliantes \u00e0 ses collaborateurs, \u00e9tait auteur d\u2019un management particuli\u00e8rement directif, sans consignes claires, g\u00e9n\u00e9rant un sentiment d&rsquo;ins\u00e9curit\u00e9, une perte de confiance et d&rsquo;estime de soi chez les agents.<\/p>\n<p>Un agent du service a m\u00eame \u00e9t\u00e9 plac\u00e9 en arr\u00eat maladie pour un syndrome anxiod\u00e9pressif en relation avec son activit\u00e9 professionnelle et a sollicit\u00e9 le b\u00e9n\u00e9fice de la protection fonctionnelle.<\/p>\n<p>Or, ces faits sembleraient pouvoir relever de la qualification de harc\u00e8lement moral et son auteur, d\u2019une sanction disciplinaire.<\/p>\n<p>N\u00e9anmoins, en l\u2019esp\u00e8ce de la d\u00e9cision du 25 octobre 2022, le chef de service, directement responsable d\u2019une d\u00e9sorganisation de son \u00e9quipe, d\u2019une mauvaise ambiance, voire du d\u00e9part de certains agents ou de leur placement en arr\u00eat maladie, a pu \u00eatre consid\u00e9r\u00e9 comme n\u2019exer\u00e7ant pas les missions d\u00e9volues \u00e0 son corps et ainsi faire l\u2019objet d\u2019un licenciement pour insuffisance professionnelle.<\/p>\n\n\n\n<p><article class=\"obj_encart-formation\">\n<div class=\"ctn_encart\">\n<h3>Votre formation sur ce th\u00e8me<\/h3>\n<h2>&nbsp;POUVOIR DISCIPLINAIRE DANS LA FONCTION PUBLIQUE&nbsp;<\/h2>\n<h4>1 jour &#8211; En pr\u00e9sentiel ou \u00e0 distance<\/h4>\n<ul>\n<li><strong>Int\u00e9grer la notion de faute<\/strong> et les r\u00e9gimes disciplinaires (stagiaires, titulaires, contractuels).<\/li>\n<li><strong>Identifier les diff\u00e9rentes sanctions<\/strong> applicables et leurs caract\u00e9ristiques.<\/li>\n<li><strong>Int\u00e9grer les \u00e9tapes de la proc\u00e9dure disciplinaire<\/strong>&nbsp;: de la constitution du dossier individuel \u00e0 la prise de sanction.<\/li>\n<\/ul>\n<div class=\"ctn_btn\">\n<a class=\"obj_btn\" target=\"_blank\" href=\"https:\/\/www.gereso.com\/RDIS\" rel=\"noopener\"><span>En savoir plus<\/span><\/a>\n<a class=\"obj_btn\" target=\"_blank\" href=\"https:\/\/www.gereso.com\/client\/programme-pdf\/RDIS.pdf\" rel=\"noopener\"><span>T\u00e9l\u00e9charger le programme PDF<\/span><\/a>\n<\/div>\n<\/div>\n<\/article><\/p>\n\n\n\n<h2 style=\"color: #d10016;\"><strong>Conclusion<\/strong><\/h2>\n\n\n\n<p>Apr\u00e8s le non-renouvellement du contrat ou la non-titularisation des stagiaires, le juge administratif retient de nouveau, dans les deux arr\u00eats d\u2019octobre et novembre 2022, l\u2019ensemble des motifs relevant \u00e0 la fois de l\u2019insuffisance et de la discipline, pour confirmer la l\u00e9galit\u00e9 de l\u2019une ou l\u2019autre de ces deux proc\u00e9dures emprunt\u00e9es par l\u2019employeur.<\/p>\n<p>Ainsi, le harc\u00e8lement moral d\u2019un sup\u00e9rieur hi\u00e9rarchique, susceptible d\u2019\u00eatre qualifi\u00e9 de faute, peut \u00eatre consid\u00e9r\u00e9 comme des faits justifiant un licenciement pour insuffisance professionnelle.<\/p>\n<p>En effet, des comportements de harc\u00e8lement moral ne constituent pas seulement un manquement \u00e0 une obligation pour un sup\u00e9rieur hi\u00e9rarchique, mais \u00e9galement une d\u00e9faillance dans sa mani\u00e8re de servir. De la m\u00eame fa\u00e7on, le soignant qui n\u2019exerce pas ses fonctions conform\u00e9ment \u00e0 ce qu\u2019on attend de lui, peut aussi faire l\u2019objet d\u2019une sanction disciplinaire, en d\u00e9pit de faits susceptibles de relever de l\u2019insuffisance professionnelle.<\/p>\n","protected":false},"excerpt":{"rendered":"<p>Le juge administratif a ainsi pu consid\u00e9rer qu\u2019une d\u00e9cision pr\u00e9sente le caract\u00e8re d&rsquo;une sanction disciplinaire d\u00e9guis\u00e9e lorsque, tout \u00e0 la fois, il en r\u00e9sulte une d\u00e9gradation de la situation professionnelle de l&rsquo;agent concern\u00e9 et que la nature des faits l&rsquo;ayant justifi\u00e9e et l&rsquo;intention poursuivie par l&rsquo;administration r\u00e9v\u00e8lent une volont\u00e9 de sanctionner cet agent (Cour administrative [&hellip;]<\/p>\n","protected":false},"author":32,"featured_media":32060,"comment_status":"open","ping_status":"open","sticky":false,"template":"","format":"standard","meta":{"_acf_changed":false,"_mi_skip_tracking":false,"footnotes":""},"categories":[12,6],"tags":[],"class_list":["post-32034","post","type-post","status-publish","format-standard","has-post-thumbnail","hentry","category-actualites","category-fonction-publique"],"acf":[],"yoast_head":"<!-- This site is optimized with the Yoast SEO plugin v23.4 - https:\/\/yoast.com\/wordpress\/plugins\/seo\/ -->\n<title>Fonction publique : La fronti\u00e8re t\u00e9nue entre l\u2019insuffisance professionnelle et la faute disciplinaire - Le Blog GERESO<\/title>\n<meta name=\"robots\" content=\"index, follow, max-snippet:-1, max-image-preview:large, max-video-preview:-1\" \/>\n<link rel=\"canonical\" href=\"https:\/\/www.gereso.com\/actualites\/2022\/12\/20\/frontiere-tenue-entre-insuffisance-professionnelle-faute-disciplinaire\/\" \/>\n<meta property=\"og:locale\" content=\"fr_FR\" \/>\n<meta property=\"og:type\" content=\"article\" \/>\n<meta property=\"og:title\" content=\"Fonction publique : La fronti\u00e8re t\u00e9nue entre l\u2019insuffisance professionnelle et la faute disciplinaire - Le Blog GERESO\" \/>\n<meta property=\"og:description\" content=\"Le juge administratif a ainsi pu consid\u00e9rer qu\u2019une d\u00e9cision pr\u00e9sente le caract\u00e8re d&rsquo;une sanction disciplinaire d\u00e9guis\u00e9e lorsque, tout \u00e0 la fois, il en r\u00e9sulte une d\u00e9gradation de la situation professionnelle de l&rsquo;agent concern\u00e9 et que la nature des faits l&rsquo;ayant justifi\u00e9e et l&rsquo;intention poursuivie par l&rsquo;administration r\u00e9v\u00e8lent une volont\u00e9 de sanctionner cet agent (Cour administrative [&hellip;]\" \/>\n<meta property=\"og:url\" content=\"https:\/\/www.gereso.com\/actualites\/2022\/12\/20\/frontiere-tenue-entre-insuffisance-professionnelle-faute-disciplinaire\/\" \/>\n<meta property=\"og:site_name\" content=\"Le Blog GERESO\" \/>\n<meta property=\"article:published_time\" content=\"2022-12-20T13:56:15+00:00\" \/>\n<meta property=\"article:modified_time\" content=\"2022-12-20T13:56:16+00:00\" \/>\n<meta property=\"og:image\" content=\"https:\/\/www.gereso.com\/actualites\/wp-content\/uploads\/2022\/12\/frontiere-tenue-insuffisance-professionnelle-faute-disciplinaire.jpg\" \/>\n\t<meta property=\"og:image:width\" content=\"600\" \/>\n\t<meta property=\"og:image:height\" content=\"399\" \/>\n\t<meta property=\"og:image:type\" content=\"image\/jpeg\" \/>\n<meta name=\"author\" content=\"\u00c9quipe GERESO\" \/>\n<meta name=\"twitter:card\" content=\"summary_large_image\" \/>\n<script type=\"application\/ld+json\" class=\"yoast-schema-graph\">{\"@context\":\"https:\/\/schema.org\",\"@graph\":[{\"@type\":\"WebPage\",\"@id\":\"https:\/\/www.gereso.com\/actualites\/2022\/12\/20\/frontiere-tenue-entre-insuffisance-professionnelle-faute-disciplinaire\/\",\"url\":\"https:\/\/www.gereso.com\/actualites\/2022\/12\/20\/frontiere-tenue-entre-insuffisance-professionnelle-faute-disciplinaire\/\",\"name\":\"Fonction publique : La fronti\u00e8re t\u00e9nue entre l\u2019insuffisance professionnelle et la faute disciplinaire - Le Blog GERESO\",\"isPartOf\":{\"@id\":\"https:\/\/www.gereso.com\/actualites\/#website\"},\"primaryImageOfPage\":{\"@id\":\"https:\/\/www.gereso.com\/actualites\/2022\/12\/20\/frontiere-tenue-entre-insuffisance-professionnelle-faute-disciplinaire\/#primaryimage\"},\"image\":{\"@id\":\"https:\/\/www.gereso.com\/actualites\/2022\/12\/20\/frontiere-tenue-entre-insuffisance-professionnelle-faute-disciplinaire\/#primaryimage\"},\"thumbnailUrl\":\"https:\/\/www.gereso.com\/actualites\/wp-content\/uploads\/2022\/12\/frontiere-tenue-insuffisance-professionnelle-faute-disciplinaire.jpg\",\"datePublished\":\"2022-12-20T13:56:15+00:00\",\"dateModified\":\"2022-12-20T13:56:16+00:00\",\"author\":{\"@id\":\"https:\/\/www.gereso.com\/actualites\/#\/schema\/person\/197d8aef40cb4ae3f6a0aa9e1d3df2a6\"},\"breadcrumb\":{\"@id\":\"https:\/\/www.gereso.com\/actualites\/2022\/12\/20\/frontiere-tenue-entre-insuffisance-professionnelle-faute-disciplinaire\/#breadcrumb\"},\"inLanguage\":\"fr-FR\",\"potentialAction\":[{\"@type\":\"ReadAction\",\"target\":[\"https:\/\/www.gereso.com\/actualites\/2022\/12\/20\/frontiere-tenue-entre-insuffisance-professionnelle-faute-disciplinaire\/\"]}]},{\"@type\":\"ImageObject\",\"inLanguage\":\"fr-FR\",\"@id\":\"https:\/\/www.gereso.com\/actualites\/2022\/12\/20\/frontiere-tenue-entre-insuffisance-professionnelle-faute-disciplinaire\/#primaryimage\",\"url\":\"https:\/\/www.gereso.com\/actualites\/wp-content\/uploads\/2022\/12\/frontiere-tenue-insuffisance-professionnelle-faute-disciplinaire.jpg\",\"contentUrl\":\"https:\/\/www.gereso.com\/actualites\/wp-content\/uploads\/2022\/12\/frontiere-tenue-insuffisance-professionnelle-faute-disciplinaire.jpg\",\"width\":600,\"height\":399,\"caption\":\"Insuffisance professionnelle et sanction disciplinaire : la fronti\u00e8re est-elle bien toujours d\u00e9finie ?\"},{\"@type\":\"BreadcrumbList\",\"@id\":\"https:\/\/www.gereso.com\/actualites\/2022\/12\/20\/frontiere-tenue-entre-insuffisance-professionnelle-faute-disciplinaire\/#breadcrumb\",\"itemListElement\":[{\"@type\":\"ListItem\",\"position\":1,\"name\":\"Home\",\"item\":\"https:\/\/www.gereso.com\/actualites\/\"},{\"@type\":\"ListItem\",\"position\":2,\"name\":\"Fonction publique : La fronti\u00e8re t\u00e9nue entre l\u2019insuffisance professionnelle et la faute disciplinaire\"}]},{\"@type\":\"WebSite\",\"@id\":\"https:\/\/www.gereso.com\/actualites\/#website\",\"url\":\"https:\/\/www.gereso.com\/actualites\/\",\"name\":\"Le Blog GERESO\",\"description\":\"Toute l&#039;actu RH, Finance, Fonction Publique, Management...\",\"potentialAction\":[{\"@type\":\"SearchAction\",\"target\":{\"@type\":\"EntryPoint\",\"urlTemplate\":\"https:\/\/www.gereso.com\/actualites\/?s={search_term_string}\"},\"query-input\":{\"@type\":\"PropertyValueSpecification\",\"valueRequired\":true,\"valueName\":\"search_term_string\"}}],\"inLanguage\":\"fr-FR\"},{\"@type\":\"Person\",\"@id\":\"https:\/\/www.gereso.com\/actualites\/#\/schema\/person\/197d8aef40cb4ae3f6a0aa9e1d3df2a6\",\"name\":\"\u00c9quipe GERESO\",\"image\":{\"@type\":\"ImageObject\",\"inLanguage\":\"fr-FR\",\"@id\":\"https:\/\/www.gereso.com\/actualites\/#\/schema\/person\/image\/\",\"url\":\"https:\/\/www.gereso.com\/actualites\/wp-content\/uploads\/2013\/12\/avatar-gereso-1.png\",\"contentUrl\":\"https:\/\/www.gereso.com\/actualites\/wp-content\/uploads\/2013\/12\/avatar-gereso-1.png\",\"caption\":\"\u00c9quipe GERESO\"},\"url\":\"https:\/\/www.gereso.com\/actualites\/author\/gereso\/\"}]}<\/script>\n<!-- \/ Yoast SEO plugin. -->","yoast_head_json":{"title":"Fonction publique : La fronti\u00e8re t\u00e9nue entre l\u2019insuffisance professionnelle et la faute disciplinaire - Le Blog GERESO","robots":{"index":"index","follow":"follow","max-snippet":"max-snippet:-1","max-image-preview":"max-image-preview:large","max-video-preview":"max-video-preview:-1"},"canonical":"https:\/\/www.gereso.com\/actualites\/2022\/12\/20\/frontiere-tenue-entre-insuffisance-professionnelle-faute-disciplinaire\/","og_locale":"fr_FR","og_type":"article","og_title":"Fonction publique : La fronti\u00e8re t\u00e9nue entre l\u2019insuffisance professionnelle et la faute disciplinaire - Le Blog GERESO","og_description":"Le juge administratif a ainsi pu consid\u00e9rer qu\u2019une d\u00e9cision pr\u00e9sente le caract\u00e8re d&rsquo;une sanction disciplinaire d\u00e9guis\u00e9e lorsque, tout \u00e0 la fois, il en r\u00e9sulte une d\u00e9gradation de la situation professionnelle de l&rsquo;agent concern\u00e9 et que la nature des faits l&rsquo;ayant justifi\u00e9e et l&rsquo;intention poursuivie par l&rsquo;administration r\u00e9v\u00e8lent une volont\u00e9 de sanctionner cet agent (Cour administrative [&hellip;]","og_url":"https:\/\/www.gereso.com\/actualites\/2022\/12\/20\/frontiere-tenue-entre-insuffisance-professionnelle-faute-disciplinaire\/","og_site_name":"Le Blog GERESO","article_published_time":"2022-12-20T13:56:15+00:00","article_modified_time":"2022-12-20T13:56:16+00:00","og_image":[{"width":600,"height":399,"url":"https:\/\/www.gereso.com\/actualites\/wp-content\/uploads\/2022\/12\/frontiere-tenue-insuffisance-professionnelle-faute-disciplinaire.jpg","type":"image\/jpeg"}],"author":"\u00c9quipe GERESO","twitter_card":"summary_large_image","schema":{"@context":"https:\/\/schema.org","@graph":[{"@type":"WebPage","@id":"https:\/\/www.gereso.com\/actualites\/2022\/12\/20\/frontiere-tenue-entre-insuffisance-professionnelle-faute-disciplinaire\/","url":"https:\/\/www.gereso.com\/actualites\/2022\/12\/20\/frontiere-tenue-entre-insuffisance-professionnelle-faute-disciplinaire\/","name":"Fonction publique : La fronti\u00e8re t\u00e9nue entre l\u2019insuffisance professionnelle et la faute disciplinaire - Le Blog GERESO","isPartOf":{"@id":"https:\/\/www.gereso.com\/actualites\/#website"},"primaryImageOfPage":{"@id":"https:\/\/www.gereso.com\/actualites\/2022\/12\/20\/frontiere-tenue-entre-insuffisance-professionnelle-faute-disciplinaire\/#primaryimage"},"image":{"@id":"https:\/\/www.gereso.com\/actualites\/2022\/12\/20\/frontiere-tenue-entre-insuffisance-professionnelle-faute-disciplinaire\/#primaryimage"},"thumbnailUrl":"https:\/\/www.gereso.com\/actualites\/wp-content\/uploads\/2022\/12\/frontiere-tenue-insuffisance-professionnelle-faute-disciplinaire.jpg","datePublished":"2022-12-20T13:56:15+00:00","dateModified":"2022-12-20T13:56:16+00:00","author":{"@id":"https:\/\/www.gereso.com\/actualites\/#\/schema\/person\/197d8aef40cb4ae3f6a0aa9e1d3df2a6"},"breadcrumb":{"@id":"https:\/\/www.gereso.com\/actualites\/2022\/12\/20\/frontiere-tenue-entre-insuffisance-professionnelle-faute-disciplinaire\/#breadcrumb"},"inLanguage":"fr-FR","potentialAction":[{"@type":"ReadAction","target":["https:\/\/www.gereso.com\/actualites\/2022\/12\/20\/frontiere-tenue-entre-insuffisance-professionnelle-faute-disciplinaire\/"]}]},{"@type":"ImageObject","inLanguage":"fr-FR","@id":"https:\/\/www.gereso.com\/actualites\/2022\/12\/20\/frontiere-tenue-entre-insuffisance-professionnelle-faute-disciplinaire\/#primaryimage","url":"https:\/\/www.gereso.com\/actualites\/wp-content\/uploads\/2022\/12\/frontiere-tenue-insuffisance-professionnelle-faute-disciplinaire.jpg","contentUrl":"https:\/\/www.gereso.com\/actualites\/wp-content\/uploads\/2022\/12\/frontiere-tenue-insuffisance-professionnelle-faute-disciplinaire.jpg","width":600,"height":399,"caption":"Insuffisance professionnelle et sanction disciplinaire : la fronti\u00e8re est-elle bien toujours d\u00e9finie ?"},{"@type":"BreadcrumbList","@id":"https:\/\/www.gereso.com\/actualites\/2022\/12\/20\/frontiere-tenue-entre-insuffisance-professionnelle-faute-disciplinaire\/#breadcrumb","itemListElement":[{"@type":"ListItem","position":1,"name":"Home","item":"https:\/\/www.gereso.com\/actualites\/"},{"@type":"ListItem","position":2,"name":"Fonction publique : La fronti\u00e8re t\u00e9nue entre l\u2019insuffisance professionnelle et la faute disciplinaire"}]},{"@type":"WebSite","@id":"https:\/\/www.gereso.com\/actualites\/#website","url":"https:\/\/www.gereso.com\/actualites\/","name":"Le Blog GERESO","description":"Toute l&#039;actu RH, Finance, Fonction Publique, Management...","potentialAction":[{"@type":"SearchAction","target":{"@type":"EntryPoint","urlTemplate":"https:\/\/www.gereso.com\/actualites\/?s={search_term_string}"},"query-input":{"@type":"PropertyValueSpecification","valueRequired":true,"valueName":"search_term_string"}}],"inLanguage":"fr-FR"},{"@type":"Person","@id":"https:\/\/www.gereso.com\/actualites\/#\/schema\/person\/197d8aef40cb4ae3f6a0aa9e1d3df2a6","name":"\u00c9quipe GERESO","image":{"@type":"ImageObject","inLanguage":"fr-FR","@id":"https:\/\/www.gereso.com\/actualites\/#\/schema\/person\/image\/","url":"https:\/\/www.gereso.com\/actualites\/wp-content\/uploads\/2013\/12\/avatar-gereso-1.png","contentUrl":"https:\/\/www.gereso.com\/actualites\/wp-content\/uploads\/2013\/12\/avatar-gereso-1.png","caption":"\u00c9quipe GERESO"},"url":"https:\/\/www.gereso.com\/actualites\/author\/gereso\/"}]}},"_links":{"self":[{"href":"https:\/\/www.gereso.com\/actualites\/wp-json\/wp\/v2\/posts\/32034","targetHints":{"allow":["GET"]}}],"collection":[{"href":"https:\/\/www.gereso.com\/actualites\/wp-json\/wp\/v2\/posts"}],"about":[{"href":"https:\/\/www.gereso.com\/actualites\/wp-json\/wp\/v2\/types\/post"}],"author":[{"embeddable":true,"href":"https:\/\/www.gereso.com\/actualites\/wp-json\/wp\/v2\/users\/32"}],"replies":[{"embeddable":true,"href":"https:\/\/www.gereso.com\/actualites\/wp-json\/wp\/v2\/comments?post=32034"}],"version-history":[{"count":21,"href":"https:\/\/www.gereso.com\/actualites\/wp-json\/wp\/v2\/posts\/32034\/revisions"}],"predecessor-version":[{"id":32427,"href":"https:\/\/www.gereso.com\/actualites\/wp-json\/wp\/v2\/posts\/32034\/revisions\/32427"}],"wp:featuredmedia":[{"embeddable":true,"href":"https:\/\/www.gereso.com\/actualites\/wp-json\/wp\/v2\/media\/32060"}],"wp:attachment":[{"href":"https:\/\/www.gereso.com\/actualites\/wp-json\/wp\/v2\/media?parent=32034"}],"wp:term":[{"taxonomy":"category","embeddable":true,"href":"https:\/\/www.gereso.com\/actualites\/wp-json\/wp\/v2\/categories?post=32034"},{"taxonomy":"post_tag","embeddable":true,"href":"https:\/\/www.gereso.com\/actualites\/wp-json\/wp\/v2\/tags?post=32034"}],"curies":[{"name":"wp","href":"https:\/\/api.w.org\/{rel}","templated":true}]}}