{"id":32176,"date":"2022-12-20T16:14:00","date_gmt":"2022-12-20T14:14:00","guid":{"rendered":"https:\/\/www.gereso.com\/actualites\/?p=32176"},"modified":"2022-12-21T15:03:01","modified_gmt":"2022-12-21T13:03:01","slug":"possibilite-fonctionnaire-temps-plein-exercer-activite-micro-entreprise","status":"publish","type":"post","link":"https:\/\/www.gereso.com\/actualites\/2022\/12\/20\/possibilite-fonctionnaire-temps-plein-exercer-activite-micro-entreprise\/","title":{"rendered":"La possibilit\u00e9 pour un fonctionnaire \u00e0 temps plein d\u2019exercer une activit\u00e9 accessoire sous le r\u00e9gime de la micro-entreprise"},"content":{"rendered":"\n<p>En l\u2019esp\u00e8ce, un recteur d\u2019acad\u00e9mie avait subordonn\u00e9 la demande d\u2019une professeure d\u2019autorisation de cumul de fonctions et de r\u00e9mun\u00e9rations en qualit\u00e9 d\u2019auto-entrepreneuse \u00e0 l\u2019obtention pr\u00e9alable d\u2019une autorisation d\u2019exercice de son activit\u00e9 principale \u00e0 temps partiel. La fonctionnaire a alors saisi le tribunal administratif d\u2019un recours pour exc\u00e8s de pouvoir contre la d\u00e9cision du recteur.<\/p>\n<p>Rappelant en premier lieu le principe suscit\u00e9 et l\u2019interdiction r\u00e9sultante de cr\u00e9er ou de reprendre une entreprise immatricul\u00e9e au registre du commerce et des soci\u00e9t\u00e9s ou au r\u00e9pertoire des m\u00e9tiers ou affili\u00e9e au r\u00e9gime pr\u00e9vu \u00e0 <a href=\"https:\/\/www.legifrance.gouv.fr\/codes\/article_lc\/LEGIARTI000029961589\/2015-10-16#:~:text=Les%20personnes%20b%C3%A9n%C3%A9ficiaires%20d%27un,celui%20dont%20rel%C3%A8ve%20leur%20activit%C3%A9.\" target=\"_blank\" rel=\"noopener\">l&rsquo;article L. 613-7 du Code de la S\u00e9curit\u00e9 sociale<\/a>, le tribunal r\u00e9affirme ensuite l\u2019existence de d\u00e9rogations formul\u00e9es au sein de la loi du 13 juillet 1983 alors en vigueur dont les dispositions sont aujourd\u2019hui reprises dans le Code g\u00e9n\u00e9ral de la fonction publique.<\/p>\n<p>Ainsi, <a href=\"https:\/\/www.legifrance.gouv.fr\/codes\/article_lc\/LEGIARTI000044427801#:~:text=Version%20en%20vigueur%20depuis%20le%2001%20mars%202022,-Cr%C3%A9ation%20Ordonnance%20n&amp;text=L%27agent%20public%20qui%20occupe,titre%2C%20une%20activit%C3%A9%20priv%C3%A9e%20lucrative.\" target=\"_blank\" rel=\"noopener\">l\u2019article L123-8 du CGFP<\/a> pr\u00e9voit-il qu\u2019un agent public qui occupe un emploi \u00e0 temps complet peut, \u00e0 sa demande, \u00eatre autoris\u00e9 par l&rsquo;autorit\u00e9 hi\u00e9rarchique dont il rel\u00e8ve \u00e0 accomplir un service \u00e0 temps partiel pour cr\u00e9er ou reprendre une entreprise et \u00e0 exercer, \u00e0 ce titre, une activit\u00e9 priv\u00e9e lucrative.<\/p>\n<p>C\u2019est sur ce fondement, tel qu\u2019il ressort des pi\u00e8ces du dossier, qu\u2019en r\u00e9ponse \u00e0 la demande d\u2019autorisation de cumul d\u2019activit\u00e9 pour la cr\u00e9ation et la vente de bijoux fantaisie, le recteur d\u2019acad\u00e9mie d\u00e9cide de subordonner la demande de la requ\u00e9rante \u00e0 l\u2019obtention d\u2019une autorisation d\u2019exercer son activit\u00e9 principale \u00e0 temps partiel.<\/p>\n<p>Or, <a href=\"https:\/\/www.legifrance.gouv.fr\/codes\/article_lc\/LEGIARTI000044427803#:~:text=Version%20en%20vigueur%20depuis%20le%2001%20mars%202022,-Cr%C3%A9ation%20Ordonnance%20n&amp;text=L%27agent%20public%20peut%20%C3%AAtre,un%20organisme%20public%20ou%20priv%C3%A9.\" target=\"_blank\" rel=\"noopener\">l\u2019article L123-7 du CGFP<\/a> institue \u00e9galement la possibilit\u00e9 pour un agent occupant un emploi \u00e0 temps complet et travaillant \u00e0 temps plein, de demander l\u2019autorisation d\u2019exercer \u00e0 titre accessoire une activit\u00e9 lucrative ou non, dont la liste est fix\u00e9e par <a href=\"https:\/\/www.legifrance.gouv.fr\/jorf\/id\/JORFTEXT000041506165#:~:text=Notice%20%3A%20le%20d%C3%A9cret%20pr%C3%A9cise%20les,%C3%AAtre%20exerc%C3%A9es%20%C3%A0%20titre%20accessoire.\" target=\"_blank\" rel=\"noopener\">le d\u00e9cret n\u00b0\u00a02020-69 du 30 janvier 2020<\/a> relatif aux contr\u00f4les d\u00e9ontologiques dans la fonction publique. Est notamment \u00e9num\u00e9r\u00e9e la \u00ab\u00a0vente de biens produits personnellement par l&rsquo;agent\u00a0\u00bb, activit\u00e9 dont l\u2019exercice est obligatoirement subordonn\u00e9 d\u2019apr\u00e8s le texte \u00e0 l&rsquo;affiliation au r\u00e9gime mentionn\u00e9 \u00e0 <a href=\"https:\/\/www.legifrance.gouv.fr\/codes\/article_lc\/LEGIARTI000029961589\/2015-10-16#:~:text=Les%20personnes%20b%C3%A9n%C3%A9ficiaires%20d%27un,celui%20dont%20rel%C3%A8ve%20leur%20activit%C3%A9.\" target=\"_blank\" rel=\"noopener\">l&rsquo;article L. 613-7 du Code la S\u00e9curit\u00e9 sociale<\/a>.<\/p>\n<article class=\"obj_encart-formation\">\n<div class=\"ctn_encart\">\n<h3>Votre formation intra sur ce th\u00e8me<\/h3>\n<h2>\u00a0DROITS ET OBLIGATIONS DES FONCTIONNAIRES\u00a0<\/h2>\n<h4>1 jour &#8211; En pr\u00e9sentiel ou \u00e0 distance<\/h4>\n<ul>\n<li><strong>Int\u00e9grer les notions de droits et d\u2019obligations<\/strong> dans l\u2019exercice des missions de service public.<\/li>\n<li><strong>\u00catre en mesure de percevoir les risques<\/strong> inh\u00e9rents aux manquements.<\/li>\n<\/ul>\n<div class=\"ctn_btn\"><a class=\"obj_btn\" href=\"https:\/\/www.gereso.com\/YOBL\" target=\"_blank\" rel=\"noopener\">En savoir plus<\/a> <a class=\"obj_btn\" href=\"https:\/\/www.gereso.com\/client\/programme-pdf\/YOBL.pdf\" target=\"_blank\" rel=\"noopener\">T\u00e9l\u00e9charger le programme PDF<\/a><\/div>\n<\/div>\n<\/article>\n<p>\u00a0<\/p>\n<p>Ainsi, le juge affirme-t-il que si <a href=\"https:\/\/www.legifrance.gouv.fr\/codes\/article_lc\/LEGIARTI000044427819\" target=\"_blank\" rel=\"noopener\">l\u2019article L123-1 CGFP<\/a> interdit par principe de cr\u00e9er toute entreprise donnant lieu \u00e0 une affiliation au r\u00e9gime des travailleurs ind\u00e9pendants, le l\u00e9gislateur a cependant entendu l\u00e0 permettre \u00e0 un fonctionnaire d\u2019exercer certaines activit\u00e9s \u00e0 titre accessoire, sous le r\u00e9gime de la micro-entreprise.<\/p>\n<p>Le tribunal conclut donc qu&rsquo;en subordonnant l\u2019examen de la demande de la fonctionnaire \u00e0 l\u2019obtention pr\u00e9alable d\u2019une autorisation d\u2019exercice \u00e0 temps partiel, alors que le projet de la requ\u00e9rante consistait en la cr\u00e9ation personnelle et la vente de bijoux en qualit\u00e9 de travailleur ind\u00e9pendant \u2013 lequel entre dans le champ des dispositions pr\u00e9cit\u00e9es \u2013 le recteur d\u2019acad\u00e9mie a commis une erreur de droit.<\/p>\n","protected":false},"excerpt":{"rendered":"<p>En l\u2019esp\u00e8ce, un recteur d\u2019acad\u00e9mie avait subordonn\u00e9 la demande d\u2019une professeure d\u2019autorisation de cumul de fonctions et de r\u00e9mun\u00e9rations en qualit\u00e9 d\u2019auto-entrepreneuse \u00e0 l\u2019obtention pr\u00e9alable d\u2019une autorisation d\u2019exercice de son activit\u00e9 principale \u00e0 temps partiel. La fonctionnaire a alors saisi le tribunal administratif d\u2019un recours pour exc\u00e8s de pouvoir contre la d\u00e9cision du recteur. Rappelant [&hellip;]<\/p>\n","protected":false},"author":32,"featured_media":32187,"comment_status":"open","ping_status":"open","sticky":false,"template":"","format":"standard","meta":{"_acf_changed":false,"_mi_skip_tracking":false,"footnotes":""},"categories":[12,6],"tags":[],"class_list":["post-32176","post","type-post","status-publish","format-standard","has-post-thumbnail","hentry","category-actualites","category-fonction-publique"],"acf":[],"yoast_head":"<!-- This site is optimized with the Yoast SEO plugin v23.4 - https:\/\/yoast.com\/wordpress\/plugins\/seo\/ -->\n<title>La possibilit\u00e9 pour un fonctionnaire \u00e0 temps plein d\u2019exercer une activit\u00e9 accessoire sous le r\u00e9gime de la micro-entreprise - Le Blog GERESO<\/title>\n<meta name=\"robots\" content=\"index, follow, max-snippet:-1, max-image-preview:large, max-video-preview:-1\" \/>\n<link rel=\"canonical\" href=\"https:\/\/www.gereso.com\/actualites\/2022\/12\/20\/possibilite-fonctionnaire-temps-plein-exercer-activite-micro-entreprise\/\" \/>\n<meta property=\"og:locale\" content=\"fr_FR\" \/>\n<meta property=\"og:type\" content=\"article\" \/>\n<meta property=\"og:title\" content=\"La possibilit\u00e9 pour un fonctionnaire \u00e0 temps plein d\u2019exercer une activit\u00e9 accessoire sous le r\u00e9gime de la micro-entreprise - Le Blog GERESO\" \/>\n<meta property=\"og:description\" content=\"En l\u2019esp\u00e8ce, un recteur d\u2019acad\u00e9mie avait subordonn\u00e9 la demande d\u2019une professeure d\u2019autorisation de cumul de fonctions et de r\u00e9mun\u00e9rations en qualit\u00e9 d\u2019auto-entrepreneuse \u00e0 l\u2019obtention pr\u00e9alable d\u2019une autorisation d\u2019exercice de son activit\u00e9 principale \u00e0 temps partiel. La fonctionnaire a alors saisi le tribunal administratif d\u2019un recours pour exc\u00e8s de pouvoir contre la d\u00e9cision du recteur. Rappelant [&hellip;]\" \/>\n<meta property=\"og:url\" content=\"https:\/\/www.gereso.com\/actualites\/2022\/12\/20\/possibilite-fonctionnaire-temps-plein-exercer-activite-micro-entreprise\/\" \/>\n<meta property=\"og:site_name\" content=\"Le Blog GERESO\" \/>\n<meta property=\"article:published_time\" content=\"2022-12-20T14:14:00+00:00\" \/>\n<meta property=\"article:modified_time\" content=\"2022-12-21T13:03:01+00:00\" \/>\n<meta property=\"og:image\" content=\"https:\/\/www.gereso.com\/actualites\/wp-content\/uploads\/2022\/12\/Possibilite-fonctionnaire-temps-plein-exercer-activite-mico-entreprise.jpg\" \/>\n\t<meta property=\"og:image:width\" content=\"600\" \/>\n\t<meta property=\"og:image:height\" content=\"400\" \/>\n\t<meta property=\"og:image:type\" content=\"image\/jpeg\" \/>\n<meta name=\"author\" content=\"\u00c9quipe GERESO\" \/>\n<meta name=\"twitter:card\" content=\"summary_large_image\" \/>\n<script type=\"application\/ld+json\" class=\"yoast-schema-graph\">{\"@context\":\"https:\/\/schema.org\",\"@graph\":[{\"@type\":\"WebPage\",\"@id\":\"https:\/\/www.gereso.com\/actualites\/2022\/12\/20\/possibilite-fonctionnaire-temps-plein-exercer-activite-micro-entreprise\/\",\"url\":\"https:\/\/www.gereso.com\/actualites\/2022\/12\/20\/possibilite-fonctionnaire-temps-plein-exercer-activite-micro-entreprise\/\",\"name\":\"La possibilit\u00e9 pour un fonctionnaire \u00e0 temps plein d\u2019exercer une activit\u00e9 accessoire sous le r\u00e9gime de la micro-entreprise - Le Blog GERESO\",\"isPartOf\":{\"@id\":\"https:\/\/www.gereso.com\/actualites\/#website\"},\"primaryImageOfPage\":{\"@id\":\"https:\/\/www.gereso.com\/actualites\/2022\/12\/20\/possibilite-fonctionnaire-temps-plein-exercer-activite-micro-entreprise\/#primaryimage\"},\"image\":{\"@id\":\"https:\/\/www.gereso.com\/actualites\/2022\/12\/20\/possibilite-fonctionnaire-temps-plein-exercer-activite-micro-entreprise\/#primaryimage\"},\"thumbnailUrl\":\"https:\/\/www.gereso.com\/actualites\/wp-content\/uploads\/2022\/12\/Possibilite-fonctionnaire-temps-plein-exercer-activite-mico-entreprise.jpg\",\"datePublished\":\"2022-12-20T14:14:00+00:00\",\"dateModified\":\"2022-12-21T13:03:01+00:00\",\"author\":{\"@id\":\"https:\/\/www.gereso.com\/actualites\/#\/schema\/person\/197d8aef40cb4ae3f6a0aa9e1d3df2a6\"},\"breadcrumb\":{\"@id\":\"https:\/\/www.gereso.com\/actualites\/2022\/12\/20\/possibilite-fonctionnaire-temps-plein-exercer-activite-micro-entreprise\/#breadcrumb\"},\"inLanguage\":\"fr-FR\",\"potentialAction\":[{\"@type\":\"ReadAction\",\"target\":[\"https:\/\/www.gereso.com\/actualites\/2022\/12\/20\/possibilite-fonctionnaire-temps-plein-exercer-activite-micro-entreprise\/\"]}]},{\"@type\":\"ImageObject\",\"inLanguage\":\"fr-FR\",\"@id\":\"https:\/\/www.gereso.com\/actualites\/2022\/12\/20\/possibilite-fonctionnaire-temps-plein-exercer-activite-micro-entreprise\/#primaryimage\",\"url\":\"https:\/\/www.gereso.com\/actualites\/wp-content\/uploads\/2022\/12\/Possibilite-fonctionnaire-temps-plein-exercer-activite-mico-entreprise.jpg\",\"contentUrl\":\"https:\/\/www.gereso.com\/actualites\/wp-content\/uploads\/2022\/12\/Possibilite-fonctionnaire-temps-plein-exercer-activite-mico-entreprise.jpg\",\"width\":600,\"height\":400,\"caption\":\"Un fonctionnaire peut-il cumuler deux activit\u00e9s professionnelles ?\"},{\"@type\":\"BreadcrumbList\",\"@id\":\"https:\/\/www.gereso.com\/actualites\/2022\/12\/20\/possibilite-fonctionnaire-temps-plein-exercer-activite-micro-entreprise\/#breadcrumb\",\"itemListElement\":[{\"@type\":\"ListItem\",\"position\":1,\"name\":\"Home\",\"item\":\"https:\/\/www.gereso.com\/actualites\/\"},{\"@type\":\"ListItem\",\"position\":2,\"name\":\"La possibilit\u00e9 pour un fonctionnaire \u00e0 temps plein d\u2019exercer une activit\u00e9 accessoire sous le r\u00e9gime de la micro-entreprise\"}]},{\"@type\":\"WebSite\",\"@id\":\"https:\/\/www.gereso.com\/actualites\/#website\",\"url\":\"https:\/\/www.gereso.com\/actualites\/\",\"name\":\"Le Blog GERESO\",\"description\":\"Toute l&#039;actu RH, Finance, Fonction Publique, Management...\",\"potentialAction\":[{\"@type\":\"SearchAction\",\"target\":{\"@type\":\"EntryPoint\",\"urlTemplate\":\"https:\/\/www.gereso.com\/actualites\/?s={search_term_string}\"},\"query-input\":{\"@type\":\"PropertyValueSpecification\",\"valueRequired\":true,\"valueName\":\"search_term_string\"}}],\"inLanguage\":\"fr-FR\"},{\"@type\":\"Person\",\"@id\":\"https:\/\/www.gereso.com\/actualites\/#\/schema\/person\/197d8aef40cb4ae3f6a0aa9e1d3df2a6\",\"name\":\"\u00c9quipe GERESO\",\"image\":{\"@type\":\"ImageObject\",\"inLanguage\":\"fr-FR\",\"@id\":\"https:\/\/www.gereso.com\/actualites\/#\/schema\/person\/image\/\",\"url\":\"https:\/\/www.gereso.com\/actualites\/wp-content\/uploads\/2013\/12\/avatar-gereso-1.png\",\"contentUrl\":\"https:\/\/www.gereso.com\/actualites\/wp-content\/uploads\/2013\/12\/avatar-gereso-1.png\",\"caption\":\"\u00c9quipe GERESO\"},\"url\":\"https:\/\/www.gereso.com\/actualites\/author\/gereso\/\"}]}<\/script>\n<!-- \/ Yoast SEO plugin. -->","yoast_head_json":{"title":"La possibilit\u00e9 pour un fonctionnaire \u00e0 temps plein d\u2019exercer une activit\u00e9 accessoire sous le r\u00e9gime de la micro-entreprise - Le Blog GERESO","robots":{"index":"index","follow":"follow","max-snippet":"max-snippet:-1","max-image-preview":"max-image-preview:large","max-video-preview":"max-video-preview:-1"},"canonical":"https:\/\/www.gereso.com\/actualites\/2022\/12\/20\/possibilite-fonctionnaire-temps-plein-exercer-activite-micro-entreprise\/","og_locale":"fr_FR","og_type":"article","og_title":"La possibilit\u00e9 pour un fonctionnaire \u00e0 temps plein d\u2019exercer une activit\u00e9 accessoire sous le r\u00e9gime de la micro-entreprise - Le Blog GERESO","og_description":"En l\u2019esp\u00e8ce, un recteur d\u2019acad\u00e9mie avait subordonn\u00e9 la demande d\u2019une professeure d\u2019autorisation de cumul de fonctions et de r\u00e9mun\u00e9rations en qualit\u00e9 d\u2019auto-entrepreneuse \u00e0 l\u2019obtention pr\u00e9alable d\u2019une autorisation d\u2019exercice de son activit\u00e9 principale \u00e0 temps partiel. La fonctionnaire a alors saisi le tribunal administratif d\u2019un recours pour exc\u00e8s de pouvoir contre la d\u00e9cision du recteur. Rappelant [&hellip;]","og_url":"https:\/\/www.gereso.com\/actualites\/2022\/12\/20\/possibilite-fonctionnaire-temps-plein-exercer-activite-micro-entreprise\/","og_site_name":"Le Blog GERESO","article_published_time":"2022-12-20T14:14:00+00:00","article_modified_time":"2022-12-21T13:03:01+00:00","og_image":[{"width":600,"height":400,"url":"https:\/\/www.gereso.com\/actualites\/wp-content\/uploads\/2022\/12\/Possibilite-fonctionnaire-temps-plein-exercer-activite-mico-entreprise.jpg","type":"image\/jpeg"}],"author":"\u00c9quipe GERESO","twitter_card":"summary_large_image","schema":{"@context":"https:\/\/schema.org","@graph":[{"@type":"WebPage","@id":"https:\/\/www.gereso.com\/actualites\/2022\/12\/20\/possibilite-fonctionnaire-temps-plein-exercer-activite-micro-entreprise\/","url":"https:\/\/www.gereso.com\/actualites\/2022\/12\/20\/possibilite-fonctionnaire-temps-plein-exercer-activite-micro-entreprise\/","name":"La possibilit\u00e9 pour un fonctionnaire \u00e0 temps plein d\u2019exercer une activit\u00e9 accessoire sous le r\u00e9gime de la micro-entreprise - Le Blog GERESO","isPartOf":{"@id":"https:\/\/www.gereso.com\/actualites\/#website"},"primaryImageOfPage":{"@id":"https:\/\/www.gereso.com\/actualites\/2022\/12\/20\/possibilite-fonctionnaire-temps-plein-exercer-activite-micro-entreprise\/#primaryimage"},"image":{"@id":"https:\/\/www.gereso.com\/actualites\/2022\/12\/20\/possibilite-fonctionnaire-temps-plein-exercer-activite-micro-entreprise\/#primaryimage"},"thumbnailUrl":"https:\/\/www.gereso.com\/actualites\/wp-content\/uploads\/2022\/12\/Possibilite-fonctionnaire-temps-plein-exercer-activite-mico-entreprise.jpg","datePublished":"2022-12-20T14:14:00+00:00","dateModified":"2022-12-21T13:03:01+00:00","author":{"@id":"https:\/\/www.gereso.com\/actualites\/#\/schema\/person\/197d8aef40cb4ae3f6a0aa9e1d3df2a6"},"breadcrumb":{"@id":"https:\/\/www.gereso.com\/actualites\/2022\/12\/20\/possibilite-fonctionnaire-temps-plein-exercer-activite-micro-entreprise\/#breadcrumb"},"inLanguage":"fr-FR","potentialAction":[{"@type":"ReadAction","target":["https:\/\/www.gereso.com\/actualites\/2022\/12\/20\/possibilite-fonctionnaire-temps-plein-exercer-activite-micro-entreprise\/"]}]},{"@type":"ImageObject","inLanguage":"fr-FR","@id":"https:\/\/www.gereso.com\/actualites\/2022\/12\/20\/possibilite-fonctionnaire-temps-plein-exercer-activite-micro-entreprise\/#primaryimage","url":"https:\/\/www.gereso.com\/actualites\/wp-content\/uploads\/2022\/12\/Possibilite-fonctionnaire-temps-plein-exercer-activite-mico-entreprise.jpg","contentUrl":"https:\/\/www.gereso.com\/actualites\/wp-content\/uploads\/2022\/12\/Possibilite-fonctionnaire-temps-plein-exercer-activite-mico-entreprise.jpg","width":600,"height":400,"caption":"Un fonctionnaire peut-il cumuler deux activit\u00e9s professionnelles ?"},{"@type":"BreadcrumbList","@id":"https:\/\/www.gereso.com\/actualites\/2022\/12\/20\/possibilite-fonctionnaire-temps-plein-exercer-activite-micro-entreprise\/#breadcrumb","itemListElement":[{"@type":"ListItem","position":1,"name":"Home","item":"https:\/\/www.gereso.com\/actualites\/"},{"@type":"ListItem","position":2,"name":"La possibilit\u00e9 pour un fonctionnaire \u00e0 temps plein d\u2019exercer une activit\u00e9 accessoire sous le r\u00e9gime de la micro-entreprise"}]},{"@type":"WebSite","@id":"https:\/\/www.gereso.com\/actualites\/#website","url":"https:\/\/www.gereso.com\/actualites\/","name":"Le Blog GERESO","description":"Toute l&#039;actu RH, Finance, Fonction Publique, Management...","potentialAction":[{"@type":"SearchAction","target":{"@type":"EntryPoint","urlTemplate":"https:\/\/www.gereso.com\/actualites\/?s={search_term_string}"},"query-input":{"@type":"PropertyValueSpecification","valueRequired":true,"valueName":"search_term_string"}}],"inLanguage":"fr-FR"},{"@type":"Person","@id":"https:\/\/www.gereso.com\/actualites\/#\/schema\/person\/197d8aef40cb4ae3f6a0aa9e1d3df2a6","name":"\u00c9quipe GERESO","image":{"@type":"ImageObject","inLanguage":"fr-FR","@id":"https:\/\/www.gereso.com\/actualites\/#\/schema\/person\/image\/","url":"https:\/\/www.gereso.com\/actualites\/wp-content\/uploads\/2013\/12\/avatar-gereso-1.png","contentUrl":"https:\/\/www.gereso.com\/actualites\/wp-content\/uploads\/2013\/12\/avatar-gereso-1.png","caption":"\u00c9quipe GERESO"},"url":"https:\/\/www.gereso.com\/actualites\/author\/gereso\/"}]}},"_links":{"self":[{"href":"https:\/\/www.gereso.com\/actualites\/wp-json\/wp\/v2\/posts\/32176","targetHints":{"allow":["GET"]}}],"collection":[{"href":"https:\/\/www.gereso.com\/actualites\/wp-json\/wp\/v2\/posts"}],"about":[{"href":"https:\/\/www.gereso.com\/actualites\/wp-json\/wp\/v2\/types\/post"}],"author":[{"embeddable":true,"href":"https:\/\/www.gereso.com\/actualites\/wp-json\/wp\/v2\/users\/32"}],"replies":[{"embeddable":true,"href":"https:\/\/www.gereso.com\/actualites\/wp-json\/wp\/v2\/comments?post=32176"}],"version-history":[{"count":25,"href":"https:\/\/www.gereso.com\/actualites\/wp-json\/wp\/v2\/posts\/32176\/revisions"}],"predecessor-version":[{"id":32225,"href":"https:\/\/www.gereso.com\/actualites\/wp-json\/wp\/v2\/posts\/32176\/revisions\/32225"}],"wp:featuredmedia":[{"embeddable":true,"href":"https:\/\/www.gereso.com\/actualites\/wp-json\/wp\/v2\/media\/32187"}],"wp:attachment":[{"href":"https:\/\/www.gereso.com\/actualites\/wp-json\/wp\/v2\/media?parent=32176"}],"wp:term":[{"taxonomy":"category","embeddable":true,"href":"https:\/\/www.gereso.com\/actualites\/wp-json\/wp\/v2\/categories?post=32176"},{"taxonomy":"post_tag","embeddable":true,"href":"https:\/\/www.gereso.com\/actualites\/wp-json\/wp\/v2\/tags?post=32176"}],"curies":[{"name":"wp","href":"https:\/\/api.w.org\/{rel}","templated":true}]}}