{"id":3237,"date":"2014-06-05T13:48:39","date_gmt":"2014-06-05T11:48:39","guid":{"rendered":"https:\/\/www.gereso.com\/actualites\/?p=3237"},"modified":"2014-06-05T13:48:39","modified_gmt":"2014-06-05T11:48:39","slug":"vers-un-renforcement-des-pouvoirs-de-linspection-du-travail","status":"publish","type":"post","link":"https:\/\/www.gereso.com\/actualites\/2014\/06\/05\/vers-un-renforcement-des-pouvoirs-de-linspection-du-travail\/","title":{"rendered":"Vers un renforcement des pouvoirs de l\u2019inspection du travail"},"content":{"rendered":"<p><em><span style=\"font-size: 14pt;\">Supprim\u00e9e au cours de l\u2019examen parlementaire de la loi sur la formation professionnelle, la <strong>r\u00e9forme des pouvoirs de l\u2019inspection du travail<\/strong> a fait l\u2019objet d\u2019une proposition de loi d\u00e9pos\u00e9e le 27\u00a0mars par les d\u00e9put\u00e9s socialistes.<\/span> <\/em><\/p>\n<p>&nbsp;<\/p>\n<p>Il est ainsi pr\u00e9vu\u00a0:<\/p>\n<ul>\n<li>d\u2019inscrire dans le Code du travail le <strong>principe d\u2019ind\u00e9pendance<\/strong> des agents de contr\u00f4le\u00a0;<\/li>\n<li>d\u2019\u00e9largir <strong>l\u2019acc\u00e8s \u00e0 tous les documents<\/strong> n\u00e9cessaires \u00e0 sa mission\u00a0;<\/li>\n<li>d\u2019\u00e9largir \u00e0 tous les secteurs professionnels, et non plus seulement au BTP le dispositif d\u2019arr\u00eat des travaux en cas de <strong>danger grave et imminent<\/strong><\/li>\n<li>d\u2019ouvrir le <strong>dispositif d\u2019arr\u00eat temporaire<\/strong> des travaux en cas d\u2019exposition dangereuse des travailleurs \u00e0 des agents chimiques canc\u00e9rog\u00e8nes, mutag\u00e8nes ou toxiques pour la reproduction (CMR) sans que cela ne soit subordonn\u00e9 au d\u00e9passement d\u2019une valeur limite d\u2019exposition\u00a0;<\/li>\n<li>de leur donner la possibilit\u00e9 de <strong>faire analyser certaines substances<\/strong>\u00a0;<\/li>\n<li>d\u2019assortir le <strong>non-respect des mises en demeure<\/strong> dress\u00e9es par le directeur d\u00e9partemental de l\u2019emploi de sanctions p\u00e9nales\u00a0;<\/li>\n<li>de cr\u00e9er des <strong>amendes administratives<\/strong> limit\u00e9es \u00e0 2 000\u20ac en cas de manquements aux dispositions du Code du travail relatives aux dur\u00e9es maximales du travail, aux repos, au d\u00e9compte de la dur\u00e9e du travail des salari\u00e9s ne travaillant pas selon le m\u00eame horaire collectif, au smic et au salaire minimum conventionnel et aux conditions d\u2019hygi\u00e8ne, de restauration et d\u2019h\u00e9bergement sur les lieux de travail et les chantiers;<\/li>\n<li>d\u2019am\u00e9liorer le traitement judiciaire de certaines infractions au Code du travail en mettant en place la possibilit\u00e9 pour le directeur du travail de recourir \u00e0 la <strong>transaction p\u00e9nale<\/strong> qui devrait \u00eatre accept\u00e9e par l\u2019auteur des faits et homologu\u00e9e par le procureur de la R\u00e9publique.<\/li>\n<\/ul>\n","protected":false},"excerpt":{"rendered":"<p>Supprim\u00e9e au cours de l\u2019examen parlementaire de la loi sur la formation professionnelle, la r\u00e9forme des pouvoirs de l\u2019inspection du travail a fait l\u2019objet d\u2019une proposition de loi d\u00e9pos\u00e9e le 27\u00a0mars par les d\u00e9put\u00e9s socialistes. &nbsp; Il est ainsi pr\u00e9vu\u00a0: d\u2019inscrire dans le Code du travail le principe d\u2019ind\u00e9pendance des agents de contr\u00f4le\u00a0; d\u2019\u00e9largir l\u2019acc\u00e8s [&hellip;]<\/p>\n","protected":false},"author":12,"featured_media":755,"comment_status":"open","ping_status":"open","sticky":false,"template":"","format":"standard","meta":{"_acf_changed":false,"_mi_skip_tracking":false,"footnotes":""},"categories":[12,5],"tags":[151],"class_list":["post-3237","post","type-post","status-publish","format-standard","has-post-thumbnail","hentry","category-actualites","category-droit-du-travail","tag-inscpecteur-du-travail"],"acf":[],"yoast_head":"<!-- This site is optimized with the Yoast SEO plugin v23.4 - https:\/\/yoast.com\/wordpress\/plugins\/seo\/ -->\n<title>Vers un renforcement des pouvoirs de l\u2019inspection du travail - Le Blog GERESO<\/title>\n<meta name=\"robots\" content=\"index, follow, max-snippet:-1, max-image-preview:large, max-video-preview:-1\" \/>\n<link rel=\"canonical\" href=\"https:\/\/www.gereso.com\/actualites\/2014\/06\/05\/vers-un-renforcement-des-pouvoirs-de-linspection-du-travail\/\" \/>\n<meta property=\"og:locale\" content=\"fr_FR\" \/>\n<meta property=\"og:type\" content=\"article\" \/>\n<meta property=\"og:title\" content=\"Vers un renforcement des pouvoirs de l\u2019inspection du travail - Le Blog GERESO\" \/>\n<meta property=\"og:description\" content=\"Supprim\u00e9e au cours de l\u2019examen parlementaire de la loi sur la formation professionnelle, la r\u00e9forme des pouvoirs de l\u2019inspection du travail a fait l\u2019objet d\u2019une proposition de loi d\u00e9pos\u00e9e le 27\u00a0mars par les d\u00e9put\u00e9s socialistes. &nbsp; Il est ainsi pr\u00e9vu\u00a0: d\u2019inscrire dans le Code du travail le principe d\u2019ind\u00e9pendance des agents de contr\u00f4le\u00a0; d\u2019\u00e9largir l\u2019acc\u00e8s [&hellip;]\" \/>\n<meta property=\"og:url\" content=\"https:\/\/www.gereso.com\/actualites\/2014\/06\/05\/vers-un-renforcement-des-pouvoirs-de-linspection-du-travail\/\" \/>\n<meta property=\"og:site_name\" content=\"Le Blog GERESO\" \/>\n<meta property=\"article:published_time\" content=\"2014-06-05T11:48:39+00:00\" \/>\n<meta property=\"og:image\" content=\"https:\/\/www.gereso.com\/actualites\/wp-content\/uploads\/2012\/10\/imputabilite-au-service-1.png\" \/>\n\t<meta property=\"og:image:width\" content=\"534\" \/>\n\t<meta property=\"og:image:height\" content=\"333\" \/>\n\t<meta property=\"og:image:type\" content=\"image\/png\" \/>\n<meta name=\"author\" content=\"Anne-Lise Douat\" \/>\n<meta name=\"twitter:card\" content=\"summary_large_image\" \/>\n<script type=\"application\/ld+json\" class=\"yoast-schema-graph\">{\"@context\":\"https:\/\/schema.org\",\"@graph\":[{\"@type\":\"WebPage\",\"@id\":\"https:\/\/www.gereso.com\/actualites\/2014\/06\/05\/vers-un-renforcement-des-pouvoirs-de-linspection-du-travail\/\",\"url\":\"https:\/\/www.gereso.com\/actualites\/2014\/06\/05\/vers-un-renforcement-des-pouvoirs-de-linspection-du-travail\/\",\"name\":\"Vers un renforcement des pouvoirs de l\u2019inspection du travail - Le Blog GERESO\",\"isPartOf\":{\"@id\":\"https:\/\/www.gereso.com\/actualites\/#website\"},\"primaryImageOfPage\":{\"@id\":\"https:\/\/www.gereso.com\/actualites\/2014\/06\/05\/vers-un-renforcement-des-pouvoirs-de-linspection-du-travail\/#primaryimage\"},\"image\":{\"@id\":\"https:\/\/www.gereso.com\/actualites\/2014\/06\/05\/vers-un-renforcement-des-pouvoirs-de-linspection-du-travail\/#primaryimage\"},\"thumbnailUrl\":\"https:\/\/www.gereso.com\/actualites\/wp-content\/uploads\/2012\/10\/imputabilite-au-service-1.png\",\"datePublished\":\"2014-06-05T11:48:39+00:00\",\"dateModified\":\"2014-06-05T11:48:39+00:00\",\"author\":{\"@id\":\"https:\/\/www.gereso.com\/actualites\/#\/schema\/person\/f9b9cd95b838e92d2022ffafbaa46491\"},\"breadcrumb\":{\"@id\":\"https:\/\/www.gereso.com\/actualites\/2014\/06\/05\/vers-un-renforcement-des-pouvoirs-de-linspection-du-travail\/#breadcrumb\"},\"inLanguage\":\"fr-FR\",\"potentialAction\":[{\"@type\":\"ReadAction\",\"target\":[\"https:\/\/www.gereso.com\/actualites\/2014\/06\/05\/vers-un-renforcement-des-pouvoirs-de-linspection-du-travail\/\"]}]},{\"@type\":\"ImageObject\",\"inLanguage\":\"fr-FR\",\"@id\":\"https:\/\/www.gereso.com\/actualites\/2014\/06\/05\/vers-un-renforcement-des-pouvoirs-de-linspection-du-travail\/#primaryimage\",\"url\":\"https:\/\/www.gereso.com\/actualites\/wp-content\/uploads\/2012\/10\/imputabilite-au-service-1.png\",\"contentUrl\":\"https:\/\/www.gereso.com\/actualites\/wp-content\/uploads\/2012\/10\/imputabilite-au-service-1.png\",\"width\":534,\"height\":333,\"caption\":\"imputabilite au service\"},{\"@type\":\"BreadcrumbList\",\"@id\":\"https:\/\/www.gereso.com\/actualites\/2014\/06\/05\/vers-un-renforcement-des-pouvoirs-de-linspection-du-travail\/#breadcrumb\",\"itemListElement\":[{\"@type\":\"ListItem\",\"position\":1,\"name\":\"Home\",\"item\":\"https:\/\/www.gereso.com\/actualites\/\"},{\"@type\":\"ListItem\",\"position\":2,\"name\":\"Vers un renforcement des pouvoirs de l\u2019inspection du travail\"}]},{\"@type\":\"WebSite\",\"@id\":\"https:\/\/www.gereso.com\/actualites\/#website\",\"url\":\"https:\/\/www.gereso.com\/actualites\/\",\"name\":\"Le Blog GERESO\",\"description\":\"Toute l&#039;actu RH, Finance, Fonction Publique, Management...\",\"potentialAction\":[{\"@type\":\"SearchAction\",\"target\":{\"@type\":\"EntryPoint\",\"urlTemplate\":\"https:\/\/www.gereso.com\/actualites\/?s={search_term_string}\"},\"query-input\":{\"@type\":\"PropertyValueSpecification\",\"valueRequired\":true,\"valueName\":\"search_term_string\"}}],\"inLanguage\":\"fr-FR\"},{\"@type\":\"Person\",\"@id\":\"https:\/\/www.gereso.com\/actualites\/#\/schema\/person\/f9b9cd95b838e92d2022ffafbaa46491\",\"name\":\"Anne-Lise Douat\",\"image\":{\"@type\":\"ImageObject\",\"inLanguage\":\"fr-FR\",\"@id\":\"https:\/\/www.gereso.com\/actualites\/#\/schema\/person\/image\/\",\"url\":\"https:\/\/www.gereso.com\/actualites\/wp-content\/uploads\/2012\/03\/anne-lise-douat-1-144x144.png\",\"contentUrl\":\"https:\/\/www.gereso.com\/actualites\/wp-content\/uploads\/2012\/03\/anne-lise-douat-1-144x144.png\",\"caption\":\"Anne-Lise Douat\"},\"description\":\"Consultante en droit social et mobilit\u00e9 internationale pour GERESO. Elle intervient au cours de formations inter et intra-entreprises sur les th\u00e8mes de la gestion des salari\u00e9s expatri\u00e9s, impatri\u00e9s et de la r\u00e9glementation du travail en France et \u00e0 l'international. Elle est \u00e9galement l'auteur de l'ouvrage \u00ab\u00a0La Protection Sociale en Europe\u00a0\u00bb, et collabore \u00e0 l'actualisation r\u00e9guli\u00e8re du best-seller \u00ab La Mobilit\u00e9 Internationale\u00a0\u00bb\",\"url\":\"https:\/\/www.gereso.com\/actualites\/author\/a-douat\/\"}]}<\/script>\n<!-- \/ Yoast SEO plugin. -->","yoast_head_json":{"title":"Vers un renforcement des pouvoirs de l\u2019inspection du travail - Le Blog GERESO","robots":{"index":"index","follow":"follow","max-snippet":"max-snippet:-1","max-image-preview":"max-image-preview:large","max-video-preview":"max-video-preview:-1"},"canonical":"https:\/\/www.gereso.com\/actualites\/2014\/06\/05\/vers-un-renforcement-des-pouvoirs-de-linspection-du-travail\/","og_locale":"fr_FR","og_type":"article","og_title":"Vers un renforcement des pouvoirs de l\u2019inspection du travail - Le Blog GERESO","og_description":"Supprim\u00e9e au cours de l\u2019examen parlementaire de la loi sur la formation professionnelle, la r\u00e9forme des pouvoirs de l\u2019inspection du travail a fait l\u2019objet d\u2019une proposition de loi d\u00e9pos\u00e9e le 27\u00a0mars par les d\u00e9put\u00e9s socialistes. &nbsp; Il est ainsi pr\u00e9vu\u00a0: d\u2019inscrire dans le Code du travail le principe d\u2019ind\u00e9pendance des agents de contr\u00f4le\u00a0; d\u2019\u00e9largir l\u2019acc\u00e8s [&hellip;]","og_url":"https:\/\/www.gereso.com\/actualites\/2014\/06\/05\/vers-un-renforcement-des-pouvoirs-de-linspection-du-travail\/","og_site_name":"Le Blog GERESO","article_published_time":"2014-06-05T11:48:39+00:00","og_image":[{"width":534,"height":333,"url":"https:\/\/www.gereso.com\/actualites\/wp-content\/uploads\/2012\/10\/imputabilite-au-service-1.png","type":"image\/png"}],"author":"Anne-Lise Douat","twitter_card":"summary_large_image","schema":{"@context":"https:\/\/schema.org","@graph":[{"@type":"WebPage","@id":"https:\/\/www.gereso.com\/actualites\/2014\/06\/05\/vers-un-renforcement-des-pouvoirs-de-linspection-du-travail\/","url":"https:\/\/www.gereso.com\/actualites\/2014\/06\/05\/vers-un-renforcement-des-pouvoirs-de-linspection-du-travail\/","name":"Vers un renforcement des pouvoirs de l\u2019inspection du travail - Le Blog GERESO","isPartOf":{"@id":"https:\/\/www.gereso.com\/actualites\/#website"},"primaryImageOfPage":{"@id":"https:\/\/www.gereso.com\/actualites\/2014\/06\/05\/vers-un-renforcement-des-pouvoirs-de-linspection-du-travail\/#primaryimage"},"image":{"@id":"https:\/\/www.gereso.com\/actualites\/2014\/06\/05\/vers-un-renforcement-des-pouvoirs-de-linspection-du-travail\/#primaryimage"},"thumbnailUrl":"https:\/\/www.gereso.com\/actualites\/wp-content\/uploads\/2012\/10\/imputabilite-au-service-1.png","datePublished":"2014-06-05T11:48:39+00:00","dateModified":"2014-06-05T11:48:39+00:00","author":{"@id":"https:\/\/www.gereso.com\/actualites\/#\/schema\/person\/f9b9cd95b838e92d2022ffafbaa46491"},"breadcrumb":{"@id":"https:\/\/www.gereso.com\/actualites\/2014\/06\/05\/vers-un-renforcement-des-pouvoirs-de-linspection-du-travail\/#breadcrumb"},"inLanguage":"fr-FR","potentialAction":[{"@type":"ReadAction","target":["https:\/\/www.gereso.com\/actualites\/2014\/06\/05\/vers-un-renforcement-des-pouvoirs-de-linspection-du-travail\/"]}]},{"@type":"ImageObject","inLanguage":"fr-FR","@id":"https:\/\/www.gereso.com\/actualites\/2014\/06\/05\/vers-un-renforcement-des-pouvoirs-de-linspection-du-travail\/#primaryimage","url":"https:\/\/www.gereso.com\/actualites\/wp-content\/uploads\/2012\/10\/imputabilite-au-service-1.png","contentUrl":"https:\/\/www.gereso.com\/actualites\/wp-content\/uploads\/2012\/10\/imputabilite-au-service-1.png","width":534,"height":333,"caption":"imputabilite au service"},{"@type":"BreadcrumbList","@id":"https:\/\/www.gereso.com\/actualites\/2014\/06\/05\/vers-un-renforcement-des-pouvoirs-de-linspection-du-travail\/#breadcrumb","itemListElement":[{"@type":"ListItem","position":1,"name":"Home","item":"https:\/\/www.gereso.com\/actualites\/"},{"@type":"ListItem","position":2,"name":"Vers un renforcement des pouvoirs de l\u2019inspection du travail"}]},{"@type":"WebSite","@id":"https:\/\/www.gereso.com\/actualites\/#website","url":"https:\/\/www.gereso.com\/actualites\/","name":"Le Blog GERESO","description":"Toute l&#039;actu RH, Finance, Fonction Publique, Management...","potentialAction":[{"@type":"SearchAction","target":{"@type":"EntryPoint","urlTemplate":"https:\/\/www.gereso.com\/actualites\/?s={search_term_string}"},"query-input":{"@type":"PropertyValueSpecification","valueRequired":true,"valueName":"search_term_string"}}],"inLanguage":"fr-FR"},{"@type":"Person","@id":"https:\/\/www.gereso.com\/actualites\/#\/schema\/person\/f9b9cd95b838e92d2022ffafbaa46491","name":"Anne-Lise Douat","image":{"@type":"ImageObject","inLanguage":"fr-FR","@id":"https:\/\/www.gereso.com\/actualites\/#\/schema\/person\/image\/","url":"https:\/\/www.gereso.com\/actualites\/wp-content\/uploads\/2012\/03\/anne-lise-douat-1-144x144.png","contentUrl":"https:\/\/www.gereso.com\/actualites\/wp-content\/uploads\/2012\/03\/anne-lise-douat-1-144x144.png","caption":"Anne-Lise Douat"},"description":"Consultante en droit social et mobilit\u00e9 internationale pour GERESO. Elle intervient au cours de formations inter et intra-entreprises sur les th\u00e8mes de la gestion des salari\u00e9s expatri\u00e9s, impatri\u00e9s et de la r\u00e9glementation du travail en France et \u00e0 l'international. Elle est \u00e9galement l'auteur de l'ouvrage \u00ab\u00a0La Protection Sociale en Europe\u00a0\u00bb, et collabore \u00e0 l'actualisation r\u00e9guli\u00e8re du best-seller \u00ab La Mobilit\u00e9 Internationale\u00a0\u00bb","url":"https:\/\/www.gereso.com\/actualites\/author\/a-douat\/"}]}},"_links":{"self":[{"href":"https:\/\/www.gereso.com\/actualites\/wp-json\/wp\/v2\/posts\/3237","targetHints":{"allow":["GET"]}}],"collection":[{"href":"https:\/\/www.gereso.com\/actualites\/wp-json\/wp\/v2\/posts"}],"about":[{"href":"https:\/\/www.gereso.com\/actualites\/wp-json\/wp\/v2\/types\/post"}],"author":[{"embeddable":true,"href":"https:\/\/www.gereso.com\/actualites\/wp-json\/wp\/v2\/users\/12"}],"replies":[{"embeddable":true,"href":"https:\/\/www.gereso.com\/actualites\/wp-json\/wp\/v2\/comments?post=3237"}],"version-history":[{"count":0,"href":"https:\/\/www.gereso.com\/actualites\/wp-json\/wp\/v2\/posts\/3237\/revisions"}],"wp:featuredmedia":[{"embeddable":true,"href":"https:\/\/www.gereso.com\/actualites\/wp-json\/wp\/v2\/media\/755"}],"wp:attachment":[{"href":"https:\/\/www.gereso.com\/actualites\/wp-json\/wp\/v2\/media?parent=3237"}],"wp:term":[{"taxonomy":"category","embeddable":true,"href":"https:\/\/www.gereso.com\/actualites\/wp-json\/wp\/v2\/categories?post=3237"},{"taxonomy":"post_tag","embeddable":true,"href":"https:\/\/www.gereso.com\/actualites\/wp-json\/wp\/v2\/tags?post=3237"}],"curies":[{"name":"wp","href":"https:\/\/api.w.org\/{rel}","templated":true}]}}