{"id":32522,"date":"2023-01-05T15:40:04","date_gmt":"2023-01-05T13:40:04","guid":{"rendered":"https:\/\/www.gereso.com\/actualites\/?p=32522"},"modified":"2023-01-10T18:05:29","modified_gmt":"2023-01-10T16:05:29","slug":"enquete-professionnels-rh-comment-allez-vous-resultats-2023","status":"publish","type":"post","link":"https:\/\/www.gereso.com\/actualites\/2023\/01\/05\/enquete-professionnels-rh-comment-allez-vous-resultats-2023\/","title":{"rendered":"Enqu\u00eate \u00ab&nbsp;Professionnels RH : comment allez-vous&nbsp;?&nbsp;\u00bb&nbsp;: les r\u00e9sultats 2023"},"content":{"rendered":"\n<p>Nous vous proposons de d\u00e9couvrir les<strong> r\u00e9sultats d\u00e9taill\u00e9s de cette enqu\u00eate <\/strong>ci-dessous.<\/p>\n<p>\u00a0<\/p>\n\n\n\n<center>\n<iframe src=\"https:\/\/www.slideshare.net\/slideshow\/embed_code\/key\/wsdLaw04E5I1OB?hostedIn=slideshare&amp;page=upload\" marginwidth=\"0\" marginheight=\"0\" scrolling=\"no\" style=\"border:1px solid #CCC; border-width:1px; margin-bottom:5px; max-width: 150%;\" allowfullscreen=\"\" width=\"595\" height=\"485\" frameborder=\"0\"> <\/iframe><\/center>\n\n\n\n<h3 style=\"text-align:center\"><a href=\"https:\/\/www.gereso.com\/la-lettre\/2023\/PDF\/enquete-RH-2023-GERESO.pdf\" target=\"_blank\" rel=\"noopener noreferrer\"><strong>&gt; T\u00e9l\u00e9chargez les r\u00e9sultats de l\u2019enqu\u00eate 2023<br>\u00ab&nbsp;Professionnels RH, comment allez-vous&nbsp;?&nbsp;\u00bb<\/strong><\/a><\/h3>\n\n\n\n<h2 style=\"color:#D10016\"><strong>Pas de r\u00e9pit pour les professionnels RH !<\/strong><\/h2>\n\n\n\n<p>Si 2021 avait marqu\u00e9 le <strong>retour d\u2019un optimisme prudent <\/strong>suite \u00e0 une ann\u00e9e \u201cCovid\u201d particuli\u00e8rement \u00e9prouvante pour les professionnels RH, 2022 appara\u00eet de nouveau comme une ann\u00e9e <strong>v\u00e9cue sous tension pour les professionnels RH.<\/strong><\/p>\n\n\n\n<p>Avec une \u2018\u2018note de moral\u2019\u2019 \u00e0 <strong>5,7\/10 <\/strong>contre 5,8 l\u2019an dernier et 5,4 en 2020, les professionnels RH se r\u00e9v\u00e8lent finalement <strong>assez peu enthousiastes.<\/strong><\/p>\n\n\n\n<p>Il faut dire que leur <strong>charge de travail,<\/strong> en constante augmentation depuis 2020, est un sujet qui devient vraiment pr\u00e9occupant ! Depuis 3 ans en effet, les <strong>DRH sont sur tous les fronts<\/strong> : mise en place de l\u2019activit\u00e9 partielle, du t\u00e9l\u00e9travail, relations sociales, et plus r\u00e9cemment recrutements, r\u00e9mun\u00e9rations, assurance ch\u00f4mage, retraite&#8230; <\/p>\n\n\n\n<p>Les professionnels RH s\u2019occupent des autres. \u201c<strong><em>Mais qui s\u2019occupe d\u2019eux ?<\/em><\/strong>\u201d serait-on tent\u00e9 de s\u2019interroger ! <\/p>\n\n\n\n<p>Une question d\u2019autant plus l\u00e9gitime que les r\u00e9pondants \u00e0 notre enqu\u00eate pr\u00e9cisent que leurs soutiens internes (Direction, salari\u00e9s, institutions, \u00e9lus du personnel) ont sembl\u00e9 <strong>moins pr\u00e9sents en 2022<\/strong>.<\/p>\n\n\n\n<p>Un point notable en 2022 pour les professionnels RH est le retour \u00e0 leurs <strong>pr\u00e9rogatives RH \u2018\u2018<em>c\u0153ur de m\u00e9tier<\/em>\u2019\u2019 et \u00e0 leur r\u00f4le de \u201c<em>RH Business partner<\/em>\u201d<\/strong>, en particulier sur les volets \u201crecrutement\u201d, gestion des comp\u00e9tences et r\u00e9mun\u00e9ration.<\/p>\n\n\n\n<p>Les sujets de <strong>marketing RH<\/strong> et de RSE semblent quant \u00e0 eux un peu d\u00e9laiss\u00e9s. <\/p>\n\n\n\n<p>Pour ce qui est de leurs perspectives 2023, <strong>les professionnels RH restent prudents<\/strong> puisqu\u2019ils placent l\u2019ann\u00e9e qui d\u00e9bute sous le signe de \u2018\u2018l\u2019incertitude\u2019\u2019, et pensent en majorit\u00e9 que <strong>leur charge de travail restera tr\u00e8s importante<\/strong> dans les mois \u00e0 venir.<\/p>\n\n\n\n<p>Au final, <strong>une ann\u00e9e 2022 mitig\u00e9e, v\u00e9cue comme \u00e9prouvante<\/strong>, et une ann\u00e9e 2023 qui s\u2019annonce comme<strong> laborieuse et incertaine\u2026<\/strong><\/p>\n\n\n\n<p>Ce qui est certain, c\u2019est que les professionnels RH resteront <strong>au c\u0153ur de la relation entre employeurs et salari\u00e9s<\/strong>, et seront <strong>de nouveau en premi\u00e8re ligne<\/strong> pour accompagner les mutations des entreprises en 2023, comme ils ont <strong>si bien su le faire pendant ces deux ann\u00e9es \u2018\u2018Covid\u2019\u2019<\/strong> \u00e9prouvantes pour chacun de nous.<\/p>\n","protected":false},"excerpt":{"rendered":"<p>Nous vous proposons de d\u00e9couvrir les r\u00e9sultats d\u00e9taill\u00e9s de cette enqu\u00eate ci-dessous. \u00a0 &gt; T\u00e9l\u00e9chargez les r\u00e9sultats de l\u2019enqu\u00eate 2023\u00ab&nbsp;Professionnels RH, comment allez-vous&nbsp;?&nbsp;\u00bb Pas de r\u00e9pit pour les professionnels RH ! Si 2021 avait marqu\u00e9 le retour d\u2019un optimisme prudent suite \u00e0 une ann\u00e9e \u201cCovid\u201d particuli\u00e8rement \u00e9prouvante pour les professionnels RH, 2022 appara\u00eet de nouveau [&hellip;]<\/p>\n","protected":false},"author":1,"featured_media":0,"comment_status":"open","ping_status":"open","sticky":false,"template":"","format":"standard","meta":{"_acf_changed":false,"_mi_skip_tracking":false,"footnotes":""},"categories":[12,2],"tags":[],"class_list":["post-32522","post","type-post","status-publish","format-standard","hentry","category-actualites","category-ressources-humaines"],"acf":[],"yoast_head":"<!-- This site is optimized with the Yoast SEO plugin v23.4 - https:\/\/yoast.com\/wordpress\/plugins\/seo\/ -->\n<title>Enqu\u00eate \u00ab&nbsp;Professionnels RH : comment allez-vous&nbsp;?&nbsp;\u00bb&nbsp;: les r\u00e9sultats 2023 - Le Blog GERESO<\/title>\n<meta name=\"robots\" content=\"index, follow, max-snippet:-1, max-image-preview:large, max-video-preview:-1\" \/>\n<link rel=\"canonical\" href=\"https:\/\/www.gereso.com\/actualites\/2023\/01\/05\/enquete-professionnels-rh-comment-allez-vous-resultats-2023\/\" \/>\n<meta property=\"og:locale\" content=\"fr_FR\" \/>\n<meta property=\"og:type\" content=\"article\" \/>\n<meta property=\"og:title\" content=\"Enqu\u00eate \u00ab&nbsp;Professionnels RH : comment allez-vous&nbsp;?&nbsp;\u00bb&nbsp;: les r\u00e9sultats 2023 - Le Blog GERESO\" \/>\n<meta property=\"og:description\" content=\"Nous vous proposons de d\u00e9couvrir les r\u00e9sultats d\u00e9taill\u00e9s de cette enqu\u00eate ci-dessous. \u00a0 &gt; T\u00e9l\u00e9chargez les r\u00e9sultats de l\u2019enqu\u00eate 2023\u00ab&nbsp;Professionnels RH, comment allez-vous&nbsp;?&nbsp;\u00bb Pas de r\u00e9pit pour les professionnels RH ! Si 2021 avait marqu\u00e9 le retour d\u2019un optimisme prudent suite \u00e0 une ann\u00e9e \u201cCovid\u201d particuli\u00e8rement \u00e9prouvante pour les professionnels RH, 2022 appara\u00eet de nouveau [&hellip;]\" \/>\n<meta property=\"og:url\" content=\"https:\/\/www.gereso.com\/actualites\/2023\/01\/05\/enquete-professionnels-rh-comment-allez-vous-resultats-2023\/\" \/>\n<meta property=\"og:site_name\" content=\"Le Blog GERESO\" \/>\n<meta property=\"article:published_time\" content=\"2023-01-05T13:40:04+00:00\" \/>\n<meta property=\"article:modified_time\" content=\"2023-01-10T16:05:29+00:00\" \/>\n<meta name=\"author\" content=\"GERESO\" \/>\n<meta name=\"twitter:card\" content=\"summary_large_image\" \/>\n<script type=\"application\/ld+json\" class=\"yoast-schema-graph\">{\"@context\":\"https:\/\/schema.org\",\"@graph\":[{\"@type\":\"WebPage\",\"@id\":\"https:\/\/www.gereso.com\/actualites\/2023\/01\/05\/enquete-professionnels-rh-comment-allez-vous-resultats-2023\/\",\"url\":\"https:\/\/www.gereso.com\/actualites\/2023\/01\/05\/enquete-professionnels-rh-comment-allez-vous-resultats-2023\/\",\"name\":\"Enqu\u00eate \u00ab&nbsp;Professionnels RH : comment allez-vous&nbsp;?&nbsp;\u00bb&nbsp;: les r\u00e9sultats 2023 - Le Blog GERESO\",\"isPartOf\":{\"@id\":\"https:\/\/www.gereso.com\/actualites\/#website\"},\"datePublished\":\"2023-01-05T13:40:04+00:00\",\"dateModified\":\"2023-01-10T16:05:29+00:00\",\"author\":{\"@id\":\"https:\/\/www.gereso.com\/actualites\/#\/schema\/person\/d9b0bc27f2e9ae74ff7505881ce5306e\"},\"breadcrumb\":{\"@id\":\"https:\/\/www.gereso.com\/actualites\/2023\/01\/05\/enquete-professionnels-rh-comment-allez-vous-resultats-2023\/#breadcrumb\"},\"inLanguage\":\"fr-FR\",\"potentialAction\":[{\"@type\":\"ReadAction\",\"target\":[\"https:\/\/www.gereso.com\/actualites\/2023\/01\/05\/enquete-professionnels-rh-comment-allez-vous-resultats-2023\/\"]}]},{\"@type\":\"BreadcrumbList\",\"@id\":\"https:\/\/www.gereso.com\/actualites\/2023\/01\/05\/enquete-professionnels-rh-comment-allez-vous-resultats-2023\/#breadcrumb\",\"itemListElement\":[{\"@type\":\"ListItem\",\"position\":1,\"name\":\"Home\",\"item\":\"https:\/\/www.gereso.com\/actualites\/\"},{\"@type\":\"ListItem\",\"position\":2,\"name\":\"Enqu\u00eate \u00ab&nbsp;Professionnels RH : comment allez-vous&nbsp;?&nbsp;\u00bb&nbsp;: les r\u00e9sultats 2023\"}]},{\"@type\":\"WebSite\",\"@id\":\"https:\/\/www.gereso.com\/actualites\/#website\",\"url\":\"https:\/\/www.gereso.com\/actualites\/\",\"name\":\"Le Blog GERESO\",\"description\":\"Toute l&#039;actu RH, Finance, Fonction Publique, Management...\",\"potentialAction\":[{\"@type\":\"SearchAction\",\"target\":{\"@type\":\"EntryPoint\",\"urlTemplate\":\"https:\/\/www.gereso.com\/actualites\/?s={search_term_string}\"},\"query-input\":{\"@type\":\"PropertyValueSpecification\",\"valueRequired\":true,\"valueName\":\"search_term_string\"}}],\"inLanguage\":\"fr-FR\"},{\"@type\":\"Person\",\"@id\":\"https:\/\/www.gereso.com\/actualites\/#\/schema\/person\/d9b0bc27f2e9ae74ff7505881ce5306e\",\"name\":\"GERESO\",\"image\":{\"@type\":\"ImageObject\",\"inLanguage\":\"fr-FR\",\"@id\":\"https:\/\/www.gereso.com\/actualites\/#\/schema\/person\/image\/\",\"url\":\"https:\/\/www.gereso.com\/actualites\/wp-content\/uploads\/2013\/12\/avatar-gereso-1.png\",\"contentUrl\":\"https:\/\/www.gereso.com\/actualites\/wp-content\/uploads\/2013\/12\/avatar-gereso-1.png\",\"caption\":\"GERESO\"},\"url\":\"https:\/\/www.gereso.com\/actualites\/author\/wpadm_16root\/\"}]}<\/script>\n<!-- \/ Yoast SEO plugin. -->","yoast_head_json":{"title":"Enqu\u00eate \u00ab&nbsp;Professionnels RH : comment allez-vous&nbsp;?&nbsp;\u00bb&nbsp;: les r\u00e9sultats 2023 - Le Blog GERESO","robots":{"index":"index","follow":"follow","max-snippet":"max-snippet:-1","max-image-preview":"max-image-preview:large","max-video-preview":"max-video-preview:-1"},"canonical":"https:\/\/www.gereso.com\/actualites\/2023\/01\/05\/enquete-professionnels-rh-comment-allez-vous-resultats-2023\/","og_locale":"fr_FR","og_type":"article","og_title":"Enqu\u00eate \u00ab&nbsp;Professionnels RH : comment allez-vous&nbsp;?&nbsp;\u00bb&nbsp;: les r\u00e9sultats 2023 - Le Blog GERESO","og_description":"Nous vous proposons de d\u00e9couvrir les r\u00e9sultats d\u00e9taill\u00e9s de cette enqu\u00eate ci-dessous. \u00a0 &gt; T\u00e9l\u00e9chargez les r\u00e9sultats de l\u2019enqu\u00eate 2023\u00ab&nbsp;Professionnels RH, comment allez-vous&nbsp;?&nbsp;\u00bb Pas de r\u00e9pit pour les professionnels RH ! Si 2021 avait marqu\u00e9 le retour d\u2019un optimisme prudent suite \u00e0 une ann\u00e9e \u201cCovid\u201d particuli\u00e8rement \u00e9prouvante pour les professionnels RH, 2022 appara\u00eet de nouveau [&hellip;]","og_url":"https:\/\/www.gereso.com\/actualites\/2023\/01\/05\/enquete-professionnels-rh-comment-allez-vous-resultats-2023\/","og_site_name":"Le Blog GERESO","article_published_time":"2023-01-05T13:40:04+00:00","article_modified_time":"2023-01-10T16:05:29+00:00","author":"GERESO","twitter_card":"summary_large_image","schema":{"@context":"https:\/\/schema.org","@graph":[{"@type":"WebPage","@id":"https:\/\/www.gereso.com\/actualites\/2023\/01\/05\/enquete-professionnels-rh-comment-allez-vous-resultats-2023\/","url":"https:\/\/www.gereso.com\/actualites\/2023\/01\/05\/enquete-professionnels-rh-comment-allez-vous-resultats-2023\/","name":"Enqu\u00eate \u00ab&nbsp;Professionnels RH : comment allez-vous&nbsp;?&nbsp;\u00bb&nbsp;: les r\u00e9sultats 2023 - Le Blog GERESO","isPartOf":{"@id":"https:\/\/www.gereso.com\/actualites\/#website"},"datePublished":"2023-01-05T13:40:04+00:00","dateModified":"2023-01-10T16:05:29+00:00","author":{"@id":"https:\/\/www.gereso.com\/actualites\/#\/schema\/person\/d9b0bc27f2e9ae74ff7505881ce5306e"},"breadcrumb":{"@id":"https:\/\/www.gereso.com\/actualites\/2023\/01\/05\/enquete-professionnels-rh-comment-allez-vous-resultats-2023\/#breadcrumb"},"inLanguage":"fr-FR","potentialAction":[{"@type":"ReadAction","target":["https:\/\/www.gereso.com\/actualites\/2023\/01\/05\/enquete-professionnels-rh-comment-allez-vous-resultats-2023\/"]}]},{"@type":"BreadcrumbList","@id":"https:\/\/www.gereso.com\/actualites\/2023\/01\/05\/enquete-professionnels-rh-comment-allez-vous-resultats-2023\/#breadcrumb","itemListElement":[{"@type":"ListItem","position":1,"name":"Home","item":"https:\/\/www.gereso.com\/actualites\/"},{"@type":"ListItem","position":2,"name":"Enqu\u00eate \u00ab&nbsp;Professionnels RH : comment allez-vous&nbsp;?&nbsp;\u00bb&nbsp;: les r\u00e9sultats 2023"}]},{"@type":"WebSite","@id":"https:\/\/www.gereso.com\/actualites\/#website","url":"https:\/\/www.gereso.com\/actualites\/","name":"Le Blog GERESO","description":"Toute l&#039;actu RH, Finance, Fonction Publique, Management...","potentialAction":[{"@type":"SearchAction","target":{"@type":"EntryPoint","urlTemplate":"https:\/\/www.gereso.com\/actualites\/?s={search_term_string}"},"query-input":{"@type":"PropertyValueSpecification","valueRequired":true,"valueName":"search_term_string"}}],"inLanguage":"fr-FR"},{"@type":"Person","@id":"https:\/\/www.gereso.com\/actualites\/#\/schema\/person\/d9b0bc27f2e9ae74ff7505881ce5306e","name":"GERESO","image":{"@type":"ImageObject","inLanguage":"fr-FR","@id":"https:\/\/www.gereso.com\/actualites\/#\/schema\/person\/image\/","url":"https:\/\/www.gereso.com\/actualites\/wp-content\/uploads\/2013\/12\/avatar-gereso-1.png","contentUrl":"https:\/\/www.gereso.com\/actualites\/wp-content\/uploads\/2013\/12\/avatar-gereso-1.png","caption":"GERESO"},"url":"https:\/\/www.gereso.com\/actualites\/author\/wpadm_16root\/"}]}},"_links":{"self":[{"href":"https:\/\/www.gereso.com\/actualites\/wp-json\/wp\/v2\/posts\/32522","targetHints":{"allow":["GET"]}}],"collection":[{"href":"https:\/\/www.gereso.com\/actualites\/wp-json\/wp\/v2\/posts"}],"about":[{"href":"https:\/\/www.gereso.com\/actualites\/wp-json\/wp\/v2\/types\/post"}],"author":[{"embeddable":true,"href":"https:\/\/www.gereso.com\/actualites\/wp-json\/wp\/v2\/users\/1"}],"replies":[{"embeddable":true,"href":"https:\/\/www.gereso.com\/actualites\/wp-json\/wp\/v2\/comments?post=32522"}],"version-history":[{"count":21,"href":"https:\/\/www.gereso.com\/actualites\/wp-json\/wp\/v2\/posts\/32522\/revisions"}],"predecessor-version":[{"id":38380,"href":"https:\/\/www.gereso.com\/actualites\/wp-json\/wp\/v2\/posts\/32522\/revisions\/38380"}],"wp:attachment":[{"href":"https:\/\/www.gereso.com\/actualites\/wp-json\/wp\/v2\/media?parent=32522"}],"wp:term":[{"taxonomy":"category","embeddable":true,"href":"https:\/\/www.gereso.com\/actualites\/wp-json\/wp\/v2\/categories?post=32522"},{"taxonomy":"post_tag","embeddable":true,"href":"https:\/\/www.gereso.com\/actualites\/wp-json\/wp\/v2\/tags?post=32522"}],"curies":[{"name":"wp","href":"https:\/\/api.w.org\/{rel}","templated":true}]}}