{"id":32769,"date":"2023-01-20T13:30:02","date_gmt":"2023-01-20T11:30:02","guid":{"rendered":"https:\/\/www.gereso.com\/actualites\/?p=32769"},"modified":"2023-01-23T12:58:59","modified_gmt":"2023-01-23T10:58:59","slug":"webinaire-managers-adoptez-posture-coach","status":"publish","type":"post","link":"https:\/\/www.gereso.com\/actualites\/2023\/01\/20\/webinaire-managers-adoptez-posture-coach\/","title":{"rendered":"Webinaire \u00ab Managers, adoptez la posture de coach ! \u00bb"},"content":{"rendered":"\n\n\n<h2>D\u00e9tails du webinaire&nbsp;:<\/h2>\n<h3 class=\"section-title\"><span class=\"title-inner\" data-animation=\"fadeInRight\" data-animation-delay=\"500\">DATE&nbsp;:<\/span><\/h3>\n<p>Vendredi 20 janvier 2023 de 10h \u00e0 11h<\/p>\n<h3 class=\"section-title\"><span class=\"title-inner\" data-animation=\"fadeInRight\" data-animation-delay=\"500\">R\u00c9SUM\u00c9&nbsp;:<\/span><\/h3>\n<p>Dans le monde d&rsquo;aujourd&rsquo;hui le <strong>besoin d&rsquo;\u00eatre accompagn\u00e9<\/strong> est de plus en plus pr\u00e9gnant, comme si la qu\u00eate du bien-\u00eatre ou la recherche de performance n\u00e9cessitaient l&rsquo;intervention d&rsquo;un coach : coach sportif, coach de vie, coach parental, coach scolaire,\u2026<\/p>  \n\n<p>Alors pourquoi pas un <strong>manager coach<\/strong> qui serait capable d&rsquo;adopter une <strong>posture d&rsquo;accompagnateur<\/strong> au-del\u00e0 de celle de donneur d&rsquo;ordre hi\u00e9rarchique ou celle d&rsquo;animateur transversal.<\/p>\n\n<p>L&rsquo;intention est tr\u00e8s s\u00e9duisante tant pour le d\u00e9veloppement des collaborateurs que pour le sens donn\u00e9 \u00e0 l&rsquo;activit\u00e9 de leur responsable. Pourtant la mise en \u0153uvre op\u00e9rationnelle de la posture de coach semble ardue pour bon nombre de managers car les <strong>principes \u00e0 respecter ou les pratiques \u00e0 mobiliser peuvent paraitre obscures, \u00e9litistes ou dogmatiques.<\/strong><\/p>\n\n<h3 class=\"section-title\"><span class=\"title-inner\" data-animation=\"fadeInRight\" data-animation-delay=\"500\">OBJECTIFS&nbsp;:<\/span><\/h3>\n<ul>\n<li>D\u00e9finir la notion de coaching, la distinguer du management et du leadership.<\/li>\n<li>Comprendre le principe fondamental du coaching et le diff\u00e9rencier du conseil.<\/li>\n<li>D\u00e9couvrir le processus du coaching et la structure d&rsquo;un entretien de coaching.<\/li>\n<li>R\u00e9v\u00e9ler les principales attitudes et comportements d&rsquo;un coach professionnel.<\/li>\n\n<\/ul>\n\n<h3 class=\"section-title\"><span class=\"title-inner\" data-animation=\"fadeInRight\" data-animation-delay=\"500\">INTERVENANT&nbsp;:<\/span><\/h3>\n<p>De formation commerciale <strong>Patrick VAN HONACKER<\/strong> d\u00e9bute sa carri\u00e8re dans les forces de ventes du Groupe LACTALIS. Promu Manager tr\u00e8s jeune il suit de tr\u00e8s nombreuses formations, dont tout le catalogue manag\u00e9rial ICARE, pour apprendre et se perfectionner sans cesse dans le difficile exercice de l\u2019encadrement et l\u2019accompagnement des Hommes. Il croit \u00e0 un management qui concilie la recherche de la performance et du d\u00e9veloppement humain.\nApr\u00e8s 15 ans dans la fonction commerciale dont 8 de Direction Nationale des Ventes il d\u00e9cide de prendre un virage professionnel humaniste et int\u00e8gre le P\u00f4le D\u00e9veloppement des Comp\u00e9tences du Groupe LACTALIS qu\u2019il dirige pendant 3 ans.<br>\nRiche d\u2019une double expertise en management et en Gestion des Ressources Humaines il rejoint en 2006 ICARE, son Organisme de Formation de c\u0153ur dont il a \u00e9prouv\u00e9 les m\u00e9thodes sur le terrain, pour accompagner les Hommes et leur Organisation dans la mise en \u0153uvre de relations authentiques, respectueuses, justes et d\u00e9veloppantes.<br>\nCertifi\u00e9 Coach &amp; Team\u0324\u00ae depuis 2006 il accompagne depuis 17 ans des managers, des dirigeants et des \u00e9quipes. Dans sa pratique il prend soin de d\u00e9sacraliser le coaching, d&rsquo;en structurer la d\u00e9marche et de la rendre accessible.<\/p>\n<h3 class=\"section-title\"><span class=\"title-inner\" data-animation=\"fadeInRight\" data-animation-delay=\"500\">WEBINAIRE&nbsp;:<\/span><\/h3>\n<h4>Replay du webinaire&nbsp;: \u00ab\u00a0Managers, adoptez la posture de coach&nbsp;!&nbsp;:<\/h4>\n\n\n\n<figure class=\"wp-block-embed is-type-video is-provider-youtube wp-block-embed-youtube wp-embed-aspect-4-3 wp-has-aspect-ratio\"><div class=\"wp-block-embed__wrapper\">\n<iframe title=\"WEBINAIRE - Managers, adoptez la posture de coach - Patrick Van Honacker\" width=\"644\" height=\"362\" src=\"https:\/\/www.youtube.com\/embed\/UIGZlKMU3fQ?feature=oembed\" frameborder=\"0\" allow=\"accelerometer; autoplay; clipboard-write; encrypted-media; gyroscope; picture-in-picture; web-share\" referrerpolicy=\"strict-origin-when-cross-origin\" allowfullscreen><\/iframe>\n<\/div><\/figure>\n\n\n\n<p><h3 class=\"section-title\"><span class=\"title-inner\" data-animation=\"fadeInRight\" data-animation-delay=\"500\">DOCUMENT&nbsp;:<\/span><\/h3><\/p>\n\n\n\n<div data-wp-interactive=\"core\/file\" class=\"wp-block-file aligncenter\"><object data-wp-bind--hidden=\"!state.hasPdfPreview\" hidden class=\"wp-block-file__embed\" data=\"https:\/\/www.gereso.com\/actualites\/wp-content\/uploads\/2023\/01\/Webinar-Manager-Coach-ICARE-GERESO.pdf\" type=\"application\/pdf\" style=\"width:100%;height:600px\" aria-label=\"Contenu embarqu\u00e9 Webinar-Manager-Coach-ICARE-GERESO.\"><\/object><a id=\"wp-block-file--media-6aa46c11-edb5-4131-ab14-5b4904e5aff0\" href=\"https:\/\/www.gereso.com\/actualites\/wp-content\/uploads\/2023\/01\/Webinar-Manager-Coach-ICARE-GERESO.pdf\">Webinar-Manager-Coach-ICARE-GERESO<\/a><a href=\"https:\/\/www.gereso.com\/actualites\/wp-content\/uploads\/2023\/01\/Webinar-Manager-Coach-ICARE-GERESO.pdf\" class=\"wp-block-file__button wp-element-button\" download aria-describedby=\"wp-block-file--media-6aa46c11-edb5-4131-ab14-5b4904e5aff0\">T\u00e9l\u00e9charger<\/a><\/div>\n\n\n\n<p><article class=\"obj_encart-formation\">\n<div class=\"ctn_encart\">\n<h3>Votre formation sur ce th\u00e8me<\/h3>\n<h2>&nbsp;LE MANAGER COACH&nbsp;<\/h2>\n<h4>2 jours &#8211; En pr\u00e9sentiel<\/h4>\n<ul> \n<li><strong>Int\u00e9grer la notion de manager coach<\/strong> et sa mise en \u0153uvre.<\/li>\n<li><strong>S&rsquo;approprier les concepts, outils, grilles<\/strong> de lecture du manager coach.<\/li>\n<li><strong>Prendre la posture de coach<\/strong> dans des situations manag\u00e9riales complexes.<\/li>\n<li><strong>D\u00e9velopper ses capacit\u00e9s<\/strong> de diagnostic et sa valeur ajout\u00e9e dans l&rsquo;accompagnement des collaborateurs.<\/li>\n<li><strong>Aider ses collaborateurs<\/strong> \u00e0 construire leurs propres solutions.<\/li>\n<\/ul>\n<div class=\"ctn_btn\">\n<a class=\"obj_btn\" target=\"_blank\" href=\"https:\/\/www.gereso.com\/COAH\" rel=\"noopener\"><span>En savoir plus<\/span><\/a>\n<a class=\"obj_btn\" target=\"_blank\" href=\"https:\/\/www.gereso.com\/client\/programme-pdf\/COAH.pdf\" rel=\"noopener\"><span>T\u00e9l\u00e9charger le programme PDF<\/span><\/a>\n<\/div>\n<\/div>\n<\/article><\/p>\n","protected":false},"excerpt":{"rendered":"<p>D\u00e9tails du webinaire&nbsp;: DATE&nbsp;: Vendredi 20 janvier 2023 de 10h \u00e0 11h R\u00c9SUM\u00c9&nbsp;: Dans le monde d&rsquo;aujourd&rsquo;hui le besoin d&rsquo;\u00eatre accompagn\u00e9 est de plus en plus pr\u00e9gnant, comme si la qu\u00eate du bien-\u00eatre ou la recherche de performance n\u00e9cessitaient l&rsquo;intervention d&rsquo;un coach : coach sportif, coach de vie, coach parental, coach scolaire,\u2026 Alors pourquoi pas [&hellip;]<\/p>\n","protected":false},"author":32,"featured_media":0,"comment_status":"open","ping_status":"open","sticky":false,"template":"","format":"standard","meta":{"_acf_changed":false,"_mi_skip_tracking":false,"footnotes":""},"categories":[12,10],"tags":[],"class_list":["post-32769","post","type-post","status-publish","format-standard","hentry","category-actualites","category-management-et-leadership"],"acf":[],"yoast_head":"<!-- This site is optimized with the Yoast SEO plugin v23.4 - https:\/\/yoast.com\/wordpress\/plugins\/seo\/ -->\n<title>Webinaire \u00ab Managers, adoptez la posture de coach ! \u00bb - Le Blog GERESO<\/title>\n<meta name=\"robots\" content=\"index, follow, max-snippet:-1, max-image-preview:large, max-video-preview:-1\" \/>\n<link rel=\"canonical\" href=\"https:\/\/www.gereso.com\/actualites\/2023\/01\/20\/webinaire-managers-adoptez-posture-coach\/\" \/>\n<meta property=\"og:locale\" content=\"fr_FR\" \/>\n<meta property=\"og:type\" content=\"article\" \/>\n<meta property=\"og:title\" content=\"Webinaire \u00ab Managers, adoptez la posture de coach ! \u00bb - Le Blog GERESO\" \/>\n<meta property=\"og:description\" content=\"D\u00e9tails du webinaire&nbsp;: DATE&nbsp;: Vendredi 20 janvier 2023 de 10h \u00e0 11h R\u00c9SUM\u00c9&nbsp;: Dans le monde d&rsquo;aujourd&rsquo;hui le besoin d&rsquo;\u00eatre accompagn\u00e9 est de plus en plus pr\u00e9gnant, comme si la qu\u00eate du bien-\u00eatre ou la recherche de performance n\u00e9cessitaient l&rsquo;intervention d&rsquo;un coach : coach sportif, coach de vie, coach parental, coach scolaire,\u2026 Alors pourquoi pas [&hellip;]\" \/>\n<meta property=\"og:url\" content=\"https:\/\/www.gereso.com\/actualites\/2023\/01\/20\/webinaire-managers-adoptez-posture-coach\/\" \/>\n<meta property=\"og:site_name\" content=\"Le Blog GERESO\" \/>\n<meta property=\"article:published_time\" content=\"2023-01-20T11:30:02+00:00\" \/>\n<meta property=\"article:modified_time\" content=\"2023-01-23T10:58:59+00:00\" \/>\n<meta name=\"author\" content=\"\u00c9quipe GERESO\" \/>\n<meta name=\"twitter:card\" content=\"summary_large_image\" \/>\n<script type=\"application\/ld+json\" class=\"yoast-schema-graph\">{\"@context\":\"https:\/\/schema.org\",\"@graph\":[{\"@type\":\"WebPage\",\"@id\":\"https:\/\/www.gereso.com\/actualites\/2023\/01\/20\/webinaire-managers-adoptez-posture-coach\/\",\"url\":\"https:\/\/www.gereso.com\/actualites\/2023\/01\/20\/webinaire-managers-adoptez-posture-coach\/\",\"name\":\"Webinaire \u00ab Managers, adoptez la posture de coach ! \u00bb - Le Blog GERESO\",\"isPartOf\":{\"@id\":\"https:\/\/www.gereso.com\/actualites\/#website\"},\"datePublished\":\"2023-01-20T11:30:02+00:00\",\"dateModified\":\"2023-01-23T10:58:59+00:00\",\"author\":{\"@id\":\"https:\/\/www.gereso.com\/actualites\/#\/schema\/person\/197d8aef40cb4ae3f6a0aa9e1d3df2a6\"},\"breadcrumb\":{\"@id\":\"https:\/\/www.gereso.com\/actualites\/2023\/01\/20\/webinaire-managers-adoptez-posture-coach\/#breadcrumb\"},\"inLanguage\":\"fr-FR\",\"potentialAction\":[{\"@type\":\"ReadAction\",\"target\":[\"https:\/\/www.gereso.com\/actualites\/2023\/01\/20\/webinaire-managers-adoptez-posture-coach\/\"]}]},{\"@type\":\"BreadcrumbList\",\"@id\":\"https:\/\/www.gereso.com\/actualites\/2023\/01\/20\/webinaire-managers-adoptez-posture-coach\/#breadcrumb\",\"itemListElement\":[{\"@type\":\"ListItem\",\"position\":1,\"name\":\"Home\",\"item\":\"https:\/\/www.gereso.com\/actualites\/\"},{\"@type\":\"ListItem\",\"position\":2,\"name\":\"Webinaire \u00ab Managers, adoptez la posture de coach ! \u00bb\"}]},{\"@type\":\"WebSite\",\"@id\":\"https:\/\/www.gereso.com\/actualites\/#website\",\"url\":\"https:\/\/www.gereso.com\/actualites\/\",\"name\":\"Le Blog GERESO\",\"description\":\"Toute l&#039;actu RH, Finance, Fonction Publique, Management...\",\"potentialAction\":[{\"@type\":\"SearchAction\",\"target\":{\"@type\":\"EntryPoint\",\"urlTemplate\":\"https:\/\/www.gereso.com\/actualites\/?s={search_term_string}\"},\"query-input\":{\"@type\":\"PropertyValueSpecification\",\"valueRequired\":true,\"valueName\":\"search_term_string\"}}],\"inLanguage\":\"fr-FR\"},{\"@type\":\"Person\",\"@id\":\"https:\/\/www.gereso.com\/actualites\/#\/schema\/person\/197d8aef40cb4ae3f6a0aa9e1d3df2a6\",\"name\":\"\u00c9quipe GERESO\",\"image\":{\"@type\":\"ImageObject\",\"inLanguage\":\"fr-FR\",\"@id\":\"https:\/\/www.gereso.com\/actualites\/#\/schema\/person\/image\/\",\"url\":\"https:\/\/www.gereso.com\/actualites\/wp-content\/uploads\/2013\/12\/avatar-gereso-1.png\",\"contentUrl\":\"https:\/\/www.gereso.com\/actualites\/wp-content\/uploads\/2013\/12\/avatar-gereso-1.png\",\"caption\":\"\u00c9quipe GERESO\"},\"url\":\"https:\/\/www.gereso.com\/actualites\/author\/gereso\/\"}]}<\/script>\n<!-- \/ Yoast SEO plugin. -->","yoast_head_json":{"title":"Webinaire \u00ab Managers, adoptez la posture de coach ! \u00bb - Le Blog GERESO","robots":{"index":"index","follow":"follow","max-snippet":"max-snippet:-1","max-image-preview":"max-image-preview:large","max-video-preview":"max-video-preview:-1"},"canonical":"https:\/\/www.gereso.com\/actualites\/2023\/01\/20\/webinaire-managers-adoptez-posture-coach\/","og_locale":"fr_FR","og_type":"article","og_title":"Webinaire \u00ab Managers, adoptez la posture de coach ! \u00bb - Le Blog GERESO","og_description":"D\u00e9tails du webinaire&nbsp;: DATE&nbsp;: Vendredi 20 janvier 2023 de 10h \u00e0 11h R\u00c9SUM\u00c9&nbsp;: Dans le monde d&rsquo;aujourd&rsquo;hui le besoin d&rsquo;\u00eatre accompagn\u00e9 est de plus en plus pr\u00e9gnant, comme si la qu\u00eate du bien-\u00eatre ou la recherche de performance n\u00e9cessitaient l&rsquo;intervention d&rsquo;un coach : coach sportif, coach de vie, coach parental, coach scolaire,\u2026 Alors pourquoi pas [&hellip;]","og_url":"https:\/\/www.gereso.com\/actualites\/2023\/01\/20\/webinaire-managers-adoptez-posture-coach\/","og_site_name":"Le Blog GERESO","article_published_time":"2023-01-20T11:30:02+00:00","article_modified_time":"2023-01-23T10:58:59+00:00","author":"\u00c9quipe GERESO","twitter_card":"summary_large_image","schema":{"@context":"https:\/\/schema.org","@graph":[{"@type":"WebPage","@id":"https:\/\/www.gereso.com\/actualites\/2023\/01\/20\/webinaire-managers-adoptez-posture-coach\/","url":"https:\/\/www.gereso.com\/actualites\/2023\/01\/20\/webinaire-managers-adoptez-posture-coach\/","name":"Webinaire \u00ab Managers, adoptez la posture de coach ! \u00bb - Le Blog GERESO","isPartOf":{"@id":"https:\/\/www.gereso.com\/actualites\/#website"},"datePublished":"2023-01-20T11:30:02+00:00","dateModified":"2023-01-23T10:58:59+00:00","author":{"@id":"https:\/\/www.gereso.com\/actualites\/#\/schema\/person\/197d8aef40cb4ae3f6a0aa9e1d3df2a6"},"breadcrumb":{"@id":"https:\/\/www.gereso.com\/actualites\/2023\/01\/20\/webinaire-managers-adoptez-posture-coach\/#breadcrumb"},"inLanguage":"fr-FR","potentialAction":[{"@type":"ReadAction","target":["https:\/\/www.gereso.com\/actualites\/2023\/01\/20\/webinaire-managers-adoptez-posture-coach\/"]}]},{"@type":"BreadcrumbList","@id":"https:\/\/www.gereso.com\/actualites\/2023\/01\/20\/webinaire-managers-adoptez-posture-coach\/#breadcrumb","itemListElement":[{"@type":"ListItem","position":1,"name":"Home","item":"https:\/\/www.gereso.com\/actualites\/"},{"@type":"ListItem","position":2,"name":"Webinaire \u00ab Managers, adoptez la posture de coach ! \u00bb"}]},{"@type":"WebSite","@id":"https:\/\/www.gereso.com\/actualites\/#website","url":"https:\/\/www.gereso.com\/actualites\/","name":"Le Blog GERESO","description":"Toute l&#039;actu RH, Finance, Fonction Publique, Management...","potentialAction":[{"@type":"SearchAction","target":{"@type":"EntryPoint","urlTemplate":"https:\/\/www.gereso.com\/actualites\/?s={search_term_string}"},"query-input":{"@type":"PropertyValueSpecification","valueRequired":true,"valueName":"search_term_string"}}],"inLanguage":"fr-FR"},{"@type":"Person","@id":"https:\/\/www.gereso.com\/actualites\/#\/schema\/person\/197d8aef40cb4ae3f6a0aa9e1d3df2a6","name":"\u00c9quipe GERESO","image":{"@type":"ImageObject","inLanguage":"fr-FR","@id":"https:\/\/www.gereso.com\/actualites\/#\/schema\/person\/image\/","url":"https:\/\/www.gereso.com\/actualites\/wp-content\/uploads\/2013\/12\/avatar-gereso-1.png","contentUrl":"https:\/\/www.gereso.com\/actualites\/wp-content\/uploads\/2013\/12\/avatar-gereso-1.png","caption":"\u00c9quipe GERESO"},"url":"https:\/\/www.gereso.com\/actualites\/author\/gereso\/"}]}},"_links":{"self":[{"href":"https:\/\/www.gereso.com\/actualites\/wp-json\/wp\/v2\/posts\/32769","targetHints":{"allow":["GET"]}}],"collection":[{"href":"https:\/\/www.gereso.com\/actualites\/wp-json\/wp\/v2\/posts"}],"about":[{"href":"https:\/\/www.gereso.com\/actualites\/wp-json\/wp\/v2\/types\/post"}],"author":[{"embeddable":true,"href":"https:\/\/www.gereso.com\/actualites\/wp-json\/wp\/v2\/users\/32"}],"replies":[{"embeddable":true,"href":"https:\/\/www.gereso.com\/actualites\/wp-json\/wp\/v2\/comments?post=32769"}],"version-history":[{"count":11,"href":"https:\/\/www.gereso.com\/actualites\/wp-json\/wp\/v2\/posts\/32769\/revisions"}],"predecessor-version":[{"id":32847,"href":"https:\/\/www.gereso.com\/actualites\/wp-json\/wp\/v2\/posts\/32769\/revisions\/32847"}],"wp:attachment":[{"href":"https:\/\/www.gereso.com\/actualites\/wp-json\/wp\/v2\/media?parent=32769"}],"wp:term":[{"taxonomy":"category","embeddable":true,"href":"https:\/\/www.gereso.com\/actualites\/wp-json\/wp\/v2\/categories?post=32769"},{"taxonomy":"post_tag","embeddable":true,"href":"https:\/\/www.gereso.com\/actualites\/wp-json\/wp\/v2\/tags?post=32769"}],"curies":[{"name":"wp","href":"https:\/\/api.w.org\/{rel}","templated":true}]}}