{"id":32901,"date":"2023-01-31T16:03:43","date_gmt":"2023-01-31T14:03:43","guid":{"rendered":"https:\/\/www.gereso.com\/actualites\/?p=32901"},"modified":"2023-01-31T16:07:19","modified_gmt":"2023-01-31T14:07:19","slug":"regime-additionnel-fonction-publique","status":"publish","type":"post","link":"https:\/\/www.gereso.com\/actualites\/2023\/01\/31\/regime-additionnel-fonction-publique\/","title":{"rendered":"Le r\u00e9gime additionnel de la fonction publique"},"content":{"rendered":"\n<p>Le <strong>RAFP est un r\u00e9gime<\/strong> \u00e0 points&nbsp;: les <strong>cotisations acquitt\u00e9es<\/strong> chaque ann\u00e9e par les agents et leurs employeurs sont ainsi <strong>converties<\/strong>. C&rsquo;est donc le nombre total de points d\u00e9tenus lors du d\u00e9part \u00e0 la retraite qui d\u00e9termine les modalit\u00e9s de paiement de la prestation de retraite additionnelle, soit en rente viag\u00e8re, soit en capital. <strong>L&rsquo;article 76 de la loi n\u00b0&nbsp;2003-775 du 21 ao\u00fbt 2003 (1)<\/strong> ayant cr\u00e9\u00e9 le RAFP pr\u00e9voit express\u00e9ment que c&rsquo;est le <strong>versement d&rsquo;une rente<\/strong> qui est le principe. Le versement en capital n&rsquo;a donc qu&rsquo;un caract\u00e8re d\u00e9rogatoire et ne peut de ce fait \u00eatre consid\u00e9r\u00e9 comme une alternative \u00e0 la rente viag\u00e8re. Ce mode de versement de la prestation a \u00e9t\u00e9 mis en place, \u00e0 la cr\u00e9ation du RAFP, afin <strong>d&rsquo;\u00e9viter des co\u00fbts de gestion trop \u00e9lev\u00e9s<\/strong> au regard des montants de rentes mensuelles qui auraient n\u00e9cessairement \u00e9t\u00e9 faibles pour les premiers b\u00e9n\u00e9ficiaires, du fait de la jeunesse du r\u00e9gime. D\u2019apr\u00e8s le minist\u00e8re charg\u00e9 de la fonction publique (2), <strong>\u00ab&nbsp;avec sa mont\u00e9e en charge progressive, qui induit des p\u00e9riodes de cotisation plus longues, les prestations du r\u00e9gime vont progressivement \u00eatre vers\u00e9es tr\u00e8s majoritairement en rentes mensuelles&nbsp;\u00bb.<\/strong><\/p>\n\n\n\n<h2 style=\"color: #d10016;\"><strong>Les fondements juridiques du RAFP<\/strong><\/h2>\n<p>Entr\u00e9 en vigueur le <strong>1<sup>er<\/sup> janvier 2005<\/strong>, ce r\u00e9gime est g\u00e9r\u00e9 par un \u00e9tablissement public administratif d\u00e9nomm\u00e9 \u00ab <strong>\u00c9tablissement de retraite additionnelle de la fonction publique<\/strong>\u00a0\u00bb (Erafp). Il est obligatoire, par r\u00e9partition et par points\u00a0; et a pour objet de permettre aux fonctionnaires <strong>d&rsquo;acqu\u00e9rir des droits \u00e0 retraite<\/strong> sur des \u00e9l\u00e9ments de r\u00e9mun\u00e9ration qui ne sont <strong>pas pris en compte par le r\u00e9gime des pensions civiles et militaires et par celui servi par la CNRACL<\/strong>.<\/p>\n<p>Outre l\u2019article 76 de la loi du 21 ao\u00fbt 2003, pr\u00e9cit\u00e9, c\u2019est un <strong>d\u00e9cret du 18 juin 2004 (3)<\/strong> qui d\u00e9finit ses r\u00e8gles d\u2019application. Il est <strong>compl\u00e9t\u00e9 par un arr\u00eat\u00e9 du 26 novembre 2004 (4)<\/strong>.<\/p>\n\n\n\n<h2 style=\"color: #d10016;\"><strong>Les fonctionnaires \u00e9ligibles au RAFP<\/strong><\/h2>\n\n\n\n<p>En application des dispositions de l\u2019article 76 de la loi du 21 ao\u00fbt 2003, pr\u00e9cit\u00e9, les b\u00e9n\u00e9ficiaires du r\u00e9gime sont\u00a0:<\/p>\n<ul>\n<li>Les <strong>fonctionnaires de l\u2019\u00c9tat<\/strong>, territoriaux et hospitaliers\u00a0;<\/li>\n<li>Les <strong>magistrats de l&rsquo;ordre judiciaire<\/strong>\u00a0;<\/li>\n<li>Les <strong>militaires<\/strong>.<\/li>\n<\/ul>\n<p>Les fonctionnaires en position de d\u00e9tachement dans un emploi ne conduisant pas \u00e0 une pension du r\u00e9gime des pensions civiles ou militaires ou du r\u00e9gime de la CNRACL peuvent \u00e9galement b\u00e9n\u00e9ficier du RAFP.<\/p>\n<p>Les agents qui ne cotisent pas au r\u00e9gime de la CNRACL ou au r\u00e9gime des pensions civiles et militaires de retraite sont exclus du b\u00e9n\u00e9fice du r\u00e9gime de retraite additionnelle, notamment\u00a0:<\/p>\n<ul>\n<li>les <strong>fonctionnaires \u00e0 temps non complet travaillant moins de 28 heures<\/strong> hebdomadaires\u00a0;<\/li>\n<li>et <strong>les agents contractuels<\/strong>, de droit public, comme de droit priv\u00e9.<\/li>\n<\/ul>\n\n\n\n<h2 style=\"color: #d10016;\"><strong>Le r\u00e9gime des cotisations au RAFP<\/strong><\/h2>\n\n\n\n<h3><strong>L\u2019assiette des cotisations<\/strong><\/h3>\n\n\n\n<p style=\"text-align: justify;\">L&rsquo;assiette des cotisations est constitu\u00e9e par les revenus d&rsquo;activit\u00e9 dus au cours de l&rsquo;ann\u00e9e civile pris en compte pour d\u00e9terminer l&rsquo;assiette de la CSG pr\u00e9vue \u00e0 l&rsquo;article L. 136-1 du code de la s\u00e9curit\u00e9 sociale.<\/p>\n<p>Ces revenus sont les suivants&nbsp;:<\/p>\n<ul>\n<li><strong>L\u2019indemnit\u00e9 de r\u00e9sidence<\/strong>&nbsp;;<\/li>\n<li>Le <strong>suppl\u00e9ment familial de traitement<\/strong> (SFT)&nbsp;;<\/li>\n<li>Les <strong>primes et indemnit\u00e9s<\/strong>&nbsp;;<\/li>\n<li>Les <strong>avantages en nature<\/strong>&nbsp;;<\/li>\n<li>La <strong>r\u00e9mun\u00e9ration li\u00e9e aux heures suppl\u00e9mentaires<\/strong>&nbsp;;<\/li>\n<li>La <strong>r\u00e9mun\u00e9ration per\u00e7ue<\/strong> <strong>au titre d&rsquo;activit\u00e9s publiques accessoires<\/strong>, qui n&rsquo;est pas soumise aux cotisations d&rsquo;assurance vieillesse.<\/li>\n<\/ul>\n<p><strong>La participation de l&#8217;employeur au financement d&rsquo;un contrat collectif de protection sociale compl\u00e9mentaire, lorsque la souscription des agents est rendue obligatoire en application d&rsquo;un accord collectif (5), est exclue de l&rsquo;assiette des cotisations (application r\u00e9troactive au 1<sup>er<\/sup> janvier 2022) (6).<\/strong><\/p>\n<p>L&rsquo;assiette des cotisations est <strong>plafonn\u00e9e \u00e0 20&nbsp;% du traitement indiciaire brut total<\/strong> per\u00e7u au cours de l&rsquo;ann\u00e9e consid\u00e9r\u00e9e ; au-del\u00e0 de cette limite, aucun droit \u00e0 retraite additionnelle ne peut \u00eatre acquis par le b\u00e9n\u00e9ficiaire. Ce principe fait toutefois l&rsquo;objet d&rsquo;une exception pour les cotisations sur l&rsquo;indemnit\u00e9 de garantie individuelle du pouvoir d&rsquo;achat (Gipa). En effet, <strong>l&rsquo;indemnit\u00e9 de garantie individuelle<\/strong> du pouvoir d&rsquo;achat fait partie des <strong>\u00e9l\u00e9ments de r\u00e9mun\u00e9ration soumis \u00e0 cotisations<\/strong>, sans que soit opposable la limitation de l&rsquo;assiette \u00e0 20&nbsp;% du traitement indiciaire brut total per\u00e7u depuis le d\u00e9but de l&rsquo;ann\u00e9e (7). La <strong>cotisation due sur cette indemnit\u00e9 doit donc \u00eatre calcul\u00e9e ind\u00e9pendamment<\/strong>, ainsi que cela a \u00e9t\u00e9 pr\u00e9cis\u00e9 par une circulaire du 13 juin 2008 (8)<\/p>\n\n\n\n<p style=\"text-align: justify;\"><b>En revanche sont exclus de l&rsquo;assiette des cotisations du r\u00e9gime de retraite additionnelle :<\/b><\/p>\n\n\n\n<ul>\n<li>Les <strong>\u00e9l\u00e9ments de r\u00e9mun\u00e9ration<\/strong> qui entrent dans l&rsquo;assiette de calcul des pensions dans le r\u00e9gime des pensions civiles et militaires de retraite ou dans le r\u00e9gime de la CNRACL, \u00e0 savoir&nbsp;: le traitement indiciaire, la nouvelle bonification indiciaire (NBI) et les bonifications indiciaires sp\u00e9cifiques&nbsp;;<\/li>\n<li>Les <strong>remboursements de frais<\/strong>&nbsp;;<\/li>\n<li>La <strong>r\u00e9mun\u00e9ration per\u00e7ue au titre de l&rsquo;exercice d&rsquo;une activit\u00e9 priv\u00e9e lucrative<\/strong>&nbsp;;<\/li>\n<li>Ou encore, <strong>l&rsquo;indemnit\u00e9 de feu des sapeurs- pompiers professionnels<\/strong>.<\/li>\n<\/ul>\n\n\n\n<h3><strong>Le taux de cotisation<\/strong><\/h3>\n\n\n\n<p>Le<strong> taux global de cotisation est de 10&nbsp;%<\/strong>&nbsp;: le taux \u00e0 la charge du <strong>b\u00e9n\u00e9ficiaire est de 5&nbsp;%<\/strong> et celui \u00e0 la charge de<strong> l&#8217;employeur est donc de 5&nbsp;%<\/strong> (9).<\/p>\n\n\n\n<h3><strong>Les diff\u00e9rentes obligations des employeurs publics<\/strong><\/h3>\n\n\n\n<p><strong>Le calcul des cotisations<\/strong><\/p>\n\n\n\n<p>Il incombe \u00e0 chaque employeur public de d\u00e9terminer, sous sa responsabilit\u00e9, <strong>les \u00e9l\u00e9ments de r\u00e9mun\u00e9ration<\/strong> constitutifs de l&rsquo;assiette des cotisations au titre du r\u00e9gime de retraite additionnelle, en appliquant les dispositions pr\u00e9cit\u00e9es. Ils<strong> calculent ainsi et versent ces cotisations aupr\u00e8s de l&rsquo;Erafp<\/strong> (10). Il est, notamment, <strong>charg\u00e9 du calcul de la totalit\u00e9 des cotisations<\/strong>. La part agent et la part employeur doivent figurer sur le bulletin de salaire de l&rsquo;agent. La cotisation correspondant \u00e0 la part agent doit \u00eatre d\u00e9duite du revenu du fonctionnaire.<\/p>\n<p>En outre, au titre de chaque ann\u00e9e civile et avant le 31 mars de l&rsquo;ann\u00e9e suivante, l&#8217;employeur est tenu de transmettre \u00e0 l&rsquo;Erafp une d\u00e9claration annuelle r\u00e9capitulative des cotisations vers\u00e9es (11).<\/p>\n<p><strong>Les m\u00e9thodes de calcul et les modalit\u00e9s de versement des cotisations<\/strong><\/p>\n\n\n\n<p>La m\u00e9thode de calcul retenue par l&rsquo;Erafp pour d\u00e9terminer le montant des cotisations \u00e0 verser est celle du <strong>\u00ab&nbsp;mensuel, cumul\u00e9, glissant&nbsp;\u00bb<\/strong> puisque l&rsquo;assiette des cotisations et le plafond de 20&nbsp;% sont appr\u00e9ci\u00e9s au titre de l&rsquo;ann\u00e9e civile, alors que les cotisations sont calcul\u00e9es mensuellement par l&#8217;employeur sur la base des \u00e9l\u00e9ments de r\u00e9mun\u00e9ration r\u00e9ellement per\u00e7us par l&rsquo;agent.<\/p>\n<p>Ainsi, <strong>chaque mois<\/strong>, <strong>l&#8217;employeur doit calculer&nbsp;<\/strong>:<\/p>\n<ul>\n<li>La<strong> somme des \u00e9l\u00e9ments de r\u00e9mun\u00e9ration<\/strong> (indemnit\u00e9 de r\u00e9sidence, suppl\u00e9ment familial de traitement, primes et indemnit\u00e9s, avantages en nature), soumis \u00e0 cotisation au titre de la retraite additionnelle, per\u00e7us depuis le d\u00e9but de l&rsquo;ann\u00e9e&nbsp;;<\/li>\n<li>Et le <strong>plafond de l&rsquo;assiette de cotisation<\/strong>, c&rsquo;est-\u00e0-dire 20&nbsp;% du total du traitement indiciaire brut vers\u00e9 depuis le d\u00e9but de l&rsquo;ann\u00e9e.<\/li>\n<\/ul>\n<p>Il doit, alors, <strong>verser chaque mois, le diff\u00e9rentiel entre le total des cotisations calcul\u00e9es sur le cumul (soit 10&nbsp;% du cumul, 5&nbsp;% \u00e0 charge de l&rsquo;agent et 5&nbsp;% \u00e0 charge de l&#8217;employeur) et les cotisations d\u00e9j\u00e0 vers\u00e9es<\/strong> depuis le d\u00e9but de l&rsquo;ann\u00e9e consid\u00e9r\u00e9e, dans le respect du plafond.<\/p>\n<p>Si le versement de la r\u00e9mun\u00e9ration n&rsquo;est pas mensuel, la cotisation doit \u00eatre calcul\u00e9e et vers\u00e9e de telle sorte que l&rsquo;assiette soit mois par mois respect\u00e9e, en tenant compte des montants d\u00e9j\u00e0 vers\u00e9s (12).<\/p>\n<p>Le <strong>d\u00e9cret du 18 juin 2004<\/strong>, pr\u00e9cit\u00e9, pr\u00e9cise que si l&#8217;employeur ne respecte pas la date de versement, des majorations de retard lui sont appliqu\u00e9es (13). En outre, <strong>l&rsquo;article 15 de l\u2019arr\u00eat\u00e9 du 26 novembre 2004<\/strong>, pr\u00e9cit\u00e9, indique que l&#8217;employeur doit calculer et verser mensuellement les cotisations dues, d\u00e8s lors qu&rsquo;une assiette est constitu\u00e9e. Le paiement doit \u00eatre effectu\u00e9 par virement au plus tard le 15 du mois suivant le versement de la paie (14).<\/p>\n\n\n\n<h2 style=\"color: #d10016;\"><strong>Les conditions de versement des prestations<\/strong><\/h2>\n<p>Les prestations seront vers\u00e9es depuis le 1<sup>er<\/sup> janvier 2006.<\/p>\n<h3><b>Les r\u00e8gles de constitution des droits<\/b><\/h3>\n\n\n\n<p>Le fonctionnaire acquiert des points de retraite additionnelle (15)&nbsp;:<\/p>\n<p>La formule de calcul des points est la suivante&nbsp;: Points RAFP = Cotisations vers\u00e9es \/ Valeur d&rsquo;acquisition du point&nbsp;<\/p>\n<p>La valeur d&rsquo;acquisition du point de retraite additionnelle est d\u00e9termin\u00e9e chaque ann\u00e9e par le conseil d&rsquo;administration de l&rsquo;Erafp. Pour l&rsquo;ann\u00e9e 2023, cette valeur est fix\u00e9e \u00e0 1,3466 euros.<\/p>\n<p>Cette valeur est ind\u00e9pendante de l&rsquo;\u00e2ge du cotisant. Le r\u00e9gime n&rsquo;attribue aucun point \u00e0 titre gratuit.<\/p>\n<p>Le fonctionnaire peut pr\u00e9tendre au versement de la pension de retraite additionnelle sous r\u00e9serve de remplir deux conditions (16)&nbsp;:<\/p>\n<ul>\n<li>Avoir atteint l&rsquo;\u00e2ge d&rsquo;ouverture du droit \u00e0 pension ;<\/li>\n<li>Et \u00eatre admis \u00e0 la retraite du r\u00e9gime dont il rel\u00e8ve.<\/li>\n<\/ul>\n\n\n\n<h3 style=\"text-align: justify;\"><b>Les r\u00e8gles de liquidation des droits<\/b><\/h3>\n\n\n\n<p><b>La retraite additionnelle est servie aux b\u00e9n\u00e9ficiaires sous forme de rente. Toutefois, elle est vers\u00e9e sous forme de capital lorsque le nombre de points acquis est inf\u00e9rieur \u00e0 5 125.<\/b> Le montant du capital est d\u00e9termin\u00e9 sur la base du montant de la rente annuelle par application d&rsquo;un bar\u00e8me actuariel \u00e9tabli par l\u2019Erafp (17).<\/p>\n<p>En outre,<strong> l\u2019Erafp peut d\u00e9cider du versement du capital par fractions<\/strong> lorsque le nombre de points acquis \u00e0 la date de la liquidation est sup\u00e9rieur ou \u00e9gal \u00e0 un seuil qu\u2019il d\u00e9termine et inf\u00e9rieur \u00e0 5 125. La premi\u00e8re fraction est vers\u00e9e lors de la liquidation initiale. Le solde du capital, y compris le cas \u00e9ch\u00e9ant la part r\u00e9sultant de la r\u00e9gularisation de droits non connus lors de la liquidation initiale, est pay\u00e9 au plus tard le seizi\u00e8me mois suivant celle-ci.<\/p>\n<p>Lorsque, cons\u00e9cutivement \u00e0 une r\u00e9gularisation des droits intervenue apr\u00e8s la liquidation initiale du capital, le nombre de points acquis est <strong>sup\u00e9rieur ou \u00e9gal \u00e0 5 125<\/strong>, la rente se substitue au versement du solde du capital. Dans ce cas, une retenue est effectu\u00e9e sur le montant des arr\u00e9rages de la rente \u00e0 verser et celle-ci n&rsquo;est effectivement mise en paiement qu&rsquo;apr\u00e8s extinction compl\u00e8te de la dette (17).<\/p>\n<p>La rente du b\u00e9n\u00e9ficiaire est liquid\u00e9e sous r\u00e9serve qu&rsquo;il en ait fait express\u00e9ment la demande.<\/p>\n<p>Cette <strong>demande peut \u00eatre effectu\u00e9e s\u00e9par\u00e9ment ou conjointement<\/strong> avec la demande de liquidation de la pension de retraite&nbsp;; si elle est envoy\u00e9e s\u00e9par\u00e9ment, elle doit \u00eatre directement adress\u00e9e \u00e0 l&rsquo;Erafp. Elle doit dans tous les cas mentionner la date de d\u00e9but de liquidation souhait\u00e9e, qui ne peut intervenir qu&rsquo;au premier jour d&rsquo;un mois et pas avant le mois suivant celui de la demande (18).<\/p>\n<p>Le paiement de la rente s&rsquo;effectue \u00e0 terme \u00e9chu (19). <strong>En cas de d\u00e9c\u00e8s du b\u00e9n\u00e9ficiaire, la prestation est vers\u00e9e jusqu&rsquo;\u00e0 la fin du mois en cours<\/strong>.<\/p>\n<p>Le montant de la rente annuelle se calcule de la fa\u00e7on suivante&nbsp;: <strong>Rente = Nombre de points RAFP acquis X valeur de service du point<\/strong>.<\/p>\n<p>La valeur de service du point est fix\u00e9e apr\u00e8s application d&rsquo;un bar\u00e8me actuariel modulant cette valeur en fonction de l&rsquo;\u00e2ge de liquidation de la retraite additionnelle. Ainsi, lorsque la liquidation intervient apr\u00e8s l&rsquo;\u00e2ge d&rsquo;ouverture des droits, la valeur de service du point sera major\u00e9e en tenant compte du nombre d&rsquo;ann\u00e9es \u00e9coul\u00e9es entre l&rsquo;\u00e2ge d&rsquo;ouverture des droits et l&rsquo;\u00e2ge de d\u00e9part en retraite.<\/p>\n<p>A noter que la valeur de service du point et le bar\u00e8me sont fix\u00e9s, chaque ann\u00e9e, par le conseil d&rsquo;administration de l&rsquo;Erafp (20).<\/p>\n\n\n\n<article class=\"obj_encart-formation\">\n<div class=\"ctn_encart\">\n<h3>Votre formation sur ce th\u00e8me<\/h3>\n<h2>\u00a0ACTUALIT\u00c9S ET PERFECTIONNEMENT RETRAITE DE LA FONCTION PUBLIQUE\u00a0<\/h2>\n<h4>2 jours &#8211; En pr\u00e9sentiel ou \u00e0 distance<\/h4>\n<ul>\n<li><strong>Mettre \u00e0 jour ses connaissances sur la retraite<\/strong>  des agents de la fonction publique.<\/li>\n<li><strong>Consolider ses acquis<\/strong> dans la gestion des d\u00e9parts \u00e0 la retraite.<\/li>\n<li><strong>Traiter les carri\u00e8res et situations<\/strong>  particuli\u00e8res complexes.<\/li>\n<li><strong>Apporter une r\u00e9ponse fiable et actualis\u00e9e <\/strong> \u00e0 toutes les questions des agents sur la retraite.<\/li>\n<\/ul>\n<div class=\"ctn_btn\">\n<a class=\"obj_btn\" target=\"_blank\" href=\"https:\/\/www.gereso.com\/ARCL\" rel=\"noopener\"><span>En savoir plus<\/span><\/a>\n<a class=\"obj_btn\" target=\"_blank\" href=\"https:\/\/www.gereso.com\/client\/programme-pdf\/ARCL.pdf\" rel=\"noopener\"><span>T\u00e9l\u00e9charger le programme PDF<\/span><\/a>\n<\/div>\n<\/article>\n\n\n\n<h3 style=\"text-align: justify;\"><b>La prestation de r\u00e9version<\/b><\/h3>\n\n\n\n<p>Sous r\u00e9serve que la prestation additionnelle n&rsquo;a pas d\u00e9j\u00e0 \u00e9t\u00e9 per\u00e7ue sous forme de capital, une prestation de r\u00e9version peut \u00eatre vers\u00e9e\u00a0:<\/p>\n<ul>\n<li><strong>D\u2019une part, au conjoint survivant<\/strong>, au conjoint s\u00e9par\u00e9 de corps ou divorc\u00e9 (sauf en cas de mariage ou de concubinage notoire), pour un montant \u00e9quivalent \u00e0 50\u00a0% de la prestation du b\u00e9n\u00e9ficiaire\u00a0; la demande doit \u00eatre effectu\u00e9e conjointement avec celle relative \u00e0 la pension de r\u00e9version du r\u00e9gime principal d&rsquo;affiliation. En cas d&rsquo;unions successives, la prestation est partag\u00e9e au prorata de la dur\u00e9e de chaque mariage (21). En outre, en cas de d\u00e9c\u00e8s survenu avant l&rsquo;\u00e2ge d&rsquo;ouverture des droits, l&rsquo;\u00e2ge retenu pour la liquidation est fix\u00e9 \u00e0 cet \u00e2ge d&rsquo;ouverture des droits\u00a0;<\/li>\n<li><strong>D\u2019autre part, aux orphelins enfants l\u00e9gitimes<\/strong>, naturels reconnus ou adoptifs, \u00e2g\u00e9s au plus de 21 ans, pour un montant \u00e9gal \u00e0 10\u00a0% de la prestation du b\u00e9n\u00e9ficiaire, sur demande formul\u00e9e par l&rsquo;orphelin ou son repr\u00e9sentant l\u00e9gal\u00a0; cette demande peut \u00eatre effectu\u00e9e en m\u00eame temps que celle relative \u00e0 la pension de r\u00e9version du r\u00e9gime principal d&rsquo;affiliation (22).<\/li>\n<\/ul>\n<p>Le <strong>montant total des prestations<\/strong> servies aux conjoints et aux orphelins <strong>ne peut exc\u00e9der le montant de la pension servie au b\u00e9n\u00e9ficiaire<\/strong>. En cas d&rsquo;exc\u00e9dent, une r\u00e9duction est op\u00e9r\u00e9e sur les prestations servies aux orphelins.<\/p>\n<p>Cette prestation de r\u00e9version est vers\u00e9e sous forme de rente. Toutefois, elle est vers\u00e9e sous forme de capital lorsque le nombre de points acquis est inf\u00e9rieur \u00e0 5 125, selon les modalit\u00e9s qui s&rsquo;appliquent aux b\u00e9n\u00e9ficiaires. Elle est cumulable avec une r\u00e9mun\u00e9ration d&rsquo;activit\u00e9 ainsi qu&rsquo;avec les avantages servis par un r\u00e9gime de retraite de base compl\u00e9mentaire ou additionnel. La prestation prend effet au plus t\u00f4t au premier jour du mois suivant celui du d\u00e9c\u00e8s.<\/p>\n\n\n\n<hr class=\"wp-block-separator has-alpha-channel-opacity\"\/>\n\n\n\n<h2 style=\"color:#D10016\"><strong>R\u00e9f\u00e9rences&nbsp;:<\/strong><\/h2>\n\n\n\n<p><ul>\n<li><a href=\"https:\/\/www.legifrance.gouv.fr\/loda\/id\/JORFTEXT000000781627#:~:text=Tout%20retrait%C3%A9%20a%20droit%20%C3%A0,les%20r%C3%A9gimes%20dont%20ils%20rel%C3%A8vent.\" target=\"_blank\" rel=\"noopener\">Loi n\u00b0&nbsp;2003-775 du 21 ao\u00fbt 2033, portant r\u00e9forme des retraites<\/a>&nbsp;;<\/li>\n<li><a href=\"https:\/\/questions.assemblee-nationale.fr\/static\/16\/questions\/jo\/jo_anq_202246.pdf\" target=\"_blank\" rel=\"noopener\">R\u00e9ponse \u00e0 la question \u00e9crite n\u00b0&nbsp;1255, publi\u00e9e au JOAN du 22 novembre 2022<\/a>&nbsp;;<\/li>\n<li><a href=\"https:\/\/www.legifrance.gouv.fr\/loda\/id\/JORFTEXT000000803653\/#:~:text=Pour%20chaque%20ann%C3%A9e%20civile%20et,ensemble%20des%20b%C3%A9n%C3%A9ficiaires%20qu%27il\" target=\"_blank\" rel=\"noopener\">D\u00e9cret n\u00b0&nbsp;2004-569 du 18 juin 2004 relatif \u00e0 la retraite additionnelle de la fonction publique<\/a>&nbsp;;<\/li>\n<li><a href=\"https:\/\/www.legifrance.gouv.fr\/loda\/id\/LEGITEXT000019412493\/\" target=\"_blank\" rel=\"noopener\">Arr\u00eat\u00e9 du 26 novembre 2004, modifi\u00e9, portant application du d\u00e9cret n\u00b0&nbsp;2004-569 du 18 juin 2004 relatif \u00e0 la retraite additionnelle de la fonction publique, NOR&nbsp;: n\u00b0&nbsp;FPPA0400145A<\/a>&nbsp;;<\/li>\n<li><a href=\"https:\/\/www.legifrance.gouv.fr\/codes\/article_lc\/LEGIARTI000044424412\" target=\"_blank\" rel=\"noopener\">Article L. 827-2 du CGFP<\/a>&nbsp;;<\/li>\n<li><a href=\"https:\/\/www.legifrance.gouv.fr\/jorf\/article_jo\/JORFARTI000046845714\" target=\"_blank\" rel=\"noopener\">Article 76 de la loi du 21 ao\u00fbt 2023, pr\u00e9cit\u00e9, modifi\u00e9 par l\u2019article 162 de la loi n\u00b0&nbsp;2022-1726, de finances pour 2023&nbsp;<\/a>;<\/li>\n<li><a href=\"https:\/\/www.legifrance.gouv.fr\/loda\/article_lc\/LEGIARTI000019492450\" target=\"_blank\" rel=\"noopener\">Article 1<sup>er<\/sup> du d\u00e9cret n\u00b0 2008-964 du 16 septembre 2008, relatif aux modalit\u00e9s de prise en compte dans la retraite additionnelle de la fonction publique de l&rsquo;indemnit\u00e9 dite de garantie individuelle du pouvoir d&rsquo;achat<\/a>&nbsp;;<\/li>\n<li><a href=\"https:\/\/www.legifrance.gouv.fr\/loda\/id\/JORFTEXT000018934143\/\" target=\"_blank\" rel=\"noopener\">Circulaire du 13 juin 2008, relative \u00e0 la mise en \u0153uvre du d\u00e9cret n\u00b0&nbsp;2008-539 du 6 juin 2008 relatif \u00e0 l&rsquo;instauration d&rsquo;une indemnit\u00e9 dite de garantie individuelle du pouvoir d&rsquo;achat&nbsp;;<\/a><\/li>\n<li><a href=\"https:\/\/www.legifrance.gouv.fr\/loda\/article_lc\/LEGIARTI000006453301\" target=\"_blank\" rel=\"noopener\">Article 3 du d\u00e9cret du 18 juin 2004, pr\u00e9cit\u00e9<\/a>&nbsp;;<\/li>\n<li><a href=\"https:\/\/www.legifrance.gouv.fr\/loda\/id\/JORFTEXT000000803653\/#:~:text=III.,d%27application%20du%20pr%C3%A9sent%20article.&amp;text=Les%20cotisations%20sont%20dues%20au,moins%20une%20fois%20par%20an.\" target=\"_blank\" rel=\"noopener\">Articles 11 \u00e0 15 du d\u00e9cret du 18 juin 2004, pr\u00e9cit\u00e9<\/a>&nbsp;;<\/li>\n<li><a href=\"https:\/\/www.legifrance.gouv.fr\/loda\/article_lc\/LEGIARTI000006453313\" target=\"_blank\" rel=\"noopener\">Article 15 du d\u00e9cret du 18 juin 2004, pr\u00e9cit\u00e9<\/a>&nbsp;;<\/li>\n<li><a href=\"https:\/\/www.legifrance.gouv.fr\/loda\/article_lc\/LEGIARTI000037800310\" target=\"_blank\" rel=\"noopener\">Article 15 de l\u2019arr\u00eat\u00e9 du 26 novembre 2004, pr\u00e9cit\u00e9&nbsp;<\/a>;<\/li>\n<li><a href=\"https:\/\/www.legifrance.gouv.fr\/loda\/article_lc\/LEGIARTI000006453311\" target=\"_blank\" rel=\"noopener\">Article 13 du d\u00e9cret du 18 juin 2004, pr\u00e9cit\u00e9&nbsp;;<\/a><\/li>\n<li><a href=\"https:\/\/www.legifrance.gouv.fr\/loda\/article_lc\/LEGIARTI000019412519\" target=\"_blank\" rel=\"noopener\">Article 17 de l\u2019arr\u00eat\u00e9 du 26 novembre 2004, pr\u00e9cit\u00e9<\/a>&nbsp;;<\/li>\n<li><a href=\"https:\/\/www.legifrance.gouv.fr\/loda\/article_lc\/LEGIARTI000006453313\" target=\"_blank\" rel=\"noopener\">Article 15 du d\u00e9cret du 18 juin 2004, pr\u00e9cit\u00e9<\/a>&nbsp;;<\/li>\n<li><a href=\"https:\/\/www.legifrance.gouv.fr\/loda\/article_lc\/LEGIARTI000036070843\" target=\"_blank\" rel=\"noopener\">Article 6 du d\u00e9cret du 18 juin 2004, pr\u00e9cit\u00e9<\/a>&nbsp;;<\/li>\n<li><a href=\"https:\/\/www.legifrance.gouv.fr\/loda\/article_lc\/LEGIARTI000037483756\" target=\"_blank\" rel=\"noopener\">Article 9 du d\u00e9cret du 18 juin 2004, pr\u00e9cit\u00e9<\/a>&nbsp;;<\/li>\n<li><a href=\"https:\/\/www.legifrance.gouv.fr\/loda\/article_lc\/LEGIARTI000019412503\" target=\"_blank\" rel=\"noopener\">Article 2 de l\u2019arr\u00eat\u00e9 du 26 novembre 2004, pr\u00e9cit\u00e9<\/a>&nbsp;;<\/li>\n<li><a href=\"https:\/\/www.legifrance.gouv.fr\/loda\/article_lc\/LEGIARTI000037483754\" target=\"_blank\" rel=\"noopener\">Article 8 du d\u00e9cret du 18 juin 2004, pr\u00e9cit\u00e9<\/a>&nbsp;;<\/li>\n<li><a href=\"https:\/\/www.legifrance.gouv.fr\/loda\/id\/LEGISCTA000006118337\" target=\"_blank\" rel=\"noopener\">Articles 7 et 8 du d\u00e9cret du 18 juin 2004, pr\u00e9cit\u00e9<\/a>&nbsp;;<\/li>\n<li><a href=\"https:\/\/www.legifrance.gouv.fr\/loda\/id\/LEGITEXT000019412493\/\" target=\"_blank\" rel=\"noopener\">Articles 4, 5 et 6 de l\u2019arr\u00eat\u00e9 du 26 novembre 2004, pr\u00e9cit\u00e9<\/a>&nbsp;;<\/li>\n<li><a href=\"https:\/\/www.legifrance.gouv.fr\/loda\/id\/LEGITEXT000019412493\/\" target=\"_blank\" rel=\"noopener\">Articles 7, 8 et 9 de l\u2019arr\u00eat\u00e9 du 26 novembre 2004, pr\u00e9cit\u00e9<\/a>.<\/li>\n<\/ul><\/p>\n","protected":false},"excerpt":{"rendered":"<p>Le RAFP est un r\u00e9gime \u00e0 points&nbsp;: les cotisations acquitt\u00e9es chaque ann\u00e9e par les agents et leurs employeurs sont ainsi converties. C&rsquo;est donc le nombre total de points d\u00e9tenus lors du d\u00e9part \u00e0 la retraite qui d\u00e9termine les modalit\u00e9s de paiement de la prestation de retraite additionnelle, soit en rente viag\u00e8re, soit en capital. L&rsquo;article [&hellip;]<\/p>\n","protected":false},"author":32,"featured_media":32922,"comment_status":"open","ping_status":"open","sticky":false,"template":"","format":"standard","meta":{"_acf_changed":false,"_mi_skip_tracking":false,"footnotes":""},"categories":[12,6],"tags":[],"class_list":["post-32901","post","type-post","status-publish","format-standard","has-post-thumbnail","hentry","category-actualites","category-fonction-publique"],"acf":[],"yoast_head":"<!-- This site is optimized with the Yoast SEO plugin v23.4 - https:\/\/yoast.com\/wordpress\/plugins\/seo\/ -->\n<title>Le r\u00e9gime additionnel de la fonction publique - Le Blog GERESO<\/title>\n<meta name=\"robots\" content=\"index, follow, max-snippet:-1, max-image-preview:large, max-video-preview:-1\" \/>\n<link rel=\"canonical\" href=\"https:\/\/www.gereso.com\/actualites\/2023\/01\/31\/regime-additionnel-fonction-publique\/\" \/>\n<meta property=\"og:locale\" content=\"fr_FR\" \/>\n<meta property=\"og:type\" content=\"article\" \/>\n<meta property=\"og:title\" content=\"Le r\u00e9gime additionnel de la fonction publique - Le Blog GERESO\" \/>\n<meta property=\"og:description\" content=\"Le RAFP est un r\u00e9gime \u00e0 points&nbsp;: les cotisations acquitt\u00e9es chaque ann\u00e9e par les agents et leurs employeurs sont ainsi converties. C&rsquo;est donc le nombre total de points d\u00e9tenus lors du d\u00e9part \u00e0 la retraite qui d\u00e9termine les modalit\u00e9s de paiement de la prestation de retraite additionnelle, soit en rente viag\u00e8re, soit en capital. L&rsquo;article [&hellip;]\" \/>\n<meta property=\"og:url\" content=\"https:\/\/www.gereso.com\/actualites\/2023\/01\/31\/regime-additionnel-fonction-publique\/\" \/>\n<meta property=\"og:site_name\" content=\"Le Blog GERESO\" \/>\n<meta property=\"article:published_time\" content=\"2023-01-31T14:03:43+00:00\" \/>\n<meta property=\"article:modified_time\" content=\"2023-01-31T14:07:19+00:00\" \/>\n<meta property=\"og:image\" content=\"https:\/\/www.gereso.com\/actualites\/wp-content\/uploads\/2023\/01\/regime-additionnel-fonction-pub.jpg\" \/>\n\t<meta property=\"og:image:width\" content=\"724\" \/>\n\t<meta property=\"og:image:height\" content=\"482\" \/>\n\t<meta property=\"og:image:type\" content=\"image\/jpeg\" \/>\n<meta name=\"author\" content=\"\u00c9quipe GERESO\" \/>\n<meta name=\"twitter:card\" content=\"summary_large_image\" \/>\n<script type=\"application\/ld+json\" class=\"yoast-schema-graph\">{\"@context\":\"https:\/\/schema.org\",\"@graph\":[{\"@type\":\"WebPage\",\"@id\":\"https:\/\/www.gereso.com\/actualites\/2023\/01\/31\/regime-additionnel-fonction-publique\/\",\"url\":\"https:\/\/www.gereso.com\/actualites\/2023\/01\/31\/regime-additionnel-fonction-publique\/\",\"name\":\"Le r\u00e9gime additionnel de la fonction publique - Le Blog GERESO\",\"isPartOf\":{\"@id\":\"https:\/\/www.gereso.com\/actualites\/#website\"},\"primaryImageOfPage\":{\"@id\":\"https:\/\/www.gereso.com\/actualites\/2023\/01\/31\/regime-additionnel-fonction-publique\/#primaryimage\"},\"image\":{\"@id\":\"https:\/\/www.gereso.com\/actualites\/2023\/01\/31\/regime-additionnel-fonction-publique\/#primaryimage\"},\"thumbnailUrl\":\"https:\/\/www.gereso.com\/actualites\/wp-content\/uploads\/2023\/01\/regime-additionnel-fonction-pub.jpg\",\"datePublished\":\"2023-01-31T14:03:43+00:00\",\"dateModified\":\"2023-01-31T14:07:19+00:00\",\"author\":{\"@id\":\"https:\/\/www.gereso.com\/actualites\/#\/schema\/person\/197d8aef40cb4ae3f6a0aa9e1d3df2a6\"},\"breadcrumb\":{\"@id\":\"https:\/\/www.gereso.com\/actualites\/2023\/01\/31\/regime-additionnel-fonction-publique\/#breadcrumb\"},\"inLanguage\":\"fr-FR\",\"potentialAction\":[{\"@type\":\"ReadAction\",\"target\":[\"https:\/\/www.gereso.com\/actualites\/2023\/01\/31\/regime-additionnel-fonction-publique\/\"]}]},{\"@type\":\"ImageObject\",\"inLanguage\":\"fr-FR\",\"@id\":\"https:\/\/www.gereso.com\/actualites\/2023\/01\/31\/regime-additionnel-fonction-publique\/#primaryimage\",\"url\":\"https:\/\/www.gereso.com\/actualites\/wp-content\/uploads\/2023\/01\/regime-additionnel-fonction-pub.jpg\",\"contentUrl\":\"https:\/\/www.gereso.com\/actualites\/wp-content\/uploads\/2023\/01\/regime-additionnel-fonction-pub.jpg\",\"width\":724,\"height\":482,\"caption\":\"Au moment de leur d\u00e9part en retraite, les agents peuvent b\u00e9n\u00e9ficier d'une prestation additionnelle gr\u00e2ce \u00e0 la conversion de leurs points.\"},{\"@type\":\"BreadcrumbList\",\"@id\":\"https:\/\/www.gereso.com\/actualites\/2023\/01\/31\/regime-additionnel-fonction-publique\/#breadcrumb\",\"itemListElement\":[{\"@type\":\"ListItem\",\"position\":1,\"name\":\"Home\",\"item\":\"https:\/\/www.gereso.com\/actualites\/\"},{\"@type\":\"ListItem\",\"position\":2,\"name\":\"Le r\u00e9gime additionnel de la fonction publique\"}]},{\"@type\":\"WebSite\",\"@id\":\"https:\/\/www.gereso.com\/actualites\/#website\",\"url\":\"https:\/\/www.gereso.com\/actualites\/\",\"name\":\"Le Blog GERESO\",\"description\":\"Toute l&#039;actu RH, Finance, Fonction Publique, Management...\",\"potentialAction\":[{\"@type\":\"SearchAction\",\"target\":{\"@type\":\"EntryPoint\",\"urlTemplate\":\"https:\/\/www.gereso.com\/actualites\/?s={search_term_string}\"},\"query-input\":{\"@type\":\"PropertyValueSpecification\",\"valueRequired\":true,\"valueName\":\"search_term_string\"}}],\"inLanguage\":\"fr-FR\"},{\"@type\":\"Person\",\"@id\":\"https:\/\/www.gereso.com\/actualites\/#\/schema\/person\/197d8aef40cb4ae3f6a0aa9e1d3df2a6\",\"name\":\"\u00c9quipe GERESO\",\"image\":{\"@type\":\"ImageObject\",\"inLanguage\":\"fr-FR\",\"@id\":\"https:\/\/www.gereso.com\/actualites\/#\/schema\/person\/image\/\",\"url\":\"https:\/\/www.gereso.com\/actualites\/wp-content\/uploads\/2013\/12\/avatar-gereso-1.png\",\"contentUrl\":\"https:\/\/www.gereso.com\/actualites\/wp-content\/uploads\/2013\/12\/avatar-gereso-1.png\",\"caption\":\"\u00c9quipe GERESO\"},\"url\":\"https:\/\/www.gereso.com\/actualites\/author\/gereso\/\"}]}<\/script>\n<!-- \/ Yoast SEO plugin. -->","yoast_head_json":{"title":"Le r\u00e9gime additionnel de la fonction publique - Le Blog GERESO","robots":{"index":"index","follow":"follow","max-snippet":"max-snippet:-1","max-image-preview":"max-image-preview:large","max-video-preview":"max-video-preview:-1"},"canonical":"https:\/\/www.gereso.com\/actualites\/2023\/01\/31\/regime-additionnel-fonction-publique\/","og_locale":"fr_FR","og_type":"article","og_title":"Le r\u00e9gime additionnel de la fonction publique - Le Blog GERESO","og_description":"Le RAFP est un r\u00e9gime \u00e0 points&nbsp;: les cotisations acquitt\u00e9es chaque ann\u00e9e par les agents et leurs employeurs sont ainsi converties. C&rsquo;est donc le nombre total de points d\u00e9tenus lors du d\u00e9part \u00e0 la retraite qui d\u00e9termine les modalit\u00e9s de paiement de la prestation de retraite additionnelle, soit en rente viag\u00e8re, soit en capital. L&rsquo;article [&hellip;]","og_url":"https:\/\/www.gereso.com\/actualites\/2023\/01\/31\/regime-additionnel-fonction-publique\/","og_site_name":"Le Blog GERESO","article_published_time":"2023-01-31T14:03:43+00:00","article_modified_time":"2023-01-31T14:07:19+00:00","og_image":[{"width":724,"height":482,"url":"https:\/\/www.gereso.com\/actualites\/wp-content\/uploads\/2023\/01\/regime-additionnel-fonction-pub.jpg","type":"image\/jpeg"}],"author":"\u00c9quipe GERESO","twitter_card":"summary_large_image","schema":{"@context":"https:\/\/schema.org","@graph":[{"@type":"WebPage","@id":"https:\/\/www.gereso.com\/actualites\/2023\/01\/31\/regime-additionnel-fonction-publique\/","url":"https:\/\/www.gereso.com\/actualites\/2023\/01\/31\/regime-additionnel-fonction-publique\/","name":"Le r\u00e9gime additionnel de la fonction publique - Le Blog GERESO","isPartOf":{"@id":"https:\/\/www.gereso.com\/actualites\/#website"},"primaryImageOfPage":{"@id":"https:\/\/www.gereso.com\/actualites\/2023\/01\/31\/regime-additionnel-fonction-publique\/#primaryimage"},"image":{"@id":"https:\/\/www.gereso.com\/actualites\/2023\/01\/31\/regime-additionnel-fonction-publique\/#primaryimage"},"thumbnailUrl":"https:\/\/www.gereso.com\/actualites\/wp-content\/uploads\/2023\/01\/regime-additionnel-fonction-pub.jpg","datePublished":"2023-01-31T14:03:43+00:00","dateModified":"2023-01-31T14:07:19+00:00","author":{"@id":"https:\/\/www.gereso.com\/actualites\/#\/schema\/person\/197d8aef40cb4ae3f6a0aa9e1d3df2a6"},"breadcrumb":{"@id":"https:\/\/www.gereso.com\/actualites\/2023\/01\/31\/regime-additionnel-fonction-publique\/#breadcrumb"},"inLanguage":"fr-FR","potentialAction":[{"@type":"ReadAction","target":["https:\/\/www.gereso.com\/actualites\/2023\/01\/31\/regime-additionnel-fonction-publique\/"]}]},{"@type":"ImageObject","inLanguage":"fr-FR","@id":"https:\/\/www.gereso.com\/actualites\/2023\/01\/31\/regime-additionnel-fonction-publique\/#primaryimage","url":"https:\/\/www.gereso.com\/actualites\/wp-content\/uploads\/2023\/01\/regime-additionnel-fonction-pub.jpg","contentUrl":"https:\/\/www.gereso.com\/actualites\/wp-content\/uploads\/2023\/01\/regime-additionnel-fonction-pub.jpg","width":724,"height":482,"caption":"Au moment de leur d\u00e9part en retraite, les agents peuvent b\u00e9n\u00e9ficier d'une prestation additionnelle gr\u00e2ce \u00e0 la conversion de leurs points."},{"@type":"BreadcrumbList","@id":"https:\/\/www.gereso.com\/actualites\/2023\/01\/31\/regime-additionnel-fonction-publique\/#breadcrumb","itemListElement":[{"@type":"ListItem","position":1,"name":"Home","item":"https:\/\/www.gereso.com\/actualites\/"},{"@type":"ListItem","position":2,"name":"Le r\u00e9gime additionnel de la fonction publique"}]},{"@type":"WebSite","@id":"https:\/\/www.gereso.com\/actualites\/#website","url":"https:\/\/www.gereso.com\/actualites\/","name":"Le Blog GERESO","description":"Toute l&#039;actu RH, Finance, Fonction Publique, Management...","potentialAction":[{"@type":"SearchAction","target":{"@type":"EntryPoint","urlTemplate":"https:\/\/www.gereso.com\/actualites\/?s={search_term_string}"},"query-input":{"@type":"PropertyValueSpecification","valueRequired":true,"valueName":"search_term_string"}}],"inLanguage":"fr-FR"},{"@type":"Person","@id":"https:\/\/www.gereso.com\/actualites\/#\/schema\/person\/197d8aef40cb4ae3f6a0aa9e1d3df2a6","name":"\u00c9quipe GERESO","image":{"@type":"ImageObject","inLanguage":"fr-FR","@id":"https:\/\/www.gereso.com\/actualites\/#\/schema\/person\/image\/","url":"https:\/\/www.gereso.com\/actualites\/wp-content\/uploads\/2013\/12\/avatar-gereso-1.png","contentUrl":"https:\/\/www.gereso.com\/actualites\/wp-content\/uploads\/2013\/12\/avatar-gereso-1.png","caption":"\u00c9quipe GERESO"},"url":"https:\/\/www.gereso.com\/actualites\/author\/gereso\/"}]}},"_links":{"self":[{"href":"https:\/\/www.gereso.com\/actualites\/wp-json\/wp\/v2\/posts\/32901","targetHints":{"allow":["GET"]}}],"collection":[{"href":"https:\/\/www.gereso.com\/actualites\/wp-json\/wp\/v2\/posts"}],"about":[{"href":"https:\/\/www.gereso.com\/actualites\/wp-json\/wp\/v2\/types\/post"}],"author":[{"embeddable":true,"href":"https:\/\/www.gereso.com\/actualites\/wp-json\/wp\/v2\/users\/32"}],"replies":[{"embeddable":true,"href":"https:\/\/www.gereso.com\/actualites\/wp-json\/wp\/v2\/comments?post=32901"}],"version-history":[{"count":35,"href":"https:\/\/www.gereso.com\/actualites\/wp-json\/wp\/v2\/posts\/32901\/revisions"}],"predecessor-version":[{"id":33023,"href":"https:\/\/www.gereso.com\/actualites\/wp-json\/wp\/v2\/posts\/32901\/revisions\/33023"}],"wp:featuredmedia":[{"embeddable":true,"href":"https:\/\/www.gereso.com\/actualites\/wp-json\/wp\/v2\/media\/32922"}],"wp:attachment":[{"href":"https:\/\/www.gereso.com\/actualites\/wp-json\/wp\/v2\/media?parent=32901"}],"wp:term":[{"taxonomy":"category","embeddable":true,"href":"https:\/\/www.gereso.com\/actualites\/wp-json\/wp\/v2\/categories?post=32901"},{"taxonomy":"post_tag","embeddable":true,"href":"https:\/\/www.gereso.com\/actualites\/wp-json\/wp\/v2\/tags?post=32901"}],"curies":[{"name":"wp","href":"https:\/\/api.w.org\/{rel}","templated":true}]}}