{"id":32986,"date":"2023-02-01T13:16:05","date_gmt":"2023-02-01T11:16:05","guid":{"rendered":"https:\/\/www.gereso.com\/actualites\/?p=32986"},"modified":"2023-02-07T14:54:40","modified_gmt":"2023-02-07T12:54:40","slug":"projet-loi-ddadue-impact-droit-travail","status":"publish","type":"post","link":"https:\/\/www.gereso.com\/actualites\/2023\/02\/01\/projet-loi-ddadue-impact-droit-travail\/","title":{"rendered":"Projet de loi DDADUE \u2013 impact en droit du travail"},"content":{"rendered":"\n<p>Concernant cette r\u00e9forme qui consiste \u00e0 transposer plusieurs directives et <strong>met en coh\u00e9rence le droit fran\u00e7ais avec les r\u00e8glements europ\u00e9ens<\/strong>, notamment en assurant une <strong>meilleure conciliation entre la vie professionnelle et la vie priv\u00e9e des parents et proches aidants<\/strong>, des adaptations sont r\u00e9alis\u00e9es dans le Code du travail.<\/p>\n<p>A noter qu\u2019une proc\u00e9dure acc\u00e9l\u00e9r\u00e9e a \u00e9t\u00e9 introduite par le gouvernement sur le texte.<\/p>\n\n\n\n<h2 style=\"color:#D10016\"><strong>1. Information des salari\u00e9s&nbsp;: des nouveaut\u00e9s<\/strong><\/h2>\n\n\n\n<p>Les salari\u00e9s b\u00e9n\u00e9ficient, avec ce projet de loi, d\u2019informations suppl\u00e9mentaires lors de la signature de leur contrat de travail. L\u2019<strong>employeur devra dor\u00e9navant pr\u00e9ciser par \u00e9crit les informations principales relatives \u00e0 la relation de travail.<\/strong><\/p>\n\n\n\n<figure class=\"wp-block-table\"><table><tbody><tr><td><p><em><strong>A noter&nbsp;:<\/strong><\/em> La liste des informations \u00e0 fournir sera pr\u00e9cis\u00e9 par d\u00e9cret.<\/p><\/td><\/tr><\/tbody><\/table><\/figure>\n\n\n\n<p>En tout \u00e9tat de cause, un salari\u00e9, qui n\u2019aurait pas re\u00e7u ces informations, devra, dans un premier temps, mettre en demeure l\u2019employeur de lui fournir et en l\u2019absence des informations demand\u00e9es, il pourra saisir le juge comp\u00e9tent.<\/p>\n\n\n\n<p>De plus, le projet de loi pr\u00e9voit que les salari\u00e9s pr\u00e9caires et notamment ceux en CDD doivent b\u00e9n\u00e9ficier d\u2019informations sp\u00e9cifiques. Jusqu\u2019alors, l\u2019employeur devait porter \u00e0 la connaissance des salari\u00e9s titulaires d&rsquo;un contrat de travail \u00e0 dur\u00e9e d\u00e9termin\u00e9e la liste des postes \u00e0 pourvoir dans l&rsquo;entreprise en CDI si un tel dispositif d&rsquo;information existait d\u00e9j\u00e0 pour les salari\u00e9s b\u00e9n\u00e9ficiant d&rsquo;un CDI. Le projet de loi DDADUE modifie<a href=\"https:\/\/www.legifrance.gouv.fr\/codes\/article_lc\/LEGIARTI000006901278#:~:text=L%27entreprise%20utilisatrice%20porte%20%C3%A0,un%20contrat%20%C3%A0%20dur%C3%A9e%20ind%C3%A9termin%C3%A9e.\" target=\"_blank\" rel=\"noreferrer noopener\"> l\u2019article L1251-25 du Code du travail <\/a>et propose dor\u00e9navant qu\u2019\u00e0 <strong>la demande des salari\u00e9s en CDD ou des salari\u00e9s temporaires disposant d\u2019une anciennet\u00e9 d\u2019au moins six mois en continu, les employeurs leur fournissent la liste des postes disponibles en CDI dans l\u2019entreprise.<\/strong><\/p>\n\n\n\n<p>Enfin, de <strong>nouvelles r\u00e8gles concernant les CESU<\/strong> (ch\u00e8que emploi service universel) sont propos\u00e9es dans le texte adopt\u00e9 en 1<sup>\u00e8re<\/sup> lecture. Le CESU est un m\u00e9canisme administratif qui simplifie les formalit\u00e9s administratives. Mais, la protection du salari\u00e9 est tout de m\u00eame assur\u00e9e, notamment par <strong>l\u2019obligation de r\u00e9diger un contrat de travail<\/strong> pour les salari\u00e9s en CDD ou \u00e0 temps partiel qui travaille au moins huit heures par semaine pendant quatre semaines cons\u00e9cutives dans l&rsquo;ann\u00e9e (<a href=\"https:\/\/www.legifrance.gouv.fr\/codes\/article_lc\/LEGIARTI000033021169#:~:text=Pour%20les%20emplois%20dont%20la,autre%20par%20les%20articles%20L.\" target=\"_blank\" rel=\"noreferrer noopener\">article L1271-5 du Code du travail<\/a>).<\/p>\n\n\n\n<p>Le projet de loi modifie les seuils \u00e0 la baisse, puisque l\u2019obligation de r\u00e9daction d\u2019un contrat de travail s\u2019impose lorsque le salari\u00e9 a une dur\u00e9e de travail sup\u00e9rieure \u00e0 une moyenne de trois heures par semaine au cours d\u2019une p\u00e9riode de r\u00e9f\u00e9rence de quatre semaines.<\/p>\n\n\n\n<figure class=\"wp-block-table\"><table><tbody><tr><td><p><em><strong>A noter&nbsp;:<\/strong><\/em> Les salari\u00e9s dont le contrat de travail est en cours \u00e0 la date de promulgation de cette loi peuvent demander \u00e0 leur employeur de leur fournir ou de compl\u00e9ter les informations indiqu\u00e9es dans le texte de loi.<\/p><\/td><\/tr><\/tbody><\/table><\/figure>\n\n\n\n<h2 style=\"color:#D10016\"><strong>2. La p\u00e9riode d\u2019essai&nbsp;: une nouvelle donne<\/strong><\/h2>\n\n\n\n<p>Aujourd\u2019hui, les <strong>dur\u00e9es de p\u00e9riode d\u2019essai<\/strong> fix\u00e9es par le l\u00e9gislateur sont <strong>imp\u00e9ratives<\/strong>, c\u2019est-\u00e0-dire qu\u2019il n\u2019est pas en principe possible d\u2019y d\u00e9roger dans un sens moins favorable au salari\u00e9. On ne peut donc les allonger.<\/p>\n\n\n\n<figure class=\"wp-block-table\"><table><tbody><tr><td><p><em><strong>A noter<\/strong><\/em>&nbsp;: La dur\u00e9e de la p\u00e9riode d\u2019essai diff\u00e8re selon la cat\u00e9gorie socio-professionnelle. La dur\u00e9e de la p\u00e9riode d&rsquo;essai, renouvellement compris, ne peut pas d\u00e9passer&nbsp;:<br><br>1\u00b0 Quatre mois pour les ouvriers et employ\u00e9s&nbsp;;<br>2\u00b0 Six mois pour les agents de ma\u00eetrise et techniciens&nbsp;;<br>3\u00b0 Huit mois pour les cadres. (<a href=\"https:\/\/www.legifrance.gouv.fr\/codes\/article_lc\/LEGIARTI000019071109\" target=\"_blank\" rel=\"noreferrer noopener\">Article L1221-21 du Code du travail<\/a>)<\/p><\/td><\/tr><\/tbody><\/table><\/figure>\n\n\n\n<article class=\"obj_encart-formation\">\n<div class=\"ctn_encart\">\n<h3>Votre formation sur ce th\u00e8me<\/h3>\n<h2>\u00a0ACTUALIT\u00c9S DROIT DU TRAVAIL\u00a0<\/h2>\n<h4>2 jours &#8211; En pr\u00e9sentiel ou \u00e0 distance<\/h4>\n<ul>\n<li><strong>Int\u00e9grer les derni\u00e8res nouveaut\u00e9s l\u00e9gislatives<\/strong> et jurisprudentielles intervenues en droit du travail.<\/li>\n<li><strong>\u00c9valuer les incidences de ces modifications<\/strong> sur ses pratiques d&rsquo;administration du personnel et\/ou de management.<\/li>\n<li><strong>G\u00e9rer les diff\u00e9rents cas de modification<\/strong> et de rupture du contrat de travail.<\/li>\n<li><strong>D\u00e9finir les r\u00e8gles applicables en mati\u00e8re d&rsquo;audience<\/strong> et de repr\u00e9sentativit\u00e9 syndicale.<\/li>\n<\/ul>\n<div class=\"ctn_btn\">\n<a class=\"obj_btn\" target=\"_blank\" href=\"https:\/\/www.gereso.com\/ACTW\" rel=\"noopener\"><span>En savoir plus<\/span><\/a>\n<a class=\"obj_btn\" target=\"_blank\" href=\"https:\/\/www.gereso.com\/client\/programme-pdf\/ACTW.pdf\" rel=\"noopener\"><span>T\u00e9l\u00e9charger le programme PDF<\/span><\/a>\n<\/div>\n<\/article>\n\n\n\n<p>L\u2019Article L1221-22 pose quand m\u00eame 3 exceptions. En effet, il est possible d\u2019appliquer des p\u00e9riodes d\u2019essai plus longue lorsque :<\/p>\n\n\n\n<ul class=\"wp-block-list\">\n<li>Celles-ci ont \u00e9t\u00e9 <strong>fix\u00e9es par des accords de branche<\/strong> conclus avant la date de publication de la <a href=\"https:\/\/www.legifrance.gouv.fr\/loda\/id\/JORFTEXT000019066178\" target=\"_blank\" rel=\"noreferrer noopener\">loi n\u00b0 2008-596 du 25 juin 2008<\/a> portant modernisation du march\u00e9 du travail ;<\/li>\n\n\n\n<li>Des <strong>dur\u00e9es plus courtes sont fix\u00e9es par des accords collectifs<\/strong> conclus apr\u00e8s la date de publication de la <a href=\"https:\/\/www.legifrance.gouv.fr\/loda\/id\/JORFTEXT000019066178\" target=\"_blank\" rel=\"noreferrer noopener\">loi n\u00b0 2008-596 du 25 juin 2008<\/a> pr\u00e9cit\u00e9e ;<\/li>\n\n\n\n<li>Des <strong>dur\u00e9es plus courtes sont pr\u00e9vues<\/strong> dans la lettre d&rsquo;engagement ou le contrat de travail.<\/li>\n<\/ul>\n\n\n\n<p>Le projet de loi DDADUE a supprim\u00e9 ces exceptions. Il n\u2019est donc <strong>plus possible d\u2019appliquer des p\u00e9riodes d\u2019essai plus longues<\/strong>, quand bien m\u00eame elles \u00e9taient pr\u00e9vues par un accord de branche avant le 25 juin 2008.<\/p>\n\n\n\n<figure class=\"wp-block-table\"><table><tbody><tr><td><p><strong><em>A noter<\/em><\/strong> : cette nouveaut\u00e9 entrera en vigueur 6 mois apr\u00e8s la promulgation de la loi.<\/p><\/td><\/tr><\/tbody><\/table><\/figure>\n\n\n\n<h2 style=\"color:#D10016\"><strong>3. Les cong\u00e9s&nbsp;: des adaptations du droit europ\u00e9en <\/strong><\/h2>\n\n\n\n<p>Pour assurer une \u00e9galit\u00e9 entre les jeunes parents, le<strong> cong\u00e9 paternit\u00e9<\/strong> doit dor\u00e9navant \u00eatre consid\u00e9r\u00e9 comme un <strong>temps de travail effectif pour le calcul de l\u2019anciennet\u00e9<\/strong>. En effet, aujourd\u2019hui, contrairement au cong\u00e9 maternit\u00e9, le cong\u00e9 paternit\u00e9 n\u2019est pas comptabilis\u00e9 pour d\u00e9terminer l\u2019anciennet\u00e9 d\u2019un salari\u00e9.<\/p>\n\n\n\n<p>Quel est l\u2019int\u00e9r\u00eat ? L\u2019<strong>anciennet\u00e9 a des incidences sur le calcul des cong\u00e9s pay\u00e9s,<\/strong> le calcul de l\u2019indemnit\u00e9 de licenciement, la dur\u00e9e du pr\u00e9avis\u2026<\/p>\n\n\n\n<p>Il est donc pr\u00e9vu, pour l\u2019instant, d\u2019introduire un nouvel article dans le Code du travail. Apr\u00e8s l\u2019<a href=\"https:\/\/www.legifrance.gouv.fr\/codes\/article_lc\/LEGIARTI000042679120\" target=\"_blank\" rel=\"noreferrer noopener\">article L. 1225-35-1<\/a>, il serait ins\u00e9r\u00e9 un <a href=\"https:\/\/www.legifrance.gouv.fr\/codes\/article_lc\/LEGIARTI000037951091\/\" target=\"_blank\" rel=\"noreferrer noopener\">article L. 1225-35-2<\/a> ainsi r\u00e9dig\u00e9 : \u00ab <em>La dur\u00e9e du cong\u00e9 de paternit\u00e9 et d\u2019accueil de l\u2019enfant est assimil\u00e9e \u00e0 une p\u00e9riode de travail effectif pour la d\u00e9termination des droits que le salari\u00e9 tient de son anciennet\u00e9. Le salari\u00e9 conserve le b\u00e9n\u00e9fice de tous les avantages qu\u2019il avait acquis avant le d\u00e9but du cong\u00e9. \u00bb<\/em><\/p>\n\n\n\n<p>De plus, le cong\u00e9 parental est ouvert \u00e0 une nouvelle cat\u00e9gorie de salari\u00e9s. En effet, jusqu\u2019alors, seuls les salari\u00e9s b\u00e9n\u00e9ficiant d\u2019une anciennet\u00e9 minimale d&rsquo;une ann\u00e9e \u00e0 la date de naissance de son enfant, adopt\u00e9 ou confi\u00e9 en vue de son adoption, ou de l&rsquo;arriv\u00e9e au foyer d&rsquo;un enfant qui n&rsquo;a pas encore atteint l&rsquo;\u00e2ge de la fin de l&rsquo;obligation scolaire a le droit pouvaient b\u00e9n\u00e9ficier :<\/p>\n\n\n\n<ol class=\"wp-block-list\">\n<li>Soit d&rsquo;un cong\u00e9 parental d&rsquo;\u00e9ducation durant lequel le contrat de travail est suspendu&nbsp;;<\/li>\n\n\n\n<li>Soit de la r\u00e9duction de sa dur\u00e9e de travail, sans que cette activit\u00e9 \u00e0 temps partiel puisse \u00eatre inf\u00e9rieure \u00e0 seize heures hebdomadaires. (<a href=\"https:\/\/www.legifrance.gouv.fr\/codes\/article_lc\/LEGIARTI000006900929\" target=\"_blank\" rel=\"noreferrer noopener\">Article L1227-47 du Code du travail<\/a>).<\/li>\n<\/ol>\n\n\n\n<p>Avec le projet de loi DDADUE, est supprim\u00e9e la r\u00e9f\u00e9rence \u00e0 \u00ab\u00a0<em>la date de naissance de son enfant, adopt\u00e9 ou confi\u00e9 en vue de son adoption, ou de l\u2019arriv\u00e9e au foyer d\u2019un enfant qui n\u2019a pas encore atteint l\u2019\u00e2ge de la fin de l\u2019obligation scolaire\u00a0<\/em>\u00bb. L\u2019anciennet\u00e9 d\u2019une ann\u00e9e reste une r\u00e9f\u00e9rence mais elle n\u2019a plus \u00e0 \u00eatre comptabilis\u00e9e au jour de la naissance ou de l\u2019adoption. Ainsi, les parents qui auraient une anciennet\u00e9 d\u2019un an mais qui n\u2019auraient pas un emploi au jour de la naissance ou de l\u2019adoption pourraient en b\u00e9n\u00e9ficier.<\/p>\n\n\n\n<p>De plus, le projet de loi distingue le cong\u00e9 parental \u00e0 temps plein qui reste comptabilis\u00e9 pour moiti\u00e9 dans le calcul de l\u2019anciennet\u00e9 (<a href=\"https:\/\/www.legifrance.gouv.fr\/codes\/article_lc\/LEGIARTI000018764621\" target=\"_blank\" rel=\"noreferrer noopener\">Article L1225-54 du Code du travail<\/a>). Par contre, le projet de loi pr\u00e9voit que \u00ab&nbsp;<em>Lorsqu\u2019un salari\u00e9 r\u00e9duit son temps de travail dans le cadre d\u2019un cong\u00e9 parental, la dur\u00e9e du cong\u00e9 parental d\u2019\u00e9ducation \u00e0 temps partiel est assimil\u00e9e \u00e0 une p\u00e9riode de travail effectif pour la d\u00e9termination des droits li\u00e9s \u00e0 l\u2019anciennet\u00e9.&nbsp;<\/em>\u00bb. L\u2019article L1225-54 du Code du travail serait donc modifi\u00e9 dans sa version ant\u00e9rieure et un nouvel alin\u00e9a y serait ajout\u00e9 afin de pr\u00e9voir un calcul sp\u00e9cifique pour les cong\u00e9s parentaux \u00e0 temps partiel.<\/p>\n\n\n\n<p>Enfin, il est pr\u00e9vu de modifier le code du travail afin d\u2019indiquer clairement que le salari\u00e9<strong> conserve le b\u00e9n\u00e9fice de tous les avantages qu\u2019il avait acquis avant le d\u00e9but du cong\u00e9<\/strong>. Il s\u2019agit alors des cong\u00e9s pay\u00e9s ou encore le calcul potentiel d\u2019une indemnit\u00e9 de licenciement\u2026<\/p>\n\n\n\n<p>Ce nouveau droit s\u2019applique aussi \u00e0 d\u2019<strong>autres types de cong\u00e9s<\/strong>, tel que le cong\u00e9 de<strong> pr\u00e9sence parentale<\/strong> (Article L1225-62 du Code du travail).<\/p>\n\n\n\n<p>De plus, les employ\u00e9s \u00e0 domicile embauch\u00e9s par un particulier employeur devraient pouvoir jouir de <strong>cong\u00e9s de solidarit\u00e9 familiale<\/strong> <strong>et de proche aidant<\/strong>, pr\u00e9vus aux articles L. 3142-1 \u00e0 L. 3142-27.<\/p>\n\n\n\n<p>Ainsi, ce projet de loi vise \u00e0 transposer une partie des directives europ\u00e9ennes concernant la protection des salari\u00e9s aidants ou charges de famille. Afin de garantir une <strong>\u00e9galit\u00e9 entre les salari\u00e9s<\/strong>, il \u00e9tait attendu par exemple que le cong\u00e9 paternit\u00e9 ait un r\u00e9gime similaire \u00e0 celui du cong\u00e9 maternit\u00e9, notamment concernant le calcul de l\u2019anciennet\u00e9.<\/p>\n\n\n\n<p>De plus, l\u2019information des salari\u00e9s devient une priorit\u00e9 et on attend avec impatience le d\u00e9cret qui listera les informations \u00e0 fournir. De plus, il est temps de<strong> prot\u00e9ger les salari\u00e9s pr\u00e9caires<\/strong> qui souhaiteraient obtenir une situation plus stable au sein d\u2019une structure dans laquelle il r\u00e9alise leur mission.<\/p>\n\n\n\n<p>En cons\u00e9quence, ce projet de loi est plut\u00f4t <strong>protecteur du salari\u00e9<\/strong> et cr\u00e9e \u00e0 la charge de l\u2019employeur une <strong>obligation de transparence<\/strong>, attendue des salari\u00e9s. N\u00e9anmoins, les services RH vont devoir s\u2019adapter et modifier leur process ainsi que les param\u00e8tres de leur logiciel de paye\/ temps.<\/p>\n","protected":false},"excerpt":{"rendered":"<p>Concernant cette r\u00e9forme qui consiste \u00e0 transposer plusieurs directives et met en coh\u00e9rence le droit fran\u00e7ais avec les r\u00e8glements europ\u00e9ens, notamment en assurant une meilleure conciliation entre la vie professionnelle et la vie priv\u00e9e des parents et proches aidants, des adaptations sont r\u00e9alis\u00e9es dans le Code du travail. A noter qu\u2019une proc\u00e9dure acc\u00e9l\u00e9r\u00e9e a \u00e9t\u00e9 [&hellip;]<\/p>\n","protected":false},"author":76,"featured_media":33022,"comment_status":"open","ping_status":"open","sticky":false,"template":"","format":"standard","meta":{"_acf_changed":false,"_mi_skip_tracking":false,"footnotes":""},"categories":[12,5],"tags":[],"class_list":["post-32986","post","type-post","status-publish","format-standard","has-post-thumbnail","hentry","category-actualites","category-droit-du-travail"],"acf":[],"yoast_head":"<!-- This site is optimized with the Yoast SEO plugin v23.4 - https:\/\/yoast.com\/wordpress\/plugins\/seo\/ -->\n<title>Projet de loi DDADUE \u2013 impact en droit du travail - Le Blog GERESO<\/title>\n<meta name=\"robots\" content=\"index, follow, max-snippet:-1, max-image-preview:large, max-video-preview:-1\" \/>\n<link rel=\"canonical\" href=\"https:\/\/www.gereso.com\/actualites\/2023\/02\/01\/projet-loi-ddadue-impact-droit-travail\/\" \/>\n<meta property=\"og:locale\" content=\"fr_FR\" \/>\n<meta property=\"og:type\" content=\"article\" \/>\n<meta property=\"og:title\" content=\"Projet de loi DDADUE \u2013 impact en droit du travail - Le Blog GERESO\" \/>\n<meta property=\"og:description\" content=\"Concernant cette r\u00e9forme qui consiste \u00e0 transposer plusieurs directives et met en coh\u00e9rence le droit fran\u00e7ais avec les r\u00e8glements europ\u00e9ens, notamment en assurant une meilleure conciliation entre la vie professionnelle et la vie priv\u00e9e des parents et proches aidants, des adaptations sont r\u00e9alis\u00e9es dans le Code du travail. A noter qu\u2019une proc\u00e9dure acc\u00e9l\u00e9r\u00e9e a \u00e9t\u00e9 [&hellip;]\" \/>\n<meta property=\"og:url\" content=\"https:\/\/www.gereso.com\/actualites\/2023\/02\/01\/projet-loi-ddadue-impact-droit-travail\/\" \/>\n<meta property=\"og:site_name\" content=\"Le Blog GERESO\" \/>\n<meta property=\"article:published_time\" content=\"2023-02-01T11:16:05+00:00\" \/>\n<meta property=\"article:modified_time\" content=\"2023-02-07T12:54:40+00:00\" \/>\n<meta property=\"og:image\" content=\"https:\/\/www.gereso.com\/actualites\/wp-content\/uploads\/2023\/02\/projet-loi-DDADUE-impact-droit-travail.jpg\" \/>\n\t<meta property=\"og:image:width\" content=\"600\" \/>\n\t<meta property=\"og:image:height\" content=\"400\" \/>\n\t<meta property=\"og:image:type\" content=\"image\/jpeg\" \/>\n<meta name=\"author\" content=\"S\u00e9verine Augry\" \/>\n<meta name=\"twitter:card\" content=\"summary_large_image\" \/>\n<script type=\"application\/ld+json\" class=\"yoast-schema-graph\">{\"@context\":\"https:\/\/schema.org\",\"@graph\":[{\"@type\":\"WebPage\",\"@id\":\"https:\/\/www.gereso.com\/actualites\/2023\/02\/01\/projet-loi-ddadue-impact-droit-travail\/\",\"url\":\"https:\/\/www.gereso.com\/actualites\/2023\/02\/01\/projet-loi-ddadue-impact-droit-travail\/\",\"name\":\"Projet de loi DDADUE \u2013 impact en droit du travail - Le Blog GERESO\",\"isPartOf\":{\"@id\":\"https:\/\/www.gereso.com\/actualites\/#website\"},\"primaryImageOfPage\":{\"@id\":\"https:\/\/www.gereso.com\/actualites\/2023\/02\/01\/projet-loi-ddadue-impact-droit-travail\/#primaryimage\"},\"image\":{\"@id\":\"https:\/\/www.gereso.com\/actualites\/2023\/02\/01\/projet-loi-ddadue-impact-droit-travail\/#primaryimage\"},\"thumbnailUrl\":\"https:\/\/www.gereso.com\/actualites\/wp-content\/uploads\/2023\/02\/projet-loi-DDADUE-impact-droit-travail.jpg\",\"datePublished\":\"2023-02-01T11:16:05+00:00\",\"dateModified\":\"2023-02-07T12:54:40+00:00\",\"author\":{\"@id\":\"https:\/\/www.gereso.com\/actualites\/#\/schema\/person\/4eb77dc942821be48c647095b6275056\"},\"breadcrumb\":{\"@id\":\"https:\/\/www.gereso.com\/actualites\/2023\/02\/01\/projet-loi-ddadue-impact-droit-travail\/#breadcrumb\"},\"inLanguage\":\"fr-FR\",\"potentialAction\":[{\"@type\":\"ReadAction\",\"target\":[\"https:\/\/www.gereso.com\/actualites\/2023\/02\/01\/projet-loi-ddadue-impact-droit-travail\/\"]}]},{\"@type\":\"ImageObject\",\"inLanguage\":\"fr-FR\",\"@id\":\"https:\/\/www.gereso.com\/actualites\/2023\/02\/01\/projet-loi-ddadue-impact-droit-travail\/#primaryimage\",\"url\":\"https:\/\/www.gereso.com\/actualites\/wp-content\/uploads\/2023\/02\/projet-loi-DDADUE-impact-droit-travail.jpg\",\"contentUrl\":\"https:\/\/www.gereso.com\/actualites\/wp-content\/uploads\/2023\/02\/projet-loi-DDADUE-impact-droit-travail.jpg\",\"width\":600,\"height\":400,\"caption\":\"La loi portant sur les Diverses Dispositions d\u2019Adaptation au Droit de l'Union Europ\u00e9enne apporte des modifications sur la relation au travail.\"},{\"@type\":\"BreadcrumbList\",\"@id\":\"https:\/\/www.gereso.com\/actualites\/2023\/02\/01\/projet-loi-ddadue-impact-droit-travail\/#breadcrumb\",\"itemListElement\":[{\"@type\":\"ListItem\",\"position\":1,\"name\":\"Home\",\"item\":\"https:\/\/www.gereso.com\/actualites\/\"},{\"@type\":\"ListItem\",\"position\":2,\"name\":\"Projet de loi DDADUE \u2013 impact en droit du travail\"}]},{\"@type\":\"WebSite\",\"@id\":\"https:\/\/www.gereso.com\/actualites\/#website\",\"url\":\"https:\/\/www.gereso.com\/actualites\/\",\"name\":\"Le Blog GERESO\",\"description\":\"Toute l&#039;actu RH, Finance, Fonction Publique, Management...\",\"potentialAction\":[{\"@type\":\"SearchAction\",\"target\":{\"@type\":\"EntryPoint\",\"urlTemplate\":\"https:\/\/www.gereso.com\/actualites\/?s={search_term_string}\"},\"query-input\":{\"@type\":\"PropertyValueSpecification\",\"valueRequired\":true,\"valueName\":\"search_term_string\"}}],\"inLanguage\":\"fr-FR\"},{\"@type\":\"Person\",\"@id\":\"https:\/\/www.gereso.com\/actualites\/#\/schema\/person\/4eb77dc942821be48c647095b6275056\",\"name\":\"S\u00e9verine Augry\",\"image\":{\"@type\":\"ImageObject\",\"inLanguage\":\"fr-FR\",\"@id\":\"https:\/\/www.gereso.com\/actualites\/#\/schema\/person\/image\/\",\"url\":\"https:\/\/www.gereso.com\/actualites\/wp-content\/uploads\/2020\/01\/SeverineAugry-144x144.jpg\",\"contentUrl\":\"https:\/\/www.gereso.com\/actualites\/wp-content\/uploads\/2020\/01\/SeverineAugry-144x144.jpg\",\"caption\":\"S\u00e9verine Augry\"},\"description\":\"Docteure en GRH, S\u00e9verine Augry devient charg\u00e9e d'\u00e9tudes RH puis consultante en GPEC avant de devenir formatrice en RH &amp; droit social en 2010, en parall\u00e8le de ses enseignements (Panth\u00e9on Sorbonne, IGS...). S\u00e9verine est auteure d'ouvrages et de publications en droit social et GRH. Elle forme en droit du travail individuel et collectif sur le th\u00e8mes suivants : contrats de travail, droit du travail pour managers, \u00e9lections professionnelles, n\u00e9gociation, IRP... Elle accompagne les entreprises dans leurs d\u00e9marches de lutte contre la discrimination ou l\u2019absent\u00e9isme. Elle forme et conseille les RH et managers sur leurs pratiques de recrutement et d'\u00e9valuation des comp\u00e9tences, sur la GPEC et GPEEC (fonction publique) et forme \u00e0 la paie les non-sp\u00e9cialistes et accompagne les services paie dans leurs r\u00e9gularisations.\",\"url\":\"https:\/\/www.gereso.com\/actualites\/author\/s-augry\/\"}]}<\/script>\n<!-- \/ Yoast SEO plugin. -->","yoast_head_json":{"title":"Projet de loi DDADUE \u2013 impact en droit du travail - Le Blog GERESO","robots":{"index":"index","follow":"follow","max-snippet":"max-snippet:-1","max-image-preview":"max-image-preview:large","max-video-preview":"max-video-preview:-1"},"canonical":"https:\/\/www.gereso.com\/actualites\/2023\/02\/01\/projet-loi-ddadue-impact-droit-travail\/","og_locale":"fr_FR","og_type":"article","og_title":"Projet de loi DDADUE \u2013 impact en droit du travail - Le Blog GERESO","og_description":"Concernant cette r\u00e9forme qui consiste \u00e0 transposer plusieurs directives et met en coh\u00e9rence le droit fran\u00e7ais avec les r\u00e8glements europ\u00e9ens, notamment en assurant une meilleure conciliation entre la vie professionnelle et la vie priv\u00e9e des parents et proches aidants, des adaptations sont r\u00e9alis\u00e9es dans le Code du travail. A noter qu\u2019une proc\u00e9dure acc\u00e9l\u00e9r\u00e9e a \u00e9t\u00e9 [&hellip;]","og_url":"https:\/\/www.gereso.com\/actualites\/2023\/02\/01\/projet-loi-ddadue-impact-droit-travail\/","og_site_name":"Le Blog GERESO","article_published_time":"2023-02-01T11:16:05+00:00","article_modified_time":"2023-02-07T12:54:40+00:00","og_image":[{"width":600,"height":400,"url":"https:\/\/www.gereso.com\/actualites\/wp-content\/uploads\/2023\/02\/projet-loi-DDADUE-impact-droit-travail.jpg","type":"image\/jpeg"}],"author":"S\u00e9verine Augry","twitter_card":"summary_large_image","schema":{"@context":"https:\/\/schema.org","@graph":[{"@type":"WebPage","@id":"https:\/\/www.gereso.com\/actualites\/2023\/02\/01\/projet-loi-ddadue-impact-droit-travail\/","url":"https:\/\/www.gereso.com\/actualites\/2023\/02\/01\/projet-loi-ddadue-impact-droit-travail\/","name":"Projet de loi DDADUE \u2013 impact en droit du travail - Le Blog GERESO","isPartOf":{"@id":"https:\/\/www.gereso.com\/actualites\/#website"},"primaryImageOfPage":{"@id":"https:\/\/www.gereso.com\/actualites\/2023\/02\/01\/projet-loi-ddadue-impact-droit-travail\/#primaryimage"},"image":{"@id":"https:\/\/www.gereso.com\/actualites\/2023\/02\/01\/projet-loi-ddadue-impact-droit-travail\/#primaryimage"},"thumbnailUrl":"https:\/\/www.gereso.com\/actualites\/wp-content\/uploads\/2023\/02\/projet-loi-DDADUE-impact-droit-travail.jpg","datePublished":"2023-02-01T11:16:05+00:00","dateModified":"2023-02-07T12:54:40+00:00","author":{"@id":"https:\/\/www.gereso.com\/actualites\/#\/schema\/person\/4eb77dc942821be48c647095b6275056"},"breadcrumb":{"@id":"https:\/\/www.gereso.com\/actualites\/2023\/02\/01\/projet-loi-ddadue-impact-droit-travail\/#breadcrumb"},"inLanguage":"fr-FR","potentialAction":[{"@type":"ReadAction","target":["https:\/\/www.gereso.com\/actualites\/2023\/02\/01\/projet-loi-ddadue-impact-droit-travail\/"]}]},{"@type":"ImageObject","inLanguage":"fr-FR","@id":"https:\/\/www.gereso.com\/actualites\/2023\/02\/01\/projet-loi-ddadue-impact-droit-travail\/#primaryimage","url":"https:\/\/www.gereso.com\/actualites\/wp-content\/uploads\/2023\/02\/projet-loi-DDADUE-impact-droit-travail.jpg","contentUrl":"https:\/\/www.gereso.com\/actualites\/wp-content\/uploads\/2023\/02\/projet-loi-DDADUE-impact-droit-travail.jpg","width":600,"height":400,"caption":"La loi portant sur les Diverses Dispositions d\u2019Adaptation au Droit de l'Union Europ\u00e9enne apporte des modifications sur la relation au travail."},{"@type":"BreadcrumbList","@id":"https:\/\/www.gereso.com\/actualites\/2023\/02\/01\/projet-loi-ddadue-impact-droit-travail\/#breadcrumb","itemListElement":[{"@type":"ListItem","position":1,"name":"Home","item":"https:\/\/www.gereso.com\/actualites\/"},{"@type":"ListItem","position":2,"name":"Projet de loi DDADUE \u2013 impact en droit du travail"}]},{"@type":"WebSite","@id":"https:\/\/www.gereso.com\/actualites\/#website","url":"https:\/\/www.gereso.com\/actualites\/","name":"Le Blog GERESO","description":"Toute l&#039;actu RH, Finance, Fonction Publique, Management...","potentialAction":[{"@type":"SearchAction","target":{"@type":"EntryPoint","urlTemplate":"https:\/\/www.gereso.com\/actualites\/?s={search_term_string}"},"query-input":{"@type":"PropertyValueSpecification","valueRequired":true,"valueName":"search_term_string"}}],"inLanguage":"fr-FR"},{"@type":"Person","@id":"https:\/\/www.gereso.com\/actualites\/#\/schema\/person\/4eb77dc942821be48c647095b6275056","name":"S\u00e9verine Augry","image":{"@type":"ImageObject","inLanguage":"fr-FR","@id":"https:\/\/www.gereso.com\/actualites\/#\/schema\/person\/image\/","url":"https:\/\/www.gereso.com\/actualites\/wp-content\/uploads\/2020\/01\/SeverineAugry-144x144.jpg","contentUrl":"https:\/\/www.gereso.com\/actualites\/wp-content\/uploads\/2020\/01\/SeverineAugry-144x144.jpg","caption":"S\u00e9verine Augry"},"description":"Docteure en GRH, S\u00e9verine Augry devient charg\u00e9e d'\u00e9tudes RH puis consultante en GPEC avant de devenir formatrice en RH &amp; droit social en 2010, en parall\u00e8le de ses enseignements (Panth\u00e9on Sorbonne, IGS...). S\u00e9verine est auteure d'ouvrages et de publications en droit social et GRH. Elle forme en droit du travail individuel et collectif sur le th\u00e8mes suivants : contrats de travail, droit du travail pour managers, \u00e9lections professionnelles, n\u00e9gociation, IRP... Elle accompagne les entreprises dans leurs d\u00e9marches de lutte contre la discrimination ou l\u2019absent\u00e9isme. Elle forme et conseille les RH et managers sur leurs pratiques de recrutement et d'\u00e9valuation des comp\u00e9tences, sur la GPEC et GPEEC (fonction publique) et forme \u00e0 la paie les non-sp\u00e9cialistes et accompagne les services paie dans leurs r\u00e9gularisations.","url":"https:\/\/www.gereso.com\/actualites\/author\/s-augry\/"}]}},"_links":{"self":[{"href":"https:\/\/www.gereso.com\/actualites\/wp-json\/wp\/v2\/posts\/32986","targetHints":{"allow":["GET"]}}],"collection":[{"href":"https:\/\/www.gereso.com\/actualites\/wp-json\/wp\/v2\/posts"}],"about":[{"href":"https:\/\/www.gereso.com\/actualites\/wp-json\/wp\/v2\/types\/post"}],"author":[{"embeddable":true,"href":"https:\/\/www.gereso.com\/actualites\/wp-json\/wp\/v2\/users\/76"}],"replies":[{"embeddable":true,"href":"https:\/\/www.gereso.com\/actualites\/wp-json\/wp\/v2\/comments?post=32986"}],"version-history":[{"count":55,"href":"https:\/\/www.gereso.com\/actualites\/wp-json\/wp\/v2\/posts\/32986\/revisions"}],"predecessor-version":[{"id":33486,"href":"https:\/\/www.gereso.com\/actualites\/wp-json\/wp\/v2\/posts\/32986\/revisions\/33486"}],"wp:featuredmedia":[{"embeddable":true,"href":"https:\/\/www.gereso.com\/actualites\/wp-json\/wp\/v2\/media\/33022"}],"wp:attachment":[{"href":"https:\/\/www.gereso.com\/actualites\/wp-json\/wp\/v2\/media?parent=32986"}],"wp:term":[{"taxonomy":"category","embeddable":true,"href":"https:\/\/www.gereso.com\/actualites\/wp-json\/wp\/v2\/categories?post=32986"},{"taxonomy":"post_tag","embeddable":true,"href":"https:\/\/www.gereso.com\/actualites\/wp-json\/wp\/v2\/tags?post=32986"}],"curies":[{"name":"wp","href":"https:\/\/api.w.org\/{rel}","templated":true}]}}