{"id":3357,"date":"2014-06-19T09:27:39","date_gmt":"2014-06-19T07:27:39","guid":{"rendered":"https:\/\/www.gereso.com\/actualites\/?p=3357"},"modified":"2019-05-20T08:34:12","modified_gmt":"2019-05-20T06:34:12","slug":"les-formations-gereso-pour-agir-contre-labsenteisme-au-travail","status":"publish","type":"post","link":"https:\/\/www.gereso.com\/actualites\/2014\/06\/19\/les-formations-gereso-pour-agir-contre-labsenteisme-au-travail\/","title":{"rendered":"Les formations GERESO pour agir contre l\u2019absent\u00e9isme au travail"},"content":{"rendered":"<p style=\"text-align: justify;\"><span style=\"font-size: medium;\"><i>Pour certaines entreprises, l\u2019<strong>absent\u00e9isme<\/strong> est un v\u00e9ritable fl\u00e9au. Pourtant, il est possible d\u2019agir en amont pour \u00e9viter l\u2019absence de ses salari\u00e9s au travail. GERESO propose justement plusieurs formations dans les domaines des ressources humaines et de la sant\u00e9 au travail sur cette th\u00e9matique bien pr\u00e9cise.<\/i><\/span><\/p>\n<figure id=\"attachment_3364\" aria-describedby=\"caption-attachment-3364\" style=\"width: 500px\" class=\"wp-caption aligncenter\"><img fetchpriority=\"high\" decoding=\"async\" class=\"size-full wp-image-3364\" src=\"https:\/\/www.gereso.com\/actualites\/wp-content\/uploads\/2014\/06\/absence-employe-absenteisme1-1.jpg\" alt=\"Aide gestion absent\u00e9isme au bureau 2\" width=\"500\" height=\"334\" srcset=\"https:\/\/www.gereso.com\/actualites\/wp-content\/uploads\/2014\/06\/absence-employe-absenteisme1-1.jpg 500w, https:\/\/www.gereso.com\/actualites\/wp-content\/uploads\/2014\/06\/absence-employe-absenteisme1-1-300x200.jpg 300w\" sizes=\"(max-width: 500px) 100vw, 500px\" \/><figcaption id=\"caption-attachment-3364\" class=\"wp-caption-text\">Aide gestion absent\u00e9isme au bureau<\/figcaption><\/figure>\n<h2>L\u2019absent\u00e9isme au travail en France<\/h2>\n<p style=\"text-align: justify;\">En 2012, les entreprises fran\u00e7aises ont enregistr\u00e9 <strong>un taux d\u2019absent\u00e9isme de 4.53%<\/strong>, un chiffre en hausse par rapport \u00e0 2011. Au final, cela repr\u00e9sente 16.6 jours d\u2019absence par salari\u00e9 dans l\u2019ann\u00e9e. Rien que dans le priv\u00e9, le co\u00fbt de l\u2019absent\u00e9isme atteint 6.98 milliards d\u2019euros.<\/p>\n<p style=\"text-align: justify;\">Les raisons de l\u2019absence d\u2019un salari\u00e9 peuvent \u00eatre multiples. Selon une r\u00e9cente \u00e9tude, les DRH fran\u00e7ais consid\u00e8rent que l\u2019absence est due \u00e0 59% \u00e0 l\u2019\u00e9tat de sant\u00e9 du salari\u00e9, \u00e0 41% aux conditions de travail et \u00e0 40% \u00e0 la charge de travail.<\/p>\n<h2>Nos formations sur l\u2019absent\u00e9isme<\/h2>\n<p style=\"text-align: justify;\">GERESO invite les professionnels des ressources humaines \u00e0 suivre sa <a title=\"formation absent\u00e9isme au travail\" href=\"http:\/\/www.gereso.com\/formations\/ressources-humaines\/formation-absenteisme-prevenir-et-agir\" target=\"_blank\" rel=\"noopener noreferrer\">formation pour pr\u00e9venir l\u2019absent\u00e9isme au travail<\/a>, mais aussi agir si la situation devient probl\u00e9matique et g\u00e8ne la bonne marche des services. Ce stage permettra aux professionnels des ressources humaines d\u2019<strong>\u00e9tablir un diagnostic dans leur entreprise, d\u2019identifier les leviers d\u2019action et de mettre en place un plan de pr\u00e9vention<\/strong>.<\/p>\n<p style=\"text-align: justify;\">Mais ce stage n\u2019est pas la seule formation propos\u00e9e par GERESO sur l\u2019absent\u00e9isme. Les programmes li\u00e9s \u00e0 la pr\u00e9vention des risques psychosociaux et de la sant\u00e9 au travail sont aussi concern\u00e9s.<\/p>\n<p style=\"text-align: justify;\">Source<\/p>\n","protected":false},"excerpt":{"rendered":"<p>Pour certaines entreprises, l\u2019absent\u00e9isme est un v\u00e9ritable fl\u00e9au. Pourtant, il est possible d\u2019agir en amont pour \u00e9viter l\u2019absence de ses salari\u00e9s au travail. GERESO propose justement plusieurs formations dans les domaines des ressources humaines et de la sant\u00e9 au travail sur cette th\u00e9matique bien pr\u00e9cise. L\u2019absent\u00e9isme au travail en France En 2012, les entreprises fran\u00e7aises [&hellip;]<\/p>\n","protected":false},"author":32,"featured_media":3364,"comment_status":"open","ping_status":"open","sticky":false,"template":"","format":"standard","meta":{"_acf_changed":false,"_mi_skip_tracking":false,"footnotes":""},"categories":[2,364],"tags":[458,292],"class_list":["post-3357","post","type-post","status-publish","format-standard","has-post-thumbnail","hentry","category-ressources-humaines","category-sante-et-securite","tag-absenteisme-au-travail","tag-formation-ressources-humaines"],"acf":[],"yoast_head":"<!-- This site is optimized with the Yoast SEO plugin v23.4 - https:\/\/yoast.com\/wordpress\/plugins\/seo\/ -->\n<title>Les formations GERESO pour agir contre l\u2019absent\u00e9isme au travail - Le Blog GERESO<\/title>\n<meta name=\"robots\" content=\"index, follow, max-snippet:-1, max-image-preview:large, max-video-preview:-1\" \/>\n<link rel=\"canonical\" href=\"https:\/\/www.gereso.com\/actualites\/2014\/06\/19\/les-formations-gereso-pour-agir-contre-labsenteisme-au-travail\/\" \/>\n<meta property=\"og:locale\" content=\"fr_FR\" \/>\n<meta property=\"og:type\" content=\"article\" \/>\n<meta property=\"og:title\" content=\"Les formations GERESO pour agir contre l\u2019absent\u00e9isme au travail - Le Blog GERESO\" \/>\n<meta property=\"og:description\" content=\"Pour certaines entreprises, l\u2019absent\u00e9isme est un v\u00e9ritable fl\u00e9au. Pourtant, il est possible d\u2019agir en amont pour \u00e9viter l\u2019absence de ses salari\u00e9s au travail. GERESO propose justement plusieurs formations dans les domaines des ressources humaines et de la sant\u00e9 au travail sur cette th\u00e9matique bien pr\u00e9cise. L\u2019absent\u00e9isme au travail en France En 2012, les entreprises fran\u00e7aises [&hellip;]\" \/>\n<meta property=\"og:url\" content=\"https:\/\/www.gereso.com\/actualites\/2014\/06\/19\/les-formations-gereso-pour-agir-contre-labsenteisme-au-travail\/\" \/>\n<meta property=\"og:site_name\" content=\"Le Blog GERESO\" \/>\n<meta property=\"article:published_time\" content=\"2014-06-19T07:27:39+00:00\" \/>\n<meta property=\"article:modified_time\" content=\"2019-05-20T06:34:12+00:00\" \/>\n<meta property=\"og:image\" content=\"https:\/\/www.gereso.com\/actualites\/wp-content\/uploads\/2014\/06\/absence-employe-absenteisme1-1.jpg\" \/>\n\t<meta property=\"og:image:width\" content=\"500\" \/>\n\t<meta property=\"og:image:height\" content=\"334\" \/>\n\t<meta property=\"og:image:type\" content=\"image\/jpeg\" \/>\n<meta name=\"author\" content=\"\u00c9quipe GERESO\" \/>\n<meta name=\"twitter:card\" content=\"summary_large_image\" \/>\n<script type=\"application\/ld+json\" class=\"yoast-schema-graph\">{\"@context\":\"https:\/\/schema.org\",\"@graph\":[{\"@type\":\"WebPage\",\"@id\":\"https:\/\/www.gereso.com\/actualites\/2014\/06\/19\/les-formations-gereso-pour-agir-contre-labsenteisme-au-travail\/\",\"url\":\"https:\/\/www.gereso.com\/actualites\/2014\/06\/19\/les-formations-gereso-pour-agir-contre-labsenteisme-au-travail\/\",\"name\":\"Les formations GERESO pour agir contre l\u2019absent\u00e9isme au travail - Le Blog GERESO\",\"isPartOf\":{\"@id\":\"https:\/\/www.gereso.com\/actualites\/#website\"},\"primaryImageOfPage\":{\"@id\":\"https:\/\/www.gereso.com\/actualites\/2014\/06\/19\/les-formations-gereso-pour-agir-contre-labsenteisme-au-travail\/#primaryimage\"},\"image\":{\"@id\":\"https:\/\/www.gereso.com\/actualites\/2014\/06\/19\/les-formations-gereso-pour-agir-contre-labsenteisme-au-travail\/#primaryimage\"},\"thumbnailUrl\":\"https:\/\/www.gereso.com\/actualites\/wp-content\/uploads\/2014\/06\/absence-employe-absenteisme1-1.jpg\",\"datePublished\":\"2014-06-19T07:27:39+00:00\",\"dateModified\":\"2019-05-20T06:34:12+00:00\",\"author\":{\"@id\":\"https:\/\/www.gereso.com\/actualites\/#\/schema\/person\/197d8aef40cb4ae3f6a0aa9e1d3df2a6\"},\"breadcrumb\":{\"@id\":\"https:\/\/www.gereso.com\/actualites\/2014\/06\/19\/les-formations-gereso-pour-agir-contre-labsenteisme-au-travail\/#breadcrumb\"},\"inLanguage\":\"fr-FR\",\"potentialAction\":[{\"@type\":\"ReadAction\",\"target\":[\"https:\/\/www.gereso.com\/actualites\/2014\/06\/19\/les-formations-gereso-pour-agir-contre-labsenteisme-au-travail\/\"]}]},{\"@type\":\"ImageObject\",\"inLanguage\":\"fr-FR\",\"@id\":\"https:\/\/www.gereso.com\/actualites\/2014\/06\/19\/les-formations-gereso-pour-agir-contre-labsenteisme-au-travail\/#primaryimage\",\"url\":\"https:\/\/www.gereso.com\/actualites\/wp-content\/uploads\/2014\/06\/absence-employe-absenteisme1-1.jpg\",\"contentUrl\":\"https:\/\/www.gereso.com\/actualites\/wp-content\/uploads\/2014\/06\/absence-employe-absenteisme1-1.jpg\",\"width\":500,\"height\":334,\"caption\":\"Aide gestion absent\u00e9isme au bureau 2\"},{\"@type\":\"BreadcrumbList\",\"@id\":\"https:\/\/www.gereso.com\/actualites\/2014\/06\/19\/les-formations-gereso-pour-agir-contre-labsenteisme-au-travail\/#breadcrumb\",\"itemListElement\":[{\"@type\":\"ListItem\",\"position\":1,\"name\":\"Home\",\"item\":\"https:\/\/www.gereso.com\/actualites\/\"},{\"@type\":\"ListItem\",\"position\":2,\"name\":\"Les formations GERESO pour agir contre l\u2019absent\u00e9isme au travail\"}]},{\"@type\":\"WebSite\",\"@id\":\"https:\/\/www.gereso.com\/actualites\/#website\",\"url\":\"https:\/\/www.gereso.com\/actualites\/\",\"name\":\"Le Blog GERESO\",\"description\":\"Toute l&#039;actu RH, Finance, Fonction Publique, Management...\",\"potentialAction\":[{\"@type\":\"SearchAction\",\"target\":{\"@type\":\"EntryPoint\",\"urlTemplate\":\"https:\/\/www.gereso.com\/actualites\/?s={search_term_string}\"},\"query-input\":{\"@type\":\"PropertyValueSpecification\",\"valueRequired\":true,\"valueName\":\"search_term_string\"}}],\"inLanguage\":\"fr-FR\"},{\"@type\":\"Person\",\"@id\":\"https:\/\/www.gereso.com\/actualites\/#\/schema\/person\/197d8aef40cb4ae3f6a0aa9e1d3df2a6\",\"name\":\"\u00c9quipe GERESO\",\"image\":{\"@type\":\"ImageObject\",\"inLanguage\":\"fr-FR\",\"@id\":\"https:\/\/www.gereso.com\/actualites\/#\/schema\/person\/image\/\",\"url\":\"https:\/\/www.gereso.com\/actualites\/wp-content\/uploads\/2013\/12\/avatar-gereso-1.png\",\"contentUrl\":\"https:\/\/www.gereso.com\/actualites\/wp-content\/uploads\/2013\/12\/avatar-gereso-1.png\",\"caption\":\"\u00c9quipe GERESO\"},\"url\":\"https:\/\/www.gereso.com\/actualites\/author\/gereso\/\"}]}<\/script>\n<!-- \/ Yoast SEO plugin. -->","yoast_head_json":{"title":"Les formations GERESO pour agir contre l\u2019absent\u00e9isme au travail - Le Blog GERESO","robots":{"index":"index","follow":"follow","max-snippet":"max-snippet:-1","max-image-preview":"max-image-preview:large","max-video-preview":"max-video-preview:-1"},"canonical":"https:\/\/www.gereso.com\/actualites\/2014\/06\/19\/les-formations-gereso-pour-agir-contre-labsenteisme-au-travail\/","og_locale":"fr_FR","og_type":"article","og_title":"Les formations GERESO pour agir contre l\u2019absent\u00e9isme au travail - Le Blog GERESO","og_description":"Pour certaines entreprises, l\u2019absent\u00e9isme est un v\u00e9ritable fl\u00e9au. Pourtant, il est possible d\u2019agir en amont pour \u00e9viter l\u2019absence de ses salari\u00e9s au travail. GERESO propose justement plusieurs formations dans les domaines des ressources humaines et de la sant\u00e9 au travail sur cette th\u00e9matique bien pr\u00e9cise. L\u2019absent\u00e9isme au travail en France En 2012, les entreprises fran\u00e7aises [&hellip;]","og_url":"https:\/\/www.gereso.com\/actualites\/2014\/06\/19\/les-formations-gereso-pour-agir-contre-labsenteisme-au-travail\/","og_site_name":"Le Blog GERESO","article_published_time":"2014-06-19T07:27:39+00:00","article_modified_time":"2019-05-20T06:34:12+00:00","og_image":[{"width":500,"height":334,"url":"https:\/\/www.gereso.com\/actualites\/wp-content\/uploads\/2014\/06\/absence-employe-absenteisme1-1.jpg","type":"image\/jpeg"}],"author":"\u00c9quipe GERESO","twitter_card":"summary_large_image","schema":{"@context":"https:\/\/schema.org","@graph":[{"@type":"WebPage","@id":"https:\/\/www.gereso.com\/actualites\/2014\/06\/19\/les-formations-gereso-pour-agir-contre-labsenteisme-au-travail\/","url":"https:\/\/www.gereso.com\/actualites\/2014\/06\/19\/les-formations-gereso-pour-agir-contre-labsenteisme-au-travail\/","name":"Les formations GERESO pour agir contre l\u2019absent\u00e9isme au travail - Le Blog GERESO","isPartOf":{"@id":"https:\/\/www.gereso.com\/actualites\/#website"},"primaryImageOfPage":{"@id":"https:\/\/www.gereso.com\/actualites\/2014\/06\/19\/les-formations-gereso-pour-agir-contre-labsenteisme-au-travail\/#primaryimage"},"image":{"@id":"https:\/\/www.gereso.com\/actualites\/2014\/06\/19\/les-formations-gereso-pour-agir-contre-labsenteisme-au-travail\/#primaryimage"},"thumbnailUrl":"https:\/\/www.gereso.com\/actualites\/wp-content\/uploads\/2014\/06\/absence-employe-absenteisme1-1.jpg","datePublished":"2014-06-19T07:27:39+00:00","dateModified":"2019-05-20T06:34:12+00:00","author":{"@id":"https:\/\/www.gereso.com\/actualites\/#\/schema\/person\/197d8aef40cb4ae3f6a0aa9e1d3df2a6"},"breadcrumb":{"@id":"https:\/\/www.gereso.com\/actualites\/2014\/06\/19\/les-formations-gereso-pour-agir-contre-labsenteisme-au-travail\/#breadcrumb"},"inLanguage":"fr-FR","potentialAction":[{"@type":"ReadAction","target":["https:\/\/www.gereso.com\/actualites\/2014\/06\/19\/les-formations-gereso-pour-agir-contre-labsenteisme-au-travail\/"]}]},{"@type":"ImageObject","inLanguage":"fr-FR","@id":"https:\/\/www.gereso.com\/actualites\/2014\/06\/19\/les-formations-gereso-pour-agir-contre-labsenteisme-au-travail\/#primaryimage","url":"https:\/\/www.gereso.com\/actualites\/wp-content\/uploads\/2014\/06\/absence-employe-absenteisme1-1.jpg","contentUrl":"https:\/\/www.gereso.com\/actualites\/wp-content\/uploads\/2014\/06\/absence-employe-absenteisme1-1.jpg","width":500,"height":334,"caption":"Aide gestion absent\u00e9isme au bureau 2"},{"@type":"BreadcrumbList","@id":"https:\/\/www.gereso.com\/actualites\/2014\/06\/19\/les-formations-gereso-pour-agir-contre-labsenteisme-au-travail\/#breadcrumb","itemListElement":[{"@type":"ListItem","position":1,"name":"Home","item":"https:\/\/www.gereso.com\/actualites\/"},{"@type":"ListItem","position":2,"name":"Les formations GERESO pour agir contre l\u2019absent\u00e9isme au travail"}]},{"@type":"WebSite","@id":"https:\/\/www.gereso.com\/actualites\/#website","url":"https:\/\/www.gereso.com\/actualites\/","name":"Le Blog GERESO","description":"Toute l&#039;actu RH, Finance, Fonction Publique, Management...","potentialAction":[{"@type":"SearchAction","target":{"@type":"EntryPoint","urlTemplate":"https:\/\/www.gereso.com\/actualites\/?s={search_term_string}"},"query-input":{"@type":"PropertyValueSpecification","valueRequired":true,"valueName":"search_term_string"}}],"inLanguage":"fr-FR"},{"@type":"Person","@id":"https:\/\/www.gereso.com\/actualites\/#\/schema\/person\/197d8aef40cb4ae3f6a0aa9e1d3df2a6","name":"\u00c9quipe GERESO","image":{"@type":"ImageObject","inLanguage":"fr-FR","@id":"https:\/\/www.gereso.com\/actualites\/#\/schema\/person\/image\/","url":"https:\/\/www.gereso.com\/actualites\/wp-content\/uploads\/2013\/12\/avatar-gereso-1.png","contentUrl":"https:\/\/www.gereso.com\/actualites\/wp-content\/uploads\/2013\/12\/avatar-gereso-1.png","caption":"\u00c9quipe GERESO"},"url":"https:\/\/www.gereso.com\/actualites\/author\/gereso\/"}]}},"_links":{"self":[{"href":"https:\/\/www.gereso.com\/actualites\/wp-json\/wp\/v2\/posts\/3357","targetHints":{"allow":["GET"]}}],"collection":[{"href":"https:\/\/www.gereso.com\/actualites\/wp-json\/wp\/v2\/posts"}],"about":[{"href":"https:\/\/www.gereso.com\/actualites\/wp-json\/wp\/v2\/types\/post"}],"author":[{"embeddable":true,"href":"https:\/\/www.gereso.com\/actualites\/wp-json\/wp\/v2\/users\/32"}],"replies":[{"embeddable":true,"href":"https:\/\/www.gereso.com\/actualites\/wp-json\/wp\/v2\/comments?post=3357"}],"version-history":[{"count":1,"href":"https:\/\/www.gereso.com\/actualites\/wp-json\/wp\/v2\/posts\/3357\/revisions"}],"predecessor-version":[{"id":11019,"href":"https:\/\/www.gereso.com\/actualites\/wp-json\/wp\/v2\/posts\/3357\/revisions\/11019"}],"wp:featuredmedia":[{"embeddable":true,"href":"https:\/\/www.gereso.com\/actualites\/wp-json\/wp\/v2\/media\/3364"}],"wp:attachment":[{"href":"https:\/\/www.gereso.com\/actualites\/wp-json\/wp\/v2\/media?parent=3357"}],"wp:term":[{"taxonomy":"category","embeddable":true,"href":"https:\/\/www.gereso.com\/actualites\/wp-json\/wp\/v2\/categories?post=3357"},{"taxonomy":"post_tag","embeddable":true,"href":"https:\/\/www.gereso.com\/actualites\/wp-json\/wp\/v2\/tags?post=3357"}],"curies":[{"name":"wp","href":"https:\/\/api.w.org\/{rel}","templated":true}]}}