{"id":33575,"date":"2023-02-20T15:12:08","date_gmt":"2023-02-20T13:12:08","guid":{"rendered":"https:\/\/www.gereso.com\/actualites\/?p=33575"},"modified":"2023-03-06T11:07:17","modified_gmt":"2023-03-06T09:07:17","slug":"maitriser-orthographe-travail-est-ce-que-cela-compte-vraiment","status":"publish","type":"post","link":"https:\/\/www.gereso.com\/actualites\/2023\/02\/20\/maitriser-orthographe-travail-est-ce-que-cela-compte-vraiment\/","title":{"rendered":"Ma\u00eetriser l&rsquo;orthographe au travail, est-ce que cela compte vraiment ?"},"content":{"rendered":"\n<h2 style=\"color:#D10016\"><strong>Un constat&nbsp;: le niveau en orthographe baisse de fa\u00e7on constante en France<\/strong><\/h2>\n\n\n\n<h3 class=\"wp-block-heading\">Une baisse g\u00e9n\u00e9ralis\u00e9e du niveau d\u2019orthographe en France<\/h3>\n\n\n\n<p>C\u2019est un fait, le niveau g\u00e9n\u00e9ral d\u2019orthographe est en baisse en France depuis de nombreuses ann\u00e9es.<\/p>\n\n\n\n<p>Selon des statistiques du minist\u00e8re de l\u2019\u00c9ducation nationale, en 2016, entre 1987 et 2005, les \u00e9l\u00e8ves ont perdu deux ann\u00e9es&nbsp;: les coll\u00e9giens de 5<sup>\u00e8me<\/sup> de 2005 ont le m\u00eame niveau que des \u00e9l\u00e8ves de CM2, en 1987.<\/p>\n\n\n\n<p>Une autre preuve est la dict\u00e9e des 30&nbsp;ans&nbsp;du minist\u00e8re de l\u2019\u00c9ducation nationale propos\u00e9e \u00e0 des \u00e9l\u00e8ves de CM2 \u00e0 plusieurs ann\u00e9es d\u2019intervalle, en 1987, 2007 et 2015. Le nombre moyen de fautes est pass\u00e9 de 10,6 en 1987 \u00e0 pr\u00e8s de 18 en 2015.<\/p>\n\n\n\n<p>Le constat est donc sans appel&nbsp;: le niveau d\u2019orthographe des Fran\u00e7ais semble inexorablement baisser d\u2019ann\u00e9e en ann\u00e9e.<\/p>\n\n\n\n<p>Ce ph\u00e9nom\u00e8ne s\u2019est progressivement g\u00e9n\u00e9ralis\u00e9 depuis la fin du XX\u1d49 si\u00e8cle et concerne l\u2019ensemble des \u00e9l\u00e8ves, quel que soit leur sexe, leur \u00e2ge ou leur environnement social. Il touche aussi bien les \u00e9tablissements d\u2019enseignement publics que priv\u00e9s.<\/p>\n\n\n\n<p>La baisse du niveau d\u2019orthographe observ\u00e9e de l\u2019\u00e9cole primaire au lyc\u00e9e aurait un<strong> impact sur l\u2019avenir des \u00e9tudiants<\/strong>, puis, plus tard, sur les professionnels.<\/p>\n\n\n\n<p>En effet, le monde du travail n\u2019est pas \u00e9pargn\u00e9.<\/p>\n\n\n\n<p>D&rsquo;apr\u00e8s une enqu\u00eate Ipsos pour le Projet Voltaire publi\u00e9 en 2021, 76&nbsp;% des 2&nbsp;500 employeurs interrog\u00e9s \u00e0 travers toute la France \u00ab&nbsp;<em>se trouvent confront\u00e9s quotidiennement aux lacunes de leurs \u00e9quipes<\/em>&nbsp;\u00bb et <strong>trois entreprises fran\u00e7aises sur quatre estiment faire face \u00e0 un probl\u00e8me d&rsquo;orthographe de leurs employ\u00e9s.<\/strong><strong>&nbsp;<\/strong><strong><\/strong><\/p>\n\n\n\n<p>\u00c0 l\u2019\u00e9crit comme \u00e0 l\u2019oral, <strong>les salari\u00e9s fran\u00e7ais font trop de fautes d\u2019orthographe et de syntaxe<\/strong>.<\/p>\n\n\n\n<p>Les cadres ne sont pas en reste&nbsp;: un certain nombre d\u2019entre eux sont en situation d&rsquo;illettrisme dans l&rsquo;entreprise. \u00c0 force de ne pas utiliser l&rsquo;\u00e9criture, ils en ont perdu l&rsquo;usage.<\/p>\n\n\n\n<p>Ce ph\u00e9nom\u00e8ne, impossible \u00e0 quantifier, \u00e9chappe aux dispositifs de lutte et de d\u00e9tection, car ces salari\u00e9s parviennent \u00e0 cacher leurs difficult\u00e9s gr\u00e2ce \u00e0 des strat\u00e9gies de contournement. En effet, en tant que cadre manager, il y a toujours quelqu&rsquo;un \u00e0 qui d\u00e9l\u00e9guer les t\u00e2ches \u00e9crites !<\/p>\n\n\n\n<h3 class=\"wp-block-heading\">Une orthographe fran\u00e7aise complexe et peu transparente<\/h3>\n\n\n\n<p>Quelle est la cause de cette situation&nbsp;?<\/p>\n\n\n\n<p>Elle est connue&nbsp;: c\u2019est l\u2019orthographe fran\u00e7aise elle-m\u00eame.<\/p>\n\n\n\n<p>En effet, elle est sans <strong>doute l&rsquo;une des plus compliqu\u00e9e au monde et des plus longues \u00e0 ma\u00eetriser<\/strong>, comme nous le pr\u00e9sente cette excellente conf\u00e9rence&nbsp;: <a href=\"https:\/\/www.youtube.com\/watch?v=5YO7Vg1ByA8\" target=\"_blank\" rel=\"noreferrer noopener\">La faute de l\u2019orthographe<\/a>.<\/p>\n\n\n\n<p>Les raisons de cette complexit\u00e9 sont multiples.<\/p>\n\n\n\n<p>D\u2019une part, notre alphabet ne comprend que 26&nbsp;lettres pour transcrire 36&nbsp;sons.<\/p>\n\n\n\n<p>Donc, pour pallier cette difficult\u00e9, des accents et combin\u00e9 des lettres (ch, gn, in \u2026) ont \u00e9t\u00e9 ajout\u00e9s. D\u2019autres combinaisons de lettres ont \u00e9galement \u00e9t\u00e9 ajout\u00e9es pour transcrire des sons qui \u00e9taient d\u00e9j\u00e0 cod\u00e9s par d&rsquo;autres caract\u00e8res (ph\/f, au\/o, ai\/\u00e9, \u00e7\/s).<\/p>\n\n\n\n<p>En cons\u00e9quence, les 36 sons ont bien \u00e9t\u00e9 repr\u00e9sent\u00e9s, mais au prix d\u2019une complexit\u00e9 \u00e9norme&nbsp;: plus d\u2019une centaine de possibilit\u00e9s pour coder les 36 sons tandis qu\u2019une langue comme le finnois n\u2019en poss\u00e8de qu\u2019une vingtaine.<\/p>\n\n\n\n<p>\u00c0 cette complexit\u00e9, s\u2019ajoute l&rsquo;abondance des lettres muettes dans l\u2019orthographe fran\u00e7aise. En effet, <strong>80&nbsp;% des erreurs viennent des accords et des homophones verbaux<\/strong> (formes verbales qui s&rsquo;entendent pareil, mais s&rsquo;\u00e9crivent diff\u00e9remment)&nbsp;: \u00ab&nbsp;je prends&nbsp;\u00bb, \u00ab&nbsp;il prend&nbsp;\u00bb ou encore \u00ab&nbsp;je dirai&nbsp;\u00bb (futur) et \u00ab&nbsp;je dirais&nbsp;\u00bb (conditionnel).<\/p>\n\n\n\n<p>Ces fautes sont g\u00eanantes, car ces lettres muettes ont plusieurs fonctions grammaticales de sens et de distinction du temps, du nombre et du genre.<\/p>\n\n\n\n<p>L&rsquo;<strong>orthographe fran\u00e7aise est donc tr\u00e8s peu transparente<\/strong>, c&rsquo;est-\u00e0-dire que le passage du fran\u00e7ais parl\u00e9 au fran\u00e7ais \u00e9crit est extr\u00eamement complexe et difficile \u00e0 pr\u00e9voir \u00e0 partir de r\u00e8gles.<\/p>\n\n\n\n<p>Cette situation oblige \u00e0 consacrer un temps consid\u00e9rable \u00e0 l&rsquo;enseignement de l&rsquo;orthographe du fran\u00e7ais, au d\u00e9triment des autres mati\u00e8res et des autres comp\u00e9tences langagi\u00e8res (savoir structurer un texte, pr\u00e9senter de mani\u00e8re claire et ordonn\u00e9e une argumentation).<\/p>\n\n\n\n<p>Or les mati\u00e8res enseign\u00e9es se sont multipli\u00e9es et le temps d\u2019apprentissage du fran\u00e7ais \u00e0 l\u2019\u00e9cole a \u00e9t\u00e9 r\u00e9duit&nbsp;au profit de ces autres enseignements.<\/p>\n\n\n\n<p>La situation est donc paradoxale&nbsp;: <strong>des comp\u00e9tences en fran\u00e7ais \u00e9crit exig\u00e9es que l\u2019\u00e9cole n\u2019a plus le temps d\u2019enseigner<\/strong>. &nbsp;<\/p>\n\n\n\n<p>Donc, l\u2019\u00e9vidence est l\u00e0&nbsp;: les fautes d\u2019orthographe commises par les Fran\u00e7ais restent nombreuses.<\/p>\n\n\n\n<p>Une fois pos\u00e9 que le niveau d\u2019orthographe en France baisse, la question qui s\u2019ensuit est&nbsp;: Est-ce si grave que \u00e7a&nbsp;? Quelle importance, finalement, qu\u2019un texte soit mal orthographi\u00e9, tant que le message passe&nbsp;?<\/p>\n\n\n\n<p>L\u2019essentiel n\u2019est-il pas de se faire comprendre le mieux possible, au plus pr\u00e8s de la r\u00e9alit\u00e9 et sans filtre&nbsp;?&nbsp;En somme, avoir une bonne orthographe, est-ce encore vraiment utile&nbsp;?<\/p>\n\n\n\n<h2 style=\"color:#D10016\"><strong>Quel est l\u2019impact des fautes d\u2019orthographe&nbsp;?<\/strong><\/h2>\n\n\n\n<p>Si certains pensent que faire des fautes n\u2019est pas si grave, car \u00ab&nbsp;tout le monde en fait&nbsp;\u00bb&nbsp;; dans le milieu professionnel, c\u2019est une autre r\u00e9alit\u00e9.<\/p>\n\n\n\n<p>En effet, <strong>dans le monde du travail, ma\u00eetriser les r\u00e8gles d\u2019orthographe est consid\u00e9r\u00e9 comme un atout majeur et une exigence absolue<\/strong>. A contrario, faire des fautes d\u2019orthographe peut nuire \u00e0 une carri\u00e8re.<\/p>\n\n\n\n<p>Que peuvent co\u00fbter les fautes d\u2019orthographe dans le travail&nbsp;?<\/p>\n\n\n\n<h3 class=\"wp-block-heading\">L\u2019orthographe, un puissant marqueur social en milieu professionnel<\/h3>\n\n\n\n<p>En France,&nbsp;l\u2019orthographe est un marqueur social fort. Dans le monde du travail en particulier, <strong>ma\u00eetriser les r\u00e8gles d\u2019orthographe est consid\u00e9r\u00e9 comme une<\/strong><strong>&nbsp;<\/strong><strong>marque d\u2019intelligence, de fiabilit\u00e9 et de s\u00e9rieux<\/strong>. C\u2019est aussi le signe d\u2019une bonne structuration de la pens\u00e9e puisque cela montre que l\u2019on a bien assimil\u00e9 la logique et les r\u00e8gles de sa langue.<\/p>\n\n\n\n<p>Dans l\u2019inconscient collectif, <strong>faire des fautes d\u2019orthographe renvoie une image de personne brouillonne et non rigoureuse envers laquelle il est difficile d\u2019avoir confiance<\/strong>. Au contraire, une ma\u00eetrise parfaite de l\u2019orthographe donne une bonne r\u00e9putation de fiabilit\u00e9.<\/p>\n\n\n\n<h5 class=\"wp-block-heading\">Les fautes sont d\u2019ailleurs g\u00e9n\u00e9ralement interpr\u00e9t\u00e9es par ceux qui les lisent comme&nbsp;un manque de rigueur, un manque de respect et un manque de cr\u00e9dibilit\u00e9. On ne peut pas faire confiance \u00e0 quelqu\u2019un qui fait des fautes&nbsp;!<\/h5>\n\n\n\n<h3 class=\"wp-block-heading\">Un frein \u00e0 la carri\u00e8re<\/h3>\n\n\n\n<p>L\u2019\u00e9tude intitul\u00e9e \u00ab&nbsp;<em>Ma\u00eetrise du fran\u00e7ais&nbsp;: nouveaux enjeux pour salari\u00e9s et RH<\/em>&nbsp;\u00bb, r\u00e9alis\u00e9e par OpinionWay pour Bescherelle, en 2019 nous apprend que&nbsp;:<\/p>\n\n\n\n<ul class=\"wp-block-list\">\n<li>52&nbsp;% des DRH affirment avoir d\u00e9j\u00e0 \u00e9cart\u00e9 une candidature en raison d\u2019un d\u00e9faut de ma\u00eetrise du fran\u00e7ais \u00e0 l\u2019\u00e9crit.<\/li>\n\n\n\n<li>15&nbsp;% des employeurs confient que la promotion d\u2019un salari\u00e9 a pu \u00eatre frein\u00e9e en raison d\u2019un mauvais niveau en orthographe.<\/li>\n\n\n\n<li>92&nbsp;% des employeurs craignent qu\u2019une mauvaise expression \u00e9crite de leurs salari\u00e9s puisse avoir un impact n\u00e9gatif sur l\u2019image de l\u2019entreprise \u00e0 l\u2019ext\u00e9rieur.<\/li>\n<\/ul>\n\n\n\n<p>De cette \u00e9tude, nous pouvons d\u00e9duire plusieurs cons\u00e9quences d\u2019une mauvaise ma\u00eetrise de l\u2019orthographe sur la carri\u00e8re professionnelle.<\/p>\n\n\n\n<h3 class=\"wp-block-heading\">Un frein \u00e0 l\u2019embauche<\/h3>\n\n\n\n<p>Une mauvaise ma\u00eetrise de l\u2019orthographe est tout d\u2019abord un <strong>frein \u00e0 l\u2019embauche<\/strong>.<\/p>\n\n\n\n<p>Les sondages sont formels&nbsp;: ma\u00eetriser le fran\u00e7ais \u00e0 l\u2019\u00e9crit reste un <strong>crit\u00e8re d\u2019embauche d\u00e9cisif <\/strong>et nombreux sont les employeurs qui font de la ma\u00eetrise du fran\u00e7ais une condition \u00e0 l&#8217;embauche.<\/p>\n\n\n\n<p>D\u2019apr\u00e8s une enqu\u00eate d\u2019Ipsos du 26 octobre 2021, les fautes d\u2019orthographe, de grammaire ou de conjugaison et une mauvaise qualit\u00e9 d\u2019expression \u00e0 l\u2019\u00e9crit <em>\u00ab&nbsp;sont r\u00e9dhibitoires \u00e0 la lecture d\u2019un CV ou d\u2019une lettre de motivation&nbsp;\u00bb.<\/em><\/p>\n\n\n\n<p><strong>80&nbsp;% des recruteurs rejettent les dossiers de candidats d\u00e8s qu\u2019ils aper\u00e7oivent une faute d\u2019orthographe<\/strong>, car cela d\u00e9montre un manque de professionnalisme.&nbsp;<\/p>\n\n\n\n<p>En effet, un CV, un e-mail ou une lettre de candidature sont des documents suppos\u00e9s avoir \u00e9t\u00e9 travaill\u00e9s, relus et corrig\u00e9s avant envoi. S\u2019ils contiennent des fautes d\u2019orthographe, leur pr\u00e9sence sera interpr\u00e9t\u00e9e comme de la n\u00e9gligence et de l\u2019incomp\u00e9tence. De plus, des fautes commises en phase de recrutement se retrouveront s\u00fbrement une fois en poste. C\u2019est un risque que le recruteur ne prendra probablement pas.<\/p>\n\n\n\n<h3 class=\"wp-block-heading\">Un obstacle aux promotions<\/h3>\n\n\n\n<p>Une mauvaise ma\u00eetrise de l\u2019orthographe constitue ensuite un frein \u00e0 la carri\u00e8re.<\/p>\n\n\n\n<p>Selon l\u2019enqu\u00eate Ipsos de 2021, une difficult\u00e9 \u00e0 s\u2019exprimer ou \u00e0 convaincre et des fautes d\u2019orthographe sont \u00e9galement <strong>des crit\u00e8res r\u00e9dhibitoires pour accorder une promotion<\/strong>. \u00ab&nbsp;Pour plus de 80% des employeurs, ces lacunes constituent un obstacle important pour accorder une \u00e9volution de carri\u00e8re&nbsp;\u00bb.<\/p>\n\n\n\n<p>\u00c9crire sans fautes est devenu un imp\u00e9ratif pour pouvoir monter en grade au sein d\u2019une entreprise et les fautes d\u2019orthographe en entreprise sont vraiment p\u00e9nalisantes&nbsp;: elles entravent r\u00e9ellement l\u2019ascension professionnelle du salari\u00e9.<\/p>\n\n\n\n<p>En effet, il semble <strong>difficile de nommer \u00e0 un poste \u00e0 responsabilit\u00e9s<\/strong> un employ\u00e9 dont les e-mails et les rapports sont truff\u00e9s de fautes. Par <strong>manque de cr\u00e9dibilit\u00e9<\/strong>, il aura du mal \u00e0 convaincre ses \u00e9quipes et \u00e0 asseoir son autorit\u00e9. De plus, sa pi\u00e8tre ma\u00eetrise de l\u2019\u00e9crit risque de renvoyer une<strong> image d\u00e9grad\u00e9e de la soci\u00e9t\u00e9<\/strong> qui l\u2019emploie aupr\u00e8s de ses partenaires.<\/p>\n\n\n\n<article class=\"obj_encart-formation\">\n<div class=\"ctn_encart\">\n<h3>Votre formation sur ce th\u00e8me<\/h3>\n<h2>&nbsp;L&rsquo;ORTHOGRAPHE POUR VOS ECRITS PROFESSIONNELS&nbsp;<\/h2>\n<h4>2 jours &#8211; En pr\u00e9sentiel ou \u00e0 distance<\/h4>\n<ul>\n<li><strong>Utiliser des trucs et astuces<\/strong> pour s&rsquo;auto-contr\u00f4ler et gagner en confiance.<\/li>\n<li><strong>Am\u00e9liorer ses r\u00e9flexes<\/strong> pour accorder les noms et les adjectifs.<\/li>\n<li><strong>Respecter l\u2019\u00e9criture des verbes&nbsp;:<\/strong> conjuguer aux temps et modes les plus utiles.<\/li>\n<li><strong>Acqu\u00e9rir une m\u00e9thode fiable<\/strong> pour accorder le participe pass\u00e9.<\/li>\n<li><strong>Rep\u00e9rer et \u00e9viter les erreurs<\/strong> les plus courantes dans les \u00e9crits professionnels.<\/li>\n<\/ul>\n<div class=\"ctn_btn\">\n<a class=\"obj_btn\" target=\"_blank\" href=\"https:\/\/www.gereso.com\/ORTO\" rel=\"noopener\"><span>En savoir plus<\/span><\/a>\n<a class=\"obj_btn\" target=\"_blank\" href=\"https:\/\/www.gereso.com\/client\/programme-pdf\/ORTO.pdf\" rel=\"noopener\"><span>T\u00e9l\u00e9charger le programme PDF<\/span><\/a>\n<\/div>\n<\/article>\n\n\n\n<h3 class=\"wp-block-heading\">Un impact n\u00e9gatif sur l\u2019image de l\u2019entreprise<\/h3>\n\n\n\n<p><strong>Faire des fautes d\u2019orthographe en milieu professionnel ne nuit pas seulement aux salari\u00e9s, mais aussi aux entreprises<\/strong>.<\/p>\n\n\n\n<p>Selon les employeurs, <strong>une mauvaise ma\u00eetrise de la langue fran\u00e7aise nuit \u00e0 la cr\u00e9dibilit\u00e9 et \u00e0 l\u2019image de l\u2019entreprise aupr\u00e8s de leurs clients et\/ou fournisseurs<\/strong> (plus de 90&nbsp;%).<\/p>\n\n\n\n<p>Et au sein m\u00eame de l\u2019entreprise, ils consid\u00e8rent pour 77&nbsp;%, que cela p\u00e9nalise la productivit\u00e9 et l\u2019efficacit\u00e9 professionnelle de leurs \u00e9quipes, et que cela impacte m\u00eame les r\u00e9sultats et la performance financi\u00e8re des entreprises (pour 65&nbsp;%).&nbsp;<\/p>\n\n\n\n<p>En effet, dans leurs \u00e9crits, les salari\u00e9s incarnent leur entreprise.<\/p>\n\n\n\n<p>Leur ma\u00eetrise de l\u2019orthographe est une forme de politesse et l&rsquo;entreprise engage sa cr\u00e9dibilit\u00e9 dans les mails que ses employ\u00e9s envoient en son nom.<\/p>\n\n\n\n<p>En effet, une faute d\u2019orthographe dans un document envoy\u00e9 \u00e0 des clients ou partenaires donne une mauvaise image de l\u2019entreprise. Une mauvaise orthographe cr\u00e9e aussi <strong>des erreurs de communication et d\u2019interpr\u00e9tation<\/strong> qui peuvent donner lieu \u00e0 des <strong>confusions<\/strong>, des <strong>incompr\u00e9hensions<\/strong>, et une<strong> perte de cr\u00e9dibilit\u00e9<\/strong>.<\/p>\n\n\n\n<p>Donc, les cons\u00e9quences sont \u00e9galement tr\u00e8s importantes pour l\u2019entreprise si les salari\u00e9s ne savent pas s\u2019exprimer ou \u00e9crire sans faire de faute.<\/p>\n\n\n\n<p>Ce probl\u00e8me am\u00e8ne donc les employeurs \u00e0 \u00eatre plus attentifs \u00e0 l&rsquo;orthographe \u00ab&nbsp;parce qu&rsquo;ils ont conscience que cela leur porte pr\u00e9judice&nbsp;\u00bb.<\/p>\n\n\n\n<p>En conclusion, il est ind\u00e9niable que ma\u00eetriser l\u2019orthographe au travail, cela compte vraiment autant pour le salari\u00e9 que pour l\u2019entreprise.<\/p>\n\n\n\n<p>Alors, comment am\u00e9liorer le niveau d\u2019orthographe des salari\u00e9s et des \u00e9quipes&nbsp;?<\/p>\n\n\n\n<p>\u00c0 court terme, une premi\u00e8re solution pour \u00e9radiquer les fautes d\u2019orthographe serait de recourir \u00e0 des logiciels de correction orthographique. Ils sont faciles d\u2019acc\u00e8s, mais ne sont cependant pas infaillibles.<\/p>\n\n\n\n<p>En effet, se servir d\u2019un correcteur orthographique donne l\u2019illusion de faire moins de fautes d\u2019orthographe&nbsp;? mais n\u2019am\u00e9liore pas vraiment le niveau des utilisateurs.<\/p>\n\n\n\n<p>L\u2019option id\u00e9ale et la plus efficace \u00e0 long terme, serait de proposer aux \u00e9quipes de se former pour revoir et (r\u00e9) apprendre les r\u00e8gles orthographiques. &nbsp;<\/p>\n\n\n\n<p>Il existe de multiples formations, cours, stages et certifications \u00e0 la disposition des entreprises et de nombreuses modalit\u00e9s d\u2019apprentissage pour r\u00e9apprendre \u00e0 \u00e9crire sans bouleverser le travail des salari\u00e9s et leur organisation&nbsp;: cours du soir, applications mobiles, sites web, formations intensives\u2026<\/p>\n\n\n\n<p>De plus, en <strong>accompagnant les salari\u00e9s<\/strong> plut\u00f4t qu\u2019en les stigmatisant, la d\u00e9marche de <strong>l\u2019entreprise s\u2019inscrit dans une volont\u00e9 de formation<\/strong> visant \u00e0 renforcer la confiance des salari\u00e9s et contribue en m\u00eame temps \u00e0 impacter positivement la marque employeur.<\/p>\n\n\n\n<h3 class=\"wp-block-heading\">R\u00e9f\u00e9rences documentaires&nbsp;:<\/h3>\n\n\n\n<ul class=\"wp-block-list\">\n<li>L\u2019\u00e9tude \u00ab&nbsp;<em>Ma\u00eetrise du fran\u00e7ais&nbsp;: nouveaux enjeux pour salari\u00e9s et RH<\/em>&nbsp;\u00bb, r\u00e9alis\u00e9e par OpinionWay pour Bescherelle en 2019<\/li>\n\n\n\n<li>L\u2019enqu\u00eate, Ipsos men\u00e9e pour le compte de l\u2019organisme de formation en orthographe Projet Voltaire, r\u00e9alis\u00e9e en ligne via le Panel Ipsos (s\u00e9lection al\u00e9atoire au sein d\u2019une base de 25 000 Fran\u00e7ais), en deux vagues, en mai et septembre 2021 aupr\u00e8s de 2&nbsp;504 d\u00e9cideurs en entreprises de plus de 50 salari\u00e9s du secteur public et priv\u00e9 sur la France enti\u00e8re dans divers secteurs d\u2019activit\u00e9 (industrie, construction\/BTP, services, commerces et transport\u2026).<\/li>\n<\/ul>\n","protected":false},"excerpt":{"rendered":"<p>Un constat&nbsp;: le niveau en orthographe baisse de fa\u00e7on constante en France Une baisse g\u00e9n\u00e9ralis\u00e9e du niveau d\u2019orthographe en France C\u2019est un fait, le niveau g\u00e9n\u00e9ral d\u2019orthographe est en baisse en France depuis de nombreuses ann\u00e9es. Selon des statistiques du minist\u00e8re de l\u2019\u00c9ducation nationale, en 2016, entre 1987 et 2005, les \u00e9l\u00e8ves ont perdu deux [&hellip;]<\/p>\n","protected":false},"author":32,"featured_media":33882,"comment_status":"open","ping_status":"open","sticky":false,"template":"","format":"standard","meta":{"_acf_changed":false,"_mi_skip_tracking":false,"footnotes":""},"categories":[12,9,2],"tags":[],"class_list":["post-33575","post","type-post","status-publish","format-standard","has-post-thumbnail","hentry","category-actualites","category-developpement-personnel-et-efficacite-professionnelle","category-ressources-humaines"],"acf":[],"yoast_head":"<!-- This site is optimized with the Yoast SEO plugin v23.4 - https:\/\/yoast.com\/wordpress\/plugins\/seo\/ -->\n<title>Ma\u00eetriser l&rsquo;orthographe au travail, est-ce que cela compte vraiment ? - Le Blog GERESO<\/title>\n<meta name=\"robots\" content=\"index, follow, max-snippet:-1, max-image-preview:large, max-video-preview:-1\" \/>\n<link rel=\"canonical\" href=\"https:\/\/www.gereso.com\/actualites\/2023\/02\/20\/maitriser-orthographe-travail-est-ce-que-cela-compte-vraiment\/\" \/>\n<meta property=\"og:locale\" content=\"fr_FR\" \/>\n<meta property=\"og:type\" content=\"article\" \/>\n<meta property=\"og:title\" content=\"Ma\u00eetriser l&rsquo;orthographe au travail, est-ce que cela compte vraiment ? - Le Blog GERESO\" \/>\n<meta property=\"og:description\" content=\"Un constat&nbsp;: le niveau en orthographe baisse de fa\u00e7on constante en France Une baisse g\u00e9n\u00e9ralis\u00e9e du niveau d\u2019orthographe en France C\u2019est un fait, le niveau g\u00e9n\u00e9ral d\u2019orthographe est en baisse en France depuis de nombreuses ann\u00e9es. Selon des statistiques du minist\u00e8re de l\u2019\u00c9ducation nationale, en 2016, entre 1987 et 2005, les \u00e9l\u00e8ves ont perdu deux [&hellip;]\" \/>\n<meta property=\"og:url\" content=\"https:\/\/www.gereso.com\/actualites\/2023\/02\/20\/maitriser-orthographe-travail-est-ce-que-cela-compte-vraiment\/\" \/>\n<meta property=\"og:site_name\" content=\"Le Blog GERESO\" \/>\n<meta property=\"article:published_time\" content=\"2023-02-20T13:12:08+00:00\" \/>\n<meta property=\"article:modified_time\" content=\"2023-03-06T09:07:17+00:00\" \/>\n<meta property=\"og:image\" content=\"https:\/\/www.gereso.com\/actualites\/wp-content\/uploads\/2023\/02\/orthographe-au-travail.png\" \/>\n\t<meta property=\"og:image:width\" content=\"600\" \/>\n\t<meta property=\"og:image:height\" content=\"400\" \/>\n\t<meta property=\"og:image:type\" content=\"image\/png\" \/>\n<meta name=\"author\" content=\"\u00c9quipe GERESO\" \/>\n<meta name=\"twitter:card\" content=\"summary_large_image\" \/>\n<script type=\"application\/ld+json\" class=\"yoast-schema-graph\">{\"@context\":\"https:\/\/schema.org\",\"@graph\":[{\"@type\":\"WebPage\",\"@id\":\"https:\/\/www.gereso.com\/actualites\/2023\/02\/20\/maitriser-orthographe-travail-est-ce-que-cela-compte-vraiment\/\",\"url\":\"https:\/\/www.gereso.com\/actualites\/2023\/02\/20\/maitriser-orthographe-travail-est-ce-que-cela-compte-vraiment\/\",\"name\":\"Ma\u00eetriser l&rsquo;orthographe au travail, est-ce que cela compte vraiment ? - Le Blog GERESO\",\"isPartOf\":{\"@id\":\"https:\/\/www.gereso.com\/actualites\/#website\"},\"primaryImageOfPage\":{\"@id\":\"https:\/\/www.gereso.com\/actualites\/2023\/02\/20\/maitriser-orthographe-travail-est-ce-que-cela-compte-vraiment\/#primaryimage\"},\"image\":{\"@id\":\"https:\/\/www.gereso.com\/actualites\/2023\/02\/20\/maitriser-orthographe-travail-est-ce-que-cela-compte-vraiment\/#primaryimage\"},\"thumbnailUrl\":\"https:\/\/www.gereso.com\/actualites\/wp-content\/uploads\/2023\/02\/orthographe-au-travail.png\",\"datePublished\":\"2023-02-20T13:12:08+00:00\",\"dateModified\":\"2023-03-06T09:07:17+00:00\",\"author\":{\"@id\":\"https:\/\/www.gereso.com\/actualites\/#\/schema\/person\/197d8aef40cb4ae3f6a0aa9e1d3df2a6\"},\"breadcrumb\":{\"@id\":\"https:\/\/www.gereso.com\/actualites\/2023\/02\/20\/maitriser-orthographe-travail-est-ce-que-cela-compte-vraiment\/#breadcrumb\"},\"inLanguage\":\"fr-FR\",\"potentialAction\":[{\"@type\":\"ReadAction\",\"target\":[\"https:\/\/www.gereso.com\/actualites\/2023\/02\/20\/maitriser-orthographe-travail-est-ce-que-cela-compte-vraiment\/\"]}]},{\"@type\":\"ImageObject\",\"inLanguage\":\"fr-FR\",\"@id\":\"https:\/\/www.gereso.com\/actualites\/2023\/02\/20\/maitriser-orthographe-travail-est-ce-que-cela-compte-vraiment\/#primaryimage\",\"url\":\"https:\/\/www.gereso.com\/actualites\/wp-content\/uploads\/2023\/02\/orthographe-au-travail.png\",\"contentUrl\":\"https:\/\/www.gereso.com\/actualites\/wp-content\/uploads\/2023\/02\/orthographe-au-travail.png\",\"width\":600,\"height\":400,\"caption\":\"Ma\u00eetriser l\u2019orthographe au travail, est-ce important ?\"},{\"@type\":\"BreadcrumbList\",\"@id\":\"https:\/\/www.gereso.com\/actualites\/2023\/02\/20\/maitriser-orthographe-travail-est-ce-que-cela-compte-vraiment\/#breadcrumb\",\"itemListElement\":[{\"@type\":\"ListItem\",\"position\":1,\"name\":\"Home\",\"item\":\"https:\/\/www.gereso.com\/actualites\/\"},{\"@type\":\"ListItem\",\"position\":2,\"name\":\"Ma\u00eetriser l&rsquo;orthographe au travail, est-ce que cela compte vraiment ?\"}]},{\"@type\":\"WebSite\",\"@id\":\"https:\/\/www.gereso.com\/actualites\/#website\",\"url\":\"https:\/\/www.gereso.com\/actualites\/\",\"name\":\"Le Blog GERESO\",\"description\":\"Toute l&#039;actu RH, Finance, Fonction Publique, Management...\",\"potentialAction\":[{\"@type\":\"SearchAction\",\"target\":{\"@type\":\"EntryPoint\",\"urlTemplate\":\"https:\/\/www.gereso.com\/actualites\/?s={search_term_string}\"},\"query-input\":{\"@type\":\"PropertyValueSpecification\",\"valueRequired\":true,\"valueName\":\"search_term_string\"}}],\"inLanguage\":\"fr-FR\"},{\"@type\":\"Person\",\"@id\":\"https:\/\/www.gereso.com\/actualites\/#\/schema\/person\/197d8aef40cb4ae3f6a0aa9e1d3df2a6\",\"name\":\"\u00c9quipe GERESO\",\"image\":{\"@type\":\"ImageObject\",\"inLanguage\":\"fr-FR\",\"@id\":\"https:\/\/www.gereso.com\/actualites\/#\/schema\/person\/image\/\",\"url\":\"https:\/\/www.gereso.com\/actualites\/wp-content\/uploads\/2013\/12\/avatar-gereso-1.png\",\"contentUrl\":\"https:\/\/www.gereso.com\/actualites\/wp-content\/uploads\/2013\/12\/avatar-gereso-1.png\",\"caption\":\"\u00c9quipe GERESO\"},\"url\":\"https:\/\/www.gereso.com\/actualites\/author\/gereso\/\"}]}<\/script>\n<!-- \/ Yoast SEO plugin. -->","yoast_head_json":{"title":"Ma\u00eetriser l&rsquo;orthographe au travail, est-ce que cela compte vraiment ? - Le Blog GERESO","robots":{"index":"index","follow":"follow","max-snippet":"max-snippet:-1","max-image-preview":"max-image-preview:large","max-video-preview":"max-video-preview:-1"},"canonical":"https:\/\/www.gereso.com\/actualites\/2023\/02\/20\/maitriser-orthographe-travail-est-ce-que-cela-compte-vraiment\/","og_locale":"fr_FR","og_type":"article","og_title":"Ma\u00eetriser l&rsquo;orthographe au travail, est-ce que cela compte vraiment ? - Le Blog GERESO","og_description":"Un constat&nbsp;: le niveau en orthographe baisse de fa\u00e7on constante en France Une baisse g\u00e9n\u00e9ralis\u00e9e du niveau d\u2019orthographe en France C\u2019est un fait, le niveau g\u00e9n\u00e9ral d\u2019orthographe est en baisse en France depuis de nombreuses ann\u00e9es. Selon des statistiques du minist\u00e8re de l\u2019\u00c9ducation nationale, en 2016, entre 1987 et 2005, les \u00e9l\u00e8ves ont perdu deux [&hellip;]","og_url":"https:\/\/www.gereso.com\/actualites\/2023\/02\/20\/maitriser-orthographe-travail-est-ce-que-cela-compte-vraiment\/","og_site_name":"Le Blog GERESO","article_published_time":"2023-02-20T13:12:08+00:00","article_modified_time":"2023-03-06T09:07:17+00:00","og_image":[{"width":600,"height":400,"url":"https:\/\/www.gereso.com\/actualites\/wp-content\/uploads\/2023\/02\/orthographe-au-travail.png","type":"image\/png"}],"author":"\u00c9quipe GERESO","twitter_card":"summary_large_image","schema":{"@context":"https:\/\/schema.org","@graph":[{"@type":"WebPage","@id":"https:\/\/www.gereso.com\/actualites\/2023\/02\/20\/maitriser-orthographe-travail-est-ce-que-cela-compte-vraiment\/","url":"https:\/\/www.gereso.com\/actualites\/2023\/02\/20\/maitriser-orthographe-travail-est-ce-que-cela-compte-vraiment\/","name":"Ma\u00eetriser l&rsquo;orthographe au travail, est-ce que cela compte vraiment ? - Le Blog GERESO","isPartOf":{"@id":"https:\/\/www.gereso.com\/actualites\/#website"},"primaryImageOfPage":{"@id":"https:\/\/www.gereso.com\/actualites\/2023\/02\/20\/maitriser-orthographe-travail-est-ce-que-cela-compte-vraiment\/#primaryimage"},"image":{"@id":"https:\/\/www.gereso.com\/actualites\/2023\/02\/20\/maitriser-orthographe-travail-est-ce-que-cela-compte-vraiment\/#primaryimage"},"thumbnailUrl":"https:\/\/www.gereso.com\/actualites\/wp-content\/uploads\/2023\/02\/orthographe-au-travail.png","datePublished":"2023-02-20T13:12:08+00:00","dateModified":"2023-03-06T09:07:17+00:00","author":{"@id":"https:\/\/www.gereso.com\/actualites\/#\/schema\/person\/197d8aef40cb4ae3f6a0aa9e1d3df2a6"},"breadcrumb":{"@id":"https:\/\/www.gereso.com\/actualites\/2023\/02\/20\/maitriser-orthographe-travail-est-ce-que-cela-compte-vraiment\/#breadcrumb"},"inLanguage":"fr-FR","potentialAction":[{"@type":"ReadAction","target":["https:\/\/www.gereso.com\/actualites\/2023\/02\/20\/maitriser-orthographe-travail-est-ce-que-cela-compte-vraiment\/"]}]},{"@type":"ImageObject","inLanguage":"fr-FR","@id":"https:\/\/www.gereso.com\/actualites\/2023\/02\/20\/maitriser-orthographe-travail-est-ce-que-cela-compte-vraiment\/#primaryimage","url":"https:\/\/www.gereso.com\/actualites\/wp-content\/uploads\/2023\/02\/orthographe-au-travail.png","contentUrl":"https:\/\/www.gereso.com\/actualites\/wp-content\/uploads\/2023\/02\/orthographe-au-travail.png","width":600,"height":400,"caption":"Ma\u00eetriser l\u2019orthographe au travail, est-ce important ?"},{"@type":"BreadcrumbList","@id":"https:\/\/www.gereso.com\/actualites\/2023\/02\/20\/maitriser-orthographe-travail-est-ce-que-cela-compte-vraiment\/#breadcrumb","itemListElement":[{"@type":"ListItem","position":1,"name":"Home","item":"https:\/\/www.gereso.com\/actualites\/"},{"@type":"ListItem","position":2,"name":"Ma\u00eetriser l&rsquo;orthographe au travail, est-ce que cela compte vraiment ?"}]},{"@type":"WebSite","@id":"https:\/\/www.gereso.com\/actualites\/#website","url":"https:\/\/www.gereso.com\/actualites\/","name":"Le Blog GERESO","description":"Toute l&#039;actu RH, Finance, Fonction Publique, Management...","potentialAction":[{"@type":"SearchAction","target":{"@type":"EntryPoint","urlTemplate":"https:\/\/www.gereso.com\/actualites\/?s={search_term_string}"},"query-input":{"@type":"PropertyValueSpecification","valueRequired":true,"valueName":"search_term_string"}}],"inLanguage":"fr-FR"},{"@type":"Person","@id":"https:\/\/www.gereso.com\/actualites\/#\/schema\/person\/197d8aef40cb4ae3f6a0aa9e1d3df2a6","name":"\u00c9quipe GERESO","image":{"@type":"ImageObject","inLanguage":"fr-FR","@id":"https:\/\/www.gereso.com\/actualites\/#\/schema\/person\/image\/","url":"https:\/\/www.gereso.com\/actualites\/wp-content\/uploads\/2013\/12\/avatar-gereso-1.png","contentUrl":"https:\/\/www.gereso.com\/actualites\/wp-content\/uploads\/2013\/12\/avatar-gereso-1.png","caption":"\u00c9quipe GERESO"},"url":"https:\/\/www.gereso.com\/actualites\/author\/gereso\/"}]}},"_links":{"self":[{"href":"https:\/\/www.gereso.com\/actualites\/wp-json\/wp\/v2\/posts\/33575","targetHints":{"allow":["GET"]}}],"collection":[{"href":"https:\/\/www.gereso.com\/actualites\/wp-json\/wp\/v2\/posts"}],"about":[{"href":"https:\/\/www.gereso.com\/actualites\/wp-json\/wp\/v2\/types\/post"}],"author":[{"embeddable":true,"href":"https:\/\/www.gereso.com\/actualites\/wp-json\/wp\/v2\/users\/32"}],"replies":[{"embeddable":true,"href":"https:\/\/www.gereso.com\/actualites\/wp-json\/wp\/v2\/comments?post=33575"}],"version-history":[{"count":44,"href":"https:\/\/www.gereso.com\/actualites\/wp-json\/wp\/v2\/posts\/33575\/revisions"}],"predecessor-version":[{"id":33883,"href":"https:\/\/www.gereso.com\/actualites\/wp-json\/wp\/v2\/posts\/33575\/revisions\/33883"}],"wp:featuredmedia":[{"embeddable":true,"href":"https:\/\/www.gereso.com\/actualites\/wp-json\/wp\/v2\/media\/33882"}],"wp:attachment":[{"href":"https:\/\/www.gereso.com\/actualites\/wp-json\/wp\/v2\/media?parent=33575"}],"wp:term":[{"taxonomy":"category","embeddable":true,"href":"https:\/\/www.gereso.com\/actualites\/wp-json\/wp\/v2\/categories?post=33575"},{"taxonomy":"post_tag","embeddable":true,"href":"https:\/\/www.gereso.com\/actualites\/wp-json\/wp\/v2\/tags?post=33575"}],"curies":[{"name":"wp","href":"https:\/\/api.w.org\/{rel}","templated":true}]}}