{"id":33628,"date":"2023-02-21T13:26:42","date_gmt":"2023-02-21T11:26:42","guid":{"rendered":"https:\/\/www.gereso.com\/actualites\/?p=33628"},"modified":"2023-02-21T13:26:44","modified_gmt":"2023-02-21T11:26:44","slug":"vie-des-entreprises-le-guichet-unique-en-difficulte","status":"publish","type":"post","link":"https:\/\/www.gereso.com\/actualites\/2023\/02\/21\/vie-des-entreprises-le-guichet-unique-en-difficulte\/","title":{"rendered":"Vie des entreprises\u00a0: le guichet unique en difficult\u00e9"},"content":{"rendered":"\n<p>Le <strong>guichet unique<\/strong> est depuis le d\u00e9but de l\u2019ann\u00e9e, l\u2019unique site o\u00f9 les entreprises peuvent r\u00e9aliser leurs d\u00e9marches juridiques. Il pr\u00e9sente n\u00e9anmoins de nombreux probl\u00e8mes. En cons\u00e9quence, jusqu\u2019au <strong>30 juin<\/strong>, <strong>Infogreffe<\/strong> reprend du service.<\/p>\n<h2><strong>Un site unique depuis le 1<sup>er<\/sup> janvier 2023<\/strong><\/h2>\n<p>Le guichet unique est une des mesures majeures de la <strong>loi PACTE<\/strong> de mai 2019. Elle remplace les 7 r\u00e9seaux de CFE (centres de formalit\u00e9s des entreprises) existants par une proc\u00e9dure et un site internet unique pour la r\u00e9alisation de toutes les proc\u00e9dures de cr\u00e9ations et autres formalit\u00e9s juridiques \u00e0 accomplir. Le 1<sup>er<\/sup> avril 2021, ce site Internet g\u00e9r\u00e9 par l\u2019INPI a vu le jour (procedures.inpi.fr).<\/p>\n<p>Ce n\u2019est que depuis le <strong>1<sup>er<\/sup> janvier 2023<\/strong> que le recours \u00e0 ce site est obligatoire pour toutes les entreprises, quel que soit leur statut pour les d\u00e9marches de cr\u00e9ation, de modification ou de radiation ainsi que pour le d\u00e9p\u00f4t des comptes annuels.<\/p>\n<h2><strong>Des bugs \u00e0 r\u00e9p\u00e9tition<\/strong><\/h2>\n<p>Dans un <a href=\"https:\/\/presse.economie.gouv.fr\/16022023-le-gouvernement-apporte-des-ameliorations-au-guichet-unique-des-formalites\/\">communiqu\u00e9 de presse<\/a> publi\u00e9 le 16 f\u00e9vrier, le minist\u00e8re de l\u2019Economie et des Finances a annonc\u00e9 que 266.000 formalit\u00e9s dont 145.000 cr\u00e9ations, 85.000 modifications et 36.000 cessations ont \u00e9t\u00e9 r\u00e9alis\u00e9es sur ce site.<\/p>\n<p>L\u2019objectif de simplification souffre n\u00e9anmoins sur le terrain de nombreuses anomalies. Le guichet unique pr\u00e9sente en effet de <strong>nombreux bugs<\/strong> rendant complexe voire impossible la r\u00e9alisation de plusieurs d\u00e9marches.<\/p>\n<p>Pour faire face \u00e0 cette situation, l\u2019arr\u00eat\u00e9 du 28 d\u00e9cembre a instaur\u00e9 la possibilit\u00e9 de recourir \u00e0 une <strong>proc\u00e9dure d\u2019urgence<\/strong> afin d\u2019assurer la continuit\u00e9 de service pour les d\u00e9marches en ligne. Ce recours permet de faire appel \u00e0 des solutions alternatives et notamment les anciens CFE tels les CCI, greffes du tribunal de commerce et URSSAF.<\/p>\n<h2><strong>Le retour d\u2019Infogreffe<\/strong><\/h2>\n<p>Dans le communiqu\u00e9 du 16 f\u00e9vrier, le minist\u00e8re annonce \u00e9galement que pour r\u00e9pondre aux diff\u00e9rents bugs en mati\u00e8re de modification et de radiation d\u2019entreprise, les greffes des tribunaux de commerce seront mis \u00e0 contribution. Ainsi du 20 f\u00e9vrier au 30 juin 2023, les formalit\u00e9s de modification et de radiation au RCS (registre du commerce et des soci\u00e9t\u00e9s) pourront se faire en ligne sur le site <a href=\"http:\/\/www.infogreffe.fr\">www.infogreffe.fr<\/a>.<\/p>\n<p>15% du flux total pourrait ainsi \u00eatre g\u00e9r\u00e9 par cette voie.<\/p>\n","protected":false},"excerpt":{"rendered":"<p>Le guichet unique est depuis le d\u00e9but de l\u2019ann\u00e9e, l\u2019unique site o\u00f9 les entreprises peuvent r\u00e9aliser leurs d\u00e9marches juridiques. Il pr\u00e9sente n\u00e9anmoins de nombreux probl\u00e8mes. En cons\u00e9quence, jusqu\u2019au 30 juin, Infogreffe reprend du service. Un site unique depuis le 1er janvier 2023 Le guichet unique est une des mesures majeures de la loi PACTE de [&hellip;]<\/p>\n","protected":false},"author":45,"featured_media":0,"comment_status":"open","ping_status":"open","sticky":false,"template":"","format":"quote","meta":{"_acf_changed":false,"_mi_skip_tracking":false,"footnotes":""},"categories":[12,3,776],"tags":[596,1972],"class_list":["post-33628","post","type-post","status-publish","format-quote","hentry","category-actualites","category-comptabilite-fiscalite-et-gestion-financiere","category-droit-des-affaires","tag-creation-dentreprise","tag-creation-de-societe","post_format-post-format-quote"],"acf":[],"yoast_head":"<!-- This site is optimized with the Yoast SEO plugin v23.4 - https:\/\/yoast.com\/wordpress\/plugins\/seo\/ -->\n<title>Vie des entreprises\u00a0: le guichet unique en difficult\u00e9 - Le Blog GERESO<\/title>\n<meta name=\"robots\" content=\"index, follow, max-snippet:-1, max-image-preview:large, max-video-preview:-1\" \/>\n<link rel=\"canonical\" href=\"https:\/\/www.gereso.com\/actualites\/2023\/02\/21\/vie-des-entreprises-le-guichet-unique-en-difficulte\/\" \/>\n<meta property=\"og:locale\" content=\"fr_FR\" \/>\n<meta property=\"og:type\" content=\"article\" \/>\n<meta property=\"og:title\" content=\"Vie des entreprises\u00a0: le guichet unique en difficult\u00e9 - Le Blog GERESO\" \/>\n<meta property=\"og:description\" content=\"Le guichet unique est depuis le d\u00e9but de l\u2019ann\u00e9e, l\u2019unique site o\u00f9 les entreprises peuvent r\u00e9aliser leurs d\u00e9marches juridiques. Il pr\u00e9sente n\u00e9anmoins de nombreux probl\u00e8mes. En cons\u00e9quence, jusqu\u2019au 30 juin, Infogreffe reprend du service. Un site unique depuis le 1er janvier 2023 Le guichet unique est une des mesures majeures de la loi PACTE de [&hellip;]\" \/>\n<meta property=\"og:url\" content=\"https:\/\/www.gereso.com\/actualites\/2023\/02\/21\/vie-des-entreprises-le-guichet-unique-en-difficulte\/\" \/>\n<meta property=\"og:site_name\" content=\"Le Blog GERESO\" \/>\n<meta property=\"article:published_time\" content=\"2023-02-21T11:26:42+00:00\" \/>\n<meta property=\"article:modified_time\" content=\"2023-02-21T11:26:44+00:00\" \/>\n<meta name=\"author\" content=\"Damien P\u00e9an\" \/>\n<meta name=\"twitter:card\" content=\"summary_large_image\" \/>\n<script type=\"application\/ld+json\" class=\"yoast-schema-graph\">{\"@context\":\"https:\/\/schema.org\",\"@graph\":[{\"@type\":\"WebPage\",\"@id\":\"https:\/\/www.gereso.com\/actualites\/2023\/02\/21\/vie-des-entreprises-le-guichet-unique-en-difficulte\/\",\"url\":\"https:\/\/www.gereso.com\/actualites\/2023\/02\/21\/vie-des-entreprises-le-guichet-unique-en-difficulte\/\",\"name\":\"Vie des entreprises\u00a0: le guichet unique en difficult\u00e9 - Le Blog GERESO\",\"isPartOf\":{\"@id\":\"https:\/\/www.gereso.com\/actualites\/#website\"},\"datePublished\":\"2023-02-21T11:26:42+00:00\",\"dateModified\":\"2023-02-21T11:26:44+00:00\",\"author\":{\"@id\":\"https:\/\/www.gereso.com\/actualites\/#\/schema\/person\/c91814f92d627ed4715993fbbf7c7e8d\"},\"breadcrumb\":{\"@id\":\"https:\/\/www.gereso.com\/actualites\/2023\/02\/21\/vie-des-entreprises-le-guichet-unique-en-difficulte\/#breadcrumb\"},\"inLanguage\":\"fr-FR\",\"potentialAction\":[{\"@type\":\"ReadAction\",\"target\":[\"https:\/\/www.gereso.com\/actualites\/2023\/02\/21\/vie-des-entreprises-le-guichet-unique-en-difficulte\/\"]}]},{\"@type\":\"BreadcrumbList\",\"@id\":\"https:\/\/www.gereso.com\/actualites\/2023\/02\/21\/vie-des-entreprises-le-guichet-unique-en-difficulte\/#breadcrumb\",\"itemListElement\":[{\"@type\":\"ListItem\",\"position\":1,\"name\":\"Home\",\"item\":\"https:\/\/www.gereso.com\/actualites\/\"},{\"@type\":\"ListItem\",\"position\":2,\"name\":\"Vie des entreprises\u00a0: le guichet unique en difficult\u00e9\"}]},{\"@type\":\"WebSite\",\"@id\":\"https:\/\/www.gereso.com\/actualites\/#website\",\"url\":\"https:\/\/www.gereso.com\/actualites\/\",\"name\":\"Le Blog GERESO\",\"description\":\"Toute l&#039;actu RH, Finance, Fonction Publique, Management...\",\"potentialAction\":[{\"@type\":\"SearchAction\",\"target\":{\"@type\":\"EntryPoint\",\"urlTemplate\":\"https:\/\/www.gereso.com\/actualites\/?s={search_term_string}\"},\"query-input\":{\"@type\":\"PropertyValueSpecification\",\"valueRequired\":true,\"valueName\":\"search_term_string\"}}],\"inLanguage\":\"fr-FR\"},{\"@type\":\"Person\",\"@id\":\"https:\/\/www.gereso.com\/actualites\/#\/schema\/person\/c91814f92d627ed4715993fbbf7c7e8d\",\"name\":\"Damien P\u00e9an\",\"image\":{\"@type\":\"ImageObject\",\"inLanguage\":\"fr-FR\",\"@id\":\"https:\/\/www.gereso.com\/actualites\/#\/schema\/person\/image\/\",\"url\":\"https:\/\/www.gereso.com\/actualites\/wp-content\/uploads\/2016\/03\/damien-pean.jpg\",\"contentUrl\":\"https:\/\/www.gereso.com\/actualites\/wp-content\/uploads\/2016\/03\/damien-pean.jpg\",\"caption\":\"Damien P\u00e9an\"},\"description\":\"Damien P\u00c9AN est titulaire du Dipl\u00f4me d'\u00e9tudes sup\u00e9rieures comptables et financi\u00e8res (DESCF). Il intervient depuis plusieurs ann\u00e9es aupr\u00e8s d'\u00e9tudiants en licence de comptabilit\u00e9 et de gestion, \u00e0 qui il enseigne le contr\u00f4le de gestion, la comptabilit\u00e9 approfondie, le management, la fiscalit\u00e9, le droit des soci\u00e9t\u00e9s et le droit du travail. Il intervient \u00e9galement en formation continue pour le compte de divers organismes de formation sur des th\u00e9matiques techniques en comptabilit\u00e9 et fiscalit\u00e9. Il forme aussi un public de non-initi\u00e9s aux fondamentaux de la finance.\",\"url\":\"https:\/\/www.gereso.com\/actualites\/author\/d-pean\/\"}]}<\/script>\n<!-- \/ Yoast SEO plugin. -->","yoast_head_json":{"title":"Vie des entreprises\u00a0: le guichet unique en difficult\u00e9 - Le Blog GERESO","robots":{"index":"index","follow":"follow","max-snippet":"max-snippet:-1","max-image-preview":"max-image-preview:large","max-video-preview":"max-video-preview:-1"},"canonical":"https:\/\/www.gereso.com\/actualites\/2023\/02\/21\/vie-des-entreprises-le-guichet-unique-en-difficulte\/","og_locale":"fr_FR","og_type":"article","og_title":"Vie des entreprises\u00a0: le guichet unique en difficult\u00e9 - Le Blog GERESO","og_description":"Le guichet unique est depuis le d\u00e9but de l\u2019ann\u00e9e, l\u2019unique site o\u00f9 les entreprises peuvent r\u00e9aliser leurs d\u00e9marches juridiques. Il pr\u00e9sente n\u00e9anmoins de nombreux probl\u00e8mes. En cons\u00e9quence, jusqu\u2019au 30 juin, Infogreffe reprend du service. Un site unique depuis le 1er janvier 2023 Le guichet unique est une des mesures majeures de la loi PACTE de [&hellip;]","og_url":"https:\/\/www.gereso.com\/actualites\/2023\/02\/21\/vie-des-entreprises-le-guichet-unique-en-difficulte\/","og_site_name":"Le Blog GERESO","article_published_time":"2023-02-21T11:26:42+00:00","article_modified_time":"2023-02-21T11:26:44+00:00","author":"Damien P\u00e9an","twitter_card":"summary_large_image","schema":{"@context":"https:\/\/schema.org","@graph":[{"@type":"WebPage","@id":"https:\/\/www.gereso.com\/actualites\/2023\/02\/21\/vie-des-entreprises-le-guichet-unique-en-difficulte\/","url":"https:\/\/www.gereso.com\/actualites\/2023\/02\/21\/vie-des-entreprises-le-guichet-unique-en-difficulte\/","name":"Vie des entreprises\u00a0: le guichet unique en difficult\u00e9 - Le Blog GERESO","isPartOf":{"@id":"https:\/\/www.gereso.com\/actualites\/#website"},"datePublished":"2023-02-21T11:26:42+00:00","dateModified":"2023-02-21T11:26:44+00:00","author":{"@id":"https:\/\/www.gereso.com\/actualites\/#\/schema\/person\/c91814f92d627ed4715993fbbf7c7e8d"},"breadcrumb":{"@id":"https:\/\/www.gereso.com\/actualites\/2023\/02\/21\/vie-des-entreprises-le-guichet-unique-en-difficulte\/#breadcrumb"},"inLanguage":"fr-FR","potentialAction":[{"@type":"ReadAction","target":["https:\/\/www.gereso.com\/actualites\/2023\/02\/21\/vie-des-entreprises-le-guichet-unique-en-difficulte\/"]}]},{"@type":"BreadcrumbList","@id":"https:\/\/www.gereso.com\/actualites\/2023\/02\/21\/vie-des-entreprises-le-guichet-unique-en-difficulte\/#breadcrumb","itemListElement":[{"@type":"ListItem","position":1,"name":"Home","item":"https:\/\/www.gereso.com\/actualites\/"},{"@type":"ListItem","position":2,"name":"Vie des entreprises\u00a0: le guichet unique en difficult\u00e9"}]},{"@type":"WebSite","@id":"https:\/\/www.gereso.com\/actualites\/#website","url":"https:\/\/www.gereso.com\/actualites\/","name":"Le Blog GERESO","description":"Toute l&#039;actu RH, Finance, Fonction Publique, Management...","potentialAction":[{"@type":"SearchAction","target":{"@type":"EntryPoint","urlTemplate":"https:\/\/www.gereso.com\/actualites\/?s={search_term_string}"},"query-input":{"@type":"PropertyValueSpecification","valueRequired":true,"valueName":"search_term_string"}}],"inLanguage":"fr-FR"},{"@type":"Person","@id":"https:\/\/www.gereso.com\/actualites\/#\/schema\/person\/c91814f92d627ed4715993fbbf7c7e8d","name":"Damien P\u00e9an","image":{"@type":"ImageObject","inLanguage":"fr-FR","@id":"https:\/\/www.gereso.com\/actualites\/#\/schema\/person\/image\/","url":"https:\/\/www.gereso.com\/actualites\/wp-content\/uploads\/2016\/03\/damien-pean.jpg","contentUrl":"https:\/\/www.gereso.com\/actualites\/wp-content\/uploads\/2016\/03\/damien-pean.jpg","caption":"Damien P\u00e9an"},"description":"Damien P\u00c9AN est titulaire du Dipl\u00f4me d'\u00e9tudes sup\u00e9rieures comptables et financi\u00e8res (DESCF). Il intervient depuis plusieurs ann\u00e9es aupr\u00e8s d'\u00e9tudiants en licence de comptabilit\u00e9 et de gestion, \u00e0 qui il enseigne le contr\u00f4le de gestion, la comptabilit\u00e9 approfondie, le management, la fiscalit\u00e9, le droit des soci\u00e9t\u00e9s et le droit du travail. Il intervient \u00e9galement en formation continue pour le compte de divers organismes de formation sur des th\u00e9matiques techniques en comptabilit\u00e9 et fiscalit\u00e9. Il forme aussi un public de non-initi\u00e9s aux fondamentaux de la finance.","url":"https:\/\/www.gereso.com\/actualites\/author\/d-pean\/"}]}},"_links":{"self":[{"href":"https:\/\/www.gereso.com\/actualites\/wp-json\/wp\/v2\/posts\/33628","targetHints":{"allow":["GET"]}}],"collection":[{"href":"https:\/\/www.gereso.com\/actualites\/wp-json\/wp\/v2\/posts"}],"about":[{"href":"https:\/\/www.gereso.com\/actualites\/wp-json\/wp\/v2\/types\/post"}],"author":[{"embeddable":true,"href":"https:\/\/www.gereso.com\/actualites\/wp-json\/wp\/v2\/users\/45"}],"replies":[{"embeddable":true,"href":"https:\/\/www.gereso.com\/actualites\/wp-json\/wp\/v2\/comments?post=33628"}],"version-history":[{"count":2,"href":"https:\/\/www.gereso.com\/actualites\/wp-json\/wp\/v2\/posts\/33628\/revisions"}],"predecessor-version":[{"id":33630,"href":"https:\/\/www.gereso.com\/actualites\/wp-json\/wp\/v2\/posts\/33628\/revisions\/33630"}],"wp:attachment":[{"href":"https:\/\/www.gereso.com\/actualites\/wp-json\/wp\/v2\/media?parent=33628"}],"wp:term":[{"taxonomy":"category","embeddable":true,"href":"https:\/\/www.gereso.com\/actualites\/wp-json\/wp\/v2\/categories?post=33628"},{"taxonomy":"post_tag","embeddable":true,"href":"https:\/\/www.gereso.com\/actualites\/wp-json\/wp\/v2\/tags?post=33628"}],"curies":[{"name":"wp","href":"https:\/\/api.w.org\/{rel}","templated":true}]}}