{"id":33965,"date":"2023-03-28T15:18:02","date_gmt":"2023-03-28T13:18:02","guid":{"rendered":"https:\/\/www.gereso.com\/actualites\/?p=33965"},"modified":"2023-03-28T15:18:03","modified_gmt":"2023-03-28T13:18:03","slug":"nouvelles-regles-calcul-cotisation-services-sante-travail","status":"publish","type":"post","link":"https:\/\/www.gereso.com\/actualites\/2023\/03\/28\/nouvelles-regles-calcul-cotisation-services-sante-travail\/","title":{"rendered":"Les nouvelles r\u00e8gles de calcul de la cotisation aux services de sant\u00e9 au travail"},"content":{"rendered":"\n\n\n<p><em><a href=\"https:\/\/www.legifrance.gouv.fr\/jorf\/id\/JORFTEXT000046847212\" target=\"_blank\" rel=\"noreferrer noopener\">D\u00e9cret n\u00b0 2022-1749 du 30 d\u00e9cembre 2022<\/a><\/em><\/p>\n\n\n\n<p>Selon la loi du 2 ao\u00fbt 2021 destin\u00e9e \u00e0 <strong>renforcer la pr\u00e9vention en sant\u00e9 au travail<\/strong>, les services obligatoires assur\u00e9s par les services de pr\u00e9vention et de sant\u00e9 au travail interentreprises (SPSTI) doivent donner lieu au <strong>paiement d\u2019une cotisation proportionnelle<\/strong> au nombre de travailleurs suivis, chacun comptant pour une unit\u00e9. Les services de base visent \u00e0 assurer le suivi des salari\u00e9s ainsi que la pr\u00e9vention des risques et de la d\u00e9sinsertion professionnelle.<\/p>\n\n\n\n<p>Le montant des cotisations vers\u00e9es pour chaque travailleur suivi par le SPSTI ne peut pas \u00eatre inf\u00e9rieur \u00e0 80&nbsp;% ou sup\u00e9rieur \u00e0 120&nbsp;% du co\u00fbt moyen national fix\u00e9 annuellement par un arr\u00eat\u00e9 minist\u00e9riel.<\/p>\n\n\n\n<p>Le co\u00fbt moyen des services socles fournis est calcul\u00e9 annuellement par chaque SPSTI, au titre de l\u2019ann\u00e9e pr\u00e9c\u00e9dente, en appliquant la formule suivante&nbsp;: charges d\u2019exploitation de l\u2019ensemble socle de services\/nombre de travailleurs suivis pour lesquels une cotisation a \u00e9t\u00e9 factur\u00e9e pendant l\u2019ann\u00e9e.<\/p>\n\n\n\n<p>Un arr\u00eat\u00e9 fixe chaque ann\u00e9e un co\u00fbt moyen national qui correspond au montant moyen du co\u00fbt calcul\u00e9 par chaque SPSTI. Le premier arr\u00eat\u00e9 sera publi\u00e9 au plus tard le 1er octobre 2024 de fa\u00e7on \u00e0 permettre l\u2019entr\u00e9e en vigueur de ce nouveau dispositif \u00e0 compter du 1er janvier 2025.<\/p>\n\n\n\n<p>Il est pr\u00e9vu des d\u00e9rogations aux seuils minimum et maximum.<\/p>\n\n\n\n<p>Par d\u00e9rogation, l\u2019assembl\u00e9e g\u00e9n\u00e9rale d\u2019un SPSTI pourra approuver un montant des cotisations sup\u00e9rieur au plafond de 120&nbsp;% lorsque les charges d&rsquo;exploitation atteignent un niveau \u00e9lev\u00e9 qui s&rsquo;explique par un ou plusieurs des motifs suivants&nbsp;:<\/p>\n\n\n\n<ul class=\"wp-block-list\">\n<li>Les salari\u00e9s b\u00e9n\u00e9ficiant d&rsquo;un suivi individuel renforc\u00e9 repr\u00e9sentent un effectif sup\u00e9rieur \u00e0 30&nbsp;% de l&rsquo;ensemble des travailleurs suivis&nbsp;;<\/li>\n<\/ul>\n\n\n\n<ul class=\"wp-block-list\">\n<li>Le SPSTI assure le suivi de travailleurs expos\u00e9s aux rayonnements ionisants ou participant \u00e0 l&rsquo;ex\u00e9cution d&rsquo;op\u00e9ration dans un \u00e9tablissement comprenant une installation nucl\u00e9aire de base&nbsp;;<\/li>\n<\/ul>\n\n\n\n<ul class=\"wp-block-list\">\n<li>Une augmentation significative des investissements, identifi\u00e9e par une augmentation des dotations aux amortissements parmi les charges d&rsquo;exploitation, visant \u00e0 am\u00e9liorer la qualit\u00e9 du service rendu.<\/li>\n<\/ul>\n\n\n\n<p>\u00c0 l\u2019inverse, une cotisation inf\u00e9rieure au plancher peut \u00eatre envisag\u00e9e si le SPSTI se porte bien. Par ailleurs, l\u2019assembl\u00e9e g\u00e9n\u00e9rale peut aussi approuver un montant de cotisations inf\u00e9rieur au plancher de 80&nbsp;% du co\u00fbt moyen national si les deux conditions suivantes sont r\u00e9unies&nbsp;:<\/p>\n\n\n\n<ul class=\"wp-block-list\">\n<li>Le rapport entre le montant total des cotisations et le total des charges d&rsquo;exploitation dans le compte de r\u00e9sultat, au cours du dernier exercice comptable, est sup\u00e9rieur \u00e0 un&nbsp;;<\/li>\n<\/ul>\n\n\n\n<ul class=\"wp-block-list\">\n<li>Le service b\u00e9n\u00e9ficie d&rsquo;un agr\u00e9ment valide d&rsquo;une dur\u00e9e de cinq ans.Veille et information juridique et sociale<\/li>\n<\/ul>\n","protected":false},"excerpt":{"rendered":"<p>D\u00e9cret n\u00b0 2022-1749 du 30 d\u00e9cembre 2022 Selon la loi du 2 ao\u00fbt 2021 destin\u00e9e \u00e0 renforcer la pr\u00e9vention en sant\u00e9 au travail, les services obligatoires assur\u00e9s par les services de pr\u00e9vention et de sant\u00e9 au travail interentreprises (SPSTI) doivent donner lieu au paiement d\u2019une cotisation proportionnelle au nombre de travailleurs suivis, chacun comptant pour [&hellip;]<\/p>\n","protected":false},"author":32,"featured_media":0,"comment_status":"open","ping_status":"open","sticky":false,"template":"","format":"quote","meta":{"_acf_changed":false,"_mi_skip_tracking":false,"footnotes":""},"categories":[12,13],"tags":[],"class_list":["post-33965","post","type-post","status-publish","format-quote","hentry","category-actualites","category-sante-et-securite-au-travail","post_format-post-format-quote"],"acf":[],"yoast_head":"<!-- This site is optimized with the Yoast SEO plugin v23.4 - https:\/\/yoast.com\/wordpress\/plugins\/seo\/ -->\n<title>Les nouvelles r\u00e8gles de calcul de la cotisation aux services de sant\u00e9 au travail - Le Blog GERESO<\/title>\n<meta name=\"robots\" content=\"index, follow, max-snippet:-1, max-image-preview:large, max-video-preview:-1\" \/>\n<link rel=\"canonical\" href=\"https:\/\/www.gereso.com\/actualites\/2023\/03\/28\/nouvelles-regles-calcul-cotisation-services-sante-travail\/\" \/>\n<meta property=\"og:locale\" content=\"fr_FR\" \/>\n<meta property=\"og:type\" content=\"article\" \/>\n<meta property=\"og:title\" content=\"Les nouvelles r\u00e8gles de calcul de la cotisation aux services de sant\u00e9 au travail - Le Blog GERESO\" \/>\n<meta property=\"og:description\" content=\"D\u00e9cret n\u00b0 2022-1749 du 30 d\u00e9cembre 2022 Selon la loi du 2 ao\u00fbt 2021 destin\u00e9e \u00e0 renforcer la pr\u00e9vention en sant\u00e9 au travail, les services obligatoires assur\u00e9s par les services de pr\u00e9vention et de sant\u00e9 au travail interentreprises (SPSTI) doivent donner lieu au paiement d\u2019une cotisation proportionnelle au nombre de travailleurs suivis, chacun comptant pour [&hellip;]\" \/>\n<meta property=\"og:url\" content=\"https:\/\/www.gereso.com\/actualites\/2023\/03\/28\/nouvelles-regles-calcul-cotisation-services-sante-travail\/\" \/>\n<meta property=\"og:site_name\" content=\"Le Blog GERESO\" \/>\n<meta property=\"article:published_time\" content=\"2023-03-28T13:18:02+00:00\" \/>\n<meta property=\"article:modified_time\" content=\"2023-03-28T13:18:03+00:00\" \/>\n<meta name=\"author\" content=\"\u00c9quipe GERESO\" \/>\n<meta name=\"twitter:card\" content=\"summary_large_image\" \/>\n<script type=\"application\/ld+json\" class=\"yoast-schema-graph\">{\"@context\":\"https:\/\/schema.org\",\"@graph\":[{\"@type\":\"WebPage\",\"@id\":\"https:\/\/www.gereso.com\/actualites\/2023\/03\/28\/nouvelles-regles-calcul-cotisation-services-sante-travail\/\",\"url\":\"https:\/\/www.gereso.com\/actualites\/2023\/03\/28\/nouvelles-regles-calcul-cotisation-services-sante-travail\/\",\"name\":\"Les nouvelles r\u00e8gles de calcul de la cotisation aux services de sant\u00e9 au travail - Le Blog GERESO\",\"isPartOf\":{\"@id\":\"https:\/\/www.gereso.com\/actualites\/#website\"},\"datePublished\":\"2023-03-28T13:18:02+00:00\",\"dateModified\":\"2023-03-28T13:18:03+00:00\",\"author\":{\"@id\":\"https:\/\/www.gereso.com\/actualites\/#\/schema\/person\/197d8aef40cb4ae3f6a0aa9e1d3df2a6\"},\"breadcrumb\":{\"@id\":\"https:\/\/www.gereso.com\/actualites\/2023\/03\/28\/nouvelles-regles-calcul-cotisation-services-sante-travail\/#breadcrumb\"},\"inLanguage\":\"fr-FR\",\"potentialAction\":[{\"@type\":\"ReadAction\",\"target\":[\"https:\/\/www.gereso.com\/actualites\/2023\/03\/28\/nouvelles-regles-calcul-cotisation-services-sante-travail\/\"]}]},{\"@type\":\"BreadcrumbList\",\"@id\":\"https:\/\/www.gereso.com\/actualites\/2023\/03\/28\/nouvelles-regles-calcul-cotisation-services-sante-travail\/#breadcrumb\",\"itemListElement\":[{\"@type\":\"ListItem\",\"position\":1,\"name\":\"Home\",\"item\":\"https:\/\/www.gereso.com\/actualites\/\"},{\"@type\":\"ListItem\",\"position\":2,\"name\":\"Les nouvelles r\u00e8gles de calcul de la cotisation aux services de sant\u00e9 au travail\"}]},{\"@type\":\"WebSite\",\"@id\":\"https:\/\/www.gereso.com\/actualites\/#website\",\"url\":\"https:\/\/www.gereso.com\/actualites\/\",\"name\":\"Le Blog GERESO\",\"description\":\"Toute l&#039;actu RH, Finance, Fonction Publique, Management...\",\"potentialAction\":[{\"@type\":\"SearchAction\",\"target\":{\"@type\":\"EntryPoint\",\"urlTemplate\":\"https:\/\/www.gereso.com\/actualites\/?s={search_term_string}\"},\"query-input\":{\"@type\":\"PropertyValueSpecification\",\"valueRequired\":true,\"valueName\":\"search_term_string\"}}],\"inLanguage\":\"fr-FR\"},{\"@type\":\"Person\",\"@id\":\"https:\/\/www.gereso.com\/actualites\/#\/schema\/person\/197d8aef40cb4ae3f6a0aa9e1d3df2a6\",\"name\":\"\u00c9quipe GERESO\",\"image\":{\"@type\":\"ImageObject\",\"inLanguage\":\"fr-FR\",\"@id\":\"https:\/\/www.gereso.com\/actualites\/#\/schema\/person\/image\/\",\"url\":\"https:\/\/www.gereso.com\/actualites\/wp-content\/uploads\/2013\/12\/avatar-gereso-1.png\",\"contentUrl\":\"https:\/\/www.gereso.com\/actualites\/wp-content\/uploads\/2013\/12\/avatar-gereso-1.png\",\"caption\":\"\u00c9quipe GERESO\"},\"url\":\"https:\/\/www.gereso.com\/actualites\/author\/gereso\/\"}]}<\/script>\n<!-- \/ Yoast SEO plugin. -->","yoast_head_json":{"title":"Les nouvelles r\u00e8gles de calcul de la cotisation aux services de sant\u00e9 au travail - Le Blog GERESO","robots":{"index":"index","follow":"follow","max-snippet":"max-snippet:-1","max-image-preview":"max-image-preview:large","max-video-preview":"max-video-preview:-1"},"canonical":"https:\/\/www.gereso.com\/actualites\/2023\/03\/28\/nouvelles-regles-calcul-cotisation-services-sante-travail\/","og_locale":"fr_FR","og_type":"article","og_title":"Les nouvelles r\u00e8gles de calcul de la cotisation aux services de sant\u00e9 au travail - Le Blog GERESO","og_description":"D\u00e9cret n\u00b0 2022-1749 du 30 d\u00e9cembre 2022 Selon la loi du 2 ao\u00fbt 2021 destin\u00e9e \u00e0 renforcer la pr\u00e9vention en sant\u00e9 au travail, les services obligatoires assur\u00e9s par les services de pr\u00e9vention et de sant\u00e9 au travail interentreprises (SPSTI) doivent donner lieu au paiement d\u2019une cotisation proportionnelle au nombre de travailleurs suivis, chacun comptant pour [&hellip;]","og_url":"https:\/\/www.gereso.com\/actualites\/2023\/03\/28\/nouvelles-regles-calcul-cotisation-services-sante-travail\/","og_site_name":"Le Blog GERESO","article_published_time":"2023-03-28T13:18:02+00:00","article_modified_time":"2023-03-28T13:18:03+00:00","author":"\u00c9quipe GERESO","twitter_card":"summary_large_image","schema":{"@context":"https:\/\/schema.org","@graph":[{"@type":"WebPage","@id":"https:\/\/www.gereso.com\/actualites\/2023\/03\/28\/nouvelles-regles-calcul-cotisation-services-sante-travail\/","url":"https:\/\/www.gereso.com\/actualites\/2023\/03\/28\/nouvelles-regles-calcul-cotisation-services-sante-travail\/","name":"Les nouvelles r\u00e8gles de calcul de la cotisation aux services de sant\u00e9 au travail - Le Blog GERESO","isPartOf":{"@id":"https:\/\/www.gereso.com\/actualites\/#website"},"datePublished":"2023-03-28T13:18:02+00:00","dateModified":"2023-03-28T13:18:03+00:00","author":{"@id":"https:\/\/www.gereso.com\/actualites\/#\/schema\/person\/197d8aef40cb4ae3f6a0aa9e1d3df2a6"},"breadcrumb":{"@id":"https:\/\/www.gereso.com\/actualites\/2023\/03\/28\/nouvelles-regles-calcul-cotisation-services-sante-travail\/#breadcrumb"},"inLanguage":"fr-FR","potentialAction":[{"@type":"ReadAction","target":["https:\/\/www.gereso.com\/actualites\/2023\/03\/28\/nouvelles-regles-calcul-cotisation-services-sante-travail\/"]}]},{"@type":"BreadcrumbList","@id":"https:\/\/www.gereso.com\/actualites\/2023\/03\/28\/nouvelles-regles-calcul-cotisation-services-sante-travail\/#breadcrumb","itemListElement":[{"@type":"ListItem","position":1,"name":"Home","item":"https:\/\/www.gereso.com\/actualites\/"},{"@type":"ListItem","position":2,"name":"Les nouvelles r\u00e8gles de calcul de la cotisation aux services de sant\u00e9 au travail"}]},{"@type":"WebSite","@id":"https:\/\/www.gereso.com\/actualites\/#website","url":"https:\/\/www.gereso.com\/actualites\/","name":"Le Blog GERESO","description":"Toute l&#039;actu RH, Finance, Fonction Publique, Management...","potentialAction":[{"@type":"SearchAction","target":{"@type":"EntryPoint","urlTemplate":"https:\/\/www.gereso.com\/actualites\/?s={search_term_string}"},"query-input":{"@type":"PropertyValueSpecification","valueRequired":true,"valueName":"search_term_string"}}],"inLanguage":"fr-FR"},{"@type":"Person","@id":"https:\/\/www.gereso.com\/actualites\/#\/schema\/person\/197d8aef40cb4ae3f6a0aa9e1d3df2a6","name":"\u00c9quipe GERESO","image":{"@type":"ImageObject","inLanguage":"fr-FR","@id":"https:\/\/www.gereso.com\/actualites\/#\/schema\/person\/image\/","url":"https:\/\/www.gereso.com\/actualites\/wp-content\/uploads\/2013\/12\/avatar-gereso-1.png","contentUrl":"https:\/\/www.gereso.com\/actualites\/wp-content\/uploads\/2013\/12\/avatar-gereso-1.png","caption":"\u00c9quipe GERESO"},"url":"https:\/\/www.gereso.com\/actualites\/author\/gereso\/"}]}},"_links":{"self":[{"href":"https:\/\/www.gereso.com\/actualites\/wp-json\/wp\/v2\/posts\/33965","targetHints":{"allow":["GET"]}}],"collection":[{"href":"https:\/\/www.gereso.com\/actualites\/wp-json\/wp\/v2\/posts"}],"about":[{"href":"https:\/\/www.gereso.com\/actualites\/wp-json\/wp\/v2\/types\/post"}],"author":[{"embeddable":true,"href":"https:\/\/www.gereso.com\/actualites\/wp-json\/wp\/v2\/users\/32"}],"replies":[{"embeddable":true,"href":"https:\/\/www.gereso.com\/actualites\/wp-json\/wp\/v2\/comments?post=33965"}],"version-history":[{"count":5,"href":"https:\/\/www.gereso.com\/actualites\/wp-json\/wp\/v2\/posts\/33965\/revisions"}],"predecessor-version":[{"id":34119,"href":"https:\/\/www.gereso.com\/actualites\/wp-json\/wp\/v2\/posts\/33965\/revisions\/34119"}],"wp:attachment":[{"href":"https:\/\/www.gereso.com\/actualites\/wp-json\/wp\/v2\/media?parent=33965"}],"wp:term":[{"taxonomy":"category","embeddable":true,"href":"https:\/\/www.gereso.com\/actualites\/wp-json\/wp\/v2\/categories?post=33965"},{"taxonomy":"post_tag","embeddable":true,"href":"https:\/\/www.gereso.com\/actualites\/wp-json\/wp\/v2\/tags?post=33965"}],"curies":[{"name":"wp","href":"https:\/\/api.w.org\/{rel}","templated":true}]}}