{"id":34030,"date":"2023-03-21T14:50:25","date_gmt":"2023-03-21T12:50:25","guid":{"rendered":"https:\/\/www.gereso.com\/actualites\/?p=34030"},"modified":"2023-03-27T14:11:27","modified_gmt":"2023-03-27T12:11:27","slug":"webinaire-comment-ecrire-publier-livre-professionnel","status":"publish","type":"post","link":"https:\/\/www.gereso.com\/actualites\/2023\/03\/21\/webinaire-comment-ecrire-publier-livre-professionnel\/","title":{"rendered":"Webinaire \u00ab Comment \u00e9crire et publier un livre professionnel ? \u00bb"},"content":{"rendered":"\n\n\n<h2>D\u00e9tails du webinaire&nbsp;:<\/h2>\n<h3 class=\"section-title\"><span class=\"title-inner\" data-animation=\"fadeInRight\" data-animation-delay=\"500\">DATE&nbsp;:<\/span><\/h3>\n<p>Mardi 21 mars 2023 de 10h \u00e0 11h<\/p>\n<h3 class=\"section-title\"><span class=\"title-inner\" data-animation=\"fadeInRight\" data-animation-delay=\"500\">R\u00c9SUM\u00c9&nbsp;:<\/span><\/h3>\n<p>L\u2019id\u00e9e d\u2019\u00e9crire un <strong>livre professionnel<\/strong> vous titille depuis quelque temps, mais vous ne savez pas si vous en \u00eates capable, et par o\u00f9 commencer&nbsp;?<\/p>\n\n<p>Que vous souhaitiez simplement partager votre expertise ou bien que le livre fasse partie d\u2019un v\u00e9ritable plan de communication, les \u00e9tapes sont les m\u00eames.<\/p>\n\n<p>En alliant le point de vue d\u2019une autrice et celui d\u2019une \u00e9ditrice, nous allons <strong>d\u00e9mythifier l\u2019\u00e9criture d\u2019un livre professionnel et vous donner toutes les cl\u00e9s pour vous lancer.<\/strong><\/p>  \n\n\n<h3 class=\"section-title\"><span class=\"title-inner\" data-animation=\"fadeInRight\" data-animation-delay=\"500\">OBJECTIFS&nbsp;:<\/span><\/h3>\n\n\n<ul>\n<li>Halte aux id\u00e9es re\u00e7ues&nbsp;: tout le monde peut \u00e9crire un livre professionnel.<\/li>\n<li>D\u00e9finir un objectif&nbsp;: pourquoi publier un livre ?<\/li>\n<li>Construire son projet&nbsp;: choisir le sujet, d\u00e9finir la cible, construire le plan, r\u00e9diger.<\/li>\n<li>Faire publier son livre&nbsp;: le processus \u00e9ditorial.<\/li>\n<\/ul>\n\n<h3 class=\"section-title\"><span class=\"title-inner\" data-animation=\"fadeInRight\" data-animation-delay=\"500\">INTERVENANTES&nbsp;:<\/span><\/h3>\n<p><strong>V\u00e9ronique Plouvier<\/strong> est autrice, coach r\u00e9dactionnelle et cr\u00e9atrice du podcast Plume &amp; Entreprise. Elle accompagne les free-lances, consultants, formateurs ou conf\u00e9renciers, dans l\u2019\u00e9criture et la publication de livres professionnels.<\/p>\n\n<p><strong>Rapha\u00eblle Cormier<\/strong> est \u00e9ditrice chez GERESO \u00c9dition. Elle accompagne les auteurs de la d\u00e9finition de leur projet jusqu\u2019\u00e0 l\u2019envoi \u00e0 l\u2019impression de leur ouvrage, ainsi que sur la communication autour de leur livre.<\/p>\n<h3 class=\"section-title\"><span class=\"title-inner\" data-animation=\"fadeInRight\" data-animation-delay=\"500\">WEBINAIRE&nbsp;:<\/span><\/h3>\n<h4>Replay du webinaire&nbsp;: \u00ab\u00a0Comment \u00e9crire et publier un livre professionnel&nbsp;?&nbsp;:<\/h4>\n\n\n\n<figure class=\"wp-block-embed is-type-video is-provider-youtube wp-block-embed-youtube wp-embed-aspect-16-9 wp-has-aspect-ratio\"><div class=\"wp-block-embed__wrapper\">\n<iframe title=\"WEBINAIRE - Comment \u00e9crire et publier un livre professionnel ? - V\u00e9ronique et Rapha\u00eblle\" width=\"644\" height=\"362\" src=\"https:\/\/www.youtube.com\/embed\/57QHOxieh3M?feature=oembed\" frameborder=\"0\" allow=\"accelerometer; autoplay; clipboard-write; encrypted-media; gyroscope; picture-in-picture; web-share\" referrerpolicy=\"strict-origin-when-cross-origin\" allowfullscreen><\/iframe>\n<\/div><\/figure>\n\n\n\n<p><h3 class=\"section-title\"><span class=\"title-inner\" data-animation=\"fadeInRight\" data-animation-delay=\"500\">DOCUMENT&nbsp;:<\/span><\/h3><\/p>\n\n\n\n<div data-wp-interactive=\"core\/file\" class=\"wp-block-file\"><object data-wp-bind--hidden=\"!state.hasPdfPreview\" hidden class=\"wp-block-file__embed\" data=\"https:\/\/www.gereso.com\/actualites\/wp-content\/uploads\/2023\/03\/Webinaire-GERESO-ecrire-publier-livre.pdf\" type=\"application\/pdf\" style=\"width:100%;height:600px\" aria-label=\"Contenu embarqu\u00e9 Webinaire-GERESO-ecrire-publier-livre.\"><\/object><a id=\"wp-block-file--media-be930fa5-feb8-4115-8d9a-5da447aa667d\" href=\"https:\/\/www.gereso.com\/actualites\/wp-content\/uploads\/2023\/03\/Webinaire-GERESO-ecrire-publier-livre.pdf\">Webinaire-GERESO-ecrire-publier-livre<\/a><a href=\"https:\/\/www.gereso.com\/actualites\/wp-content\/uploads\/2023\/03\/Webinaire-GERESO-ecrire-publier-livre.pdf\" class=\"wp-block-file__button wp-element-button\" download aria-describedby=\"wp-block-file--media-be930fa5-feb8-4115-8d9a-5da447aa667d\">T\u00e9l\u00e9charger<\/a><\/div>\n\n\n\n<p><article class=\"obj_encart-formation\">\n<div class=\"ctn_encart\">\n<h3>L&rsquo;ouvrage<\/h3>\n<h2>&nbsp;\u00c9CRIRE ET PUBLIER UN LIVRE PROFESSIONNEL&nbsp;<\/h2>\n<p><strong><img decoding=\"async\" class=\"size-full wp-image-8994 alignleft\" src=\"https:\/\/www.gereso.com\/actualites\/wp-content\/uploads\/2023\/03\/ECPU.jpg\" alt=\"Ecrire et publier un livre professionnel\" width=\"140\" height=\"130\"><\/strong><\/p>\n<p>Free-lances, consultants, formateurs, coachs, conf\u00e9renciers ou cadres \u00e0 haut potentiel\u2026 la publication de votre livre deviendra votre premi\u00e8re carte de visite&nbsp;!<\/p>\n\n<p>Mais comment \u00e9crire un ouvrage susceptible de trouver sa place dans les rayons des librairies&nbsp;?<\/p>\n\n<p>Du choix du sujet \u00e0 la signature d\u2019un contrat d\u2019\u00e9dition, ce guide pratique aborde toutes les \u00e9tapes indispensables \u00e0 la r\u00e9ussite de votre projet.<\/p>\n\n<p>Vous y d\u00e9couvrirez comment d\u00e9passer vos peurs et vos blocages, valider la th\u00e9matique, organiser votre \u00e9criture, cr\u00e9er votre sommaire, proposer votre manuscrit \u00e0 un \u00e9diteur, comprendre le contrat d\u2019\u00e9dition.<\/p>\n\n<p>Illustr\u00e9 d\u2019exemples concrets et de conseils valid\u00e9s par l\u2019exp\u00e9rience de l\u2019autrice, ce livre est ponctu\u00e9 d\u2019exercices et d\u2019appels \u00e0 l\u2019action.<\/p>\n\n<p>Objectif final&nbsp;: publier votre livre chez un \u00e9diteur pour vous faire conna\u00eetre et l\u00e9gitimer votre expertise&nbsp;!<\/p>\n<p>&nbsp;<\/p>\n<div class=\"ctn_btn\">\n<a class=\"obj_btn\" target=\"_blank\" href=\"https:\/\/librairie.gereso.com\/livre-developpement-professionnel-et-personnel\/efficacite-professionnelle\/ecrire-et-publier-un-livre-professionnel-ecpu.html\" rel=\"noopener\">><span>En savoir plus<\/span><\/a>\n<\/div>\n<\/div>\n<\/article><\/p>\n","protected":false},"excerpt":{"rendered":"<p>D\u00e9tails du webinaire&nbsp;: DATE&nbsp;: Mardi 21 mars 2023 de 10h \u00e0 11h R\u00c9SUM\u00c9&nbsp;: L\u2019id\u00e9e d\u2019\u00e9crire un livre professionnel vous titille depuis quelque temps, mais vous ne savez pas si vous en \u00eates capable, et par o\u00f9 commencer&nbsp;? Que vous souhaitiez simplement partager votre expertise ou bien que le livre fasse partie d\u2019un v\u00e9ritable plan de [&hellip;]<\/p>\n","protected":false},"author":32,"featured_media":0,"comment_status":"open","ping_status":"open","sticky":false,"template":"","format":"standard","meta":{"_acf_changed":false,"_mi_skip_tracking":false,"footnotes":""},"categories":[12],"tags":[],"class_list":["post-34030","post","type-post","status-publish","format-standard","hentry","category-actualites"],"acf":[],"yoast_head":"<!-- This site is optimized with the Yoast SEO plugin v23.4 - https:\/\/yoast.com\/wordpress\/plugins\/seo\/ -->\n<title>Webinaire \u00ab Comment \u00e9crire et publier un livre professionnel ? \u00bb - Le Blog GERESO<\/title>\n<meta name=\"robots\" content=\"index, follow, max-snippet:-1, max-image-preview:large, max-video-preview:-1\" \/>\n<link rel=\"canonical\" href=\"https:\/\/www.gereso.com\/actualites\/2023\/03\/21\/webinaire-comment-ecrire-publier-livre-professionnel\/\" \/>\n<meta property=\"og:locale\" content=\"fr_FR\" \/>\n<meta property=\"og:type\" content=\"article\" \/>\n<meta property=\"og:title\" content=\"Webinaire \u00ab Comment \u00e9crire et publier un livre professionnel ? \u00bb - Le Blog GERESO\" \/>\n<meta property=\"og:description\" content=\"D\u00e9tails du webinaire&nbsp;: DATE&nbsp;: Mardi 21 mars 2023 de 10h \u00e0 11h R\u00c9SUM\u00c9&nbsp;: L\u2019id\u00e9e d\u2019\u00e9crire un livre professionnel vous titille depuis quelque temps, mais vous ne savez pas si vous en \u00eates capable, et par o\u00f9 commencer&nbsp;? Que vous souhaitiez simplement partager votre expertise ou bien que le livre fasse partie d\u2019un v\u00e9ritable plan de [&hellip;]\" \/>\n<meta property=\"og:url\" content=\"https:\/\/www.gereso.com\/actualites\/2023\/03\/21\/webinaire-comment-ecrire-publier-livre-professionnel\/\" \/>\n<meta property=\"og:site_name\" content=\"Le Blog GERESO\" \/>\n<meta property=\"article:published_time\" content=\"2023-03-21T12:50:25+00:00\" \/>\n<meta property=\"article:modified_time\" content=\"2023-03-27T12:11:27+00:00\" \/>\n<meta property=\"og:image\" content=\"https:\/\/www.gereso.com\/actualites\/wp-content\/uploads\/2023\/03\/ECPU.jpg\" \/>\n<meta name=\"author\" content=\"\u00c9quipe GERESO\" \/>\n<meta name=\"twitter:card\" content=\"summary_large_image\" \/>\n<script type=\"application\/ld+json\" class=\"yoast-schema-graph\">{\"@context\":\"https:\/\/schema.org\",\"@graph\":[{\"@type\":\"WebPage\",\"@id\":\"https:\/\/www.gereso.com\/actualites\/2023\/03\/21\/webinaire-comment-ecrire-publier-livre-professionnel\/\",\"url\":\"https:\/\/www.gereso.com\/actualites\/2023\/03\/21\/webinaire-comment-ecrire-publier-livre-professionnel\/\",\"name\":\"Webinaire \u00ab Comment \u00e9crire et publier un livre professionnel ? \u00bb - Le Blog GERESO\",\"isPartOf\":{\"@id\":\"https:\/\/www.gereso.com\/actualites\/#website\"},\"primaryImageOfPage\":{\"@id\":\"https:\/\/www.gereso.com\/actualites\/2023\/03\/21\/webinaire-comment-ecrire-publier-livre-professionnel\/#primaryimage\"},\"image\":{\"@id\":\"https:\/\/www.gereso.com\/actualites\/2023\/03\/21\/webinaire-comment-ecrire-publier-livre-professionnel\/#primaryimage\"},\"thumbnailUrl\":\"https:\/\/www.gereso.com\/actualites\/wp-content\/uploads\/2023\/03\/ECPU.jpg\",\"datePublished\":\"2023-03-21T12:50:25+00:00\",\"dateModified\":\"2023-03-27T12:11:27+00:00\",\"author\":{\"@id\":\"https:\/\/www.gereso.com\/actualites\/#\/schema\/person\/197d8aef40cb4ae3f6a0aa9e1d3df2a6\"},\"breadcrumb\":{\"@id\":\"https:\/\/www.gereso.com\/actualites\/2023\/03\/21\/webinaire-comment-ecrire-publier-livre-professionnel\/#breadcrumb\"},\"inLanguage\":\"fr-FR\",\"potentialAction\":[{\"@type\":\"ReadAction\",\"target\":[\"https:\/\/www.gereso.com\/actualites\/2023\/03\/21\/webinaire-comment-ecrire-publier-livre-professionnel\/\"]}]},{\"@type\":\"ImageObject\",\"inLanguage\":\"fr-FR\",\"@id\":\"https:\/\/www.gereso.com\/actualites\/2023\/03\/21\/webinaire-comment-ecrire-publier-livre-professionnel\/#primaryimage\",\"url\":\"https:\/\/www.gereso.com\/actualites\/wp-content\/uploads\/2023\/03\/ECPU.jpg\",\"contentUrl\":\"https:\/\/www.gereso.com\/actualites\/wp-content\/uploads\/2023\/03\/ECPU.jpg\",\"width\":1028,\"height\":1710},{\"@type\":\"BreadcrumbList\",\"@id\":\"https:\/\/www.gereso.com\/actualites\/2023\/03\/21\/webinaire-comment-ecrire-publier-livre-professionnel\/#breadcrumb\",\"itemListElement\":[{\"@type\":\"ListItem\",\"position\":1,\"name\":\"Home\",\"item\":\"https:\/\/www.gereso.com\/actualites\/\"},{\"@type\":\"ListItem\",\"position\":2,\"name\":\"Webinaire \u00ab Comment \u00e9crire et publier un livre professionnel ? \u00bb\"}]},{\"@type\":\"WebSite\",\"@id\":\"https:\/\/www.gereso.com\/actualites\/#website\",\"url\":\"https:\/\/www.gereso.com\/actualites\/\",\"name\":\"Le Blog GERESO\",\"description\":\"Toute l&#039;actu RH, Finance, Fonction Publique, Management...\",\"potentialAction\":[{\"@type\":\"SearchAction\",\"target\":{\"@type\":\"EntryPoint\",\"urlTemplate\":\"https:\/\/www.gereso.com\/actualites\/?s={search_term_string}\"},\"query-input\":{\"@type\":\"PropertyValueSpecification\",\"valueRequired\":true,\"valueName\":\"search_term_string\"}}],\"inLanguage\":\"fr-FR\"},{\"@type\":\"Person\",\"@id\":\"https:\/\/www.gereso.com\/actualites\/#\/schema\/person\/197d8aef40cb4ae3f6a0aa9e1d3df2a6\",\"name\":\"\u00c9quipe GERESO\",\"image\":{\"@type\":\"ImageObject\",\"inLanguage\":\"fr-FR\",\"@id\":\"https:\/\/www.gereso.com\/actualites\/#\/schema\/person\/image\/\",\"url\":\"https:\/\/www.gereso.com\/actualites\/wp-content\/uploads\/2013\/12\/avatar-gereso-1.png\",\"contentUrl\":\"https:\/\/www.gereso.com\/actualites\/wp-content\/uploads\/2013\/12\/avatar-gereso-1.png\",\"caption\":\"\u00c9quipe GERESO\"},\"url\":\"https:\/\/www.gereso.com\/actualites\/author\/gereso\/\"}]}<\/script>\n<!-- \/ Yoast SEO plugin. -->","yoast_head_json":{"title":"Webinaire \u00ab Comment \u00e9crire et publier un livre professionnel ? \u00bb - Le Blog GERESO","robots":{"index":"index","follow":"follow","max-snippet":"max-snippet:-1","max-image-preview":"max-image-preview:large","max-video-preview":"max-video-preview:-1"},"canonical":"https:\/\/www.gereso.com\/actualites\/2023\/03\/21\/webinaire-comment-ecrire-publier-livre-professionnel\/","og_locale":"fr_FR","og_type":"article","og_title":"Webinaire \u00ab Comment \u00e9crire et publier un livre professionnel ? \u00bb - Le Blog GERESO","og_description":"D\u00e9tails du webinaire&nbsp;: DATE&nbsp;: Mardi 21 mars 2023 de 10h \u00e0 11h R\u00c9SUM\u00c9&nbsp;: L\u2019id\u00e9e d\u2019\u00e9crire un livre professionnel vous titille depuis quelque temps, mais vous ne savez pas si vous en \u00eates capable, et par o\u00f9 commencer&nbsp;? Que vous souhaitiez simplement partager votre expertise ou bien que le livre fasse partie d\u2019un v\u00e9ritable plan de [&hellip;]","og_url":"https:\/\/www.gereso.com\/actualites\/2023\/03\/21\/webinaire-comment-ecrire-publier-livre-professionnel\/","og_site_name":"Le Blog GERESO","article_published_time":"2023-03-21T12:50:25+00:00","article_modified_time":"2023-03-27T12:11:27+00:00","og_image":[{"url":"https:\/\/www.gereso.com\/actualites\/wp-content\/uploads\/2023\/03\/ECPU.jpg"}],"author":"\u00c9quipe GERESO","twitter_card":"summary_large_image","schema":{"@context":"https:\/\/schema.org","@graph":[{"@type":"WebPage","@id":"https:\/\/www.gereso.com\/actualites\/2023\/03\/21\/webinaire-comment-ecrire-publier-livre-professionnel\/","url":"https:\/\/www.gereso.com\/actualites\/2023\/03\/21\/webinaire-comment-ecrire-publier-livre-professionnel\/","name":"Webinaire \u00ab Comment \u00e9crire et publier un livre professionnel ? \u00bb - Le Blog GERESO","isPartOf":{"@id":"https:\/\/www.gereso.com\/actualites\/#website"},"primaryImageOfPage":{"@id":"https:\/\/www.gereso.com\/actualites\/2023\/03\/21\/webinaire-comment-ecrire-publier-livre-professionnel\/#primaryimage"},"image":{"@id":"https:\/\/www.gereso.com\/actualites\/2023\/03\/21\/webinaire-comment-ecrire-publier-livre-professionnel\/#primaryimage"},"thumbnailUrl":"https:\/\/www.gereso.com\/actualites\/wp-content\/uploads\/2023\/03\/ECPU.jpg","datePublished":"2023-03-21T12:50:25+00:00","dateModified":"2023-03-27T12:11:27+00:00","author":{"@id":"https:\/\/www.gereso.com\/actualites\/#\/schema\/person\/197d8aef40cb4ae3f6a0aa9e1d3df2a6"},"breadcrumb":{"@id":"https:\/\/www.gereso.com\/actualites\/2023\/03\/21\/webinaire-comment-ecrire-publier-livre-professionnel\/#breadcrumb"},"inLanguage":"fr-FR","potentialAction":[{"@type":"ReadAction","target":["https:\/\/www.gereso.com\/actualites\/2023\/03\/21\/webinaire-comment-ecrire-publier-livre-professionnel\/"]}]},{"@type":"ImageObject","inLanguage":"fr-FR","@id":"https:\/\/www.gereso.com\/actualites\/2023\/03\/21\/webinaire-comment-ecrire-publier-livre-professionnel\/#primaryimage","url":"https:\/\/www.gereso.com\/actualites\/wp-content\/uploads\/2023\/03\/ECPU.jpg","contentUrl":"https:\/\/www.gereso.com\/actualites\/wp-content\/uploads\/2023\/03\/ECPU.jpg","width":1028,"height":1710},{"@type":"BreadcrumbList","@id":"https:\/\/www.gereso.com\/actualites\/2023\/03\/21\/webinaire-comment-ecrire-publier-livre-professionnel\/#breadcrumb","itemListElement":[{"@type":"ListItem","position":1,"name":"Home","item":"https:\/\/www.gereso.com\/actualites\/"},{"@type":"ListItem","position":2,"name":"Webinaire \u00ab Comment \u00e9crire et publier un livre professionnel ? \u00bb"}]},{"@type":"WebSite","@id":"https:\/\/www.gereso.com\/actualites\/#website","url":"https:\/\/www.gereso.com\/actualites\/","name":"Le Blog GERESO","description":"Toute l&#039;actu RH, Finance, Fonction Publique, Management...","potentialAction":[{"@type":"SearchAction","target":{"@type":"EntryPoint","urlTemplate":"https:\/\/www.gereso.com\/actualites\/?s={search_term_string}"},"query-input":{"@type":"PropertyValueSpecification","valueRequired":true,"valueName":"search_term_string"}}],"inLanguage":"fr-FR"},{"@type":"Person","@id":"https:\/\/www.gereso.com\/actualites\/#\/schema\/person\/197d8aef40cb4ae3f6a0aa9e1d3df2a6","name":"\u00c9quipe GERESO","image":{"@type":"ImageObject","inLanguage":"fr-FR","@id":"https:\/\/www.gereso.com\/actualites\/#\/schema\/person\/image\/","url":"https:\/\/www.gereso.com\/actualites\/wp-content\/uploads\/2013\/12\/avatar-gereso-1.png","contentUrl":"https:\/\/www.gereso.com\/actualites\/wp-content\/uploads\/2013\/12\/avatar-gereso-1.png","caption":"\u00c9quipe GERESO"},"url":"https:\/\/www.gereso.com\/actualites\/author\/gereso\/"}]}},"_links":{"self":[{"href":"https:\/\/www.gereso.com\/actualites\/wp-json\/wp\/v2\/posts\/34030","targetHints":{"allow":["GET"]}}],"collection":[{"href":"https:\/\/www.gereso.com\/actualites\/wp-json\/wp\/v2\/posts"}],"about":[{"href":"https:\/\/www.gereso.com\/actualites\/wp-json\/wp\/v2\/types\/post"}],"author":[{"embeddable":true,"href":"https:\/\/www.gereso.com\/actualites\/wp-json\/wp\/v2\/users\/32"}],"replies":[{"embeddable":true,"href":"https:\/\/www.gereso.com\/actualites\/wp-json\/wp\/v2\/comments?post=34030"}],"version-history":[{"count":7,"href":"https:\/\/www.gereso.com\/actualites\/wp-json\/wp\/v2\/posts\/34030\/revisions"}],"predecessor-version":[{"id":35096,"href":"https:\/\/www.gereso.com\/actualites\/wp-json\/wp\/v2\/posts\/34030\/revisions\/35096"}],"wp:attachment":[{"href":"https:\/\/www.gereso.com\/actualites\/wp-json\/wp\/v2\/media?parent=34030"}],"wp:term":[{"taxonomy":"category","embeddable":true,"href":"https:\/\/www.gereso.com\/actualites\/wp-json\/wp\/v2\/categories?post=34030"},{"taxonomy":"post_tag","embeddable":true,"href":"https:\/\/www.gereso.com\/actualites\/wp-json\/wp\/v2\/tags?post=34030"}],"curies":[{"name":"wp","href":"https:\/\/api.w.org\/{rel}","templated":true}]}}