{"id":34320,"date":"2023-04-12T14:02:56","date_gmt":"2023-04-12T12:02:56","guid":{"rendered":"https:\/\/www.gereso.com\/actualites\/?p=34320"},"modified":"2023-05-09T09:03:45","modified_gmt":"2023-05-09T07:03:45","slug":"quiz-remuneration-des-expatries-etes-vous-incollable","status":"publish","type":"post","link":"https:\/\/www.gereso.com\/actualites\/2023\/04\/12\/quiz-remuneration-des-expatries-etes-vous-incollable\/","title":{"rendered":"Quiz : R\u00e9mun\u00e9ration des expatri\u00e9s : \u00eates-vous incollable ?"},"content":{"rendered":"\n\n\n<link type=\"text\/css\" rel=\"stylesheet\" href=\"https:\/\/www.gereso.com\/actualites\/wp-content\/plugins\/quizzin\/style.css\" \/>\r\n<script type=\"text\/javascript\" src=\"https:\/\/www.gereso.com\/actualites\/wp-includes\/js\/jquery\/jquery.js\"><\/script>\r\n<script type=\"text\/javascript\" src=\"https:\/\/www.gereso.com\/actualites\/wp-content\/plugins\/quizzin\/script.js\"><\/script>\r\n\r\n<div class=\"quiz-area single-page-quiz\">\r\n<form action=\"\" method=\"post\" class=\"quiz-form\" id=\"quiz-39\">\r\n<div class='quizzin-question' id='question-1'><div class='question-content'>1\/10 -\u00a0 La prime de difficult\u00e9 de vie vers\u00e9e \u00e0 un expatri\u00e9 a pour vocation de compenser :<\/div><br \/><input type='hidden' name='question_id[]' value='386' \/><label for='answer-id-1217' id='answer-label-1217' class=' answer label-1'><input type='radio' name='answer-386' id='answer-id-1217' class='answer answer-1 ' value='1217' \/><span class='answer'> La s\u00e9paration de son r\u00e9seau social : famille, amis et coll\u00e8gues de travail.<\/span><\/label><br \/><label for='answer-id-1218' id='answer-label-1218' class=' answer label-1'><input type='radio' name='answer-386' id='answer-id-1218' class='answer answer-1 ' value='1218' \/><span class='answer'> Le surco\u00fbt des frais de logement dans le pays d\u2019expatriation.<\/span><\/label><br \/><label for='answer-id-1219' id='answer-label-1219' class=' answer label-1'><input type='radio' name='answer-386' id='answer-id-1219' class='answer answer-1 ' value='1219' \/><span class='answer'> Le manque d\u2019infrastructures de loisirs dans le pays d\u2019accueil.<\/span><\/label><br \/><label for='answer-id-1220' id='answer-label-1220' class=' answer label-1'><input type='radio' name='answer-386' id='answer-id-1220' class='answer answer-1 ' value='1220' \/><span class='answer'> Un co\u00fbt de la vie nettement plus \u00e9lev\u00e9 dans le pays d\u2019accueil.<\/span><\/label><br \/><\/div><div class='quizzin-question' id='question-2'><div class='question-content'>2\/10 - La m\u00e9thodologie de calcul de r\u00e9mun\u00e9ration dite \u00ab\u00a0<em>ancrage pays d\u2019accueil<\/em>\u00bb peut-elle \u00eatre appliqu\u00e9e dans tous les pays ?<\/div><br \/><input type='hidden' name='question_id[]' value='387' \/><label for='answer-id-1214' id='answer-label-1214' class=' answer label-2'><input type='radio' name='answer-387' id='answer-id-1214' class='answer answer-2 ' value='1214' \/><span class='answer'> Oui<\/span><\/label><br \/><label for='answer-id-1215' id='answer-label-1215' class=' answer label-2'><input type='radio' name='answer-387' id='answer-id-1215' class='answer answer-2 ' value='1215' \/><span class='answer'> Non<\/span><\/label><br \/><label for='answer-id-1216' id='answer-label-1216' class=' answer label-2'><input type='radio' name='answer-387' id='answer-id-1216' class='answer answer-2 ' value='1216' \/><span class='answer'> Seulement en Europe<\/span><\/label><br \/><\/div><div class='quizzin-question' id='question-3'><div class='question-content'>3\/10 - Qu'est-ce qu'indique un indice de co\u00fbt de la vie de 80 entre la ville de d\u00e9part A et la ville d\u2019affectation B ?<\/div><br \/><input type='hidden' name='question_id[]' value='388' \/><label for='answer-id-1221' id='answer-label-1221' class=' answer label-3'><input type='radio' name='answer-388' id='answer-id-1221' class='answer answer-3 ' value='1221' \/><span class='answer'> La vie est 80 % plus ch\u00e8re dans la ville B que dans la ville A.<\/span><\/label><br \/><label for='answer-id-1222' id='answer-label-1222' class=' answer label-3'><input type='radio' name='answer-388' id='answer-id-1222' class='answer answer-3 ' value='1222' \/><span class='answer'> Le salaire doit \u00eatre augment\u00e9 de 80 % pendant l\u2019expatriation pour maintenir le pouvoir d\u2019achat du salari\u00e9.<\/span><\/label><br \/><label for='answer-id-1223' id='answer-label-1223' class=' answer label-3'><input type='radio' name='answer-388' id='answer-id-1223' class='answer answer-3 ' value='1223' \/><span class='answer'> La vie est moins ch\u00e8re dans la ville d\u2019accueil, l\u2019employeur peut r\u00e9duire le salaire.<\/span><\/label><br \/><\/div><div class='quizzin-question' id='question-4'><div class='question-content'>4\/10 - Qu\u2019est-ce qui n\u2019est pas inclus dans le calcul du salaire net social et fiscal \u00e0 garantir dans le Pays d\u2019Accueil\u00a0?<\/div><br \/><input type='hidden' name='question_id[]' value='389' \/><label for='answer-id-1224' id='answer-label-1224' class=' answer label-4'><input type='radio' name='answer-389' id='answer-id-1224' class='answer answer-4 ' value='1224' \/><span class='answer'> Les charges sociales salariales du pays d\u2019accueil.<\/span><\/label><br \/><label for='answer-id-1225' id='answer-label-1225' class=' answer label-4'><input type='radio' name='answer-389' id='answer-id-1225' class='answer answer-4 ' value='1225' \/><span class='answer'> La d\u00e9duction de l\u2019imp\u00f4t th\u00e9orique du pays d\u2019origine.<\/span><\/label><br \/><label for='answer-id-1226' id='answer-label-1226' class=' answer label-4'><input type='radio' name='answer-389' id='answer-id-1226' class='answer answer-4 ' value='1226' \/><span class='answer'> L\u2019indemnit\u00e9 du co\u00fbt de la vie.<\/span><\/label><br \/><\/div><div class='quizzin-question' id='question-5'><div class='question-content'>5\/10 - Qu'est-ce qu'indique un indice de difficult\u00e9 de vie de 110 entre le pays de d\u00e9part et le pays d\u2019accueil ?<\/div><br \/><input type='hidden' name='question_id[]' value='390' \/><label for='answer-id-1227' id='answer-label-1227' class=' answer label-5'><input type='radio' name='answer-390' id='answer-id-1227' class='answer answer-5 ' value='1227' \/><span class='answer'> La vie est plus facile au pays d\u2019accueil.<\/span><\/label><br \/><label for='answer-id-1228' id='answer-label-1228' class=' answer label-5'><input type='radio' name='answer-390' id='answer-id-1228' class='answer answer-5 ' value='1228' \/><span class='answer'> L\u2019employeur doit verser une prime de 10 % au salari\u00e9.<\/span><\/label><br \/><\/div><div class='quizzin-question' id='question-6'><div class='question-content'>6\/10 - Calculez la prime mensuelle de difficult\u00e9 de vie (salaire 60 000 GBP brut \/ an \u2013 indice : 75 \u2013 prime : 15 % du brut)<\/div><br \/><input type='hidden' name='question_id[]' value='391' \/><label for='answer-id-1229' id='answer-label-1229' class=' answer label-6'><input type='radio' name='answer-391' id='answer-id-1229' class='answer answer-6 ' value='1229' \/><span class='answer'> 9 000 GBP<\/span><\/label><br \/><label for='answer-id-1230' id='answer-label-1230' class=' answer label-6'><input type='radio' name='answer-391' id='answer-id-1230' class='answer answer-6 ' value='1230' \/><span class='answer'> 1 250 GBP<\/span><\/label><br \/><label for='answer-id-1231' id='answer-label-1231' class=' answer label-6'><input type='radio' name='answer-391' id='answer-id-1231' class='answer answer-6 ' value='1231' \/><span class='answer'> 750 GBP<\/span><\/label><br \/><\/div><div class='quizzin-question' id='question-7'><div class='question-content'>7\/10 - Le salari\u00e9 est rentr\u00e9 d\u2019Allemagne en France. L\u2019employeur doit lui rembourser un imp\u00f4t allemand de 22 000 \u20ac plus \u00e9lev\u00e9 qu\u2019en France, combien lui versera t-il au titre du diff\u00e9rentiel d\u2019imp\u00f4t ?<\/div><br \/><input type='hidden' name='question_id[]' value='392' \/><label for='answer-id-1232' id='answer-label-1232' class=' answer label-7'><input type='radio' name='answer-392' id='answer-id-1232' class='answer answer-7 ' value='1232' \/><span class='answer'> 26 420 \u20ac brut sur son bulletin de paie France<\/span><\/label><br \/><label for='answer-id-1233' id='answer-label-1233' class=' answer label-7'><input type='radio' name='answer-392' id='answer-id-1233' class='answer answer-7 ' value='1233' \/><span class='answer'> 22 000 \u20ac sur note de frais <\/span><\/label><br \/><label for='answer-id-1234' id='answer-label-1234' class=' answer label-7'><input type='radio' name='answer-392' id='answer-id-1234' class='answer answer-7 ' value='1234' \/><span class='answer'> 39 783 \u20ac brut sur son bulletin de paie fran\u00e7ais <\/span><\/label><br \/><\/div><div class='quizzin-question' id='question-8'><div class='question-content'>8\/10 - La conjointe du salari\u00e9 quitte son poste de cadre pour suivre son mari en expatriation, quelles sont les prises en charge possibles ?<\/div><br \/><input type='hidden' name='question_id[]' value='393' \/><label for='answer-id-1235' id='answer-label-1235' class=' answer label-8'><input type='radio' name='answer-393' id='answer-id-1235' class='answer answer-8 ' value='1235' \/><span class='answer'> L\u2019employeur prendra en charge le salaire de la conjointe la 1 \u00e8re ann\u00e9e le temps qu\u2019elle trouve un emploi dans le pays d\u2019accueil.<\/span><\/label><br \/><label for='answer-id-1236' id='answer-label-1236' class=' answer label-8'><input type='radio' name='answer-393' id='answer-id-1236' class='answer answer-8 ' value='1236' \/><span class='answer'> L\u2019employeur pourra financer les cotisations volontaires de retraite de base fran\u00e7aises de la conjointe pendante toute la dur\u00e9e de la mission \u00e0 l\u2019\u00e9tranger.<\/span><\/label><br \/><label for='answer-id-1237' id='answer-label-1237' class=' answer label-8'><input type='radio' name='answer-393' id='answer-id-1237' class='answer answer-8 ' value='1237' \/><span class='answer'> La conjointe peut toucher le ch\u00f4mage fran\u00e7ais pendant 6 mois dans le pays d\u2019accueil.<\/span><\/label><br \/><\/div><div class='quizzin-question' id='question-9'><div class='question-content'>9\/10 - Le salari\u00e9 reste enti\u00e8rement pay\u00e9 dans le pays de d\u00e9part. Le taux de change entre la devise de ce dernier et celle du pays d\u2019accueil se d\u00e9t\u00e9riore de 8 %, l\u2019employeur augmente :<\/div><br \/><input type='hidden' name='question_id[]' value='394' \/><label for='answer-id-1238' id='answer-label-1238' class=' answer label-9'><input type='radio' name='answer-394' id='answer-id-1238' class='answer answer-9 ' value='1238' \/><span class='answer'> Le salaire vers\u00e9 de 8 %.<\/span><\/label><br \/><label for='answer-id-1239' id='answer-label-1239' class=' answer label-9'><input type='radio' name='answer-394' id='answer-id-1239' class='answer answer-9 ' value='1239' \/><span class='answer'> La part de la r\u00e9mun\u00e9ration affect\u00e9e \u00e0 la consommation courante de 8 %.<\/span><\/label><br \/><\/div><div class='quizzin-question' id='question-10'><div class='question-content'>10\/10 - L\u2019expatri\u00e9 est en r\u00e9mun\u00e9ration \u00ab\u00a0<em>ancrage pays d\u2019accueil<\/em>\u00bb au Br\u00e9sil. Les br\u00e9siliens augmentent le salaire de 25 %. L\u2019employeur fran\u00e7ais :<\/div><br \/><input type='hidden' name='question_id[]' value='395' \/><label for='answer-id-1240' id='answer-label-1240' class=' answer label-10'><input type='radio' name='answer-395' id='answer-id-1240' class='answer answer-10 ' value='1240' \/><span class='answer'> Augmente le salaire de r\u00e9f\u00e9rence de 3 % comme tous les salaires fran\u00e7ais.<\/span><\/label><br \/><label for='answer-id-1241' id='answer-label-1241' class=' answer label-10'><input type='radio' name='answer-395' id='answer-id-1241' class='answer answer-10 ' value='1241' \/><span class='answer'> Revoit le salaire de r\u00e9f\u00e9rence de 25 %.<\/span><\/label><br \/><label for='answer-id-1242' id='answer-label-1242' class=' answer label-10'><input type='radio' name='answer-395' id='answer-id-1242' class='answer answer-10 ' value='1242' \/><span class='answer'> Proc\u00e8de \u00e0 une nouvelle pes\u00e9e de poste avant de revoir le salaire de r\u00e9f\u00e9rence.<\/span><\/label><br \/><\/div><br \/>\r\n<input type=\"button\" id=\"next-question\" value=\"Question suivante &gt;\"  \/><br \/>\r\n\r\n<input type=\"submit\" name=\"action\" id=\"action-button\" value=\"Valider mes r\u00e9ponses et voir le r\u00e9sultat &nbsp; \"  \/>\r\n<input type=\"hidden\" name=\"quiz_id\" value=\"39\" \/>\r\n<\/form>\r\n<\/div>\r\n\r\n\n","protected":false},"excerpt":{"rendered":"","protected":false},"author":90,"featured_media":34323,"comment_status":"open","ping_status":"open","sticky":false,"template":"","format":"standard","meta":{"_acf_changed":false,"_mi_skip_tracking":false,"footnotes":""},"categories":[12,7],"tags":[],"class_list":["post-34320","post","type-post","status-publish","format-standard","has-post-thumbnail","hentry","category-actualites","category-mobilite-internationale"],"acf":[],"yoast_head":"<!-- This site is optimized with the Yoast SEO plugin v23.4 - https:\/\/yoast.com\/wordpress\/plugins\/seo\/ -->\n<title>Quiz : R\u00e9mun\u00e9ration des expatri\u00e9s : \u00eates-vous incollable ? - Le Blog GERESO<\/title>\n<meta name=\"robots\" content=\"index, follow, max-snippet:-1, max-image-preview:large, max-video-preview:-1\" \/>\n<link rel=\"canonical\" href=\"https:\/\/www.gereso.com\/actualites\/2023\/04\/12\/quiz-remuneration-des-expatries-etes-vous-incollable\/\" \/>\n<meta property=\"og:locale\" content=\"fr_FR\" \/>\n<meta property=\"og:type\" content=\"article\" \/>\n<meta property=\"og:title\" content=\"Quiz : R\u00e9mun\u00e9ration des expatri\u00e9s : \u00eates-vous incollable ? - Le Blog GERESO\" \/>\n<meta property=\"og:url\" content=\"https:\/\/www.gereso.com\/actualites\/2023\/04\/12\/quiz-remuneration-des-expatries-etes-vous-incollable\/\" \/>\n<meta property=\"og:site_name\" content=\"Le Blog GERESO\" \/>\n<meta property=\"article:published_time\" content=\"2023-04-12T12:02:56+00:00\" \/>\n<meta property=\"article:modified_time\" content=\"2023-05-09T07:03:45+00:00\" \/>\n<meta property=\"og:image\" content=\"https:\/\/www.gereso.com\/actualites\/wp-content\/uploads\/2023\/04\/quiz-remuneration-expatries.jpg\" \/>\n\t<meta property=\"og:image:width\" content=\"600\" \/>\n\t<meta property=\"og:image:height\" content=\"400\" \/>\n\t<meta property=\"og:image:type\" content=\"image\/jpeg\" \/>\n<meta name=\"author\" content=\"Anne-France Tremeau\" \/>\n<meta name=\"twitter:card\" content=\"summary_large_image\" \/>\n<script type=\"application\/ld+json\" class=\"yoast-schema-graph\">{\"@context\":\"https:\/\/schema.org\",\"@graph\":[{\"@type\":\"WebPage\",\"@id\":\"https:\/\/www.gereso.com\/actualites\/2023\/04\/12\/quiz-remuneration-des-expatries-etes-vous-incollable\/\",\"url\":\"https:\/\/www.gereso.com\/actualites\/2023\/04\/12\/quiz-remuneration-des-expatries-etes-vous-incollable\/\",\"name\":\"Quiz : R\u00e9mun\u00e9ration des expatri\u00e9s : \u00eates-vous incollable ? - Le Blog GERESO\",\"isPartOf\":{\"@id\":\"https:\/\/www.gereso.com\/actualites\/#website\"},\"primaryImageOfPage\":{\"@id\":\"https:\/\/www.gereso.com\/actualites\/2023\/04\/12\/quiz-remuneration-des-expatries-etes-vous-incollable\/#primaryimage\"},\"image\":{\"@id\":\"https:\/\/www.gereso.com\/actualites\/2023\/04\/12\/quiz-remuneration-des-expatries-etes-vous-incollable\/#primaryimage\"},\"thumbnailUrl\":\"https:\/\/www.gereso.com\/actualites\/wp-content\/uploads\/2023\/04\/quiz-remuneration-expatries.jpg\",\"datePublished\":\"2023-04-12T12:02:56+00:00\",\"dateModified\":\"2023-05-09T07:03:45+00:00\",\"author\":{\"@id\":\"https:\/\/www.gereso.com\/actualites\/#\/schema\/person\/c172f46ad3a5010c04dccf564462a1a0\"},\"breadcrumb\":{\"@id\":\"https:\/\/www.gereso.com\/actualites\/2023\/04\/12\/quiz-remuneration-des-expatries-etes-vous-incollable\/#breadcrumb\"},\"inLanguage\":\"fr-FR\",\"potentialAction\":[{\"@type\":\"ReadAction\",\"target\":[\"https:\/\/www.gereso.com\/actualites\/2023\/04\/12\/quiz-remuneration-des-expatries-etes-vous-incollable\/\"]}]},{\"@type\":\"ImageObject\",\"inLanguage\":\"fr-FR\",\"@id\":\"https:\/\/www.gereso.com\/actualites\/2023\/04\/12\/quiz-remuneration-des-expatries-etes-vous-incollable\/#primaryimage\",\"url\":\"https:\/\/www.gereso.com\/actualites\/wp-content\/uploads\/2023\/04\/quiz-remuneration-expatries.jpg\",\"contentUrl\":\"https:\/\/www.gereso.com\/actualites\/wp-content\/uploads\/2023\/04\/quiz-remuneration-expatries.jpg\",\"width\":600,\"height\":400,\"caption\":\"quiz-remuneration-expatries\"},{\"@type\":\"BreadcrumbList\",\"@id\":\"https:\/\/www.gereso.com\/actualites\/2023\/04\/12\/quiz-remuneration-des-expatries-etes-vous-incollable\/#breadcrumb\",\"itemListElement\":[{\"@type\":\"ListItem\",\"position\":1,\"name\":\"Home\",\"item\":\"https:\/\/www.gereso.com\/actualites\/\"},{\"@type\":\"ListItem\",\"position\":2,\"name\":\"Quiz : R\u00e9mun\u00e9ration des expatri\u00e9s : \u00eates-vous incollable ?\"}]},{\"@type\":\"WebSite\",\"@id\":\"https:\/\/www.gereso.com\/actualites\/#website\",\"url\":\"https:\/\/www.gereso.com\/actualites\/\",\"name\":\"Le Blog GERESO\",\"description\":\"Toute l&#039;actu RH, Finance, Fonction Publique, Management...\",\"potentialAction\":[{\"@type\":\"SearchAction\",\"target\":{\"@type\":\"EntryPoint\",\"urlTemplate\":\"https:\/\/www.gereso.com\/actualites\/?s={search_term_string}\"},\"query-input\":{\"@type\":\"PropertyValueSpecification\",\"valueRequired\":true,\"valueName\":\"search_term_string\"}}],\"inLanguage\":\"fr-FR\"},{\"@type\":\"Person\",\"@id\":\"https:\/\/www.gereso.com\/actualites\/#\/schema\/person\/c172f46ad3a5010c04dccf564462a1a0\",\"name\":\"Anne-France Tremeau\",\"image\":{\"@type\":\"ImageObject\",\"inLanguage\":\"fr-FR\",\"@id\":\"https:\/\/www.gereso.com\/actualites\/#\/schema\/person\/image\/\",\"url\":\"https:\/\/www.gereso.com\/actualites\/wp-content\/uploads\/2023\/04\/anne-france-tremeau-120x120.jpg\",\"contentUrl\":\"https:\/\/www.gereso.com\/actualites\/wp-content\/uploads\/2023\/04\/anne-france-tremeau-120x120.jpg\",\"caption\":\"Anne-France Tremeau\"},\"description\":\"Apr\u00e8s\u00a018 ans en tant que directrice Mobilit\u00e9 Internationale dans des grands groupes (AXA, EADS-AIRBUS), Anne France intervient comme responsable MI externalis\u00e9.\",\"url\":\"https:\/\/www.gereso.com\/actualites\/author\/af-tremeau\/\"}]}<\/script>\n<!-- \/ Yoast SEO plugin. -->","yoast_head_json":{"title":"Quiz : R\u00e9mun\u00e9ration des expatri\u00e9s : \u00eates-vous incollable ? - Le Blog GERESO","robots":{"index":"index","follow":"follow","max-snippet":"max-snippet:-1","max-image-preview":"max-image-preview:large","max-video-preview":"max-video-preview:-1"},"canonical":"https:\/\/www.gereso.com\/actualites\/2023\/04\/12\/quiz-remuneration-des-expatries-etes-vous-incollable\/","og_locale":"fr_FR","og_type":"article","og_title":"Quiz : R\u00e9mun\u00e9ration des expatri\u00e9s : \u00eates-vous incollable ? - Le Blog GERESO","og_url":"https:\/\/www.gereso.com\/actualites\/2023\/04\/12\/quiz-remuneration-des-expatries-etes-vous-incollable\/","og_site_name":"Le Blog GERESO","article_published_time":"2023-04-12T12:02:56+00:00","article_modified_time":"2023-05-09T07:03:45+00:00","og_image":[{"width":600,"height":400,"url":"https:\/\/www.gereso.com\/actualites\/wp-content\/uploads\/2023\/04\/quiz-remuneration-expatries.jpg","type":"image\/jpeg"}],"author":"Anne-France Tremeau","twitter_card":"summary_large_image","schema":{"@context":"https:\/\/schema.org","@graph":[{"@type":"WebPage","@id":"https:\/\/www.gereso.com\/actualites\/2023\/04\/12\/quiz-remuneration-des-expatries-etes-vous-incollable\/","url":"https:\/\/www.gereso.com\/actualites\/2023\/04\/12\/quiz-remuneration-des-expatries-etes-vous-incollable\/","name":"Quiz : R\u00e9mun\u00e9ration des expatri\u00e9s : \u00eates-vous incollable ? - Le Blog GERESO","isPartOf":{"@id":"https:\/\/www.gereso.com\/actualites\/#website"},"primaryImageOfPage":{"@id":"https:\/\/www.gereso.com\/actualites\/2023\/04\/12\/quiz-remuneration-des-expatries-etes-vous-incollable\/#primaryimage"},"image":{"@id":"https:\/\/www.gereso.com\/actualites\/2023\/04\/12\/quiz-remuneration-des-expatries-etes-vous-incollable\/#primaryimage"},"thumbnailUrl":"https:\/\/www.gereso.com\/actualites\/wp-content\/uploads\/2023\/04\/quiz-remuneration-expatries.jpg","datePublished":"2023-04-12T12:02:56+00:00","dateModified":"2023-05-09T07:03:45+00:00","author":{"@id":"https:\/\/www.gereso.com\/actualites\/#\/schema\/person\/c172f46ad3a5010c04dccf564462a1a0"},"breadcrumb":{"@id":"https:\/\/www.gereso.com\/actualites\/2023\/04\/12\/quiz-remuneration-des-expatries-etes-vous-incollable\/#breadcrumb"},"inLanguage":"fr-FR","potentialAction":[{"@type":"ReadAction","target":["https:\/\/www.gereso.com\/actualites\/2023\/04\/12\/quiz-remuneration-des-expatries-etes-vous-incollable\/"]}]},{"@type":"ImageObject","inLanguage":"fr-FR","@id":"https:\/\/www.gereso.com\/actualites\/2023\/04\/12\/quiz-remuneration-des-expatries-etes-vous-incollable\/#primaryimage","url":"https:\/\/www.gereso.com\/actualites\/wp-content\/uploads\/2023\/04\/quiz-remuneration-expatries.jpg","contentUrl":"https:\/\/www.gereso.com\/actualites\/wp-content\/uploads\/2023\/04\/quiz-remuneration-expatries.jpg","width":600,"height":400,"caption":"quiz-remuneration-expatries"},{"@type":"BreadcrumbList","@id":"https:\/\/www.gereso.com\/actualites\/2023\/04\/12\/quiz-remuneration-des-expatries-etes-vous-incollable\/#breadcrumb","itemListElement":[{"@type":"ListItem","position":1,"name":"Home","item":"https:\/\/www.gereso.com\/actualites\/"},{"@type":"ListItem","position":2,"name":"Quiz : R\u00e9mun\u00e9ration des expatri\u00e9s : \u00eates-vous incollable ?"}]},{"@type":"WebSite","@id":"https:\/\/www.gereso.com\/actualites\/#website","url":"https:\/\/www.gereso.com\/actualites\/","name":"Le Blog GERESO","description":"Toute l&#039;actu RH, Finance, Fonction Publique, Management...","potentialAction":[{"@type":"SearchAction","target":{"@type":"EntryPoint","urlTemplate":"https:\/\/www.gereso.com\/actualites\/?s={search_term_string}"},"query-input":{"@type":"PropertyValueSpecification","valueRequired":true,"valueName":"search_term_string"}}],"inLanguage":"fr-FR"},{"@type":"Person","@id":"https:\/\/www.gereso.com\/actualites\/#\/schema\/person\/c172f46ad3a5010c04dccf564462a1a0","name":"Anne-France Tremeau","image":{"@type":"ImageObject","inLanguage":"fr-FR","@id":"https:\/\/www.gereso.com\/actualites\/#\/schema\/person\/image\/","url":"https:\/\/www.gereso.com\/actualites\/wp-content\/uploads\/2023\/04\/anne-france-tremeau-120x120.jpg","contentUrl":"https:\/\/www.gereso.com\/actualites\/wp-content\/uploads\/2023\/04\/anne-france-tremeau-120x120.jpg","caption":"Anne-France Tremeau"},"description":"Apr\u00e8s\u00a018 ans en tant que directrice Mobilit\u00e9 Internationale dans des grands groupes (AXA, EADS-AIRBUS), Anne France intervient comme responsable MI externalis\u00e9.","url":"https:\/\/www.gereso.com\/actualites\/author\/af-tremeau\/"}]}},"_links":{"self":[{"href":"https:\/\/www.gereso.com\/actualites\/wp-json\/wp\/v2\/posts\/34320","targetHints":{"allow":["GET"]}}],"collection":[{"href":"https:\/\/www.gereso.com\/actualites\/wp-json\/wp\/v2\/posts"}],"about":[{"href":"https:\/\/www.gereso.com\/actualites\/wp-json\/wp\/v2\/types\/post"}],"author":[{"embeddable":true,"href":"https:\/\/www.gereso.com\/actualites\/wp-json\/wp\/v2\/users\/90"}],"replies":[{"embeddable":true,"href":"https:\/\/www.gereso.com\/actualites\/wp-json\/wp\/v2\/comments?post=34320"}],"version-history":[{"count":3,"href":"https:\/\/www.gereso.com\/actualites\/wp-json\/wp\/v2\/posts\/34320\/revisions"}],"predecessor-version":[{"id":34714,"href":"https:\/\/www.gereso.com\/actualites\/wp-json\/wp\/v2\/posts\/34320\/revisions\/34714"}],"wp:featuredmedia":[{"embeddable":true,"href":"https:\/\/www.gereso.com\/actualites\/wp-json\/wp\/v2\/media\/34323"}],"wp:attachment":[{"href":"https:\/\/www.gereso.com\/actualites\/wp-json\/wp\/v2\/media?parent=34320"}],"wp:term":[{"taxonomy":"category","embeddable":true,"href":"https:\/\/www.gereso.com\/actualites\/wp-json\/wp\/v2\/categories?post=34320"},{"taxonomy":"post_tag","embeddable":true,"href":"https:\/\/www.gereso.com\/actualites\/wp-json\/wp\/v2\/tags?post=34320"}],"curies":[{"name":"wp","href":"https:\/\/api.w.org\/{rel}","templated":true}]}}