{"id":34379,"date":"2023-04-23T18:46:27","date_gmt":"2023-04-23T16:46:27","guid":{"rendered":"https:\/\/www.gereso.com\/actualites\/?p=34379"},"modified":"2023-04-23T18:46:29","modified_gmt":"2023-04-23T16:46:29","slug":"solde-dis-pour-le-15-mai-2023","status":"publish","type":"post","link":"https:\/\/www.gereso.com\/actualites\/2023\/04\/23\/solde-dis-pour-le-15-mai-2023\/","title":{"rendered":"Solde d\u2019IS pour le 15 mai 2023"},"content":{"rendered":"\n<p>Les soci\u00e9t\u00e9s ayant clos leur dernier exercice comptable au 31 d\u00e9cembre 2022 doivent t\u00e9l\u00e9d\u00e9clarer et t\u00e9l\u00e9payer leur <strong>solde d\u2019imp\u00f4t sur les soci\u00e9t\u00e9s<\/strong> au plus tard le 15 mai 2023.<\/p>\n<h2><strong>Un taux d\u2019IS \u00e0 25%<\/strong><\/h2>\n<p>La mi-mai constitue traditionnellement <strong>la fin des travaux fiscaux<\/strong> relatifs \u00e0 l\u2019exercice comptable pr\u00e9c\u00e9dent. Pour les comptes clos au 31 d\u00e9cembre 2022 ou au 31 janvier 2023, la liasse fiscale et la d\u00e9claration de r\u00e9sultats devront \u00eatre transmises au plus tard le 18 mai et le solde d\u2019imp\u00f4t sur les soci\u00e9t\u00e9s pour le 15 mai 2023.<\/p>\n<p>2022 marque la fin de la baisse progressive de l\u2019IS d\u00e9cid\u00e9e par le Pr\u00e9sident de la R\u00e9publique au d\u00e9but de son pr\u00e9c\u00e9dent quinquennat. Pour les exercices ouverts au 1<sup>er<\/sup> janvier 2022 ainsi que pour les ann\u00e9es suivantes, le taux d\u2019IS au <strong>taux normal est de 25%,<\/strong> quel que soit le montant du chiffre d\u2019affaires, contre 28% en 2020 et 26,5% en 2021.<\/p>\n<p>Un r\u00e9gime de faveur s\u2019applique dans les situations suivantes\u00a0:<\/p>\n<ul>\n<li>Les <strong>PME<\/strong> dont le chiffre d\u2019affaires n\u2019exc\u00e8de pas 10 millions \u20ac b\u00e9n\u00e9ficient du <strong>taux d\u2019IS \u00e0 15%<\/strong> jusqu\u2019\u00e0 42.500 \u20ac de r\u00e9sultat fiscal (plafond major\u00e9 depuis les exercices clos au 31 d\u00e9cembre 2022), au lieu de 38.120 \u20ac auparavant.<\/li>\n<li>Les plus-values de cession et les concessions de <strong>brevets<\/strong> b\u00e9n\u00e9ficient du taux r\u00e9duit d\u2019IS \u00e0 15%, voire <strong>10%<\/strong> en cas de respect de certaines conditions.<\/li>\n<\/ul>\n<h2><strong>Le calcul du solde d\u2019IS<\/strong><\/h2>\n<p>Le solde de l\u2019imp\u00f4t sur les soci\u00e9t\u00e9s est d\u00e9termin\u00e9 en d\u00e9duisant les 4 acomptes vers\u00e9s au cours de l\u2019ann\u00e9e 2022 (15 mars, 15 juin, 15 septembre et 15 d\u00e9cembre).<\/p>\n<p>Dans le cas g\u00e9n\u00e9ral, le solde de l\u2019IS au titre de l\u2019ann\u00e9e 2022 se calculera de la mani\u00e8re suivante\u00a0:<\/p>\n<p><strong>Solde IS 2022<\/strong> = R\u00e9sultat fiscal x 25% &#8211; Acomptes vers\u00e9s en 2022 \u2013 Cr\u00e9ance \u00e9ventuelle de report en arri\u00e8re des d\u00e9ficits \u2013 R\u00e9ductions et cr\u00e9dits d\u2019imp\u00f4t<\/p>\n<h2><strong>Les contributions additionnelles<\/strong><\/h2>\n<p>Les professionnels soumis \u00e0 l\u2019IS peuvent \u00e9galement selon les situations \u00eatre soumis aux contributions additionnelles suivantes\u00a0:<\/p>\n<ul>\n<li>La <strong>CSB<\/strong> (contribution sociale sur les b\u00e9n\u00e9fices) au taux de 3,3%\u00a0est \u00e0 payer par les soci\u00e9t\u00e9s dont le chiffre d\u2019affaires HT exc\u00e8de 7,63 millions \u20ac et que le montant de l\u2019IS d\u00fb au titre de l\u2019ann\u00e9e 2022 avant cr\u00e9dits d\u2019imp\u00f4t exc\u00e8de 763.000 \u20ac.<\/li>\n<li>La <strong>CRL<\/strong> (contribution sur les revenus locatifs) au taux de 2,5% est \u00e0 payer en cas de perception de certains revenus de location tels ceux relatifs aux logements d\u2019habitation.<\/li>\n<\/ul>\n<p>Ces 2 contributions sont \u00e0 verser en m\u00eame temps que le solde de l\u2019IS et sur le m\u00eame imprim\u00e9 (relev\u00e9 n\u00b02572). Le relev\u00e9, compos\u00e9 de l\u2019IS et des 2 contributions est obligatoirement \u00e0 t\u00e9l\u00e9d\u00e9clarer et \u00e0 t\u00e9l\u00e9payer pour le 15\u00a0mai 2023.<\/p>\n","protected":false},"excerpt":{"rendered":"<p>Les soci\u00e9t\u00e9s ayant clos leur dernier exercice comptable au 31 d\u00e9cembre 2022 doivent t\u00e9l\u00e9d\u00e9clarer et t\u00e9l\u00e9payer leur solde d\u2019imp\u00f4t sur les soci\u00e9t\u00e9s au plus tard le 15 mai 2023. Un taux d\u2019IS \u00e0 25% La mi-mai constitue traditionnellement la fin des travaux fiscaux relatifs \u00e0 l\u2019exercice comptable pr\u00e9c\u00e9dent. Pour les comptes clos au 31 d\u00e9cembre [&hellip;]<\/p>\n","protected":false},"author":45,"featured_media":0,"comment_status":"open","ping_status":"open","sticky":false,"template":"","format":"quote","meta":{"_acf_changed":false,"_mi_skip_tracking":false,"footnotes":""},"categories":[12,3],"tags":[874,1065],"class_list":["post-34379","post","type-post","status-publish","format-quote","hentry","category-actualites","category-comptabilite-fiscalite-et-gestion-financiere","tag-impot-sur-les-societes","tag-liasse-fiscale","post_format-post-format-quote"],"acf":[],"yoast_head":"<!-- This site is optimized with the Yoast SEO plugin v23.4 - https:\/\/yoast.com\/wordpress\/plugins\/seo\/ -->\n<title>Solde d\u2019IS pour le 15 mai 2023 - Le Blog GERESO<\/title>\n<meta name=\"robots\" content=\"index, follow, max-snippet:-1, max-image-preview:large, max-video-preview:-1\" \/>\n<link rel=\"canonical\" href=\"https:\/\/www.gereso.com\/actualites\/2023\/04\/23\/solde-dis-pour-le-15-mai-2023\/\" \/>\n<meta property=\"og:locale\" content=\"fr_FR\" \/>\n<meta property=\"og:type\" content=\"article\" \/>\n<meta property=\"og:title\" content=\"Solde d\u2019IS pour le 15 mai 2023 - Le Blog GERESO\" \/>\n<meta property=\"og:description\" content=\"Les soci\u00e9t\u00e9s ayant clos leur dernier exercice comptable au 31 d\u00e9cembre 2022 doivent t\u00e9l\u00e9d\u00e9clarer et t\u00e9l\u00e9payer leur solde d\u2019imp\u00f4t sur les soci\u00e9t\u00e9s au plus tard le 15 mai 2023. Un taux d\u2019IS \u00e0 25% La mi-mai constitue traditionnellement la fin des travaux fiscaux relatifs \u00e0 l\u2019exercice comptable pr\u00e9c\u00e9dent. Pour les comptes clos au 31 d\u00e9cembre [&hellip;]\" \/>\n<meta property=\"og:url\" content=\"https:\/\/www.gereso.com\/actualites\/2023\/04\/23\/solde-dis-pour-le-15-mai-2023\/\" \/>\n<meta property=\"og:site_name\" content=\"Le Blog GERESO\" \/>\n<meta property=\"article:published_time\" content=\"2023-04-23T16:46:27+00:00\" \/>\n<meta property=\"article:modified_time\" content=\"2023-04-23T16:46:29+00:00\" \/>\n<meta name=\"author\" content=\"Damien P\u00e9an\" \/>\n<meta name=\"twitter:card\" content=\"summary_large_image\" \/>\n<script type=\"application\/ld+json\" class=\"yoast-schema-graph\">{\"@context\":\"https:\/\/schema.org\",\"@graph\":[{\"@type\":\"WebPage\",\"@id\":\"https:\/\/www.gereso.com\/actualites\/2023\/04\/23\/solde-dis-pour-le-15-mai-2023\/\",\"url\":\"https:\/\/www.gereso.com\/actualites\/2023\/04\/23\/solde-dis-pour-le-15-mai-2023\/\",\"name\":\"Solde d\u2019IS pour le 15 mai 2023 - Le Blog GERESO\",\"isPartOf\":{\"@id\":\"https:\/\/www.gereso.com\/actualites\/#website\"},\"datePublished\":\"2023-04-23T16:46:27+00:00\",\"dateModified\":\"2023-04-23T16:46:29+00:00\",\"author\":{\"@id\":\"https:\/\/www.gereso.com\/actualites\/#\/schema\/person\/c91814f92d627ed4715993fbbf7c7e8d\"},\"breadcrumb\":{\"@id\":\"https:\/\/www.gereso.com\/actualites\/2023\/04\/23\/solde-dis-pour-le-15-mai-2023\/#breadcrumb\"},\"inLanguage\":\"fr-FR\",\"potentialAction\":[{\"@type\":\"ReadAction\",\"target\":[\"https:\/\/www.gereso.com\/actualites\/2023\/04\/23\/solde-dis-pour-le-15-mai-2023\/\"]}]},{\"@type\":\"BreadcrumbList\",\"@id\":\"https:\/\/www.gereso.com\/actualites\/2023\/04\/23\/solde-dis-pour-le-15-mai-2023\/#breadcrumb\",\"itemListElement\":[{\"@type\":\"ListItem\",\"position\":1,\"name\":\"Home\",\"item\":\"https:\/\/www.gereso.com\/actualites\/\"},{\"@type\":\"ListItem\",\"position\":2,\"name\":\"Solde d\u2019IS pour le 15 mai 2023\"}]},{\"@type\":\"WebSite\",\"@id\":\"https:\/\/www.gereso.com\/actualites\/#website\",\"url\":\"https:\/\/www.gereso.com\/actualites\/\",\"name\":\"Le Blog GERESO\",\"description\":\"Toute l&#039;actu RH, Finance, Fonction Publique, Management...\",\"potentialAction\":[{\"@type\":\"SearchAction\",\"target\":{\"@type\":\"EntryPoint\",\"urlTemplate\":\"https:\/\/www.gereso.com\/actualites\/?s={search_term_string}\"},\"query-input\":{\"@type\":\"PropertyValueSpecification\",\"valueRequired\":true,\"valueName\":\"search_term_string\"}}],\"inLanguage\":\"fr-FR\"},{\"@type\":\"Person\",\"@id\":\"https:\/\/www.gereso.com\/actualites\/#\/schema\/person\/c91814f92d627ed4715993fbbf7c7e8d\",\"name\":\"Damien P\u00e9an\",\"image\":{\"@type\":\"ImageObject\",\"inLanguage\":\"fr-FR\",\"@id\":\"https:\/\/www.gereso.com\/actualites\/#\/schema\/person\/image\/\",\"url\":\"https:\/\/www.gereso.com\/actualites\/wp-content\/uploads\/2016\/03\/damien-pean.jpg\",\"contentUrl\":\"https:\/\/www.gereso.com\/actualites\/wp-content\/uploads\/2016\/03\/damien-pean.jpg\",\"caption\":\"Damien P\u00e9an\"},\"description\":\"Damien P\u00c9AN est titulaire du Dipl\u00f4me d'\u00e9tudes sup\u00e9rieures comptables et financi\u00e8res (DESCF). Il intervient depuis plusieurs ann\u00e9es aupr\u00e8s d'\u00e9tudiants en licence de comptabilit\u00e9 et de gestion, \u00e0 qui il enseigne le contr\u00f4le de gestion, la comptabilit\u00e9 approfondie, le management, la fiscalit\u00e9, le droit des soci\u00e9t\u00e9s et le droit du travail. Il intervient \u00e9galement en formation continue pour le compte de divers organismes de formation sur des th\u00e9matiques techniques en comptabilit\u00e9 et fiscalit\u00e9. Il forme aussi un public de non-initi\u00e9s aux fondamentaux de la finance.\",\"url\":\"https:\/\/www.gereso.com\/actualites\/author\/d-pean\/\"}]}<\/script>\n<!-- \/ Yoast SEO plugin. -->","yoast_head_json":{"title":"Solde d\u2019IS pour le 15 mai 2023 - Le Blog GERESO","robots":{"index":"index","follow":"follow","max-snippet":"max-snippet:-1","max-image-preview":"max-image-preview:large","max-video-preview":"max-video-preview:-1"},"canonical":"https:\/\/www.gereso.com\/actualites\/2023\/04\/23\/solde-dis-pour-le-15-mai-2023\/","og_locale":"fr_FR","og_type":"article","og_title":"Solde d\u2019IS pour le 15 mai 2023 - Le Blog GERESO","og_description":"Les soci\u00e9t\u00e9s ayant clos leur dernier exercice comptable au 31 d\u00e9cembre 2022 doivent t\u00e9l\u00e9d\u00e9clarer et t\u00e9l\u00e9payer leur solde d\u2019imp\u00f4t sur les soci\u00e9t\u00e9s au plus tard le 15 mai 2023. Un taux d\u2019IS \u00e0 25% La mi-mai constitue traditionnellement la fin des travaux fiscaux relatifs \u00e0 l\u2019exercice comptable pr\u00e9c\u00e9dent. Pour les comptes clos au 31 d\u00e9cembre [&hellip;]","og_url":"https:\/\/www.gereso.com\/actualites\/2023\/04\/23\/solde-dis-pour-le-15-mai-2023\/","og_site_name":"Le Blog GERESO","article_published_time":"2023-04-23T16:46:27+00:00","article_modified_time":"2023-04-23T16:46:29+00:00","author":"Damien P\u00e9an","twitter_card":"summary_large_image","schema":{"@context":"https:\/\/schema.org","@graph":[{"@type":"WebPage","@id":"https:\/\/www.gereso.com\/actualites\/2023\/04\/23\/solde-dis-pour-le-15-mai-2023\/","url":"https:\/\/www.gereso.com\/actualites\/2023\/04\/23\/solde-dis-pour-le-15-mai-2023\/","name":"Solde d\u2019IS pour le 15 mai 2023 - Le Blog GERESO","isPartOf":{"@id":"https:\/\/www.gereso.com\/actualites\/#website"},"datePublished":"2023-04-23T16:46:27+00:00","dateModified":"2023-04-23T16:46:29+00:00","author":{"@id":"https:\/\/www.gereso.com\/actualites\/#\/schema\/person\/c91814f92d627ed4715993fbbf7c7e8d"},"breadcrumb":{"@id":"https:\/\/www.gereso.com\/actualites\/2023\/04\/23\/solde-dis-pour-le-15-mai-2023\/#breadcrumb"},"inLanguage":"fr-FR","potentialAction":[{"@type":"ReadAction","target":["https:\/\/www.gereso.com\/actualites\/2023\/04\/23\/solde-dis-pour-le-15-mai-2023\/"]}]},{"@type":"BreadcrumbList","@id":"https:\/\/www.gereso.com\/actualites\/2023\/04\/23\/solde-dis-pour-le-15-mai-2023\/#breadcrumb","itemListElement":[{"@type":"ListItem","position":1,"name":"Home","item":"https:\/\/www.gereso.com\/actualites\/"},{"@type":"ListItem","position":2,"name":"Solde d\u2019IS pour le 15 mai 2023"}]},{"@type":"WebSite","@id":"https:\/\/www.gereso.com\/actualites\/#website","url":"https:\/\/www.gereso.com\/actualites\/","name":"Le Blog GERESO","description":"Toute l&#039;actu RH, Finance, Fonction Publique, Management...","potentialAction":[{"@type":"SearchAction","target":{"@type":"EntryPoint","urlTemplate":"https:\/\/www.gereso.com\/actualites\/?s={search_term_string}"},"query-input":{"@type":"PropertyValueSpecification","valueRequired":true,"valueName":"search_term_string"}}],"inLanguage":"fr-FR"},{"@type":"Person","@id":"https:\/\/www.gereso.com\/actualites\/#\/schema\/person\/c91814f92d627ed4715993fbbf7c7e8d","name":"Damien P\u00e9an","image":{"@type":"ImageObject","inLanguage":"fr-FR","@id":"https:\/\/www.gereso.com\/actualites\/#\/schema\/person\/image\/","url":"https:\/\/www.gereso.com\/actualites\/wp-content\/uploads\/2016\/03\/damien-pean.jpg","contentUrl":"https:\/\/www.gereso.com\/actualites\/wp-content\/uploads\/2016\/03\/damien-pean.jpg","caption":"Damien P\u00e9an"},"description":"Damien P\u00c9AN est titulaire du Dipl\u00f4me d'\u00e9tudes sup\u00e9rieures comptables et financi\u00e8res (DESCF). Il intervient depuis plusieurs ann\u00e9es aupr\u00e8s d'\u00e9tudiants en licence de comptabilit\u00e9 et de gestion, \u00e0 qui il enseigne le contr\u00f4le de gestion, la comptabilit\u00e9 approfondie, le management, la fiscalit\u00e9, le droit des soci\u00e9t\u00e9s et le droit du travail. Il intervient \u00e9galement en formation continue pour le compte de divers organismes de formation sur des th\u00e9matiques techniques en comptabilit\u00e9 et fiscalit\u00e9. Il forme aussi un public de non-initi\u00e9s aux fondamentaux de la finance.","url":"https:\/\/www.gereso.com\/actualites\/author\/d-pean\/"}]}},"_links":{"self":[{"href":"https:\/\/www.gereso.com\/actualites\/wp-json\/wp\/v2\/posts\/34379","targetHints":{"allow":["GET"]}}],"collection":[{"href":"https:\/\/www.gereso.com\/actualites\/wp-json\/wp\/v2\/posts"}],"about":[{"href":"https:\/\/www.gereso.com\/actualites\/wp-json\/wp\/v2\/types\/post"}],"author":[{"embeddable":true,"href":"https:\/\/www.gereso.com\/actualites\/wp-json\/wp\/v2\/users\/45"}],"replies":[{"embeddable":true,"href":"https:\/\/www.gereso.com\/actualites\/wp-json\/wp\/v2\/comments?post=34379"}],"version-history":[{"count":1,"href":"https:\/\/www.gereso.com\/actualites\/wp-json\/wp\/v2\/posts\/34379\/revisions"}],"predecessor-version":[{"id":34380,"href":"https:\/\/www.gereso.com\/actualites\/wp-json\/wp\/v2\/posts\/34379\/revisions\/34380"}],"wp:attachment":[{"href":"https:\/\/www.gereso.com\/actualites\/wp-json\/wp\/v2\/media?parent=34379"}],"wp:term":[{"taxonomy":"category","embeddable":true,"href":"https:\/\/www.gereso.com\/actualites\/wp-json\/wp\/v2\/categories?post=34379"},{"taxonomy":"post_tag","embeddable":true,"href":"https:\/\/www.gereso.com\/actualites\/wp-json\/wp\/v2\/tags?post=34379"}],"curies":[{"name":"wp","href":"https:\/\/api.w.org\/{rel}","templated":true}]}}