{"id":34622,"date":"2023-05-05T10:04:59","date_gmt":"2023-05-05T08:04:59","guid":{"rendered":"https:\/\/www.gereso.com\/actualites\/?p=34622"},"modified":"2023-05-05T10:05:01","modified_gmt":"2023-05-05T08:05:01","slug":"7-conseils-icare-rater-delegation-missions","status":"publish","type":"post","link":"https:\/\/www.gereso.com\/actualites\/2023\/05\/05\/7-conseils-icare-rater-delegation-missions\/","title":{"rendered":"7 conseils d&rsquo;ICARE pour rater \u00e0 coup s\u00fbr la d\u00e9l\u00e9gation de vos missions !"},"content":{"rendered":"\n<p>Confier une mission ou une responsabilit\u00e9, qui n&rsquo;appartient pas au p\u00e9rim\u00e8tre habituel de la fonction d&rsquo;un collaborateur, est un acte manag\u00e9rial \u00e0 haute valeur ajout\u00e9e\u00a0: au-del\u00e0 de permettre \u00e0 l&rsquo;entreprise d&rsquo;optimiser la gestion de ses Ressources Humaines, il repr\u00e9sente, pour le d\u00e9l\u00e9gataire, l&rsquo;opportunit\u00e9 d&rsquo;entretenir sa motivation en sortant de ses routines, de d\u00e9velopper ses comp\u00e9tences dans un domaine ou de pr\u00e9parer son \u00e9volution. Pour le manager d\u00e9l\u00e9gant, c&rsquo;est une fa\u00e7on de d\u00e9montrer sa confiance, de cultiver son leadership, de mieux maitriser son turnover et aussi de se lib\u00e9rer du temps.<\/p>\n\n\n\n<p>Alors, pour \u00eatre certain(e) de rater ces d\u00e9l\u00e9gations au combien b\u00e9n\u00e9fiques, nous sommes heureux de partager avec vous <strong>nos 7 meilleurs conseils<\/strong>&nbsp;:<\/p>\n\n\n\n<ol class=\"wp-block-list\" type=\"1\">\n<li><strong>S\u00e9lectionnez un d\u00e9l\u00e9gataire peu autonome<\/strong>&nbsp;: oui, comme la d\u00e9l\u00e9gation concerne le champ d&rsquo;intervention du manager, elle est encore plus marrante et motivante pour un collaborateur qui ne maitrise pas encore sa propre fonction&nbsp;: frissons garantis pour tout le monde&nbsp;!<\/li>\n\n\n\n<li><strong>D\u00e9l\u00e9guez une mission sans int\u00e9r\u00eat <\/strong>&nbsp;: d&rsquo;ailleurs, pour ne pas prendre de risques, d\u00e9chargez-vous en priorit\u00e9 des missions sans grand enjeu strat\u00e9gique, id\u00e9alement celles qui tirent votre fonction vers le bas\u2026 et puis tant pis si elles ne sont pas tr\u00e8s p\u00e9dagogiques&nbsp;!<\/li>\n\n\n\n<li><strong>Adoptez un style directif<\/strong>&nbsp;: comme il se peut que le collaborateur h\u00e9site, voire qu&rsquo;il r\u00e9siste devant une mission aussi noble, ne lui laissez pas le choix, imposez-lui le travail \u00e0 r\u00e9aliser, fixez-lui une \u00e9ch\u00e9ance\u2026 quitte \u00e0 flirter avec l&rsquo;abus de pouvoir&nbsp;!<\/li>\n\n\n\n<li><strong>Ne transf\u00e9rez pas vos pouvoirs<\/strong>&nbsp;: \u00e0 ce propos, gardez tous les pouvoirs inh\u00e9rents \u00e0 la mission et ne les transmettez surtout pas \u00e0 votre \u00ab&nbsp;champion&nbsp;\u00bb, sa victoire sera d&rsquo;autant plus belle sans moyens allou\u00e9s&nbsp;!<\/li>\n\n\n\n<li><strong>Soyez omnipr\u00e9sent(e) dans la pr\u00e9paration de la mission<\/strong>&nbsp;: en revanche d\u00e9finir le \u00ab&nbsp;comment s&rsquo;y prendre&nbsp;\u00bb avec le collaborateur, lui partager vos bonnes pratiques, le convaincre d&rsquo;utiliser vos trucs et astuces, \u2026 est l&rsquo;une des cl\u00e9s du management d\u00e9l\u00e9gatif&nbsp;; vous limitez ainsi les risques de d\u00e9rapage de la mission et surtout \u00e9vitez que le \u00ab&nbsp;Padawan&nbsp;\u00bb d\u00e9passe le \u00ab&nbsp;Ma\u00eetre&nbsp;\u00bb dans l&rsquo;ex\u00e9cution ou l&rsquo;oblige \u00e0 remettre en cause des ann\u00e9es d&rsquo;exp\u00e9rience&nbsp;!<\/li>\n\n\n\n<li><strong>Soyez absent(e) dans la supervision de l&rsquo;action<\/strong>&nbsp;: d&rsquo;ailleurs, une fois sur des bons rails, le d\u00e9l\u00e9gataire n&rsquo;a plus qu&rsquo;\u00e0\u2026 vous pouvez donc facilement prendre du champ<s>s<\/s> et le laisser d\u00e9rouler son plan et vivre son aventure\u2026 comme tout a \u00e9t\u00e9 pr\u00e9vu, il ne peut pas rencontrer de difficult\u00e9s, ni \u00e9chouer.<\/li>\n\n\n\n<li><strong>R\u00e9attribuez la mission r\u00e9ussie<\/strong>&nbsp;: la ran\u00e7on du succ\u00e8s\u2026 si votre collaborateur a survol\u00e9 le cahier des charges de la mission, r\u00e9compensez-le en lui affectant de fa\u00e7on d\u00e9finitive\u2026 vous lui d\u00e9montrerez ainsi votre confiance et votre reconnaissance\u2026 et all\u00e8gerez d&rsquo;autant votre charge\u2026 surtout si la mission est inint\u00e9ressante&nbsp;: diabolique&nbsp;!<\/li>\n<\/ol>\n\n\n\n<p><article class=\"obj_encart-formation\">\n<div class=\"ctn_encart\">\n<h3>Votre formation sur ce th\u00e8me<\/h3>\n<h2>&nbsp;CONDUIRE DES ENTRETIENS MANAGERIAUX PEDAGOGIQUES ET MOTIVANTS&nbsp;<\/h2>\n<h4>2 jours &#8211; En pr\u00e9sentiel ou \u00e0 distance<\/h4>\n<ul> \n<li><strong>S&rsquo;approprier les fondamentaux <\/strong>du management individuel.<\/li>\n<li><strong>D\u00e9clencher et pr\u00e9parer un entretien<\/strong>  manag\u00e9rial.<\/li>\n<li><strong>Mettre en \u0153uvre une m\u00e9thodologie de conduite d&rsquo;entretien<\/strong>  en coh\u00e9rence avec son objectif.<\/li>\n<li><strong>Changer de registre manag\u00e9rial et de communication<\/strong> en fonction des r\u00e9actions de son collaborateur.<\/li>\n<li><strong>Faire de chaque entretien manag\u00e9rial un levier de d\u00e9veloppement<\/strong> de l&rsquo;autonomie du collaborateur.<\/li>\n<\/ul>\n<div class=\"ctn_btn\">\n<a class=\"obj_btn\" target=\"_blank\" href=\"https:\/\/www.gereso.com\/PERF\" rel=\"noopener\"><span>En savoir plus<\/span><\/a>\n<a class=\"obj_btn\" target=\"_blank\" href=\"https:\/\/www.gereso.com\/client\/programme-pdf\/PERF.pdf\" rel=\"noopener\"><span>T\u00e9l\u00e9charger le programme PDF<\/span><\/a>\n<\/div>\n<\/div>\n<\/article><\/p>\n\n\n\n<p>Apr\u00e8s vous avoir fait partager ces quelques cl\u00e9s pour rater \u00e0 coup s\u00fbr vos d\u00e9l\u00e9gations, ICARE vous retrouve bient\u00f4t pour d&rsquo;autre conseils pertinents pour exceller dans la fa\u00e7on de pr\u00e9parer ses r\u00e9unions.<\/p>\n\n\n\n<p>Dans cette attente nous vous souhaitons une excellente mise en \u0153uvre.<\/p>\n\n\n\n<table border=\"0\" bgcolor=\"#fafafa\" cellspacing=\"10\" cellpadding=\"10\" width=\"100%\"><tr>\n<td bgcolor=\"#fafafa\" style=\"border-left:15px solid #fafafa; border-right:15px solid #fafafa; border-top:15px solid #fafafa;\">\n<span style=\"color:#434546;font-size:20px;text-decoration:none;\"><center><b>L&rsquo;auteur<\/b><\/center><\/span>\n<p><strong><img decoding=\"async\" class=\"size-full wp-image-8994 alignleft\" src=\"https:\/\/www.gereso.com\/actualites\/wp-content\/uploads\/2021\/10\/Patrick-Van-Honacker.jpg\" alt=\"Patrick Van Honacker\" width=\"100\" height=\"130\"><\/strong>\n<b>Patrick Van Honacker<\/b><br>\nDe formation commerciale Patrick d\u00e9bute sa carri\u00e8re dans les forces de ventes du Groupe LACTALIS. Promu Manager tr\u00e8s jeune il suit de tr\u00e8s nombreuses formations, dont tout le catalogue manag\u00e9rial ICARE, pour apprendre et se perfectionner sans cesse dans le difficile exercice de l&rsquo;encadrement et l&rsquo;accompagnement des Hommes. Il croit \u00e0 un management qui concilie la recherche de la performance et du d\u00e9veloppement humain.<br>\nApr\u00e8s 15 ans dans la fonction commerciale dont 8 de Direction Nationale des Ventes il d\u00e9cide de prendre un virage professionnel humaniste et int\u00e8gre le P\u00f4le D\u00e9veloppement des Comp\u00e9tences du Groupe LACTALIS qu&rsquo;il dirige pendant 3 ans. <br>\nRiche d&rsquo;une double expertise en management et en Gestion des Ressources Humaines il rejoint en 2006 ICARE, son Organisme de Formation de c\u0153ur dont il a \u00e9prouv\u00e9 les m\u00e9thodes sur le terrain, pour accompagner les Hommes et leur Organisation dans la mise en \u0153uvre de relations authentiques, respectueuses, justes et d\u00e9veloppantes.<br>\nCoach, Consultant et Formateur certifi\u00e9 il dirige l&rsquo;Institut et conduit l&rsquo;\u00e9quipe p\u00e9dagogique ICARE depuis 2019. <\/p><\/td><\/tr><\/table>\n","protected":false},"excerpt":{"rendered":"<p>Confier une mission ou une responsabilit\u00e9, qui n&rsquo;appartient pas au p\u00e9rim\u00e8tre habituel de la fonction d&rsquo;un collaborateur, est un acte manag\u00e9rial \u00e0 haute valeur ajout\u00e9e\u00a0: au-del\u00e0 de permettre \u00e0 l&rsquo;entreprise d&rsquo;optimiser la gestion de ses Ressources Humaines, il repr\u00e9sente, pour le d\u00e9l\u00e9gataire, l&rsquo;opportunit\u00e9 d&rsquo;entretenir sa motivation en sortant de ses routines, de d\u00e9velopper ses comp\u00e9tences [&hellip;]<\/p>\n","protected":false},"author":84,"featured_media":34637,"comment_status":"open","ping_status":"open","sticky":false,"template":"","format":"standard","meta":{"_acf_changed":false,"_mi_skip_tracking":false,"footnotes":""},"categories":[12,10],"tags":[],"class_list":["post-34622","post","type-post","status-publish","format-standard","has-post-thumbnail","hentry","category-actualites","category-management-et-leadership"],"acf":[],"yoast_head":"<!-- This site is optimized with the Yoast SEO plugin v23.4 - https:\/\/yoast.com\/wordpress\/plugins\/seo\/ -->\n<title>7 conseils d&rsquo;ICARE pour rater \u00e0 coup s\u00fbr la d\u00e9l\u00e9gation de vos missions ! - Le Blog GERESO<\/title>\n<meta name=\"robots\" content=\"index, follow, max-snippet:-1, max-image-preview:large, max-video-preview:-1\" \/>\n<link rel=\"canonical\" href=\"https:\/\/www.gereso.com\/actualites\/2023\/05\/05\/7-conseils-icare-rater-delegation-missions\/\" \/>\n<meta property=\"og:locale\" content=\"fr_FR\" \/>\n<meta property=\"og:type\" content=\"article\" \/>\n<meta property=\"og:title\" content=\"7 conseils d&rsquo;ICARE pour rater \u00e0 coup s\u00fbr la d\u00e9l\u00e9gation de vos missions ! - Le Blog GERESO\" \/>\n<meta property=\"og:description\" content=\"Confier une mission ou une responsabilit\u00e9, qui n&rsquo;appartient pas au p\u00e9rim\u00e8tre habituel de la fonction d&rsquo;un collaborateur, est un acte manag\u00e9rial \u00e0 haute valeur ajout\u00e9e\u00a0: au-del\u00e0 de permettre \u00e0 l&rsquo;entreprise d&rsquo;optimiser la gestion de ses Ressources Humaines, il repr\u00e9sente, pour le d\u00e9l\u00e9gataire, l&rsquo;opportunit\u00e9 d&rsquo;entretenir sa motivation en sortant de ses routines, de d\u00e9velopper ses comp\u00e9tences [&hellip;]\" \/>\n<meta property=\"og:url\" content=\"https:\/\/www.gereso.com\/actualites\/2023\/05\/05\/7-conseils-icare-rater-delegation-missions\/\" \/>\n<meta property=\"og:site_name\" content=\"Le Blog GERESO\" \/>\n<meta property=\"article:published_time\" content=\"2023-05-05T08:04:59+00:00\" \/>\n<meta property=\"article:modified_time\" content=\"2023-05-05T08:05:01+00:00\" \/>\n<meta property=\"og:image\" content=\"https:\/\/www.gereso.com\/actualites\/wp-content\/uploads\/2023\/05\/icare-rater-delegation-missions.jpg\" \/>\n\t<meta property=\"og:image:width\" content=\"600\" \/>\n\t<meta property=\"og:image:height\" content=\"400\" \/>\n\t<meta property=\"og:image:type\" content=\"image\/jpeg\" \/>\n<meta name=\"author\" content=\"\u00c9quipe Icare\" \/>\n<meta name=\"twitter:card\" content=\"summary_large_image\" \/>\n<script type=\"application\/ld+json\" class=\"yoast-schema-graph\">{\"@context\":\"https:\/\/schema.org\",\"@graph\":[{\"@type\":\"WebPage\",\"@id\":\"https:\/\/www.gereso.com\/actualites\/2023\/05\/05\/7-conseils-icare-rater-delegation-missions\/\",\"url\":\"https:\/\/www.gereso.com\/actualites\/2023\/05\/05\/7-conseils-icare-rater-delegation-missions\/\",\"name\":\"7 conseils d&rsquo;ICARE pour rater \u00e0 coup s\u00fbr la d\u00e9l\u00e9gation de vos missions ! - Le Blog GERESO\",\"isPartOf\":{\"@id\":\"https:\/\/www.gereso.com\/actualites\/#website\"},\"primaryImageOfPage\":{\"@id\":\"https:\/\/www.gereso.com\/actualites\/2023\/05\/05\/7-conseils-icare-rater-delegation-missions\/#primaryimage\"},\"image\":{\"@id\":\"https:\/\/www.gereso.com\/actualites\/2023\/05\/05\/7-conseils-icare-rater-delegation-missions\/#primaryimage\"},\"thumbnailUrl\":\"https:\/\/www.gereso.com\/actualites\/wp-content\/uploads\/2023\/05\/icare-rater-delegation-missions.jpg\",\"datePublished\":\"2023-05-05T08:04:59+00:00\",\"dateModified\":\"2023-05-05T08:05:01+00:00\",\"author\":{\"@id\":\"https:\/\/www.gereso.com\/actualites\/#\/schema\/person\/6b2d9038abb3603efe7e320f8a180189\"},\"breadcrumb\":{\"@id\":\"https:\/\/www.gereso.com\/actualites\/2023\/05\/05\/7-conseils-icare-rater-delegation-missions\/#breadcrumb\"},\"inLanguage\":\"fr-FR\",\"potentialAction\":[{\"@type\":\"ReadAction\",\"target\":[\"https:\/\/www.gereso.com\/actualites\/2023\/05\/05\/7-conseils-icare-rater-delegation-missions\/\"]}]},{\"@type\":\"ImageObject\",\"inLanguage\":\"fr-FR\",\"@id\":\"https:\/\/www.gereso.com\/actualites\/2023\/05\/05\/7-conseils-icare-rater-delegation-missions\/#primaryimage\",\"url\":\"https:\/\/www.gereso.com\/actualites\/wp-content\/uploads\/2023\/05\/icare-rater-delegation-missions.jpg\",\"contentUrl\":\"https:\/\/www.gereso.com\/actualites\/wp-content\/uploads\/2023\/05\/icare-rater-delegation-missions.jpg\",\"width\":600,\"height\":400,\"caption\":\"7 conseils d\u2019ICARE pour rater \u00e0 coup s\u00fbr la d\u00e9l\u00e9gation de vos missions !\"},{\"@type\":\"BreadcrumbList\",\"@id\":\"https:\/\/www.gereso.com\/actualites\/2023\/05\/05\/7-conseils-icare-rater-delegation-missions\/#breadcrumb\",\"itemListElement\":[{\"@type\":\"ListItem\",\"position\":1,\"name\":\"Home\",\"item\":\"https:\/\/www.gereso.com\/actualites\/\"},{\"@type\":\"ListItem\",\"position\":2,\"name\":\"7 conseils d&rsquo;ICARE pour rater \u00e0 coup s\u00fbr la d\u00e9l\u00e9gation de vos missions !\"}]},{\"@type\":\"WebSite\",\"@id\":\"https:\/\/www.gereso.com\/actualites\/#website\",\"url\":\"https:\/\/www.gereso.com\/actualites\/\",\"name\":\"Le Blog GERESO\",\"description\":\"Toute l&#039;actu RH, Finance, Fonction Publique, Management...\",\"potentialAction\":[{\"@type\":\"SearchAction\",\"target\":{\"@type\":\"EntryPoint\",\"urlTemplate\":\"https:\/\/www.gereso.com\/actualites\/?s={search_term_string}\"},\"query-input\":{\"@type\":\"PropertyValueSpecification\",\"valueRequired\":true,\"valueName\":\"search_term_string\"}}],\"inLanguage\":\"fr-FR\"},{\"@type\":\"Person\",\"@id\":\"https:\/\/www.gereso.com\/actualites\/#\/schema\/person\/6b2d9038abb3603efe7e320f8a180189\",\"name\":\"\u00c9quipe Icare\",\"image\":{\"@type\":\"ImageObject\",\"inLanguage\":\"fr-FR\",\"@id\":\"https:\/\/www.gereso.com\/actualites\/#\/schema\/person\/image\/\",\"url\":\"https:\/\/www.gereso.com\/actualites\/wp-content\/uploads\/2021\/08\/Logo-Icare-120x120.jpg\",\"contentUrl\":\"https:\/\/www.gereso.com\/actualites\/wp-content\/uploads\/2021\/08\/Logo-Icare-120x120.jpg\",\"caption\":\"\u00c9quipe Icare\"},\"description\":\"Icare est un Institut dont les activit\u00e9s de formation, d'accompagnement et de conseil sont centr\u00e9es sur les th\u00e8mes de la communication, de la prise de parole en public, de la gestion des relations, du management et de la transmission des comp\u00e9tences. Ses prestations s\u2019adressent \u00e0 tous les collaborateurs et tous les managers souhaitant am\u00e9liorer de fa\u00e7on concr\u00e8te leurs postures, leurs comportements et leurs pratiques du quotidien. Son expertise s'appuie sur des intervenants tous coaches certifi\u00e9s et sur des m\u00e9thodes p\u00e9dagogiques tr\u00e8s participatives bas\u00e9es notamment sur le principe d'induction (partir de la r\u00e9alit\u00e9 des participants pour les accompagner vers les bonnes pratiques) et de tr\u00e8s nombreux tests, r\u00e9flexions, exercices et mises en situation. Anim\u00e9e depuis pr\u00e8s de 30 ans par une logique d'am\u00e9lioration continue l'organisation adh\u00e8re \u00e0 la F\u00e9d\u00e9ration de la Formation Professionnelle, est inscrite au Datadock et est certifi\u00e9e Qualiopi dans la cat\u00e9gorie des actions de formation.\",\"url\":\"https:\/\/www.gereso.com\/actualites\/author\/icare\/\"}]}<\/script>\n<!-- \/ Yoast SEO plugin. -->","yoast_head_json":{"title":"7 conseils d&rsquo;ICARE pour rater \u00e0 coup s\u00fbr la d\u00e9l\u00e9gation de vos missions ! - Le Blog GERESO","robots":{"index":"index","follow":"follow","max-snippet":"max-snippet:-1","max-image-preview":"max-image-preview:large","max-video-preview":"max-video-preview:-1"},"canonical":"https:\/\/www.gereso.com\/actualites\/2023\/05\/05\/7-conseils-icare-rater-delegation-missions\/","og_locale":"fr_FR","og_type":"article","og_title":"7 conseils d&rsquo;ICARE pour rater \u00e0 coup s\u00fbr la d\u00e9l\u00e9gation de vos missions ! - Le Blog GERESO","og_description":"Confier une mission ou une responsabilit\u00e9, qui n&rsquo;appartient pas au p\u00e9rim\u00e8tre habituel de la fonction d&rsquo;un collaborateur, est un acte manag\u00e9rial \u00e0 haute valeur ajout\u00e9e\u00a0: au-del\u00e0 de permettre \u00e0 l&rsquo;entreprise d&rsquo;optimiser la gestion de ses Ressources Humaines, il repr\u00e9sente, pour le d\u00e9l\u00e9gataire, l&rsquo;opportunit\u00e9 d&rsquo;entretenir sa motivation en sortant de ses routines, de d\u00e9velopper ses comp\u00e9tences [&hellip;]","og_url":"https:\/\/www.gereso.com\/actualites\/2023\/05\/05\/7-conseils-icare-rater-delegation-missions\/","og_site_name":"Le Blog GERESO","article_published_time":"2023-05-05T08:04:59+00:00","article_modified_time":"2023-05-05T08:05:01+00:00","og_image":[{"width":600,"height":400,"url":"https:\/\/www.gereso.com\/actualites\/wp-content\/uploads\/2023\/05\/icare-rater-delegation-missions.jpg","type":"image\/jpeg"}],"author":"\u00c9quipe Icare","twitter_card":"summary_large_image","schema":{"@context":"https:\/\/schema.org","@graph":[{"@type":"WebPage","@id":"https:\/\/www.gereso.com\/actualites\/2023\/05\/05\/7-conseils-icare-rater-delegation-missions\/","url":"https:\/\/www.gereso.com\/actualites\/2023\/05\/05\/7-conseils-icare-rater-delegation-missions\/","name":"7 conseils d&rsquo;ICARE pour rater \u00e0 coup s\u00fbr la d\u00e9l\u00e9gation de vos missions ! - Le Blog GERESO","isPartOf":{"@id":"https:\/\/www.gereso.com\/actualites\/#website"},"primaryImageOfPage":{"@id":"https:\/\/www.gereso.com\/actualites\/2023\/05\/05\/7-conseils-icare-rater-delegation-missions\/#primaryimage"},"image":{"@id":"https:\/\/www.gereso.com\/actualites\/2023\/05\/05\/7-conseils-icare-rater-delegation-missions\/#primaryimage"},"thumbnailUrl":"https:\/\/www.gereso.com\/actualites\/wp-content\/uploads\/2023\/05\/icare-rater-delegation-missions.jpg","datePublished":"2023-05-05T08:04:59+00:00","dateModified":"2023-05-05T08:05:01+00:00","author":{"@id":"https:\/\/www.gereso.com\/actualites\/#\/schema\/person\/6b2d9038abb3603efe7e320f8a180189"},"breadcrumb":{"@id":"https:\/\/www.gereso.com\/actualites\/2023\/05\/05\/7-conseils-icare-rater-delegation-missions\/#breadcrumb"},"inLanguage":"fr-FR","potentialAction":[{"@type":"ReadAction","target":["https:\/\/www.gereso.com\/actualites\/2023\/05\/05\/7-conseils-icare-rater-delegation-missions\/"]}]},{"@type":"ImageObject","inLanguage":"fr-FR","@id":"https:\/\/www.gereso.com\/actualites\/2023\/05\/05\/7-conseils-icare-rater-delegation-missions\/#primaryimage","url":"https:\/\/www.gereso.com\/actualites\/wp-content\/uploads\/2023\/05\/icare-rater-delegation-missions.jpg","contentUrl":"https:\/\/www.gereso.com\/actualites\/wp-content\/uploads\/2023\/05\/icare-rater-delegation-missions.jpg","width":600,"height":400,"caption":"7 conseils d\u2019ICARE pour rater \u00e0 coup s\u00fbr la d\u00e9l\u00e9gation de vos missions !"},{"@type":"BreadcrumbList","@id":"https:\/\/www.gereso.com\/actualites\/2023\/05\/05\/7-conseils-icare-rater-delegation-missions\/#breadcrumb","itemListElement":[{"@type":"ListItem","position":1,"name":"Home","item":"https:\/\/www.gereso.com\/actualites\/"},{"@type":"ListItem","position":2,"name":"7 conseils d&rsquo;ICARE pour rater \u00e0 coup s\u00fbr la d\u00e9l\u00e9gation de vos missions !"}]},{"@type":"WebSite","@id":"https:\/\/www.gereso.com\/actualites\/#website","url":"https:\/\/www.gereso.com\/actualites\/","name":"Le Blog GERESO","description":"Toute l&#039;actu RH, Finance, Fonction Publique, Management...","potentialAction":[{"@type":"SearchAction","target":{"@type":"EntryPoint","urlTemplate":"https:\/\/www.gereso.com\/actualites\/?s={search_term_string}"},"query-input":{"@type":"PropertyValueSpecification","valueRequired":true,"valueName":"search_term_string"}}],"inLanguage":"fr-FR"},{"@type":"Person","@id":"https:\/\/www.gereso.com\/actualites\/#\/schema\/person\/6b2d9038abb3603efe7e320f8a180189","name":"\u00c9quipe Icare","image":{"@type":"ImageObject","inLanguage":"fr-FR","@id":"https:\/\/www.gereso.com\/actualites\/#\/schema\/person\/image\/","url":"https:\/\/www.gereso.com\/actualites\/wp-content\/uploads\/2021\/08\/Logo-Icare-120x120.jpg","contentUrl":"https:\/\/www.gereso.com\/actualites\/wp-content\/uploads\/2021\/08\/Logo-Icare-120x120.jpg","caption":"\u00c9quipe Icare"},"description":"Icare est un Institut dont les activit\u00e9s de formation, d'accompagnement et de conseil sont centr\u00e9es sur les th\u00e8mes de la communication, de la prise de parole en public, de la gestion des relations, du management et de la transmission des comp\u00e9tences. Ses prestations s\u2019adressent \u00e0 tous les collaborateurs et tous les managers souhaitant am\u00e9liorer de fa\u00e7on concr\u00e8te leurs postures, leurs comportements et leurs pratiques du quotidien. Son expertise s'appuie sur des intervenants tous coaches certifi\u00e9s et sur des m\u00e9thodes p\u00e9dagogiques tr\u00e8s participatives bas\u00e9es notamment sur le principe d'induction (partir de la r\u00e9alit\u00e9 des participants pour les accompagner vers les bonnes pratiques) et de tr\u00e8s nombreux tests, r\u00e9flexions, exercices et mises en situation. Anim\u00e9e depuis pr\u00e8s de 30 ans par une logique d'am\u00e9lioration continue l'organisation adh\u00e8re \u00e0 la F\u00e9d\u00e9ration de la Formation Professionnelle, est inscrite au Datadock et est certifi\u00e9e Qualiopi dans la cat\u00e9gorie des actions de formation.","url":"https:\/\/www.gereso.com\/actualites\/author\/icare\/"}]}},"_links":{"self":[{"href":"https:\/\/www.gereso.com\/actualites\/wp-json\/wp\/v2\/posts\/34622","targetHints":{"allow":["GET"]}}],"collection":[{"href":"https:\/\/www.gereso.com\/actualites\/wp-json\/wp\/v2\/posts"}],"about":[{"href":"https:\/\/www.gereso.com\/actualites\/wp-json\/wp\/v2\/types\/post"}],"author":[{"embeddable":true,"href":"https:\/\/www.gereso.com\/actualites\/wp-json\/wp\/v2\/users\/84"}],"replies":[{"embeddable":true,"href":"https:\/\/www.gereso.com\/actualites\/wp-json\/wp\/v2\/comments?post=34622"}],"version-history":[{"count":20,"href":"https:\/\/www.gereso.com\/actualites\/wp-json\/wp\/v2\/posts\/34622\/revisions"}],"predecessor-version":[{"id":35084,"href":"https:\/\/www.gereso.com\/actualites\/wp-json\/wp\/v2\/posts\/34622\/revisions\/35084"}],"wp:featuredmedia":[{"embeddable":true,"href":"https:\/\/www.gereso.com\/actualites\/wp-json\/wp\/v2\/media\/34637"}],"wp:attachment":[{"href":"https:\/\/www.gereso.com\/actualites\/wp-json\/wp\/v2\/media?parent=34622"}],"wp:term":[{"taxonomy":"category","embeddable":true,"href":"https:\/\/www.gereso.com\/actualites\/wp-json\/wp\/v2\/categories?post=34622"},{"taxonomy":"post_tag","embeddable":true,"href":"https:\/\/www.gereso.com\/actualites\/wp-json\/wp\/v2\/tags?post=34622"}],"curies":[{"name":"wp","href":"https:\/\/api.w.org\/{rel}","templated":true}]}}