{"id":3465,"date":"2014-07-15T16:04:50","date_gmt":"2014-07-15T14:04:50","guid":{"rendered":"https:\/\/www.gereso.com\/actualites\/?p=3465"},"modified":"2014-07-15T16:04:50","modified_gmt":"2014-07-15T14:04:50","slug":"revision-de-la-gratification-des-stagiaires","status":"publish","type":"post","link":"https:\/\/www.gereso.com\/actualites\/2014\/07\/15\/revision-de-la-gratification-des-stagiaires\/","title":{"rendered":"R\u00e9vision de la gratification des stagiaires"},"content":{"rendered":"<figure id=\"attachment_3466\" aria-describedby=\"caption-attachment-3466\" style=\"width: 531px\" class=\"wp-caption aligncenter\"><img fetchpriority=\"high\" decoding=\"async\" class=\"size-full wp-image-3466\" src=\"https:\/\/www.gereso.com\/actualites\/wp-content\/uploads\/2014\/07\/r\u00e9mun\u00e9ration-des-stagiaires-1.jpg\" alt=\"R\u00e9mun\u00e9ration des stagiaires\" width=\"531\" height=\"354\" srcset=\"https:\/\/www.gereso.com\/actualites\/wp-content\/uploads\/2014\/07\/r\u00e9mun\u00e9ration-des-stagiaires-1.jpg 531w, https:\/\/www.gereso.com\/actualites\/wp-content\/uploads\/2014\/07\/r\u00e9mun\u00e9ration-des-stagiaires-1-300x200.jpg 300w\" sizes=\"(max-width: 531px) 100vw, 531px\" \/><figcaption id=\"caption-attachment-3466\" class=\"wp-caption-text\">R\u00e9mun\u00e9ration des stagiaires<\/figcaption><\/figure>\n<p>&nbsp;<\/p>\n<p>Selon une proposition de loi, adopt\u00e9e par le S\u00e9nat le 14 mai dernier et soumis \u00e0 pr\u00e9sent \u00e0 une commission mixte paritaire, <strong>l\u2019obligation de verser une gratification deviendrait obligatoire pour tout stage de plus d\u2019un mois<\/strong> et passerait de 12,5 % du plafond horaire de la s\u00e9curit\u00e9 sociale \u00e0 15%, soit de 436 \u20ac \u00e0 523,26 \u20ac.<\/p>\n<p>Chaque stagiaire recevrait \u00e0 compter du 1<sup>er<\/sup> jour du 1<sup>er<\/sup> mois une somme fixe, quel que soit le nombre de jours ouvr\u00e9s dans le mois.<\/p>\n","protected":false},"excerpt":{"rendered":"<p>&nbsp; Selon une proposition de loi, adopt\u00e9e par le S\u00e9nat le 14 mai dernier et soumis \u00e0 pr\u00e9sent \u00e0 une commission mixte paritaire, l\u2019obligation de verser une gratification deviendrait obligatoire pour tout stage de plus d\u2019un mois et passerait de 12,5 % du plafond horaire de la s\u00e9curit\u00e9 sociale \u00e0 15%, soit de 436 \u20ac [&hellip;]<\/p>\n","protected":false},"author":12,"featured_media":3466,"comment_status":"open","ping_status":"open","sticky":false,"template":"","format":"standard","meta":{"_acf_changed":false,"_mi_skip_tracking":false,"footnotes":""},"categories":[8],"tags":[509,107,252,510,511],"class_list":["post-3465","post","type-post","status-publish","format-standard","has-post-thumbnail","hentry","category-paie-et-administration-du-personnel","tag-gratification","tag-indemnite","tag-remuneration","tag-stage","tag-stagiaire"],"acf":[],"yoast_head":"<!-- This site is optimized with the Yoast SEO plugin v23.4 - https:\/\/yoast.com\/wordpress\/plugins\/seo\/ -->\n<title>R\u00e9vision de la gratification des stagiaires - Le Blog GERESO<\/title>\n<meta name=\"robots\" content=\"index, follow, max-snippet:-1, max-image-preview:large, max-video-preview:-1\" \/>\n<link rel=\"canonical\" href=\"https:\/\/www.gereso.com\/actualites\/2014\/07\/15\/revision-de-la-gratification-des-stagiaires\/\" \/>\n<meta property=\"og:locale\" content=\"fr_FR\" \/>\n<meta property=\"og:type\" content=\"article\" \/>\n<meta property=\"og:title\" content=\"R\u00e9vision de la gratification des stagiaires - Le Blog GERESO\" \/>\n<meta property=\"og:description\" content=\"&nbsp; Selon une proposition de loi, adopt\u00e9e par le S\u00e9nat le 14 mai dernier et soumis \u00e0 pr\u00e9sent \u00e0 une commission mixte paritaire, l\u2019obligation de verser une gratification deviendrait obligatoire pour tout stage de plus d\u2019un mois et passerait de 12,5 % du plafond horaire de la s\u00e9curit\u00e9 sociale \u00e0 15%, soit de 436 \u20ac [&hellip;]\" \/>\n<meta property=\"og:url\" content=\"https:\/\/www.gereso.com\/actualites\/2014\/07\/15\/revision-de-la-gratification-des-stagiaires\/\" \/>\n<meta property=\"og:site_name\" content=\"Le Blog GERESO\" \/>\n<meta property=\"article:published_time\" content=\"2014-07-15T14:04:50+00:00\" \/>\n<meta property=\"og:image\" content=\"https:\/\/www.gereso.com\/actualites\/wp-content\/uploads\/2014\/07\/r\u00e9mun\u00e9ration-des-stagiaires-1.jpg\" \/>\n\t<meta property=\"og:image:width\" content=\"531\" \/>\n\t<meta property=\"og:image:height\" content=\"354\" \/>\n\t<meta property=\"og:image:type\" content=\"image\/jpeg\" \/>\n<meta name=\"author\" content=\"Anne-Lise Douat\" \/>\n<meta name=\"twitter:card\" content=\"summary_large_image\" \/>\n<script type=\"application\/ld+json\" class=\"yoast-schema-graph\">{\"@context\":\"https:\/\/schema.org\",\"@graph\":[{\"@type\":\"WebPage\",\"@id\":\"https:\/\/www.gereso.com\/actualites\/2014\/07\/15\/revision-de-la-gratification-des-stagiaires\/\",\"url\":\"https:\/\/www.gereso.com\/actualites\/2014\/07\/15\/revision-de-la-gratification-des-stagiaires\/\",\"name\":\"R\u00e9vision de la gratification des stagiaires - Le Blog GERESO\",\"isPartOf\":{\"@id\":\"https:\/\/www.gereso.com\/actualites\/#website\"},\"primaryImageOfPage\":{\"@id\":\"https:\/\/www.gereso.com\/actualites\/2014\/07\/15\/revision-de-la-gratification-des-stagiaires\/#primaryimage\"},\"image\":{\"@id\":\"https:\/\/www.gereso.com\/actualites\/2014\/07\/15\/revision-de-la-gratification-des-stagiaires\/#primaryimage\"},\"thumbnailUrl\":\"https:\/\/www.gereso.com\/actualites\/wp-content\/uploads\/2014\/07\/r\u00e9mun\u00e9ration-des-stagiaires-1.jpg\",\"datePublished\":\"2014-07-15T14:04:50+00:00\",\"dateModified\":\"2014-07-15T14:04:50+00:00\",\"author\":{\"@id\":\"https:\/\/www.gereso.com\/actualites\/#\/schema\/person\/f9b9cd95b838e92d2022ffafbaa46491\"},\"breadcrumb\":{\"@id\":\"https:\/\/www.gereso.com\/actualites\/2014\/07\/15\/revision-de-la-gratification-des-stagiaires\/#breadcrumb\"},\"inLanguage\":\"fr-FR\",\"potentialAction\":[{\"@type\":\"ReadAction\",\"target\":[\"https:\/\/www.gereso.com\/actualites\/2014\/07\/15\/revision-de-la-gratification-des-stagiaires\/\"]}]},{\"@type\":\"ImageObject\",\"inLanguage\":\"fr-FR\",\"@id\":\"https:\/\/www.gereso.com\/actualites\/2014\/07\/15\/revision-de-la-gratification-des-stagiaires\/#primaryimage\",\"url\":\"https:\/\/www.gereso.com\/actualites\/wp-content\/uploads\/2014\/07\/r\u00e9mun\u00e9ration-des-stagiaires-1.jpg\",\"contentUrl\":\"https:\/\/www.gereso.com\/actualites\/wp-content\/uploads\/2014\/07\/r\u00e9mun\u00e9ration-des-stagiaires-1.jpg\",\"width\":531,\"height\":354,\"caption\":\"R\u00e9mun\u00e9ration des stagiaires\"},{\"@type\":\"BreadcrumbList\",\"@id\":\"https:\/\/www.gereso.com\/actualites\/2014\/07\/15\/revision-de-la-gratification-des-stagiaires\/#breadcrumb\",\"itemListElement\":[{\"@type\":\"ListItem\",\"position\":1,\"name\":\"Home\",\"item\":\"https:\/\/www.gereso.com\/actualites\/\"},{\"@type\":\"ListItem\",\"position\":2,\"name\":\"R\u00e9vision de la gratification des stagiaires\"}]},{\"@type\":\"WebSite\",\"@id\":\"https:\/\/www.gereso.com\/actualites\/#website\",\"url\":\"https:\/\/www.gereso.com\/actualites\/\",\"name\":\"Le Blog GERESO\",\"description\":\"Toute l&#039;actu RH, Finance, Fonction Publique, Management...\",\"potentialAction\":[{\"@type\":\"SearchAction\",\"target\":{\"@type\":\"EntryPoint\",\"urlTemplate\":\"https:\/\/www.gereso.com\/actualites\/?s={search_term_string}\"},\"query-input\":{\"@type\":\"PropertyValueSpecification\",\"valueRequired\":true,\"valueName\":\"search_term_string\"}}],\"inLanguage\":\"fr-FR\"},{\"@type\":\"Person\",\"@id\":\"https:\/\/www.gereso.com\/actualites\/#\/schema\/person\/f9b9cd95b838e92d2022ffafbaa46491\",\"name\":\"Anne-Lise Douat\",\"image\":{\"@type\":\"ImageObject\",\"inLanguage\":\"fr-FR\",\"@id\":\"https:\/\/www.gereso.com\/actualites\/#\/schema\/person\/image\/\",\"url\":\"https:\/\/www.gereso.com\/actualites\/wp-content\/uploads\/2012\/03\/anne-lise-douat-1-144x144.png\",\"contentUrl\":\"https:\/\/www.gereso.com\/actualites\/wp-content\/uploads\/2012\/03\/anne-lise-douat-1-144x144.png\",\"caption\":\"Anne-Lise Douat\"},\"description\":\"Consultante en droit social et mobilit\u00e9 internationale pour GERESO. Elle intervient au cours de formations inter et intra-entreprises sur les th\u00e8mes de la gestion des salari\u00e9s expatri\u00e9s, impatri\u00e9s et de la r\u00e9glementation du travail en France et \u00e0 l'international. Elle est \u00e9galement l'auteur de l'ouvrage \u00ab\u00a0La Protection Sociale en Europe\u00a0\u00bb, et collabore \u00e0 l'actualisation r\u00e9guli\u00e8re du best-seller \u00ab La Mobilit\u00e9 Internationale\u00a0\u00bb\",\"url\":\"https:\/\/www.gereso.com\/actualites\/author\/a-douat\/\"}]}<\/script>\n<!-- \/ Yoast SEO plugin. -->","yoast_head_json":{"title":"R\u00e9vision de la gratification des stagiaires - Le Blog GERESO","robots":{"index":"index","follow":"follow","max-snippet":"max-snippet:-1","max-image-preview":"max-image-preview:large","max-video-preview":"max-video-preview:-1"},"canonical":"https:\/\/www.gereso.com\/actualites\/2014\/07\/15\/revision-de-la-gratification-des-stagiaires\/","og_locale":"fr_FR","og_type":"article","og_title":"R\u00e9vision de la gratification des stagiaires - Le Blog GERESO","og_description":"&nbsp; Selon une proposition de loi, adopt\u00e9e par le S\u00e9nat le 14 mai dernier et soumis \u00e0 pr\u00e9sent \u00e0 une commission mixte paritaire, l\u2019obligation de verser une gratification deviendrait obligatoire pour tout stage de plus d\u2019un mois et passerait de 12,5 % du plafond horaire de la s\u00e9curit\u00e9 sociale \u00e0 15%, soit de 436 \u20ac [&hellip;]","og_url":"https:\/\/www.gereso.com\/actualites\/2014\/07\/15\/revision-de-la-gratification-des-stagiaires\/","og_site_name":"Le Blog GERESO","article_published_time":"2014-07-15T14:04:50+00:00","og_image":[{"width":531,"height":354,"url":"https:\/\/www.gereso.com\/actualites\/wp-content\/uploads\/2014\/07\/r\u00e9mun\u00e9ration-des-stagiaires-1.jpg","type":"image\/jpeg"}],"author":"Anne-Lise Douat","twitter_card":"summary_large_image","schema":{"@context":"https:\/\/schema.org","@graph":[{"@type":"WebPage","@id":"https:\/\/www.gereso.com\/actualites\/2014\/07\/15\/revision-de-la-gratification-des-stagiaires\/","url":"https:\/\/www.gereso.com\/actualites\/2014\/07\/15\/revision-de-la-gratification-des-stagiaires\/","name":"R\u00e9vision de la gratification des stagiaires - Le Blog GERESO","isPartOf":{"@id":"https:\/\/www.gereso.com\/actualites\/#website"},"primaryImageOfPage":{"@id":"https:\/\/www.gereso.com\/actualites\/2014\/07\/15\/revision-de-la-gratification-des-stagiaires\/#primaryimage"},"image":{"@id":"https:\/\/www.gereso.com\/actualites\/2014\/07\/15\/revision-de-la-gratification-des-stagiaires\/#primaryimage"},"thumbnailUrl":"https:\/\/www.gereso.com\/actualites\/wp-content\/uploads\/2014\/07\/r\u00e9mun\u00e9ration-des-stagiaires-1.jpg","datePublished":"2014-07-15T14:04:50+00:00","dateModified":"2014-07-15T14:04:50+00:00","author":{"@id":"https:\/\/www.gereso.com\/actualites\/#\/schema\/person\/f9b9cd95b838e92d2022ffafbaa46491"},"breadcrumb":{"@id":"https:\/\/www.gereso.com\/actualites\/2014\/07\/15\/revision-de-la-gratification-des-stagiaires\/#breadcrumb"},"inLanguage":"fr-FR","potentialAction":[{"@type":"ReadAction","target":["https:\/\/www.gereso.com\/actualites\/2014\/07\/15\/revision-de-la-gratification-des-stagiaires\/"]}]},{"@type":"ImageObject","inLanguage":"fr-FR","@id":"https:\/\/www.gereso.com\/actualites\/2014\/07\/15\/revision-de-la-gratification-des-stagiaires\/#primaryimage","url":"https:\/\/www.gereso.com\/actualites\/wp-content\/uploads\/2014\/07\/r\u00e9mun\u00e9ration-des-stagiaires-1.jpg","contentUrl":"https:\/\/www.gereso.com\/actualites\/wp-content\/uploads\/2014\/07\/r\u00e9mun\u00e9ration-des-stagiaires-1.jpg","width":531,"height":354,"caption":"R\u00e9mun\u00e9ration des stagiaires"},{"@type":"BreadcrumbList","@id":"https:\/\/www.gereso.com\/actualites\/2014\/07\/15\/revision-de-la-gratification-des-stagiaires\/#breadcrumb","itemListElement":[{"@type":"ListItem","position":1,"name":"Home","item":"https:\/\/www.gereso.com\/actualites\/"},{"@type":"ListItem","position":2,"name":"R\u00e9vision de la gratification des stagiaires"}]},{"@type":"WebSite","@id":"https:\/\/www.gereso.com\/actualites\/#website","url":"https:\/\/www.gereso.com\/actualites\/","name":"Le Blog GERESO","description":"Toute l&#039;actu RH, Finance, Fonction Publique, Management...","potentialAction":[{"@type":"SearchAction","target":{"@type":"EntryPoint","urlTemplate":"https:\/\/www.gereso.com\/actualites\/?s={search_term_string}"},"query-input":{"@type":"PropertyValueSpecification","valueRequired":true,"valueName":"search_term_string"}}],"inLanguage":"fr-FR"},{"@type":"Person","@id":"https:\/\/www.gereso.com\/actualites\/#\/schema\/person\/f9b9cd95b838e92d2022ffafbaa46491","name":"Anne-Lise Douat","image":{"@type":"ImageObject","inLanguage":"fr-FR","@id":"https:\/\/www.gereso.com\/actualites\/#\/schema\/person\/image\/","url":"https:\/\/www.gereso.com\/actualites\/wp-content\/uploads\/2012\/03\/anne-lise-douat-1-144x144.png","contentUrl":"https:\/\/www.gereso.com\/actualites\/wp-content\/uploads\/2012\/03\/anne-lise-douat-1-144x144.png","caption":"Anne-Lise Douat"},"description":"Consultante en droit social et mobilit\u00e9 internationale pour GERESO. Elle intervient au cours de formations inter et intra-entreprises sur les th\u00e8mes de la gestion des salari\u00e9s expatri\u00e9s, impatri\u00e9s et de la r\u00e9glementation du travail en France et \u00e0 l'international. Elle est \u00e9galement l'auteur de l'ouvrage \u00ab\u00a0La Protection Sociale en Europe\u00a0\u00bb, et collabore \u00e0 l'actualisation r\u00e9guli\u00e8re du best-seller \u00ab La Mobilit\u00e9 Internationale\u00a0\u00bb","url":"https:\/\/www.gereso.com\/actualites\/author\/a-douat\/"}]}},"_links":{"self":[{"href":"https:\/\/www.gereso.com\/actualites\/wp-json\/wp\/v2\/posts\/3465","targetHints":{"allow":["GET"]}}],"collection":[{"href":"https:\/\/www.gereso.com\/actualites\/wp-json\/wp\/v2\/posts"}],"about":[{"href":"https:\/\/www.gereso.com\/actualites\/wp-json\/wp\/v2\/types\/post"}],"author":[{"embeddable":true,"href":"https:\/\/www.gereso.com\/actualites\/wp-json\/wp\/v2\/users\/12"}],"replies":[{"embeddable":true,"href":"https:\/\/www.gereso.com\/actualites\/wp-json\/wp\/v2\/comments?post=3465"}],"version-history":[{"count":0,"href":"https:\/\/www.gereso.com\/actualites\/wp-json\/wp\/v2\/posts\/3465\/revisions"}],"wp:featuredmedia":[{"embeddable":true,"href":"https:\/\/www.gereso.com\/actualites\/wp-json\/wp\/v2\/media\/3466"}],"wp:attachment":[{"href":"https:\/\/www.gereso.com\/actualites\/wp-json\/wp\/v2\/media?parent=3465"}],"wp:term":[{"taxonomy":"category","embeddable":true,"href":"https:\/\/www.gereso.com\/actualites\/wp-json\/wp\/v2\/categories?post=3465"},{"taxonomy":"post_tag","embeddable":true,"href":"https:\/\/www.gereso.com\/actualites\/wp-json\/wp\/v2\/tags?post=3465"}],"curies":[{"name":"wp","href":"https:\/\/api.w.org\/{rel}","templated":true}]}}