{"id":3488,"date":"2014-07-29T09:10:23","date_gmt":"2014-07-29T07:10:23","guid":{"rendered":"https:\/\/www.gereso.com\/actualites\/?p=3488"},"modified":"2014-07-29T09:10:23","modified_gmt":"2014-07-29T07:10:23","slug":"la-prevention-des-risques-professionnels-les-programmes-organises-par-gereso","status":"publish","type":"post","link":"https:\/\/www.gereso.com\/actualites\/2014\/07\/29\/la-prevention-des-risques-professionnels-les-programmes-organises-par-gereso\/","title":{"rendered":"La pr\u00e9vention des risques professionnels : les programmes organis\u00e9s par GERESO !"},"content":{"rendered":"<p style=\"text-align: justify;\"><span style=\"font-size: medium;\"><i>GERESO accompagne les ressources humaines dans leur mission de <a title=\"formation pr\u00e9vention des risques professionnels\" href=\"http:\/\/www.gereso.com\/formations\/sante-et-securite-au-travail\/#domaine-PRERIS\" target=\"_blank\">pr\u00e9vention des risques professionnels<\/a> en proposant des formations compl\u00e8tes et pratiques sur ce sujet incontournable en entreprise. Mais avant de parler de nos diff\u00e9rents programmes, revenons sur la d\u00e9finition du risque professionnel.<\/i><\/span><\/p>\n<p style=\"text-align: justify;\">\n<figure id=\"attachment_3509\" aria-describedby=\"caption-attachment-3509\" style=\"width: 530px\" class=\"wp-caption aligncenter\"><img fetchpriority=\"high\" decoding=\"async\" class=\"size-full wp-image-3509\" src=\"https:\/\/www.gereso.com\/actualites\/wp-content\/uploads\/2014\/07\/risque-entreprise-1.jpg\" alt=\"Pr\u00e9vention des risques en entreprise\" width=\"530\" height=\"353\" srcset=\"https:\/\/www.gereso.com\/actualites\/wp-content\/uploads\/2014\/07\/risque-entreprise-1.jpg 530w, https:\/\/www.gereso.com\/actualites\/wp-content\/uploads\/2014\/07\/risque-entreprise-1-300x200.jpg 300w\" sizes=\"(max-width: 530px) 100vw, 530px\" \/><figcaption id=\"caption-attachment-3509\" class=\"wp-caption-text\">Pr\u00e9vention des risques en entreprise<\/figcaption><\/figure>\n<p style=\"text-align: justify;\">\n<h2 style=\"text-align: justify;\"><strong>Qu\u2019est-ce qu\u2019un risque professionnel\u00a0?<\/strong><\/h2>\n<p style=\"text-align: justify;\">Il s\u2019agit tout simplement des risques qui peuvent subvenir pendant l\u2019exercice d\u2019un m\u00e9tier. Bien \u00e9videmment, cela englobe les <strong>accidents du travail<\/strong>, mais pas seulement. Les <strong>troubles musculo-squelettiques<\/strong> ainsi que les <strong>risques psychosociaux<\/strong> comme le stress ou le harc\u00e8lement moral font aussi partie de ce que l\u2019on appelle les risques professionnels.<\/p>\n<p style=\"text-align: justify;\">\n<h2 style=\"text-align: justify;\"><strong>Nos formations pour la pr\u00e9vention des risques professionnels<\/strong><\/h2>\n<p style=\"text-align: justify;\">L\u2019objectif des formations propos\u00e9es par GERESO est multiple\u00a0: elles doivent permettre d\u2019identifier, de mesurer, mais aussi d\u2019agir en mettant en place un v\u00e9ritable programme de lutte et de pr\u00e9vention au sein de l\u2019entreprise. Le bien-\u00eatre et la s\u00e9curit\u00e9 des employ\u00e9s de l\u2019entreprise sont en jeu, mais pas seulement\u00a0: il en va de m\u00eame pour la responsabilit\u00e9 de l\u2019employeur\u00a0!<\/p>\n<p style=\"text-align: justify;\">Voici quelques programmes organis\u00e9s par GERESO sur la <strong>pr\u00e9vention des risques professionnels<\/strong>\u00a0:<\/p>\n<ul>\n<li>Le service RH, acteur cl\u00e9 de la pr\u00e9vention des risques psychosociaux<\/li>\n<li>\u00c9valuer et pr\u00e9venir le stress<\/li>\n<li>Identifier les collaborateurs en souffrance psychologique<\/li>\n<li>Managers\u00a0: pr\u00e9venir et g\u00e9rer les risques psychosociaux<\/li>\n<li>Gestion RH des conduites addictives<\/li>\n<li>Aspects sanitaires et m\u00e9dicaux de la mobilit\u00e9 internationale<\/li>\n<\/ul>\n<p style=\"text-align: justify;\">Vous \u00eates int\u00e9ress\u00e9 par l\u2019une de nos formations, car vous souhaitez mettre en place un programme de pr\u00e9vention des risques professionnels au sein de votre entreprise\u00a0? Dans ce cas, nous vous conseillons de choisir le stage dont les objectifs r\u00e9pondent le mieux aux besoins sp\u00e9cifiques de votre entreprise.<\/p>\n<p>&nbsp;<\/p>\n","protected":false},"excerpt":{"rendered":"<p>GERESO accompagne les ressources humaines dans leur mission de pr\u00e9vention des risques professionnels en proposant des formations compl\u00e8tes et pratiques sur ce sujet incontournable en entreprise. Mais avant de parler de nos diff\u00e9rents programmes, revenons sur la d\u00e9finition du risque professionnel. Qu\u2019est-ce qu\u2019un risque professionnel\u00a0? Il s\u2019agit tout simplement des risques qui peuvent subvenir pendant [&hellip;]<\/p>\n","protected":false},"author":32,"featured_media":3509,"comment_status":"open","ping_status":"open","sticky":false,"template":"","format":"standard","meta":{"_acf_changed":false,"_mi_skip_tracking":false,"footnotes":""},"categories":[13],"tags":[519,520],"class_list":["post-3488","post","type-post","status-publish","format-standard","has-post-thumbnail","hentry","category-sante-et-securite-au-travail","tag-formation-prevention-des-risques-professionnels","tag-formation-sante-et-securite"],"acf":[],"yoast_head":"<!-- This site is optimized with the Yoast SEO plugin v23.4 - https:\/\/yoast.com\/wordpress\/plugins\/seo\/ -->\n<title>La pr\u00e9vention des risques professionnels : les programmes organis\u00e9s par GERESO ! - Le Blog GERESO<\/title>\n<meta name=\"robots\" content=\"index, follow, max-snippet:-1, max-image-preview:large, max-video-preview:-1\" \/>\n<link rel=\"canonical\" href=\"https:\/\/www.gereso.com\/actualites\/2014\/07\/29\/la-prevention-des-risques-professionnels-les-programmes-organises-par-gereso\/\" \/>\n<meta property=\"og:locale\" content=\"fr_FR\" \/>\n<meta property=\"og:type\" content=\"article\" \/>\n<meta property=\"og:title\" content=\"La pr\u00e9vention des risques professionnels : les programmes organis\u00e9s par GERESO ! - Le Blog GERESO\" \/>\n<meta property=\"og:description\" content=\"GERESO accompagne les ressources humaines dans leur mission de pr\u00e9vention des risques professionnels en proposant des formations compl\u00e8tes et pratiques sur ce sujet incontournable en entreprise. Mais avant de parler de nos diff\u00e9rents programmes, revenons sur la d\u00e9finition du risque professionnel. Qu\u2019est-ce qu\u2019un risque professionnel\u00a0? Il s\u2019agit tout simplement des risques qui peuvent subvenir pendant [&hellip;]\" \/>\n<meta property=\"og:url\" content=\"https:\/\/www.gereso.com\/actualites\/2014\/07\/29\/la-prevention-des-risques-professionnels-les-programmes-organises-par-gereso\/\" \/>\n<meta property=\"og:site_name\" content=\"Le Blog GERESO\" \/>\n<meta property=\"article:published_time\" content=\"2014-07-29T07:10:23+00:00\" \/>\n<meta property=\"og:image\" content=\"https:\/\/www.gereso.com\/actualites\/wp-content\/uploads\/2014\/07\/risque-entreprise-1.jpg\" \/>\n\t<meta property=\"og:image:width\" content=\"530\" \/>\n\t<meta property=\"og:image:height\" content=\"353\" \/>\n\t<meta property=\"og:image:type\" content=\"image\/jpeg\" \/>\n<meta name=\"author\" content=\"\u00c9quipe GERESO\" \/>\n<meta name=\"twitter:card\" content=\"summary_large_image\" \/>\n<script type=\"application\/ld+json\" class=\"yoast-schema-graph\">{\"@context\":\"https:\/\/schema.org\",\"@graph\":[{\"@type\":\"WebPage\",\"@id\":\"https:\/\/www.gereso.com\/actualites\/2014\/07\/29\/la-prevention-des-risques-professionnels-les-programmes-organises-par-gereso\/\",\"url\":\"https:\/\/www.gereso.com\/actualites\/2014\/07\/29\/la-prevention-des-risques-professionnels-les-programmes-organises-par-gereso\/\",\"name\":\"La pr\u00e9vention des risques professionnels : les programmes organis\u00e9s par GERESO ! - Le Blog GERESO\",\"isPartOf\":{\"@id\":\"https:\/\/www.gereso.com\/actualites\/#website\"},\"primaryImageOfPage\":{\"@id\":\"https:\/\/www.gereso.com\/actualites\/2014\/07\/29\/la-prevention-des-risques-professionnels-les-programmes-organises-par-gereso\/#primaryimage\"},\"image\":{\"@id\":\"https:\/\/www.gereso.com\/actualites\/2014\/07\/29\/la-prevention-des-risques-professionnels-les-programmes-organises-par-gereso\/#primaryimage\"},\"thumbnailUrl\":\"https:\/\/www.gereso.com\/actualites\/wp-content\/uploads\/2014\/07\/risque-entreprise-1.jpg\",\"datePublished\":\"2014-07-29T07:10:23+00:00\",\"dateModified\":\"2014-07-29T07:10:23+00:00\",\"author\":{\"@id\":\"https:\/\/www.gereso.com\/actualites\/#\/schema\/person\/197d8aef40cb4ae3f6a0aa9e1d3df2a6\"},\"breadcrumb\":{\"@id\":\"https:\/\/www.gereso.com\/actualites\/2014\/07\/29\/la-prevention-des-risques-professionnels-les-programmes-organises-par-gereso\/#breadcrumb\"},\"inLanguage\":\"fr-FR\",\"potentialAction\":[{\"@type\":\"ReadAction\",\"target\":[\"https:\/\/www.gereso.com\/actualites\/2014\/07\/29\/la-prevention-des-risques-professionnels-les-programmes-organises-par-gereso\/\"]}]},{\"@type\":\"ImageObject\",\"inLanguage\":\"fr-FR\",\"@id\":\"https:\/\/www.gereso.com\/actualites\/2014\/07\/29\/la-prevention-des-risques-professionnels-les-programmes-organises-par-gereso\/#primaryimage\",\"url\":\"https:\/\/www.gereso.com\/actualites\/wp-content\/uploads\/2014\/07\/risque-entreprise-1.jpg\",\"contentUrl\":\"https:\/\/www.gereso.com\/actualites\/wp-content\/uploads\/2014\/07\/risque-entreprise-1.jpg\",\"width\":530,\"height\":353,\"caption\":\"Pr\u00e9vention des risques en entreprise\"},{\"@type\":\"BreadcrumbList\",\"@id\":\"https:\/\/www.gereso.com\/actualites\/2014\/07\/29\/la-prevention-des-risques-professionnels-les-programmes-organises-par-gereso\/#breadcrumb\",\"itemListElement\":[{\"@type\":\"ListItem\",\"position\":1,\"name\":\"Home\",\"item\":\"https:\/\/www.gereso.com\/actualites\/\"},{\"@type\":\"ListItem\",\"position\":2,\"name\":\"La pr\u00e9vention des risques professionnels : les programmes organis\u00e9s par GERESO !\"}]},{\"@type\":\"WebSite\",\"@id\":\"https:\/\/www.gereso.com\/actualites\/#website\",\"url\":\"https:\/\/www.gereso.com\/actualites\/\",\"name\":\"Le Blog GERESO\",\"description\":\"Toute l&#039;actu RH, Finance, Fonction Publique, Management...\",\"potentialAction\":[{\"@type\":\"SearchAction\",\"target\":{\"@type\":\"EntryPoint\",\"urlTemplate\":\"https:\/\/www.gereso.com\/actualites\/?s={search_term_string}\"},\"query-input\":{\"@type\":\"PropertyValueSpecification\",\"valueRequired\":true,\"valueName\":\"search_term_string\"}}],\"inLanguage\":\"fr-FR\"},{\"@type\":\"Person\",\"@id\":\"https:\/\/www.gereso.com\/actualites\/#\/schema\/person\/197d8aef40cb4ae3f6a0aa9e1d3df2a6\",\"name\":\"\u00c9quipe GERESO\",\"image\":{\"@type\":\"ImageObject\",\"inLanguage\":\"fr-FR\",\"@id\":\"https:\/\/www.gereso.com\/actualites\/#\/schema\/person\/image\/\",\"url\":\"https:\/\/www.gereso.com\/actualites\/wp-content\/uploads\/2013\/12\/avatar-gereso-1.png\",\"contentUrl\":\"https:\/\/www.gereso.com\/actualites\/wp-content\/uploads\/2013\/12\/avatar-gereso-1.png\",\"caption\":\"\u00c9quipe GERESO\"},\"url\":\"https:\/\/www.gereso.com\/actualites\/author\/gereso\/\"}]}<\/script>\n<!-- \/ Yoast SEO plugin. -->","yoast_head_json":{"title":"La pr\u00e9vention des risques professionnels : les programmes organis\u00e9s par GERESO ! - Le Blog GERESO","robots":{"index":"index","follow":"follow","max-snippet":"max-snippet:-1","max-image-preview":"max-image-preview:large","max-video-preview":"max-video-preview:-1"},"canonical":"https:\/\/www.gereso.com\/actualites\/2014\/07\/29\/la-prevention-des-risques-professionnels-les-programmes-organises-par-gereso\/","og_locale":"fr_FR","og_type":"article","og_title":"La pr\u00e9vention des risques professionnels : les programmes organis\u00e9s par GERESO ! - Le Blog GERESO","og_description":"GERESO accompagne les ressources humaines dans leur mission de pr\u00e9vention des risques professionnels en proposant des formations compl\u00e8tes et pratiques sur ce sujet incontournable en entreprise. Mais avant de parler de nos diff\u00e9rents programmes, revenons sur la d\u00e9finition du risque professionnel. Qu\u2019est-ce qu\u2019un risque professionnel\u00a0? Il s\u2019agit tout simplement des risques qui peuvent subvenir pendant [&hellip;]","og_url":"https:\/\/www.gereso.com\/actualites\/2014\/07\/29\/la-prevention-des-risques-professionnels-les-programmes-organises-par-gereso\/","og_site_name":"Le Blog GERESO","article_published_time":"2014-07-29T07:10:23+00:00","og_image":[{"width":530,"height":353,"url":"https:\/\/www.gereso.com\/actualites\/wp-content\/uploads\/2014\/07\/risque-entreprise-1.jpg","type":"image\/jpeg"}],"author":"\u00c9quipe GERESO","twitter_card":"summary_large_image","schema":{"@context":"https:\/\/schema.org","@graph":[{"@type":"WebPage","@id":"https:\/\/www.gereso.com\/actualites\/2014\/07\/29\/la-prevention-des-risques-professionnels-les-programmes-organises-par-gereso\/","url":"https:\/\/www.gereso.com\/actualites\/2014\/07\/29\/la-prevention-des-risques-professionnels-les-programmes-organises-par-gereso\/","name":"La pr\u00e9vention des risques professionnels : les programmes organis\u00e9s par GERESO ! - Le Blog GERESO","isPartOf":{"@id":"https:\/\/www.gereso.com\/actualites\/#website"},"primaryImageOfPage":{"@id":"https:\/\/www.gereso.com\/actualites\/2014\/07\/29\/la-prevention-des-risques-professionnels-les-programmes-organises-par-gereso\/#primaryimage"},"image":{"@id":"https:\/\/www.gereso.com\/actualites\/2014\/07\/29\/la-prevention-des-risques-professionnels-les-programmes-organises-par-gereso\/#primaryimage"},"thumbnailUrl":"https:\/\/www.gereso.com\/actualites\/wp-content\/uploads\/2014\/07\/risque-entreprise-1.jpg","datePublished":"2014-07-29T07:10:23+00:00","dateModified":"2014-07-29T07:10:23+00:00","author":{"@id":"https:\/\/www.gereso.com\/actualites\/#\/schema\/person\/197d8aef40cb4ae3f6a0aa9e1d3df2a6"},"breadcrumb":{"@id":"https:\/\/www.gereso.com\/actualites\/2014\/07\/29\/la-prevention-des-risques-professionnels-les-programmes-organises-par-gereso\/#breadcrumb"},"inLanguage":"fr-FR","potentialAction":[{"@type":"ReadAction","target":["https:\/\/www.gereso.com\/actualites\/2014\/07\/29\/la-prevention-des-risques-professionnels-les-programmes-organises-par-gereso\/"]}]},{"@type":"ImageObject","inLanguage":"fr-FR","@id":"https:\/\/www.gereso.com\/actualites\/2014\/07\/29\/la-prevention-des-risques-professionnels-les-programmes-organises-par-gereso\/#primaryimage","url":"https:\/\/www.gereso.com\/actualites\/wp-content\/uploads\/2014\/07\/risque-entreprise-1.jpg","contentUrl":"https:\/\/www.gereso.com\/actualites\/wp-content\/uploads\/2014\/07\/risque-entreprise-1.jpg","width":530,"height":353,"caption":"Pr\u00e9vention des risques en entreprise"},{"@type":"BreadcrumbList","@id":"https:\/\/www.gereso.com\/actualites\/2014\/07\/29\/la-prevention-des-risques-professionnels-les-programmes-organises-par-gereso\/#breadcrumb","itemListElement":[{"@type":"ListItem","position":1,"name":"Home","item":"https:\/\/www.gereso.com\/actualites\/"},{"@type":"ListItem","position":2,"name":"La pr\u00e9vention des risques professionnels : les programmes organis\u00e9s par GERESO !"}]},{"@type":"WebSite","@id":"https:\/\/www.gereso.com\/actualites\/#website","url":"https:\/\/www.gereso.com\/actualites\/","name":"Le Blog GERESO","description":"Toute l&#039;actu RH, Finance, Fonction Publique, Management...","potentialAction":[{"@type":"SearchAction","target":{"@type":"EntryPoint","urlTemplate":"https:\/\/www.gereso.com\/actualites\/?s={search_term_string}"},"query-input":{"@type":"PropertyValueSpecification","valueRequired":true,"valueName":"search_term_string"}}],"inLanguage":"fr-FR"},{"@type":"Person","@id":"https:\/\/www.gereso.com\/actualites\/#\/schema\/person\/197d8aef40cb4ae3f6a0aa9e1d3df2a6","name":"\u00c9quipe GERESO","image":{"@type":"ImageObject","inLanguage":"fr-FR","@id":"https:\/\/www.gereso.com\/actualites\/#\/schema\/person\/image\/","url":"https:\/\/www.gereso.com\/actualites\/wp-content\/uploads\/2013\/12\/avatar-gereso-1.png","contentUrl":"https:\/\/www.gereso.com\/actualites\/wp-content\/uploads\/2013\/12\/avatar-gereso-1.png","caption":"\u00c9quipe GERESO"},"url":"https:\/\/www.gereso.com\/actualites\/author\/gereso\/"}]}},"_links":{"self":[{"href":"https:\/\/www.gereso.com\/actualites\/wp-json\/wp\/v2\/posts\/3488","targetHints":{"allow":["GET"]}}],"collection":[{"href":"https:\/\/www.gereso.com\/actualites\/wp-json\/wp\/v2\/posts"}],"about":[{"href":"https:\/\/www.gereso.com\/actualites\/wp-json\/wp\/v2\/types\/post"}],"author":[{"embeddable":true,"href":"https:\/\/www.gereso.com\/actualites\/wp-json\/wp\/v2\/users\/32"}],"replies":[{"embeddable":true,"href":"https:\/\/www.gereso.com\/actualites\/wp-json\/wp\/v2\/comments?post=3488"}],"version-history":[{"count":0,"href":"https:\/\/www.gereso.com\/actualites\/wp-json\/wp\/v2\/posts\/3488\/revisions"}],"wp:featuredmedia":[{"embeddable":true,"href":"https:\/\/www.gereso.com\/actualites\/wp-json\/wp\/v2\/media\/3509"}],"wp:attachment":[{"href":"https:\/\/www.gereso.com\/actualites\/wp-json\/wp\/v2\/media?parent=3488"}],"wp:term":[{"taxonomy":"category","embeddable":true,"href":"https:\/\/www.gereso.com\/actualites\/wp-json\/wp\/v2\/categories?post=3488"},{"taxonomy":"post_tag","embeddable":true,"href":"https:\/\/www.gereso.com\/actualites\/wp-json\/wp\/v2\/tags?post=3488"}],"curies":[{"name":"wp","href":"https:\/\/api.w.org\/{rel}","templated":true}]}}