{"id":34940,"date":"2023-05-15T11:50:16","date_gmt":"2023-05-15T09:50:16","guid":{"rendered":"https:\/\/www.gereso.com\/actualites\/?p=34940"},"modified":"2023-05-15T11:50:18","modified_gmt":"2023-05-15T09:50:18","slug":"conference-les-6-constellations-du-management","status":"publish","type":"post","link":"https:\/\/www.gereso.com\/actualites\/2023\/05\/15\/conference-les-6-constellations-du-management\/","title":{"rendered":"Conf\u00e9rence \u00ab Les 6 constellations du management \u00bb"},"content":{"rendered":"\n\n\n<h2>D\u00e9tails de la conf\u00e9rence&nbsp;:<\/h2>\n<h3 class=\"section-title\"><span class=\"title-inner\" data-animation=\"fadeInRight\" data-animation-delay=\"500\">DATE&nbsp;:<\/span><\/h3>\n<p>Jeudi 20 mai 2023 &nbsp;de 18h15 \u00e0 20h<\/p>\n<h3 class=\"section-title\"><span class=\"title-inner\" data-animation=\"fadeInRight\" data-animation-delay=\"500\">R\u00c9SUM\u00c9&nbsp;:<\/span><\/h3>\n<p>Men\u00e9es par les technologies, <strong>nos organisations<\/strong> gagnent tous les jours, sous nos yeux, en <strong>performance.<\/strong><\/p>\n\n<p>Derni\u00e8re (r)\u00e9volution en date&nbsp;: l\u2019<strong>Intelligence Artificielle<\/strong> et son incroyable potentiel de <strong>disruption<\/strong>, pour des m\u00e9tiers et des secteurs jusque-l\u00e0 relativement \u00ab&nbsp;\u00e9pargn\u00e9s&nbsp;\u00bb par les mutations technologiques.<\/p>\n\n<p>Parall\u00e8lement, la mondialisation et ses in\u00e9galit\u00e9s sociales, la crise sanitaire et \u00e9cologique, l\u2019incertitude \u00e9conomique ou le culte de l\u2019individualisme <strong>fragilisent les individus<\/strong> et les am\u00e8nent \u00e0 <strong>reconsid\u00e9rer leur rapport au travail<\/strong>, ainsi que le sens qu\u2019ils donnent au collectif.\n\n<p>Entre fascination et addiction pour la technologie, d\u00e9motivation et \u00ab&nbsp;Grande d\u00e9mission&nbsp;\u00bb voire burn-out, chacun semble \u00e0 la fois <strong>en perte de rep\u00e8res et en qu\u00eate de sens.<\/strong>\n\n<p>Et dans les organisations, c\u2019est aux <strong>managers<\/strong> que revient la lourde t\u00e2che de <strong>r\u00e9concilier, remotiver, redonner du sens<\/strong> pour renouer avec la <strong>performance collective<\/strong>.\n\n<p>Dans cet <strong>univers incertain en expansion \u00ab&nbsp;technologique&nbsp;\u00bb permanente<\/strong> qui a fait rentrer le digital dans la communication et la coop\u00e9ration des \u00e9quipes, les managers managers doivent trouver leur place et les cl\u00e9s pour s\u2019adapter \u00e0 ce nouveau contexte.\n\n<p>Loin de leur faciliter la t\u00e2che, ces derniers sont de plus en plus satur\u00e9s d\u2019injonctions&nbsp;: \u00eatre bienveillant, \u00eatre empathique, avoir une posture de coach ou de leader, tout en \u00e9tant, bien \u00e9tendu, performants.\n\n<p>Les collaborateurs, de leur c\u00f4t\u00e9, font face \u00e0 un imp\u00e9ratif de sentir bien au travail ou m\u00eame d\u2019\u00eatre tout simplement\u2026 heureux !\n\n<p>Voyant fleurir pl\u00e9thore d\u2019approches de \u00ab sp\u00e9cialistes \u00bb, en rupture ou non avec celles d\u2019hier, les entreprises et la ligne manag\u00e9riale doivent plus que jamais faire le tri et trouver les solutions qui lui conviennent pour \u00eatre \u00e0 l hauteur de leurs d\u00e9fis. Comment choisir les bonnes, aider les managers pour mobiliser et embarquer les \u00e9quipes ?\n\n<p>Forts de leur exp\u00e9rience de consultants en conduite du changement, en organisation et en management, Olivier Delorme et Benjamin Sachs vous proposent, au cours de cette soir\u00e9e \u00ab&nbsp;Paroles d\u2019Auteur&nbsp;\u00bb, un voyage \u00e0 travers 6 constellations, \u00e0 la d\u00e9couverte des outils du management indispensables en 2023.<\/p>\n\n<p>Sur la base de leur ouvrage \u00ab&nbsp;<strong><em>Les 6 constellations du management<\/em><\/strong>&nbsp;\u00bb, ils vous invitent \u00e0 <strong>repenser vos pratiques manag\u00e9riales,<\/strong> \u00e0 travers un voyage en 6 \u00e9tapes&nbsp;:<\/p>\n\n<ol>\n<li>Agilit\u00e9 manag\u00e9riale&nbsp;: adapter son management au contexte du XXI si\u00e8cle et pouvoir changer de cap rapidement.<\/li>\n<li>Intelligence collective&nbsp;: renforcer la coh\u00e9sion de l\u2019\u00e9quipage, la coop\u00e9ration et le sentiment d\u2019appartenance.<\/li>\n<li>Client \u00ab&nbsp;centrique&nbsp;\u00bb&nbsp;: garder le cap sur les objectifs, en mettant le b\u00e9n\u00e9ficiaire au centre de nos pr\u00e9occupations.<\/li>\n<li>Collaborateurs first&nbsp;: prendre des d\u00e9cisions de mani\u00e8re autonome tout en restant align\u00e9s sur l&rsquo;objectif commun.<\/li>\n<li>Accompagnement du changement&nbsp;: naviguer sereinement \u00e0 travers les transformations.<\/li>\n<li>Am\u00e9lioration continue&nbsp;: \u00e9liminer ensemble et pas \u00e0 pas les obstacles qui nuisent au travail bien fait.<\/li>\n<\/ol>\n\n<p>Chacune de ces constellations offre une palette de <strong>m\u00e9thodes pratiques<\/strong> aux managers, pour mieux accompagner cette <strong>double r\u00e9volution technique et humaine<\/strong>, et contribuer ainsi \u00e0 la <strong>performance<\/strong> et \u00e0 la <strong>qualit\u00e9 de vie au travail<\/strong>, de son service et de son entreprise, comme de v\u00e9ritables astronautes du management..<\/p>\n\n<p><strong>3 bonnes raisons de participer \u00e0 cette soir\u00e9e&nbsp;:<\/strong><\/p>\n<ol>\n<li>Comprendre les enjeux des organisations et des \u00e9quipes.<\/li>\n<li>D\u00e9couvrir un nouveau chemin pour harmoniser bien-\u00eatre et efficacit\u00e9.<\/li>\n<li>Apprendre \u00e0 renouer collectif et individualisme pour am\u00e9liorer son management.<\/li>\n<\/ol>\n\n<h3 class=\"section-title\"><span class=\"title-inner\" data-animation=\"fadeInRight\" data-animation-delay=\"500\">AUTEURS&nbsp;:<\/span><\/h3>\n\n\n<p><strong>Olivier Delorme&nbsp;:<\/strong> Consultant en organisation et management. Il met son expertise et ses m\u00e9thodes de management de la performance au service des organismes priv\u00e9s ou publics. Passionn\u00e9 par les relations humaines, il propose des solutions qui allient performance et bien-\u00eatre au travail.<\/p>\n<p><strong>Benjamin Sachs&nbsp;:<\/strong> Consultant en conduite du changement et management. Passionn\u00e9 par la p\u00e9dagogie, la communication et les relations interpersonnelles, il accompagne les entreprises dans leurs projets de transformation organisationnelle, digitale et culturelle. Il est \u00e9galement entrepreneur.<\/p>\n\n\n\n\n\n<h3 class=\"section-title\"><span class=\"title-inner\" data-animation=\"fadeInRight\" data-animation-delay=\"500\">CONF\u00c9RENCE&nbsp;:<\/span><\/h3>\n<h4>Replay de la conf\u00e9rence&nbsp;: \u00ab\u00a0Les 6 constellations du management\u00a0\u00bb&nbsp;:<\/h4>\n\n\n\n<figure class=\"wp-block-embed is-type-video is-provider-youtube wp-block-embed-youtube wp-embed-aspect-16-9 wp-has-aspect-ratio\"><div class=\"wp-block-embed__wrapper\">\n<iframe title=\"PAROLE AUTEUR - Les 6 constellations du management\" width=\"644\" height=\"362\" src=\"https:\/\/www.youtube.com\/embed\/ZlVrPhv_mII?feature=oembed\" frameborder=\"0\" allow=\"accelerometer; autoplay; clipboard-write; encrypted-media; gyroscope; picture-in-picture; web-share\" referrerpolicy=\"strict-origin-when-cross-origin\" allowfullscreen><\/iframe>\n<\/div><\/figure>\n\n\n\n<p><article class=\"obj_encart-formation\">\n<div class=\"ctn_encart\">\n<h3>L&rsquo;ouvrage<\/h3>\n<h2>&nbsp;LES 6 CONSTELLATIONS DU MANAGEMENT&nbsp;<\/h2>\n<p><strong><img decoding=\"async\" class=\"size-full wp-image-8994 alignleft\" src=\"https:\/\/www.gereso.com\/actualites\/wp-content\/uploads\/2023\/05\/STEL.jpg\" alt=\"Les 6 constellations du management\" width=\"140\" height=\"130\"><\/strong><\/p>\n<p><strong>Performance et plaisir au travail&nbsp;: tout l\u2019univers manag\u00e9rial en pratique<\/strong><\/p>\n<p>Mondialisation, respect de l\u2019environnement et r\u00e9duction des ressources, d\u00e9veloppement du num\u00e9rique et nouvelles technologies, crise sanitaire et incertitude de l\u2019avenir, individualisation et recherche identitaire\u2026<\/p>\n\n<p>Le 21e si\u00e8cle a vu \u00e9merger de nouvelles exigences et de nouvelles contraintes de travail.<\/p>\n\n<p>Dans ce contexte incertain et complexe, l\u2019efficacit\u00e9 et le plaisir au travail paraissent bien difficiles \u00e0 concilier.<\/p>\n\n<p>Et l\u2019illusion cr\u00e9\u00e9e par les nouvelles injonctions au bien-\u00eatre et \u00e0 la bienveillance n\u2019apporte en pratique aucune aide \u00e0 la performance. Au contraire, elle renforce le sentiment d\u2019anxi\u00e9t\u00e9 des managers et de leurs \u00e9quipes.<\/p>\n\n<p>C\u2019est pourquoi les auteurs montrent concr\u00e8tement, \u00e0 travers six constellations de solutions, un autre chemin possible pour harmoniser bien-\u00eatre et efficacit\u00e9 des organisations, et permettre au collectif comme \u00e0 chacun de r\u00e9ussir son travail.<\/p>\n\n<p>En s\u2019appuyant sur l\u2019agilit\u00e9, l\u2019excellence op\u00e9rationnelle et la psychologie du travail, ils font \u00e9merger de nouvelles pratiques manag\u00e9riales pour g\u00e9n\u00e9rer toujours plus de sens et de valeur op\u00e9rationnelle, \u00e9conomique, identitaire et sociale.<\/p>\n\n<p>&nbsp;<\/p>\n<div class=\"ctn_btn\">\n<a class=\"obj_btn\" target=\"_blank\" href=\"https:\/\/librairie.gereso.com\/livre-management\/management-et-leadership\/les-6-constellations-du-management-stel.html\" rel=\"noopener\"><span>En savoir plus<\/span><\/a>\n<\/div>\n<\/div>\n<\/article><\/p>\n","protected":false},"excerpt":{"rendered":"<p>D\u00e9tails de la conf\u00e9rence&nbsp;: DATE&nbsp;: Jeudi 20 mai 2023 &nbsp;de 18h15 \u00e0 20h R\u00c9SUM\u00c9&nbsp;: Men\u00e9es par les technologies, nos organisations gagnent tous les jours, sous nos yeux, en performance. Derni\u00e8re (r)\u00e9volution en date&nbsp;: l\u2019Intelligence Artificielle et son incroyable potentiel de disruption, pour des m\u00e9tiers et des secteurs jusque-l\u00e0 relativement \u00ab&nbsp;\u00e9pargn\u00e9s&nbsp;\u00bb par les mutations technologiques. Parall\u00e8lement, [&hellip;]<\/p>\n","protected":false},"author":32,"featured_media":0,"comment_status":"open","ping_status":"open","sticky":false,"template":"","format":"standard","meta":{"_acf_changed":false,"_mi_skip_tracking":false,"footnotes":""},"categories":[12,11],"tags":[],"class_list":["post-34940","post","type-post","status-publish","format-standard","hentry","category-actualites","category-management-de-projet-strategie-et-organisation"],"acf":[],"yoast_head":"<!-- This site is optimized with the Yoast SEO plugin v23.4 - https:\/\/yoast.com\/wordpress\/plugins\/seo\/ -->\n<title>Conf\u00e9rence \u00ab Les 6 constellations du management \u00bb - Le Blog GERESO<\/title>\n<meta name=\"robots\" content=\"index, follow, max-snippet:-1, max-image-preview:large, max-video-preview:-1\" \/>\n<link rel=\"canonical\" href=\"https:\/\/www.gereso.com\/actualites\/2023\/05\/15\/conference-les-6-constellations-du-management\/\" \/>\n<meta property=\"og:locale\" content=\"fr_FR\" \/>\n<meta property=\"og:type\" content=\"article\" \/>\n<meta property=\"og:title\" content=\"Conf\u00e9rence \u00ab Les 6 constellations du management \u00bb - Le Blog GERESO\" \/>\n<meta property=\"og:description\" content=\"D\u00e9tails de la conf\u00e9rence&nbsp;: DATE&nbsp;: Jeudi 20 mai 2023 &nbsp;de 18h15 \u00e0 20h R\u00c9SUM\u00c9&nbsp;: Men\u00e9es par les technologies, nos organisations gagnent tous les jours, sous nos yeux, en performance. Derni\u00e8re (r)\u00e9volution en date&nbsp;: l\u2019Intelligence Artificielle et son incroyable potentiel de disruption, pour des m\u00e9tiers et des secteurs jusque-l\u00e0 relativement \u00ab&nbsp;\u00e9pargn\u00e9s&nbsp;\u00bb par les mutations technologiques. Parall\u00e8lement, [&hellip;]\" \/>\n<meta property=\"og:url\" content=\"https:\/\/www.gereso.com\/actualites\/2023\/05\/15\/conference-les-6-constellations-du-management\/\" \/>\n<meta property=\"og:site_name\" content=\"Le Blog GERESO\" \/>\n<meta property=\"article:published_time\" content=\"2023-05-15T09:50:16+00:00\" \/>\n<meta property=\"article:modified_time\" content=\"2023-05-15T09:50:18+00:00\" \/>\n<meta property=\"og:image\" content=\"https:\/\/www.gereso.com\/actualites\/wp-content\/uploads\/2023\/05\/STEL.jpg\" \/>\n<meta name=\"author\" content=\"\u00c9quipe GERESO\" \/>\n<meta name=\"twitter:card\" content=\"summary_large_image\" \/>\n<script type=\"application\/ld+json\" class=\"yoast-schema-graph\">{\"@context\":\"https:\/\/schema.org\",\"@graph\":[{\"@type\":\"WebPage\",\"@id\":\"https:\/\/www.gereso.com\/actualites\/2023\/05\/15\/conference-les-6-constellations-du-management\/\",\"url\":\"https:\/\/www.gereso.com\/actualites\/2023\/05\/15\/conference-les-6-constellations-du-management\/\",\"name\":\"Conf\u00e9rence \u00ab Les 6 constellations du management \u00bb - Le Blog GERESO\",\"isPartOf\":{\"@id\":\"https:\/\/www.gereso.com\/actualites\/#website\"},\"primaryImageOfPage\":{\"@id\":\"https:\/\/www.gereso.com\/actualites\/2023\/05\/15\/conference-les-6-constellations-du-management\/#primaryimage\"},\"image\":{\"@id\":\"https:\/\/www.gereso.com\/actualites\/2023\/05\/15\/conference-les-6-constellations-du-management\/#primaryimage\"},\"thumbnailUrl\":\"https:\/\/www.gereso.com\/actualites\/wp-content\/uploads\/2023\/05\/STEL.jpg\",\"datePublished\":\"2023-05-15T09:50:16+00:00\",\"dateModified\":\"2023-05-15T09:50:18+00:00\",\"author\":{\"@id\":\"https:\/\/www.gereso.com\/actualites\/#\/schema\/person\/197d8aef40cb4ae3f6a0aa9e1d3df2a6\"},\"breadcrumb\":{\"@id\":\"https:\/\/www.gereso.com\/actualites\/2023\/05\/15\/conference-les-6-constellations-du-management\/#breadcrumb\"},\"inLanguage\":\"fr-FR\",\"potentialAction\":[{\"@type\":\"ReadAction\",\"target\":[\"https:\/\/www.gereso.com\/actualites\/2023\/05\/15\/conference-les-6-constellations-du-management\/\"]}]},{\"@type\":\"ImageObject\",\"inLanguage\":\"fr-FR\",\"@id\":\"https:\/\/www.gereso.com\/actualites\/2023\/05\/15\/conference-les-6-constellations-du-management\/#primaryimage\",\"url\":\"https:\/\/www.gereso.com\/actualites\/wp-content\/uploads\/2023\/05\/STEL.jpg\",\"contentUrl\":\"https:\/\/www.gereso.com\/actualites\/wp-content\/uploads\/2023\/05\/STEL.jpg\",\"width\":471,\"height\":686},{\"@type\":\"BreadcrumbList\",\"@id\":\"https:\/\/www.gereso.com\/actualites\/2023\/05\/15\/conference-les-6-constellations-du-management\/#breadcrumb\",\"itemListElement\":[{\"@type\":\"ListItem\",\"position\":1,\"name\":\"Home\",\"item\":\"https:\/\/www.gereso.com\/actualites\/\"},{\"@type\":\"ListItem\",\"position\":2,\"name\":\"Conf\u00e9rence \u00ab Les 6 constellations du management \u00bb\"}]},{\"@type\":\"WebSite\",\"@id\":\"https:\/\/www.gereso.com\/actualites\/#website\",\"url\":\"https:\/\/www.gereso.com\/actualites\/\",\"name\":\"Le Blog GERESO\",\"description\":\"Toute l&#039;actu RH, Finance, Fonction Publique, Management...\",\"potentialAction\":[{\"@type\":\"SearchAction\",\"target\":{\"@type\":\"EntryPoint\",\"urlTemplate\":\"https:\/\/www.gereso.com\/actualites\/?s={search_term_string}\"},\"query-input\":{\"@type\":\"PropertyValueSpecification\",\"valueRequired\":true,\"valueName\":\"search_term_string\"}}],\"inLanguage\":\"fr-FR\"},{\"@type\":\"Person\",\"@id\":\"https:\/\/www.gereso.com\/actualites\/#\/schema\/person\/197d8aef40cb4ae3f6a0aa9e1d3df2a6\",\"name\":\"\u00c9quipe GERESO\",\"image\":{\"@type\":\"ImageObject\",\"inLanguage\":\"fr-FR\",\"@id\":\"https:\/\/www.gereso.com\/actualites\/#\/schema\/person\/image\/\",\"url\":\"https:\/\/www.gereso.com\/actualites\/wp-content\/uploads\/2013\/12\/avatar-gereso-1.png\",\"contentUrl\":\"https:\/\/www.gereso.com\/actualites\/wp-content\/uploads\/2013\/12\/avatar-gereso-1.png\",\"caption\":\"\u00c9quipe GERESO\"},\"url\":\"https:\/\/www.gereso.com\/actualites\/author\/gereso\/\"}]}<\/script>\n<!-- \/ Yoast SEO plugin. -->","yoast_head_json":{"title":"Conf\u00e9rence \u00ab Les 6 constellations du management \u00bb - Le Blog GERESO","robots":{"index":"index","follow":"follow","max-snippet":"max-snippet:-1","max-image-preview":"max-image-preview:large","max-video-preview":"max-video-preview:-1"},"canonical":"https:\/\/www.gereso.com\/actualites\/2023\/05\/15\/conference-les-6-constellations-du-management\/","og_locale":"fr_FR","og_type":"article","og_title":"Conf\u00e9rence \u00ab Les 6 constellations du management \u00bb - Le Blog GERESO","og_description":"D\u00e9tails de la conf\u00e9rence&nbsp;: DATE&nbsp;: Jeudi 20 mai 2023 &nbsp;de 18h15 \u00e0 20h R\u00c9SUM\u00c9&nbsp;: Men\u00e9es par les technologies, nos organisations gagnent tous les jours, sous nos yeux, en performance. Derni\u00e8re (r)\u00e9volution en date&nbsp;: l\u2019Intelligence Artificielle et son incroyable potentiel de disruption, pour des m\u00e9tiers et des secteurs jusque-l\u00e0 relativement \u00ab&nbsp;\u00e9pargn\u00e9s&nbsp;\u00bb par les mutations technologiques. Parall\u00e8lement, [&hellip;]","og_url":"https:\/\/www.gereso.com\/actualites\/2023\/05\/15\/conference-les-6-constellations-du-management\/","og_site_name":"Le Blog GERESO","article_published_time":"2023-05-15T09:50:16+00:00","article_modified_time":"2023-05-15T09:50:18+00:00","og_image":[{"url":"https:\/\/www.gereso.com\/actualites\/wp-content\/uploads\/2023\/05\/STEL.jpg"}],"author":"\u00c9quipe GERESO","twitter_card":"summary_large_image","schema":{"@context":"https:\/\/schema.org","@graph":[{"@type":"WebPage","@id":"https:\/\/www.gereso.com\/actualites\/2023\/05\/15\/conference-les-6-constellations-du-management\/","url":"https:\/\/www.gereso.com\/actualites\/2023\/05\/15\/conference-les-6-constellations-du-management\/","name":"Conf\u00e9rence \u00ab Les 6 constellations du management \u00bb - Le Blog GERESO","isPartOf":{"@id":"https:\/\/www.gereso.com\/actualites\/#website"},"primaryImageOfPage":{"@id":"https:\/\/www.gereso.com\/actualites\/2023\/05\/15\/conference-les-6-constellations-du-management\/#primaryimage"},"image":{"@id":"https:\/\/www.gereso.com\/actualites\/2023\/05\/15\/conference-les-6-constellations-du-management\/#primaryimage"},"thumbnailUrl":"https:\/\/www.gereso.com\/actualites\/wp-content\/uploads\/2023\/05\/STEL.jpg","datePublished":"2023-05-15T09:50:16+00:00","dateModified":"2023-05-15T09:50:18+00:00","author":{"@id":"https:\/\/www.gereso.com\/actualites\/#\/schema\/person\/197d8aef40cb4ae3f6a0aa9e1d3df2a6"},"breadcrumb":{"@id":"https:\/\/www.gereso.com\/actualites\/2023\/05\/15\/conference-les-6-constellations-du-management\/#breadcrumb"},"inLanguage":"fr-FR","potentialAction":[{"@type":"ReadAction","target":["https:\/\/www.gereso.com\/actualites\/2023\/05\/15\/conference-les-6-constellations-du-management\/"]}]},{"@type":"ImageObject","inLanguage":"fr-FR","@id":"https:\/\/www.gereso.com\/actualites\/2023\/05\/15\/conference-les-6-constellations-du-management\/#primaryimage","url":"https:\/\/www.gereso.com\/actualites\/wp-content\/uploads\/2023\/05\/STEL.jpg","contentUrl":"https:\/\/www.gereso.com\/actualites\/wp-content\/uploads\/2023\/05\/STEL.jpg","width":471,"height":686},{"@type":"BreadcrumbList","@id":"https:\/\/www.gereso.com\/actualites\/2023\/05\/15\/conference-les-6-constellations-du-management\/#breadcrumb","itemListElement":[{"@type":"ListItem","position":1,"name":"Home","item":"https:\/\/www.gereso.com\/actualites\/"},{"@type":"ListItem","position":2,"name":"Conf\u00e9rence \u00ab Les 6 constellations du management \u00bb"}]},{"@type":"WebSite","@id":"https:\/\/www.gereso.com\/actualites\/#website","url":"https:\/\/www.gereso.com\/actualites\/","name":"Le Blog GERESO","description":"Toute l&#039;actu RH, Finance, Fonction Publique, Management...","potentialAction":[{"@type":"SearchAction","target":{"@type":"EntryPoint","urlTemplate":"https:\/\/www.gereso.com\/actualites\/?s={search_term_string}"},"query-input":{"@type":"PropertyValueSpecification","valueRequired":true,"valueName":"search_term_string"}}],"inLanguage":"fr-FR"},{"@type":"Person","@id":"https:\/\/www.gereso.com\/actualites\/#\/schema\/person\/197d8aef40cb4ae3f6a0aa9e1d3df2a6","name":"\u00c9quipe GERESO","image":{"@type":"ImageObject","inLanguage":"fr-FR","@id":"https:\/\/www.gereso.com\/actualites\/#\/schema\/person\/image\/","url":"https:\/\/www.gereso.com\/actualites\/wp-content\/uploads\/2013\/12\/avatar-gereso-1.png","contentUrl":"https:\/\/www.gereso.com\/actualites\/wp-content\/uploads\/2013\/12\/avatar-gereso-1.png","caption":"\u00c9quipe GERESO"},"url":"https:\/\/www.gereso.com\/actualites\/author\/gereso\/"}]}},"_links":{"self":[{"href":"https:\/\/www.gereso.com\/actualites\/wp-json\/wp\/v2\/posts\/34940","targetHints":{"allow":["GET"]}}],"collection":[{"href":"https:\/\/www.gereso.com\/actualites\/wp-json\/wp\/v2\/posts"}],"about":[{"href":"https:\/\/www.gereso.com\/actualites\/wp-json\/wp\/v2\/types\/post"}],"author":[{"embeddable":true,"href":"https:\/\/www.gereso.com\/actualites\/wp-json\/wp\/v2\/users\/32"}],"replies":[{"embeddable":true,"href":"https:\/\/www.gereso.com\/actualites\/wp-json\/wp\/v2\/comments?post=34940"}],"version-history":[{"count":4,"href":"https:\/\/www.gereso.com\/actualites\/wp-json\/wp\/v2\/posts\/34940\/revisions"}],"predecessor-version":[{"id":34945,"href":"https:\/\/www.gereso.com\/actualites\/wp-json\/wp\/v2\/posts\/34940\/revisions\/34945"}],"wp:attachment":[{"href":"https:\/\/www.gereso.com\/actualites\/wp-json\/wp\/v2\/media?parent=34940"}],"wp:term":[{"taxonomy":"category","embeddable":true,"href":"https:\/\/www.gereso.com\/actualites\/wp-json\/wp\/v2\/categories?post=34940"},{"taxonomy":"post_tag","embeddable":true,"href":"https:\/\/www.gereso.com\/actualites\/wp-json\/wp\/v2\/tags?post=34940"}],"curies":[{"name":"wp","href":"https:\/\/api.w.org\/{rel}","templated":true}]}}