{"id":3533,"date":"2014-09-22T09:08:28","date_gmt":"2014-09-22T07:08:28","guid":{"rendered":"https:\/\/www.gereso.com\/actualites\/?p=3533"},"modified":"2014-09-22T09:08:28","modified_gmt":"2014-09-22T07:08:28","slug":"les-formations-gereso-sur-les-entretiens-et-levaluation","status":"publish","type":"post","link":"https:\/\/www.gereso.com\/actualites\/2014\/09\/22\/les-formations-gereso-sur-les-entretiens-et-levaluation\/","title":{"rendered":"Les formations GERESO sur les entretiens et l\u2019\u00e9valuation"},"content":{"rendered":"<p style=\"text-align: justify;\"><span style=\"font-size: medium;\"><i>Les professionnels des ressources humaines, sont amen\u00e9s, tout au long de l\u2019ann\u00e9e, \u00e0 proc\u00e9der \u00e0 des entretiens et \u00e0 <strong>\u00e9valuer les salari\u00e9s de l\u2019entreprise<\/strong> dans laquelle ils travaillent. Une mission incontournable qui peut se r\u00e9v\u00e9ler assez complexe, tant la dimension humaine est \u00e0 prendre en compte. D\u00e9couvrez pourquoi les professionnels des RH ont tout int\u00e9r\u00eat \u00e0 suivre l\u2019une de nos formations\u00a0:<\/i><\/span><\/p>\n<p style=\"text-align: justify;\"><!--more--><\/p>\n<figure id=\"attachment_3561\" aria-describedby=\"caption-attachment-3561\" style=\"width: 534px\" class=\"wp-caption aligncenter\"><img fetchpriority=\"high\" decoding=\"async\" class=\"size-full wp-image-3561\" src=\"https:\/\/www.gereso.com\/actualites\/wp-content\/uploads\/2014\/08\/formation-entretien-evaluation-1.jpg\" alt=\"formation entretien d'\u00e9valuation\" width=\"534\" height=\"356\" srcset=\"https:\/\/www.gereso.com\/actualites\/wp-content\/uploads\/2014\/08\/formation-entretien-evaluation-1.jpg 534w, https:\/\/www.gereso.com\/actualites\/wp-content\/uploads\/2014\/08\/formation-entretien-evaluation-1-300x200.jpg 300w\" sizes=\"(max-width: 534px) 100vw, 534px\" \/><figcaption id=\"caption-attachment-3561\" class=\"wp-caption-text\">formation entretien d&rsquo;\u00e9valuation<\/figcaption><\/figure>\n<p>&nbsp;<\/p>\n<h2 style=\"text-align: justify;\"><strong>Pourquoi se former sur les entretiens et l\u2019\u00e9valuation dans le cadre professionnel\u00a0?<\/strong><\/h2>\n<p style=\"text-align: justify;\">Des entretiens, il en existe beaucoup pour les professionnels de ressources humaines. Dans ces conditions, comment savoir quel est le comportement \u00e0 privil\u00e9gier pour chacun d\u2019entre eux\u00a0? <strong>Si vous vous sentez perdu entre l\u2019entretien d\u2019\u00e9valuation, celui de seconde partie de carri\u00e8re ou encore celui visant \u00e0 recruter un nouveau collaborateur<\/strong>, une formation vous sera d\u2019une grande utilit\u00e9. Vos entretiens seront ainsi plus professionnels et mieux organis\u00e9s\u00a0: un plus pour le service des RH, mais aussi pour les salari\u00e9s de votre entreprise\u00a0!<\/p>\n<p style=\"text-align: justify;\">\n<h2 style=\"text-align: justify;\"><strong>Notre offre de formation <\/strong><\/h2>\n<p style=\"text-align: justify;\">GERESO a d\u00e9velopp\u00e9 une offre de formation assez large sur les entretiens, pour permettre aux professionnels des ressources humaines de se perfectionner sur cette mission incontournable, mais aussi si complexe \u00e0 mettre en \u0153uvre. C\u2019est ainsi que nous proposons une formation g\u00e9n\u00e9raliste qui permet de faire un tour d\u2019horizon des entretiens (<a title=\"offre modulaire entretien RH\" href=\"http:\/\/www.gereso.com\/formations\/ressources-humaines\/formation-entretiens-rh\" target=\"_blank\">offre modulaire entretiens RH<\/a>), mais aussi des stages plus sp\u00e9cifiques sur les sujets suivants\u00a0:<\/p>\n<ul>\n<li style=\"text-align: justify;\"><a href=\"http:\/\/www.gereso.com\/formations\/ressources-humaines\/formation-entretien-d-evaluation-et-entretien-professionnel\">Entretien d\u2019\u00e9valuation et entretien professionnel <\/a><\/li>\n<li style=\"text-align: justify;\"><a href=\"http:\/\/www.gereso.com\/formations\/ressources-humaines\/formation-entretien-de-seconde-partie-de-carriere\">Entretien de seconde partie de carri\u00e8re <\/a><\/li>\n<li style=\"text-align: justify;\"><a href=\"http:\/\/www.gereso.com\/formations\/ressources-humaines\/formation-langage-non-verbal-dans-les-entretiens-rh\">Langage non verbal dans les entretiens RH <\/a><\/li>\n<li style=\"text-align: justify;\"><a href=\"http:\/\/www.gereso.com\/formations\/droit-du-travail\/formation-evaluation-des-salaries-et-risques-juridiques\">\u00c9valuation des salari\u00e9s et risques juridiques <\/a><\/li>\n<li style=\"text-align: justify;\"><a href=\"http:\/\/www.gereso.com\/formations\/ressources-humaines\/formation-remuneration-variable-et-fixation-d-objectifs\">R\u00e9mun\u00e9ration variable et fixation d&rsquo;objectifs <\/a><\/li>\n<li style=\"text-align: justify;\"><a href=\"http:\/\/www.gereso.com\/formations\/ressources-humaines\/formation-entretien-professionnel\">Entretien professionnel\u00a0<\/a><\/li>\n<\/ul>\n","protected":false},"excerpt":{"rendered":"<p>Les professionnels des ressources humaines, sont amen\u00e9s, tout au long de l\u2019ann\u00e9e, \u00e0 proc\u00e9der \u00e0 des entretiens et \u00e0 \u00e9valuer les salari\u00e9s de l\u2019entreprise dans laquelle ils travaillent. Une mission incontournable qui peut se r\u00e9v\u00e9ler assez complexe, tant la dimension humaine est \u00e0 prendre en compte. D\u00e9couvrez pourquoi les professionnels des RH ont tout int\u00e9r\u00eat [&hellip;]<\/p>\n","protected":false},"author":32,"featured_media":3561,"comment_status":"open","ping_status":"open","sticky":false,"template":"","format":"standard","meta":{"_acf_changed":false,"_mi_skip_tracking":false,"footnotes":""},"categories":[2],"tags":[529,530,47],"class_list":["post-3533","post","type-post","status-publish","format-standard","has-post-thumbnail","hentry","category-ressources-humaines","tag-entretien-dembauche","tag-entretien-devaluation","tag-formation-rh"],"acf":[],"yoast_head":"<!-- This site is optimized with the Yoast SEO plugin v23.4 - https:\/\/yoast.com\/wordpress\/plugins\/seo\/ -->\n<title>Les formations GERESO sur les entretiens et l\u2019\u00e9valuation - Le Blog GERESO<\/title>\n<meta name=\"robots\" content=\"index, follow, max-snippet:-1, max-image-preview:large, max-video-preview:-1\" \/>\n<link rel=\"canonical\" href=\"https:\/\/www.gereso.com\/actualites\/2014\/09\/22\/les-formations-gereso-sur-les-entretiens-et-levaluation\/\" \/>\n<meta property=\"og:locale\" content=\"fr_FR\" \/>\n<meta property=\"og:type\" content=\"article\" \/>\n<meta property=\"og:title\" content=\"Les formations GERESO sur les entretiens et l\u2019\u00e9valuation - Le Blog GERESO\" \/>\n<meta property=\"og:description\" content=\"Les professionnels des ressources humaines, sont amen\u00e9s, tout au long de l\u2019ann\u00e9e, \u00e0 proc\u00e9der \u00e0 des entretiens et \u00e0 \u00e9valuer les salari\u00e9s de l\u2019entreprise dans laquelle ils travaillent. Une mission incontournable qui peut se r\u00e9v\u00e9ler assez complexe, tant la dimension humaine est \u00e0 prendre en compte. D\u00e9couvrez pourquoi les professionnels des RH ont tout int\u00e9r\u00eat [&hellip;]\" \/>\n<meta property=\"og:url\" content=\"https:\/\/www.gereso.com\/actualites\/2014\/09\/22\/les-formations-gereso-sur-les-entretiens-et-levaluation\/\" \/>\n<meta property=\"og:site_name\" content=\"Le Blog GERESO\" \/>\n<meta property=\"article:published_time\" content=\"2014-09-22T07:08:28+00:00\" \/>\n<meta property=\"og:image\" content=\"https:\/\/www.gereso.com\/actualites\/wp-content\/uploads\/2014\/08\/formation-entretien-evaluation-1.jpg\" \/>\n\t<meta property=\"og:image:width\" content=\"534\" \/>\n\t<meta property=\"og:image:height\" content=\"356\" \/>\n\t<meta property=\"og:image:type\" content=\"image\/jpeg\" \/>\n<meta name=\"author\" content=\"\u00c9quipe GERESO\" \/>\n<meta name=\"twitter:card\" content=\"summary_large_image\" \/>\n<script type=\"application\/ld+json\" class=\"yoast-schema-graph\">{\"@context\":\"https:\/\/schema.org\",\"@graph\":[{\"@type\":\"WebPage\",\"@id\":\"https:\/\/www.gereso.com\/actualites\/2014\/09\/22\/les-formations-gereso-sur-les-entretiens-et-levaluation\/\",\"url\":\"https:\/\/www.gereso.com\/actualites\/2014\/09\/22\/les-formations-gereso-sur-les-entretiens-et-levaluation\/\",\"name\":\"Les formations GERESO sur les entretiens et l\u2019\u00e9valuation - Le Blog GERESO\",\"isPartOf\":{\"@id\":\"https:\/\/www.gereso.com\/actualites\/#website\"},\"primaryImageOfPage\":{\"@id\":\"https:\/\/www.gereso.com\/actualites\/2014\/09\/22\/les-formations-gereso-sur-les-entretiens-et-levaluation\/#primaryimage\"},\"image\":{\"@id\":\"https:\/\/www.gereso.com\/actualites\/2014\/09\/22\/les-formations-gereso-sur-les-entretiens-et-levaluation\/#primaryimage\"},\"thumbnailUrl\":\"https:\/\/www.gereso.com\/actualites\/wp-content\/uploads\/2014\/08\/formation-entretien-evaluation-1.jpg\",\"datePublished\":\"2014-09-22T07:08:28+00:00\",\"dateModified\":\"2014-09-22T07:08:28+00:00\",\"author\":{\"@id\":\"https:\/\/www.gereso.com\/actualites\/#\/schema\/person\/197d8aef40cb4ae3f6a0aa9e1d3df2a6\"},\"breadcrumb\":{\"@id\":\"https:\/\/www.gereso.com\/actualites\/2014\/09\/22\/les-formations-gereso-sur-les-entretiens-et-levaluation\/#breadcrumb\"},\"inLanguage\":\"fr-FR\",\"potentialAction\":[{\"@type\":\"ReadAction\",\"target\":[\"https:\/\/www.gereso.com\/actualites\/2014\/09\/22\/les-formations-gereso-sur-les-entretiens-et-levaluation\/\"]}]},{\"@type\":\"ImageObject\",\"inLanguage\":\"fr-FR\",\"@id\":\"https:\/\/www.gereso.com\/actualites\/2014\/09\/22\/les-formations-gereso-sur-les-entretiens-et-levaluation\/#primaryimage\",\"url\":\"https:\/\/www.gereso.com\/actualites\/wp-content\/uploads\/2014\/08\/formation-entretien-evaluation-1.jpg\",\"contentUrl\":\"https:\/\/www.gereso.com\/actualites\/wp-content\/uploads\/2014\/08\/formation-entretien-evaluation-1.jpg\",\"width\":534,\"height\":356,\"caption\":\"formation entretien d'\u00e9valuation\"},{\"@type\":\"BreadcrumbList\",\"@id\":\"https:\/\/www.gereso.com\/actualites\/2014\/09\/22\/les-formations-gereso-sur-les-entretiens-et-levaluation\/#breadcrumb\",\"itemListElement\":[{\"@type\":\"ListItem\",\"position\":1,\"name\":\"Home\",\"item\":\"https:\/\/www.gereso.com\/actualites\/\"},{\"@type\":\"ListItem\",\"position\":2,\"name\":\"Les formations GERESO sur les entretiens et l\u2019\u00e9valuation\"}]},{\"@type\":\"WebSite\",\"@id\":\"https:\/\/www.gereso.com\/actualites\/#website\",\"url\":\"https:\/\/www.gereso.com\/actualites\/\",\"name\":\"Le Blog GERESO\",\"description\":\"Toute l&#039;actu RH, Finance, Fonction Publique, Management...\",\"potentialAction\":[{\"@type\":\"SearchAction\",\"target\":{\"@type\":\"EntryPoint\",\"urlTemplate\":\"https:\/\/www.gereso.com\/actualites\/?s={search_term_string}\"},\"query-input\":{\"@type\":\"PropertyValueSpecification\",\"valueRequired\":true,\"valueName\":\"search_term_string\"}}],\"inLanguage\":\"fr-FR\"},{\"@type\":\"Person\",\"@id\":\"https:\/\/www.gereso.com\/actualites\/#\/schema\/person\/197d8aef40cb4ae3f6a0aa9e1d3df2a6\",\"name\":\"\u00c9quipe GERESO\",\"image\":{\"@type\":\"ImageObject\",\"inLanguage\":\"fr-FR\",\"@id\":\"https:\/\/www.gereso.com\/actualites\/#\/schema\/person\/image\/\",\"url\":\"https:\/\/www.gereso.com\/actualites\/wp-content\/uploads\/2013\/12\/avatar-gereso-1.png\",\"contentUrl\":\"https:\/\/www.gereso.com\/actualites\/wp-content\/uploads\/2013\/12\/avatar-gereso-1.png\",\"caption\":\"\u00c9quipe GERESO\"},\"url\":\"https:\/\/www.gereso.com\/actualites\/author\/gereso\/\"}]}<\/script>\n<!-- \/ Yoast SEO plugin. -->","yoast_head_json":{"title":"Les formations GERESO sur les entretiens et l\u2019\u00e9valuation - Le Blog GERESO","robots":{"index":"index","follow":"follow","max-snippet":"max-snippet:-1","max-image-preview":"max-image-preview:large","max-video-preview":"max-video-preview:-1"},"canonical":"https:\/\/www.gereso.com\/actualites\/2014\/09\/22\/les-formations-gereso-sur-les-entretiens-et-levaluation\/","og_locale":"fr_FR","og_type":"article","og_title":"Les formations GERESO sur les entretiens et l\u2019\u00e9valuation - Le Blog GERESO","og_description":"Les professionnels des ressources humaines, sont amen\u00e9s, tout au long de l\u2019ann\u00e9e, \u00e0 proc\u00e9der \u00e0 des entretiens et \u00e0 \u00e9valuer les salari\u00e9s de l\u2019entreprise dans laquelle ils travaillent. Une mission incontournable qui peut se r\u00e9v\u00e9ler assez complexe, tant la dimension humaine est \u00e0 prendre en compte. D\u00e9couvrez pourquoi les professionnels des RH ont tout int\u00e9r\u00eat [&hellip;]","og_url":"https:\/\/www.gereso.com\/actualites\/2014\/09\/22\/les-formations-gereso-sur-les-entretiens-et-levaluation\/","og_site_name":"Le Blog GERESO","article_published_time":"2014-09-22T07:08:28+00:00","og_image":[{"width":534,"height":356,"url":"https:\/\/www.gereso.com\/actualites\/wp-content\/uploads\/2014\/08\/formation-entretien-evaluation-1.jpg","type":"image\/jpeg"}],"author":"\u00c9quipe GERESO","twitter_card":"summary_large_image","schema":{"@context":"https:\/\/schema.org","@graph":[{"@type":"WebPage","@id":"https:\/\/www.gereso.com\/actualites\/2014\/09\/22\/les-formations-gereso-sur-les-entretiens-et-levaluation\/","url":"https:\/\/www.gereso.com\/actualites\/2014\/09\/22\/les-formations-gereso-sur-les-entretiens-et-levaluation\/","name":"Les formations GERESO sur les entretiens et l\u2019\u00e9valuation - Le Blog GERESO","isPartOf":{"@id":"https:\/\/www.gereso.com\/actualites\/#website"},"primaryImageOfPage":{"@id":"https:\/\/www.gereso.com\/actualites\/2014\/09\/22\/les-formations-gereso-sur-les-entretiens-et-levaluation\/#primaryimage"},"image":{"@id":"https:\/\/www.gereso.com\/actualites\/2014\/09\/22\/les-formations-gereso-sur-les-entretiens-et-levaluation\/#primaryimage"},"thumbnailUrl":"https:\/\/www.gereso.com\/actualites\/wp-content\/uploads\/2014\/08\/formation-entretien-evaluation-1.jpg","datePublished":"2014-09-22T07:08:28+00:00","dateModified":"2014-09-22T07:08:28+00:00","author":{"@id":"https:\/\/www.gereso.com\/actualites\/#\/schema\/person\/197d8aef40cb4ae3f6a0aa9e1d3df2a6"},"breadcrumb":{"@id":"https:\/\/www.gereso.com\/actualites\/2014\/09\/22\/les-formations-gereso-sur-les-entretiens-et-levaluation\/#breadcrumb"},"inLanguage":"fr-FR","potentialAction":[{"@type":"ReadAction","target":["https:\/\/www.gereso.com\/actualites\/2014\/09\/22\/les-formations-gereso-sur-les-entretiens-et-levaluation\/"]}]},{"@type":"ImageObject","inLanguage":"fr-FR","@id":"https:\/\/www.gereso.com\/actualites\/2014\/09\/22\/les-formations-gereso-sur-les-entretiens-et-levaluation\/#primaryimage","url":"https:\/\/www.gereso.com\/actualites\/wp-content\/uploads\/2014\/08\/formation-entretien-evaluation-1.jpg","contentUrl":"https:\/\/www.gereso.com\/actualites\/wp-content\/uploads\/2014\/08\/formation-entretien-evaluation-1.jpg","width":534,"height":356,"caption":"formation entretien d'\u00e9valuation"},{"@type":"BreadcrumbList","@id":"https:\/\/www.gereso.com\/actualites\/2014\/09\/22\/les-formations-gereso-sur-les-entretiens-et-levaluation\/#breadcrumb","itemListElement":[{"@type":"ListItem","position":1,"name":"Home","item":"https:\/\/www.gereso.com\/actualites\/"},{"@type":"ListItem","position":2,"name":"Les formations GERESO sur les entretiens et l\u2019\u00e9valuation"}]},{"@type":"WebSite","@id":"https:\/\/www.gereso.com\/actualites\/#website","url":"https:\/\/www.gereso.com\/actualites\/","name":"Le Blog GERESO","description":"Toute l&#039;actu RH, Finance, Fonction Publique, Management...","potentialAction":[{"@type":"SearchAction","target":{"@type":"EntryPoint","urlTemplate":"https:\/\/www.gereso.com\/actualites\/?s={search_term_string}"},"query-input":{"@type":"PropertyValueSpecification","valueRequired":true,"valueName":"search_term_string"}}],"inLanguage":"fr-FR"},{"@type":"Person","@id":"https:\/\/www.gereso.com\/actualites\/#\/schema\/person\/197d8aef40cb4ae3f6a0aa9e1d3df2a6","name":"\u00c9quipe GERESO","image":{"@type":"ImageObject","inLanguage":"fr-FR","@id":"https:\/\/www.gereso.com\/actualites\/#\/schema\/person\/image\/","url":"https:\/\/www.gereso.com\/actualites\/wp-content\/uploads\/2013\/12\/avatar-gereso-1.png","contentUrl":"https:\/\/www.gereso.com\/actualites\/wp-content\/uploads\/2013\/12\/avatar-gereso-1.png","caption":"\u00c9quipe GERESO"},"url":"https:\/\/www.gereso.com\/actualites\/author\/gereso\/"}]}},"_links":{"self":[{"href":"https:\/\/www.gereso.com\/actualites\/wp-json\/wp\/v2\/posts\/3533","targetHints":{"allow":["GET"]}}],"collection":[{"href":"https:\/\/www.gereso.com\/actualites\/wp-json\/wp\/v2\/posts"}],"about":[{"href":"https:\/\/www.gereso.com\/actualites\/wp-json\/wp\/v2\/types\/post"}],"author":[{"embeddable":true,"href":"https:\/\/www.gereso.com\/actualites\/wp-json\/wp\/v2\/users\/32"}],"replies":[{"embeddable":true,"href":"https:\/\/www.gereso.com\/actualites\/wp-json\/wp\/v2\/comments?post=3533"}],"version-history":[{"count":0,"href":"https:\/\/www.gereso.com\/actualites\/wp-json\/wp\/v2\/posts\/3533\/revisions"}],"wp:featuredmedia":[{"embeddable":true,"href":"https:\/\/www.gereso.com\/actualites\/wp-json\/wp\/v2\/media\/3561"}],"wp:attachment":[{"href":"https:\/\/www.gereso.com\/actualites\/wp-json\/wp\/v2\/media?parent=3533"}],"wp:term":[{"taxonomy":"category","embeddable":true,"href":"https:\/\/www.gereso.com\/actualites\/wp-json\/wp\/v2\/categories?post=3533"},{"taxonomy":"post_tag","embeddable":true,"href":"https:\/\/www.gereso.com\/actualites\/wp-json\/wp\/v2\/tags?post=3533"}],"curies":[{"name":"wp","href":"https:\/\/api.w.org\/{rel}","templated":true}]}}