{"id":35675,"date":"2023-06-27T10:13:30","date_gmt":"2023-06-27T08:13:30","guid":{"rendered":"https:\/\/www.gereso.com\/actualites\/?p=35675"},"modified":"2023-06-27T10:13:32","modified_gmt":"2023-06-27T08:13:32","slug":"possibilite-resilier-maniere-dematerialisee-contrats-frais-sante","status":"publish","type":"post","link":"https:\/\/www.gereso.com\/actualites\/2023\/06\/27\/possibilite-resilier-maniere-dematerialisee-contrats-frais-sante\/","title":{"rendered":"Possibilit\u00e9 de r\u00e9silier de mani\u00e8re d\u00e9mat\u00e9rialis\u00e9e les contrats frais de sant\u00e9"},"content":{"rendered":"\n<p>Suite \u00e0 la <strong>loi relative au pouvoir d\u2019achat du 16 ao\u00fbt 2022<\/strong>, la r\u00e9siliation d\u2019un contrat d\u2019assurance ne suppose <strong>plus exclusivement une lettre recommand\u00e9e ou un envoi recommand\u00e9 \u00e9lectronique<\/strong>. La loi a, en effet, assoupli les modalit\u00e9s de r\u00e9siliation de ce type de contrat par l\u2019assur\u00e9, ou par le souscripteur pour les op\u00e9rations collectives, et donc notamment les contrats frais de sant\u00e9, en donnant le choix entre diff\u00e9rents supports.<\/p>\n\n\n\n<p>Selon le d\u00e9cret, la soci\u00e9t\u00e9 d\u2019assurance, la mutuelle ou l\u2019institution de pr\u00e9voyance devra d\u2019ici le 1er juin 2023, mettre \u00e0 disposition, sur son site internet ou via une application mobile, une<strong> fonctionnalit\u00e9 de r\u00e9siliation du contrat<\/strong> facilement accessible et pr\u00e9sent\u00e9e au souscripteur sous la mention&nbsp;: \u00ab&nbsp;r\u00e9silier votre contrat&nbsp;\u00bb ou une formule analogue d\u00e9nu\u00e9e d\u2019ambigu\u00eft\u00e9, affich\u00e9e en caract\u00e8res lisibles.<\/p>\n\n\n\n<p>Selon le d\u00e9cret, la soci\u00e9t\u00e9 d\u2019assurance, la mutuelle ou l\u2019institution de pr\u00e9voyance devra d\u2019ici le 1er juin 2023, mettre \u00e0 disposition, sur son site internet ou via une application mobile, une <strong>fonctionnalit\u00e9 de r\u00e9siliation du contrat facilement accessible<\/strong> et pr\u00e9sent\u00e9e au souscripteur sous la mention&nbsp;: \u00ab&nbsp;r\u00e9silier votre contrat&nbsp;\u00bb ou une formule analogue d\u00e9nu\u00e9e d\u2019ambigu\u00eft\u00e9, affich\u00e9e en caract\u00e8res lisibles.<\/p>\n\n\n\n<p>Elle doit contenir un<strong> rappel des conditions de r\u00e9siliation des contrats<\/strong> dont, le cas \u00e9ch\u00e9ant, l\u2019existence d\u2019un d\u00e9lai de pr\u00e9avis et les cons\u00e9quences de cette op\u00e9ration pour l\u2019assur\u00e9.<\/p>\n\n\n\n<p>Le d\u00e9cret pr\u00e9voit \u00e9galement les rubriques que cette fonctionnalit\u00e9 doit contenir, \u00e0 savoir&nbsp;:<\/p>\n\n\n\n<ul class=\"wp-block-list\">\n<li>le <strong>nom et pr\u00e9nom du souscripteur<\/strong> personne physique, la <strong>raison sociale<\/strong> ou la <strong>d\u00e9nomination sociale<\/strong> dans le cas d\u2019une personne morale, ainsi qu\u2019un moyen de contact afin que l\u2019assureur puisse lui confirmer la r\u00e9ception de la notification de la r\u00e9siliation sur un support durable&nbsp;;<\/li>\n\n\n\n<li>la <strong>r\u00e9f\u00e9rence<\/strong> pr\u00e9alablement communiqu\u00e9e du contrat concern\u00e9, telle qu\u2019un<strong> num\u00e9ro de contrat<\/strong> et le <strong>risque couvert<\/strong>&nbsp;;<\/li>\n\n\n\n<li>le <strong>motif de la r\u00e9siliation<\/strong> \u00e0 choisir parmi une liste&nbsp;;<\/li>\n\n\n\n<li>la <strong>date de l\u2019\u00e9v\u00e9nement<\/strong> donnant lieu \u00e0 r\u00e9siliation, sous r\u00e9serve des dispositions l\u00e9gales ou contractuelles en vigueur.<\/li>\n<\/ul>\n\n\n\n<p><em><a href=\"https:\/\/www.legifrance.gouv.fr\/jorf\/id\/JORFTEXT000047314374\" target=\"_blank\" rel=\"noreferrer noopener\">D\u00e9cret n\u00b0&nbsp;2023-182 du 16 mars 2023<\/a><\/em><\/p>\n","protected":false},"excerpt":{"rendered":"<p>Suite \u00e0 la loi relative au pouvoir d\u2019achat du 16 ao\u00fbt 2022, la r\u00e9siliation d\u2019un contrat d\u2019assurance ne suppose plus exclusivement une lettre recommand\u00e9e ou un envoi recommand\u00e9 \u00e9lectronique. La loi a, en effet, assoupli les modalit\u00e9s de r\u00e9siliation de ce type de contrat par l\u2019assur\u00e9, ou par le souscripteur pour les op\u00e9rations collectives, et [&hellip;]<\/p>\n","protected":false},"author":32,"featured_media":0,"comment_status":"open","ping_status":"open","sticky":false,"template":"","format":"quote","meta":{"_acf_changed":false,"_mi_skip_tracking":false,"footnotes":""},"categories":[12,4],"tags":[],"class_list":["post-35675","post","type-post","status-publish","format-quote","hentry","category-actualites","category-retraite-et-protection-sociale","post_format-post-format-quote"],"acf":[],"yoast_head":"<!-- This site is optimized with the Yoast SEO plugin v23.4 - https:\/\/yoast.com\/wordpress\/plugins\/seo\/ -->\n<title>Possibilit\u00e9 de r\u00e9silier de mani\u00e8re d\u00e9mat\u00e9rialis\u00e9e les contrats frais de sant\u00e9 - Le Blog GERESO<\/title>\n<meta name=\"robots\" content=\"index, follow, max-snippet:-1, max-image-preview:large, max-video-preview:-1\" \/>\n<link rel=\"canonical\" href=\"https:\/\/www.gereso.com\/actualites\/2023\/06\/27\/possibilite-resilier-maniere-dematerialisee-contrats-frais-sante\/\" \/>\n<meta property=\"og:locale\" content=\"fr_FR\" \/>\n<meta property=\"og:type\" content=\"article\" \/>\n<meta property=\"og:title\" content=\"Possibilit\u00e9 de r\u00e9silier de mani\u00e8re d\u00e9mat\u00e9rialis\u00e9e les contrats frais de sant\u00e9 - Le Blog GERESO\" \/>\n<meta property=\"og:description\" content=\"Suite \u00e0 la loi relative au pouvoir d\u2019achat du 16 ao\u00fbt 2022, la r\u00e9siliation d\u2019un contrat d\u2019assurance ne suppose plus exclusivement une lettre recommand\u00e9e ou un envoi recommand\u00e9 \u00e9lectronique. La loi a, en effet, assoupli les modalit\u00e9s de r\u00e9siliation de ce type de contrat par l\u2019assur\u00e9, ou par le souscripteur pour les op\u00e9rations collectives, et [&hellip;]\" \/>\n<meta property=\"og:url\" content=\"https:\/\/www.gereso.com\/actualites\/2023\/06\/27\/possibilite-resilier-maniere-dematerialisee-contrats-frais-sante\/\" \/>\n<meta property=\"og:site_name\" content=\"Le Blog GERESO\" \/>\n<meta property=\"article:published_time\" content=\"2023-06-27T08:13:30+00:00\" \/>\n<meta property=\"article:modified_time\" content=\"2023-06-27T08:13:32+00:00\" \/>\n<meta name=\"author\" content=\"\u00c9quipe GERESO\" \/>\n<meta name=\"twitter:card\" content=\"summary_large_image\" \/>\n<script type=\"application\/ld+json\" class=\"yoast-schema-graph\">{\"@context\":\"https:\/\/schema.org\",\"@graph\":[{\"@type\":\"WebPage\",\"@id\":\"https:\/\/www.gereso.com\/actualites\/2023\/06\/27\/possibilite-resilier-maniere-dematerialisee-contrats-frais-sante\/\",\"url\":\"https:\/\/www.gereso.com\/actualites\/2023\/06\/27\/possibilite-resilier-maniere-dematerialisee-contrats-frais-sante\/\",\"name\":\"Possibilit\u00e9 de r\u00e9silier de mani\u00e8re d\u00e9mat\u00e9rialis\u00e9e les contrats frais de sant\u00e9 - Le Blog GERESO\",\"isPartOf\":{\"@id\":\"https:\/\/www.gereso.com\/actualites\/#website\"},\"datePublished\":\"2023-06-27T08:13:30+00:00\",\"dateModified\":\"2023-06-27T08:13:32+00:00\",\"author\":{\"@id\":\"https:\/\/www.gereso.com\/actualites\/#\/schema\/person\/197d8aef40cb4ae3f6a0aa9e1d3df2a6\"},\"breadcrumb\":{\"@id\":\"https:\/\/www.gereso.com\/actualites\/2023\/06\/27\/possibilite-resilier-maniere-dematerialisee-contrats-frais-sante\/#breadcrumb\"},\"inLanguage\":\"fr-FR\",\"potentialAction\":[{\"@type\":\"ReadAction\",\"target\":[\"https:\/\/www.gereso.com\/actualites\/2023\/06\/27\/possibilite-resilier-maniere-dematerialisee-contrats-frais-sante\/\"]}]},{\"@type\":\"BreadcrumbList\",\"@id\":\"https:\/\/www.gereso.com\/actualites\/2023\/06\/27\/possibilite-resilier-maniere-dematerialisee-contrats-frais-sante\/#breadcrumb\",\"itemListElement\":[{\"@type\":\"ListItem\",\"position\":1,\"name\":\"Home\",\"item\":\"https:\/\/www.gereso.com\/actualites\/\"},{\"@type\":\"ListItem\",\"position\":2,\"name\":\"Possibilit\u00e9 de r\u00e9silier de mani\u00e8re d\u00e9mat\u00e9rialis\u00e9e les contrats frais de sant\u00e9\"}]},{\"@type\":\"WebSite\",\"@id\":\"https:\/\/www.gereso.com\/actualites\/#website\",\"url\":\"https:\/\/www.gereso.com\/actualites\/\",\"name\":\"Le Blog GERESO\",\"description\":\"Toute l&#039;actu RH, Finance, Fonction Publique, Management...\",\"potentialAction\":[{\"@type\":\"SearchAction\",\"target\":{\"@type\":\"EntryPoint\",\"urlTemplate\":\"https:\/\/www.gereso.com\/actualites\/?s={search_term_string}\"},\"query-input\":{\"@type\":\"PropertyValueSpecification\",\"valueRequired\":true,\"valueName\":\"search_term_string\"}}],\"inLanguage\":\"fr-FR\"},{\"@type\":\"Person\",\"@id\":\"https:\/\/www.gereso.com\/actualites\/#\/schema\/person\/197d8aef40cb4ae3f6a0aa9e1d3df2a6\",\"name\":\"\u00c9quipe GERESO\",\"image\":{\"@type\":\"ImageObject\",\"inLanguage\":\"fr-FR\",\"@id\":\"https:\/\/www.gereso.com\/actualites\/#\/schema\/person\/image\/\",\"url\":\"https:\/\/www.gereso.com\/actualites\/wp-content\/uploads\/2013\/12\/avatar-gereso-1.png\",\"contentUrl\":\"https:\/\/www.gereso.com\/actualites\/wp-content\/uploads\/2013\/12\/avatar-gereso-1.png\",\"caption\":\"\u00c9quipe GERESO\"},\"url\":\"https:\/\/www.gereso.com\/actualites\/author\/gereso\/\"}]}<\/script>\n<!-- \/ Yoast SEO plugin. -->","yoast_head_json":{"title":"Possibilit\u00e9 de r\u00e9silier de mani\u00e8re d\u00e9mat\u00e9rialis\u00e9e les contrats frais de sant\u00e9 - Le Blog GERESO","robots":{"index":"index","follow":"follow","max-snippet":"max-snippet:-1","max-image-preview":"max-image-preview:large","max-video-preview":"max-video-preview:-1"},"canonical":"https:\/\/www.gereso.com\/actualites\/2023\/06\/27\/possibilite-resilier-maniere-dematerialisee-contrats-frais-sante\/","og_locale":"fr_FR","og_type":"article","og_title":"Possibilit\u00e9 de r\u00e9silier de mani\u00e8re d\u00e9mat\u00e9rialis\u00e9e les contrats frais de sant\u00e9 - Le Blog GERESO","og_description":"Suite \u00e0 la loi relative au pouvoir d\u2019achat du 16 ao\u00fbt 2022, la r\u00e9siliation d\u2019un contrat d\u2019assurance ne suppose plus exclusivement une lettre recommand\u00e9e ou un envoi recommand\u00e9 \u00e9lectronique. La loi a, en effet, assoupli les modalit\u00e9s de r\u00e9siliation de ce type de contrat par l\u2019assur\u00e9, ou par le souscripteur pour les op\u00e9rations collectives, et [&hellip;]","og_url":"https:\/\/www.gereso.com\/actualites\/2023\/06\/27\/possibilite-resilier-maniere-dematerialisee-contrats-frais-sante\/","og_site_name":"Le Blog GERESO","article_published_time":"2023-06-27T08:13:30+00:00","article_modified_time":"2023-06-27T08:13:32+00:00","author":"\u00c9quipe GERESO","twitter_card":"summary_large_image","schema":{"@context":"https:\/\/schema.org","@graph":[{"@type":"WebPage","@id":"https:\/\/www.gereso.com\/actualites\/2023\/06\/27\/possibilite-resilier-maniere-dematerialisee-contrats-frais-sante\/","url":"https:\/\/www.gereso.com\/actualites\/2023\/06\/27\/possibilite-resilier-maniere-dematerialisee-contrats-frais-sante\/","name":"Possibilit\u00e9 de r\u00e9silier de mani\u00e8re d\u00e9mat\u00e9rialis\u00e9e les contrats frais de sant\u00e9 - Le Blog GERESO","isPartOf":{"@id":"https:\/\/www.gereso.com\/actualites\/#website"},"datePublished":"2023-06-27T08:13:30+00:00","dateModified":"2023-06-27T08:13:32+00:00","author":{"@id":"https:\/\/www.gereso.com\/actualites\/#\/schema\/person\/197d8aef40cb4ae3f6a0aa9e1d3df2a6"},"breadcrumb":{"@id":"https:\/\/www.gereso.com\/actualites\/2023\/06\/27\/possibilite-resilier-maniere-dematerialisee-contrats-frais-sante\/#breadcrumb"},"inLanguage":"fr-FR","potentialAction":[{"@type":"ReadAction","target":["https:\/\/www.gereso.com\/actualites\/2023\/06\/27\/possibilite-resilier-maniere-dematerialisee-contrats-frais-sante\/"]}]},{"@type":"BreadcrumbList","@id":"https:\/\/www.gereso.com\/actualites\/2023\/06\/27\/possibilite-resilier-maniere-dematerialisee-contrats-frais-sante\/#breadcrumb","itemListElement":[{"@type":"ListItem","position":1,"name":"Home","item":"https:\/\/www.gereso.com\/actualites\/"},{"@type":"ListItem","position":2,"name":"Possibilit\u00e9 de r\u00e9silier de mani\u00e8re d\u00e9mat\u00e9rialis\u00e9e les contrats frais de sant\u00e9"}]},{"@type":"WebSite","@id":"https:\/\/www.gereso.com\/actualites\/#website","url":"https:\/\/www.gereso.com\/actualites\/","name":"Le Blog GERESO","description":"Toute l&#039;actu RH, Finance, Fonction Publique, Management...","potentialAction":[{"@type":"SearchAction","target":{"@type":"EntryPoint","urlTemplate":"https:\/\/www.gereso.com\/actualites\/?s={search_term_string}"},"query-input":{"@type":"PropertyValueSpecification","valueRequired":true,"valueName":"search_term_string"}}],"inLanguage":"fr-FR"},{"@type":"Person","@id":"https:\/\/www.gereso.com\/actualites\/#\/schema\/person\/197d8aef40cb4ae3f6a0aa9e1d3df2a6","name":"\u00c9quipe GERESO","image":{"@type":"ImageObject","inLanguage":"fr-FR","@id":"https:\/\/www.gereso.com\/actualites\/#\/schema\/person\/image\/","url":"https:\/\/www.gereso.com\/actualites\/wp-content\/uploads\/2013\/12\/avatar-gereso-1.png","contentUrl":"https:\/\/www.gereso.com\/actualites\/wp-content\/uploads\/2013\/12\/avatar-gereso-1.png","caption":"\u00c9quipe GERESO"},"url":"https:\/\/www.gereso.com\/actualites\/author\/gereso\/"}]}},"_links":{"self":[{"href":"https:\/\/www.gereso.com\/actualites\/wp-json\/wp\/v2\/posts\/35675","targetHints":{"allow":["GET"]}}],"collection":[{"href":"https:\/\/www.gereso.com\/actualites\/wp-json\/wp\/v2\/posts"}],"about":[{"href":"https:\/\/www.gereso.com\/actualites\/wp-json\/wp\/v2\/types\/post"}],"author":[{"embeddable":true,"href":"https:\/\/www.gereso.com\/actualites\/wp-json\/wp\/v2\/users\/32"}],"replies":[{"embeddable":true,"href":"https:\/\/www.gereso.com\/actualites\/wp-json\/wp\/v2\/comments?post=35675"}],"version-history":[{"count":6,"href":"https:\/\/www.gereso.com\/actualites\/wp-json\/wp\/v2\/posts\/35675\/revisions"}],"predecessor-version":[{"id":35685,"href":"https:\/\/www.gereso.com\/actualites\/wp-json\/wp\/v2\/posts\/35675\/revisions\/35685"}],"wp:attachment":[{"href":"https:\/\/www.gereso.com\/actualites\/wp-json\/wp\/v2\/media?parent=35675"}],"wp:term":[{"taxonomy":"category","embeddable":true,"href":"https:\/\/www.gereso.com\/actualites\/wp-json\/wp\/v2\/categories?post=35675"},{"taxonomy":"post_tag","embeddable":true,"href":"https:\/\/www.gereso.com\/actualites\/wp-json\/wp\/v2\/tags?post=35675"}],"curies":[{"name":"wp","href":"https:\/\/api.w.org\/{rel}","templated":true}]}}