{"id":3569,"date":"2014-10-09T16:49:51","date_gmt":"2014-10-09T14:49:51","guid":{"rendered":"https:\/\/www.gereso.com\/actualites\/?p=3569"},"modified":"2014-10-09T16:49:51","modified_gmt":"2014-10-09T14:49:51","slug":"la-formation-certifiante-responsable-ressources-humaines-de-gereso","status":"publish","type":"post","link":"https:\/\/www.gereso.com\/actualites\/2014\/10\/09\/la-formation-certifiante-responsable-ressources-humaines-de-gereso\/","title":{"rendered":"La formation certifiante Responsable ressources humaines de GERESO"},"content":{"rendered":"<p style=\"text-align: justify;\"><span style=\"font-size: medium;\"><i>Comme vous le savez sans doute, GERESO propose des formations certifiantes qui sont reconnues par la FFP. Un gage de qualit\u00e9 qui rassure de nombreux professionnels. Int\u00e9ressons-nous aujourd\u2019hui \u00e0 la <a title=\"formation certifiante responsable ressources humaines\" href=\"http:\/\/www.gereso.com\/formations\/ressources-humaines\/formation-certifiante-responsable-ressources-humaines\" target=\"_blank\">formation certifiante \u00ab\u00a0Responsable ressources humaines\u00a0\u00bb<\/a>\u00a0: si vous travaillez dans les RH, ce programme peut vous int\u00e9resser.<\/i><\/span><\/p>\n<p style=\"text-align: justify;\"><!--more--><\/p>\n<p style=\"text-align: justify;\"><img fetchpriority=\"high\" decoding=\"async\" class=\"aligncenter size-full wp-image-3606\" src=\"https:\/\/www.gereso.com\/actualites\/wp-content\/uploads\/2014\/09\/certificat-responsable-RH-1.jpg\" alt=\"certificat responsable RH\" width=\"528\" height=\"250\" srcset=\"https:\/\/www.gereso.com\/actualites\/wp-content\/uploads\/2014\/09\/certificat-responsable-RH-1.jpg 528w, https:\/\/www.gereso.com\/actualites\/wp-content\/uploads\/2014\/09\/certificat-responsable-RH-1-300x142.jpg 300w\" sizes=\"(max-width: 528px) 100vw, 528px\" \/><\/p>\n<p style=\"text-align: justify;\">\n<h2 style=\"text-align: justify;\"><strong>Quel est le programme de cette formation certifiante\u00a0?<\/strong><\/h2>\n<p style=\"text-align: justify;\">Le programme se d\u00e9compose en 7 modules r\u00e9partis sur 18 jours en pr\u00e9sentiel. Si vous d\u00e9cidez de vous inscrire \u00e0 ce stage, voici les modules que vous devrez suivre pour faire reconna\u00eetre vos comp\u00e9tences\u00a0:<\/p>\n<p style=\"text-align: justify;\">&#8211; Perfectionnement en droit du travail<\/p>\n<p style=\"text-align: justify;\">&#8211; R\u00e9ussir ses recrutements<\/p>\n<p style=\"text-align: justify;\">&#8211; Gestion des comp\u00e9tences et de la formation<\/p>\n<p style=\"text-align: justify;\">&#8211; Contr\u00f4le de gestion sociale<\/p>\n<p style=\"text-align: justify;\">&#8211; B\u00e2tir une GPEC performante et op\u00e9rationnelle<\/p>\n<p style=\"text-align: justify;\">&#8211; Construire et pr\u00e9senter le plan de formation<\/p>\n<p style=\"text-align: justify;\">&#8211; Piloter les relations avec les partenaires sociaux<\/p>\n<p style=\"text-align: justify;\">Lorsque vous aurez suivi ces 7 modules, vous devrez pr\u00e9parer un m\u00e9moire qui sera pr\u00e9sent\u00e9 devant un jury de professionnel. Si vous obtenez plus de 10\/20, un certificat attestant de vos comp\u00e9tences vous sera remis.<\/p>\n<p style=\"text-align: justify;\">\n<h2 style=\"text-align: justify;\"><strong>Pourquoi suivre cette formation certifiante\u00a0?<\/strong><\/h2>\n<p style=\"text-align: justify;\">Cette <strong>formation certifiante \u00ab\u00a0Responsable ressources humaines\u00a0<\/strong>\u00bb est id\u00e9ale pour vous si vous travaillez dans le service des RH depuis d\u00e9j\u00e0 quelques ann\u00e9es et que vous avez envie de monter en comp\u00e9tences. Vous pouvez aussi \u00eatre dans la situation suivante\u00a0: vous travaillez comme responsable ressources humaines depuis d\u00e9j\u00e0 quelques temps, mais vous n\u2019avez pas le dipl\u00f4me correspondant. Si vous voulez que vos comp\u00e9tences et votre exp\u00e9rience soient reconnues, il est important d\u2019obtenir un certificat, comme celui qui est propos\u00e9 par GERESO.<\/p>\n","protected":false},"excerpt":{"rendered":"<p>Comme vous le savez sans doute, GERESO propose des formations certifiantes qui sont reconnues par la FFP. Un gage de qualit\u00e9 qui rassure de nombreux professionnels. Int\u00e9ressons-nous aujourd\u2019hui \u00e0 la formation certifiante \u00ab\u00a0Responsable ressources humaines\u00a0\u00bb\u00a0: si vous travaillez dans les RH, ce programme peut vous int\u00e9resser.<\/p>\n","protected":false},"author":32,"featured_media":3606,"comment_status":"open","ping_status":"open","sticky":false,"template":"","format":"standard","meta":{"_acf_changed":false,"_mi_skip_tracking":false,"footnotes":""},"categories":[2],"tags":[531,292],"class_list":["post-3569","post","type-post","status-publish","format-standard","has-post-thumbnail","hentry","category-ressources-humaines","tag-formation-certifiante-responsable-ressources-humaines","tag-formation-ressources-humaines"],"acf":[],"yoast_head":"<!-- This site is optimized with the Yoast SEO plugin v23.4 - https:\/\/yoast.com\/wordpress\/plugins\/seo\/ -->\n<title>La formation certifiante Responsable ressources humaines de GERESO - Le Blog GERESO<\/title>\n<meta name=\"robots\" content=\"index, follow, max-snippet:-1, max-image-preview:large, max-video-preview:-1\" \/>\n<link rel=\"canonical\" href=\"https:\/\/www.gereso.com\/actualites\/2014\/10\/09\/la-formation-certifiante-responsable-ressources-humaines-de-gereso\/\" \/>\n<meta property=\"og:locale\" content=\"fr_FR\" \/>\n<meta property=\"og:type\" content=\"article\" \/>\n<meta property=\"og:title\" content=\"La formation certifiante Responsable ressources humaines de GERESO - Le Blog GERESO\" \/>\n<meta property=\"og:description\" content=\"Comme vous le savez sans doute, GERESO propose des formations certifiantes qui sont reconnues par la FFP. Un gage de qualit\u00e9 qui rassure de nombreux professionnels. Int\u00e9ressons-nous aujourd\u2019hui \u00e0 la formation certifiante \u00ab\u00a0Responsable ressources humaines\u00a0\u00bb\u00a0: si vous travaillez dans les RH, ce programme peut vous int\u00e9resser.\" \/>\n<meta property=\"og:url\" content=\"https:\/\/www.gereso.com\/actualites\/2014\/10\/09\/la-formation-certifiante-responsable-ressources-humaines-de-gereso\/\" \/>\n<meta property=\"og:site_name\" content=\"Le Blog GERESO\" \/>\n<meta property=\"article:published_time\" content=\"2014-10-09T14:49:51+00:00\" \/>\n<meta property=\"og:image\" content=\"https:\/\/www.gereso.com\/actualites\/wp-content\/uploads\/2014\/09\/certificat-responsable-RH-1.jpg\" \/>\n\t<meta property=\"og:image:width\" content=\"528\" \/>\n\t<meta property=\"og:image:height\" content=\"250\" \/>\n\t<meta property=\"og:image:type\" content=\"image\/jpeg\" \/>\n<meta name=\"author\" content=\"\u00c9quipe GERESO\" \/>\n<meta name=\"twitter:card\" content=\"summary_large_image\" \/>\n<script type=\"application\/ld+json\" class=\"yoast-schema-graph\">{\"@context\":\"https:\/\/schema.org\",\"@graph\":[{\"@type\":\"WebPage\",\"@id\":\"https:\/\/www.gereso.com\/actualites\/2014\/10\/09\/la-formation-certifiante-responsable-ressources-humaines-de-gereso\/\",\"url\":\"https:\/\/www.gereso.com\/actualites\/2014\/10\/09\/la-formation-certifiante-responsable-ressources-humaines-de-gereso\/\",\"name\":\"La formation certifiante Responsable ressources humaines de GERESO - Le Blog GERESO\",\"isPartOf\":{\"@id\":\"https:\/\/www.gereso.com\/actualites\/#website\"},\"primaryImageOfPage\":{\"@id\":\"https:\/\/www.gereso.com\/actualites\/2014\/10\/09\/la-formation-certifiante-responsable-ressources-humaines-de-gereso\/#primaryimage\"},\"image\":{\"@id\":\"https:\/\/www.gereso.com\/actualites\/2014\/10\/09\/la-formation-certifiante-responsable-ressources-humaines-de-gereso\/#primaryimage\"},\"thumbnailUrl\":\"https:\/\/www.gereso.com\/actualites\/wp-content\/uploads\/2014\/09\/certificat-responsable-RH-1.jpg\",\"datePublished\":\"2014-10-09T14:49:51+00:00\",\"dateModified\":\"2014-10-09T14:49:51+00:00\",\"author\":{\"@id\":\"https:\/\/www.gereso.com\/actualites\/#\/schema\/person\/197d8aef40cb4ae3f6a0aa9e1d3df2a6\"},\"breadcrumb\":{\"@id\":\"https:\/\/www.gereso.com\/actualites\/2014\/10\/09\/la-formation-certifiante-responsable-ressources-humaines-de-gereso\/#breadcrumb\"},\"inLanguage\":\"fr-FR\",\"potentialAction\":[{\"@type\":\"ReadAction\",\"target\":[\"https:\/\/www.gereso.com\/actualites\/2014\/10\/09\/la-formation-certifiante-responsable-ressources-humaines-de-gereso\/\"]}]},{\"@type\":\"ImageObject\",\"inLanguage\":\"fr-FR\",\"@id\":\"https:\/\/www.gereso.com\/actualites\/2014\/10\/09\/la-formation-certifiante-responsable-ressources-humaines-de-gereso\/#primaryimage\",\"url\":\"https:\/\/www.gereso.com\/actualites\/wp-content\/uploads\/2014\/09\/certificat-responsable-RH-1.jpg\",\"contentUrl\":\"https:\/\/www.gereso.com\/actualites\/wp-content\/uploads\/2014\/09\/certificat-responsable-RH-1.jpg\",\"width\":528,\"height\":250},{\"@type\":\"BreadcrumbList\",\"@id\":\"https:\/\/www.gereso.com\/actualites\/2014\/10\/09\/la-formation-certifiante-responsable-ressources-humaines-de-gereso\/#breadcrumb\",\"itemListElement\":[{\"@type\":\"ListItem\",\"position\":1,\"name\":\"Home\",\"item\":\"https:\/\/www.gereso.com\/actualites\/\"},{\"@type\":\"ListItem\",\"position\":2,\"name\":\"La formation certifiante Responsable ressources humaines de GERESO\"}]},{\"@type\":\"WebSite\",\"@id\":\"https:\/\/www.gereso.com\/actualites\/#website\",\"url\":\"https:\/\/www.gereso.com\/actualites\/\",\"name\":\"Le Blog GERESO\",\"description\":\"Toute l&#039;actu RH, Finance, Fonction Publique, Management...\",\"potentialAction\":[{\"@type\":\"SearchAction\",\"target\":{\"@type\":\"EntryPoint\",\"urlTemplate\":\"https:\/\/www.gereso.com\/actualites\/?s={search_term_string}\"},\"query-input\":{\"@type\":\"PropertyValueSpecification\",\"valueRequired\":true,\"valueName\":\"search_term_string\"}}],\"inLanguage\":\"fr-FR\"},{\"@type\":\"Person\",\"@id\":\"https:\/\/www.gereso.com\/actualites\/#\/schema\/person\/197d8aef40cb4ae3f6a0aa9e1d3df2a6\",\"name\":\"\u00c9quipe GERESO\",\"image\":{\"@type\":\"ImageObject\",\"inLanguage\":\"fr-FR\",\"@id\":\"https:\/\/www.gereso.com\/actualites\/#\/schema\/person\/image\/\",\"url\":\"https:\/\/www.gereso.com\/actualites\/wp-content\/uploads\/2013\/12\/avatar-gereso-1.png\",\"contentUrl\":\"https:\/\/www.gereso.com\/actualites\/wp-content\/uploads\/2013\/12\/avatar-gereso-1.png\",\"caption\":\"\u00c9quipe GERESO\"},\"url\":\"https:\/\/www.gereso.com\/actualites\/author\/gereso\/\"}]}<\/script>\n<!-- \/ Yoast SEO plugin. -->","yoast_head_json":{"title":"La formation certifiante Responsable ressources humaines de GERESO - Le Blog GERESO","robots":{"index":"index","follow":"follow","max-snippet":"max-snippet:-1","max-image-preview":"max-image-preview:large","max-video-preview":"max-video-preview:-1"},"canonical":"https:\/\/www.gereso.com\/actualites\/2014\/10\/09\/la-formation-certifiante-responsable-ressources-humaines-de-gereso\/","og_locale":"fr_FR","og_type":"article","og_title":"La formation certifiante Responsable ressources humaines de GERESO - Le Blog GERESO","og_description":"Comme vous le savez sans doute, GERESO propose des formations certifiantes qui sont reconnues par la FFP. Un gage de qualit\u00e9 qui rassure de nombreux professionnels. Int\u00e9ressons-nous aujourd\u2019hui \u00e0 la formation certifiante \u00ab\u00a0Responsable ressources humaines\u00a0\u00bb\u00a0: si vous travaillez dans les RH, ce programme peut vous int\u00e9resser.","og_url":"https:\/\/www.gereso.com\/actualites\/2014\/10\/09\/la-formation-certifiante-responsable-ressources-humaines-de-gereso\/","og_site_name":"Le Blog GERESO","article_published_time":"2014-10-09T14:49:51+00:00","og_image":[{"width":528,"height":250,"url":"https:\/\/www.gereso.com\/actualites\/wp-content\/uploads\/2014\/09\/certificat-responsable-RH-1.jpg","type":"image\/jpeg"}],"author":"\u00c9quipe GERESO","twitter_card":"summary_large_image","schema":{"@context":"https:\/\/schema.org","@graph":[{"@type":"WebPage","@id":"https:\/\/www.gereso.com\/actualites\/2014\/10\/09\/la-formation-certifiante-responsable-ressources-humaines-de-gereso\/","url":"https:\/\/www.gereso.com\/actualites\/2014\/10\/09\/la-formation-certifiante-responsable-ressources-humaines-de-gereso\/","name":"La formation certifiante Responsable ressources humaines de GERESO - Le Blog GERESO","isPartOf":{"@id":"https:\/\/www.gereso.com\/actualites\/#website"},"primaryImageOfPage":{"@id":"https:\/\/www.gereso.com\/actualites\/2014\/10\/09\/la-formation-certifiante-responsable-ressources-humaines-de-gereso\/#primaryimage"},"image":{"@id":"https:\/\/www.gereso.com\/actualites\/2014\/10\/09\/la-formation-certifiante-responsable-ressources-humaines-de-gereso\/#primaryimage"},"thumbnailUrl":"https:\/\/www.gereso.com\/actualites\/wp-content\/uploads\/2014\/09\/certificat-responsable-RH-1.jpg","datePublished":"2014-10-09T14:49:51+00:00","dateModified":"2014-10-09T14:49:51+00:00","author":{"@id":"https:\/\/www.gereso.com\/actualites\/#\/schema\/person\/197d8aef40cb4ae3f6a0aa9e1d3df2a6"},"breadcrumb":{"@id":"https:\/\/www.gereso.com\/actualites\/2014\/10\/09\/la-formation-certifiante-responsable-ressources-humaines-de-gereso\/#breadcrumb"},"inLanguage":"fr-FR","potentialAction":[{"@type":"ReadAction","target":["https:\/\/www.gereso.com\/actualites\/2014\/10\/09\/la-formation-certifiante-responsable-ressources-humaines-de-gereso\/"]}]},{"@type":"ImageObject","inLanguage":"fr-FR","@id":"https:\/\/www.gereso.com\/actualites\/2014\/10\/09\/la-formation-certifiante-responsable-ressources-humaines-de-gereso\/#primaryimage","url":"https:\/\/www.gereso.com\/actualites\/wp-content\/uploads\/2014\/09\/certificat-responsable-RH-1.jpg","contentUrl":"https:\/\/www.gereso.com\/actualites\/wp-content\/uploads\/2014\/09\/certificat-responsable-RH-1.jpg","width":528,"height":250},{"@type":"BreadcrumbList","@id":"https:\/\/www.gereso.com\/actualites\/2014\/10\/09\/la-formation-certifiante-responsable-ressources-humaines-de-gereso\/#breadcrumb","itemListElement":[{"@type":"ListItem","position":1,"name":"Home","item":"https:\/\/www.gereso.com\/actualites\/"},{"@type":"ListItem","position":2,"name":"La formation certifiante Responsable ressources humaines de GERESO"}]},{"@type":"WebSite","@id":"https:\/\/www.gereso.com\/actualites\/#website","url":"https:\/\/www.gereso.com\/actualites\/","name":"Le Blog GERESO","description":"Toute l&#039;actu RH, Finance, Fonction Publique, Management...","potentialAction":[{"@type":"SearchAction","target":{"@type":"EntryPoint","urlTemplate":"https:\/\/www.gereso.com\/actualites\/?s={search_term_string}"},"query-input":{"@type":"PropertyValueSpecification","valueRequired":true,"valueName":"search_term_string"}}],"inLanguage":"fr-FR"},{"@type":"Person","@id":"https:\/\/www.gereso.com\/actualites\/#\/schema\/person\/197d8aef40cb4ae3f6a0aa9e1d3df2a6","name":"\u00c9quipe GERESO","image":{"@type":"ImageObject","inLanguage":"fr-FR","@id":"https:\/\/www.gereso.com\/actualites\/#\/schema\/person\/image\/","url":"https:\/\/www.gereso.com\/actualites\/wp-content\/uploads\/2013\/12\/avatar-gereso-1.png","contentUrl":"https:\/\/www.gereso.com\/actualites\/wp-content\/uploads\/2013\/12\/avatar-gereso-1.png","caption":"\u00c9quipe GERESO"},"url":"https:\/\/www.gereso.com\/actualites\/author\/gereso\/"}]}},"_links":{"self":[{"href":"https:\/\/www.gereso.com\/actualites\/wp-json\/wp\/v2\/posts\/3569","targetHints":{"allow":["GET"]}}],"collection":[{"href":"https:\/\/www.gereso.com\/actualites\/wp-json\/wp\/v2\/posts"}],"about":[{"href":"https:\/\/www.gereso.com\/actualites\/wp-json\/wp\/v2\/types\/post"}],"author":[{"embeddable":true,"href":"https:\/\/www.gereso.com\/actualites\/wp-json\/wp\/v2\/users\/32"}],"replies":[{"embeddable":true,"href":"https:\/\/www.gereso.com\/actualites\/wp-json\/wp\/v2\/comments?post=3569"}],"version-history":[{"count":0,"href":"https:\/\/www.gereso.com\/actualites\/wp-json\/wp\/v2\/posts\/3569\/revisions"}],"wp:featuredmedia":[{"embeddable":true,"href":"https:\/\/www.gereso.com\/actualites\/wp-json\/wp\/v2\/media\/3606"}],"wp:attachment":[{"href":"https:\/\/www.gereso.com\/actualites\/wp-json\/wp\/v2\/media?parent=3569"}],"wp:term":[{"taxonomy":"category","embeddable":true,"href":"https:\/\/www.gereso.com\/actualites\/wp-json\/wp\/v2\/categories?post=3569"},{"taxonomy":"post_tag","embeddable":true,"href":"https:\/\/www.gereso.com\/actualites\/wp-json\/wp\/v2\/tags?post=3569"}],"curies":[{"name":"wp","href":"https:\/\/api.w.org\/{rel}","templated":true}]}}