{"id":35913,"date":"2023-07-10T11:33:03","date_gmt":"2023-07-10T09:33:03","guid":{"rendered":"https:\/\/www.gereso.com\/actualites\/?p=35913"},"modified":"2023-07-10T11:33:05","modified_gmt":"2023-07-10T09:33:05","slug":"webinaire-marketing-10-concepts-cles-maitriser-2023","status":"publish","type":"post","link":"https:\/\/www.gereso.com\/actualites\/2023\/07\/10\/webinaire-marketing-10-concepts-cles-maitriser-2023\/","title":{"rendered":"Webinaire \u00ab Marketing : 10 concepts-cl\u00e9s \u00e0 ma\u00eetriser en 2023 ! \u00bb"},"content":{"rendered":"\n\n\n<h2>D\u00e9tails du webinaire&nbsp;:<\/h2>\n<h3 class=\"section-title\"><span class=\"title-inner\" data-animation=\"fadeInRight\" data-animation-delay=\"500\">DATE&nbsp;:<\/span><\/h3>\n<p>Jeudi 6 juillet 2023 de 10h30 \u00e0 11h30<\/p>\n<h3 class=\"section-title\"><span class=\"title-inner\" data-animation=\"fadeInRight\" data-animation-delay=\"500\">R\u00c9SUM\u00c9&nbsp;:<\/span><\/h3>\n<p>Au gr\u00e9 des tendances soci\u00e9tales, des innovations technologiques, des mouvements de l\u2019\u00e9conomie et des march\u00e9s, <strong>les m\u00e9tiers, les missions et les concepts marketing changent<\/strong>, se redessinent, se r\u00e9inventent.<\/p>\n\n<p>Par exemple, qui aurait pu imaginer il y a seulement quelques mois, le nouveau m\u00e9tier de <strong>\u00ab&nbsp;Prompt Engineer Marketing&nbsp;\u00bb<\/strong> issu de la r\u00e9volution de l\u2019IA ?<\/p>\n\n<p>Rassurons-nous&nbsp;! L\u2019enjeu pour les marketeurs n\u2019est pas <strong>d\u2019int\u00e9grer en temps r\u00e9el<\/strong> toutes ces nouveaut\u00e9s, mais de bien les comprendre, pour savoir lesquelles <strong>int\u00e9grer \u00e0 sa strat\u00e9gie<\/strong>, et surtout connaitre <strong>leurs impacts sur ses pratiques marketing.<\/strong>  Dans ce domaine, il faut \u00e9galement \u00eatre capable de distinguer les <strong>tendances fortes du marketing<\/strong> des modes futiles et passag\u00e8res.<\/p>\n\n<p>Au cours de ce webinaire, nous \u00e9voquerons donc ensemble <strong>quelques mots-cl\u00e9s et concepts<\/strong> qui font le marketing de 2023.<\/p>\n\n<p>Ce <strong>tour d\u2019horizon<\/strong> permettra aux marketeurs de \u00ab&nbsp;lever la t\u00eate du guidon&nbsp;\u00bb et de prendre un peu de recul sur leur activit\u00e9, et offrira un <strong>aux non-marketeurs<\/strong> qui souhaitent <strong>d\u00e9velopper leur culture marketing<\/strong> un tour d\u2019horizon des concepts-cl\u00e9s du marketing actuel.<\/p>  \n\n\n<h3 class=\"section-title\"><span class=\"title-inner\" data-animation=\"fadeInRight\" data-animation-delay=\"500\">OBJECTIFS&nbsp;:<\/span><\/h3>\n\n\n<ul>\n<li>D\u00e9tailler et d\u00e9crypter <strong>10 concepts-cl\u00e9s<\/strong> du marketing actuel.<\/li>\n<li>D\u00e9couvrir, \u00e0 partir de ces notions, les <strong>grandes tendances du marketing 2023.<\/strong><\/li>\n<li>Identifier les <strong>leviers \u00e0 privil\u00e9gier<\/strong> dans sa strat\u00e9gie marketing.<\/li>\n<li>Exploiter cette <strong>\u00ab&nbsp;culture marketing&nbsp;\u00bb<\/strong> dans son m\u00e9tier (Dirigeant, RH, Commercial, SI\u2026)<\/li>\n\n<\/ul>\n\n<h3 class=\"section-title\"><span class=\"title-inner\" data-animation=\"fadeInRight\" data-animation-delay=\"500\">PROGRAMME&nbsp;:<\/span><\/h3>\n\n<ul>\n<li><strong>Intro&nbsp;: Pourquoi ce webinaire&nbsp;?<\/strong><\/li>\n<li><strong>10 concepts-cl\u00e9s \u00e0 ma\u00eetriser en 2023&nbsp;:<\/strong><\/li>\n<ul>\n<li>Inbound<\/li>\n<li>Customer centricity<\/li>\n<li>Marketing exp\u00e9rientiel<\/li>\n<li>Branding<\/li>\n<li>Nudge<\/li>\n<li>ABM<\/li>\n<li>Scaling<\/li>\n<li>Analytics<\/li>\n<li>Data, programmatique et automation<\/li>\n<li>Web 3<\/li>\n<\/ul>\n<li>Conclusion&nbsp;: quelles priorit\u00e9s marketing en 2024&nbsp;?<\/li>\n<\/ul>\n\n<h3 class=\"section-title\"><span class=\"title-inner\" data-animation=\"fadeInRight\" data-animation-delay=\"500\">INTERVENANT&nbsp;:<\/span><\/h3>\n<p><strong>Herv\u00e9 RIOCHE<\/strong> est Responsable Marketing Communication chez GERESO, un organisme de formation sp\u00e9cialis\u00e9 en RH, Management, D\u00e9veloppement personnel ? Il est l\u2019auteur des livres \u00ab&nbsp;<a target=\"_blank\" href=\"https:\/\/www.amazon.fr\/MARKETING-DIRECT-Herve-Rioche\/dp\/2840016656#customerReviews\" rel=\"noopener\">Marketing Direct<\/a>&nbsp;\u00bb, \u00ab&nbsp;<a target=\"_blank\" href=\"https:\/\/librairie.gereso.com\/livre-entreprise\/digitalisation-et-systemes-d-information\/le-marketing-digital-en-150-questions-webm2\/\" rel=\"noopener\">150 questions sur le marketing digital<\/a>&nbsp;\u00bb et intervenant en marketing strat\u00e9gique et op\u00e9rationnel en \u00e9coles de commerce.<\/p>\n\n\n<h3 class=\"section-title\"><span class=\"title-inner\" data-animation=\"fadeInRight\" data-animation-delay=\"500\">WEBINAIRE&nbsp;:<\/span><\/h3>\n<h4>Replay du webinaire&nbsp;: \u00ab\u00a0Marketing&nbsp;: 10 concepts-cl\u00e9s \u00e0 ma\u00eetriser en 2023&nbsp;!&nbsp;:<\/h4>\n\n\n\n<figure class=\"wp-block-embed is-type-video is-provider-youtube wp-block-embed-youtube wp-embed-aspect-16-9 wp-has-aspect-ratio\"><div class=\"wp-block-embed__wrapper\">\n<iframe title=\"WEBINAIRE - Marketing : 10 concepts-cl\u00e9s \u00e0 ma\u00eetriser en 2023 ! - Herv\u00e9  Rioche\" width=\"644\" height=\"362\" src=\"https:\/\/www.youtube.com\/embed\/TiJO1lnzjeA?feature=oembed\" frameborder=\"0\" allow=\"accelerometer; autoplay; clipboard-write; encrypted-media; gyroscope; picture-in-picture; web-share\" referrerpolicy=\"strict-origin-when-cross-origin\" allowfullscreen><\/iframe>\n<\/div><\/figure>\n\n\n\n<p><h3 class=\"section-title\"><span class=\"title-inner\" data-animation=\"fadeInRight\" data-animation-delay=\"500\">DOCUMENT&nbsp;:<\/span><\/h3><\/p>\n\n\n\n<div data-wp-interactive=\"core\/file\" class=\"wp-block-file aligncenter\"><object data-wp-bind--hidden=\"!state.hasPdfPreview\" hidden class=\"wp-block-file__embed\" data=\"https:\/\/www.gereso.com\/actualites\/wp-content\/uploads\/2023\/07\/Webinaire-GERESO-concepts-cles-marketing-2023.pdf\" type=\"application\/pdf\" style=\"width:100%;height:600px\" aria-label=\"Contenu embarqu\u00e9 Webinaire-GERESO-concepts-cles-marketing-2023.\"><\/object><a id=\"wp-block-file--media-72f3ab8f-4a3c-4d16-b326-13e28c9bfbf3\" href=\"https:\/\/www.gereso.com\/actualites\/wp-content\/uploads\/2023\/07\/Webinaire-GERESO-concepts-cles-marketing-2023.pdf\">Webinaire-GERESO-concepts-cles-marketing-2023<\/a><a href=\"https:\/\/www.gereso.com\/actualites\/wp-content\/uploads\/2023\/07\/Webinaire-GERESO-concepts-cles-marketing-2023.pdf\" class=\"wp-block-file__button wp-element-button\" download aria-describedby=\"wp-block-file--media-72f3ab8f-4a3c-4d16-b326-13e28c9bfbf3\">T\u00e9l\u00e9charger<\/a><\/div>\n\n\n\n<article class=\"obj_encart-formation\">\n<div class=\"ctn_encart\">\n<h3>Votre formation sur ce th\u00e8me<\/h3>\n<h2>&nbsp;LES ESSENTIELS DU MARKETING&nbsp;<\/h2>\n<h4>2 jours &#8211; En pr\u00e9sentiel ou \u00e0 distance<\/h4>\n<ul>\n<li>D\u00e9finir les nouveaux enjeux du marketing.<\/li>\n<li>R\u00e9aliser un diagnostic marketing.<\/li>\n<li>Int\u00e9grer les \u00e9tapes du processus marketing strat\u00e9gique.<\/li>\n<li>Mettre en \u0153uvre les 4P en int\u00e9grant les leviers du digital.<\/li>\n<li>B\u00e2tir et d\u00e9ployer le plan marketing.<\/li>\n<\/ul>\n<div class=\"ctn_btn\">\n<a class=\"obj_btn\" target=\"_blank\" href=\"https:\/\/www.gereso.com\/ESMA\" rel=\"noopener\"><span>En savoir plus<\/span><\/a>\n<a class=\"obj_btn\" target=\"_blank\" href=\"https:\/\/www.gereso.com\/client\/programme-pdf\/ESMA.pdf\" rel=\"noopener\"><span>T\u00e9l\u00e9charger le programme PDF<\/span><\/a>\n<\/div>\n<\/article>\n","protected":false},"excerpt":{"rendered":"<p>D\u00e9tails du webinaire&nbsp;: DATE&nbsp;: Jeudi 6 juillet 2023 de 10h30 \u00e0 11h30 R\u00c9SUM\u00c9&nbsp;: Au gr\u00e9 des tendances soci\u00e9tales, des innovations technologiques, des mouvements de l\u2019\u00e9conomie et des march\u00e9s, les m\u00e9tiers, les missions et les concepts marketing changent, se redessinent, se r\u00e9inventent. Par exemple, qui aurait pu imaginer il y a seulement quelques mois, le nouveau [&hellip;]<\/p>\n","protected":false},"author":32,"featured_media":0,"comment_status":"open","ping_status":"open","sticky":false,"template":"","format":"standard","meta":{"_acf_changed":false,"_mi_skip_tracking":false,"footnotes":""},"categories":[12,2262],"tags":[],"class_list":["post-35913","post","type-post","status-publish","format-standard","hentry","category-actualites","category-marketing-performance-commerciale"],"acf":[],"yoast_head":"<!-- This site is optimized with the Yoast SEO plugin v23.4 - https:\/\/yoast.com\/wordpress\/plugins\/seo\/ -->\n<title>Webinaire \u00ab Marketing : 10 concepts-cl\u00e9s \u00e0 ma\u00eetriser en 2023 ! \u00bb - Le Blog GERESO<\/title>\n<meta name=\"robots\" content=\"index, follow, max-snippet:-1, max-image-preview:large, max-video-preview:-1\" \/>\n<link rel=\"canonical\" href=\"https:\/\/www.gereso.com\/actualites\/2023\/07\/10\/webinaire-marketing-10-concepts-cles-maitriser-2023\/\" \/>\n<meta property=\"og:locale\" content=\"fr_FR\" \/>\n<meta property=\"og:type\" content=\"article\" \/>\n<meta property=\"og:title\" content=\"Webinaire \u00ab Marketing : 10 concepts-cl\u00e9s \u00e0 ma\u00eetriser en 2023 ! \u00bb - Le Blog GERESO\" \/>\n<meta property=\"og:description\" content=\"D\u00e9tails du webinaire&nbsp;: DATE&nbsp;: Jeudi 6 juillet 2023 de 10h30 \u00e0 11h30 R\u00c9SUM\u00c9&nbsp;: Au gr\u00e9 des tendances soci\u00e9tales, des innovations technologiques, des mouvements de l\u2019\u00e9conomie et des march\u00e9s, les m\u00e9tiers, les missions et les concepts marketing changent, se redessinent, se r\u00e9inventent. Par exemple, qui aurait pu imaginer il y a seulement quelques mois, le nouveau [&hellip;]\" \/>\n<meta property=\"og:url\" content=\"https:\/\/www.gereso.com\/actualites\/2023\/07\/10\/webinaire-marketing-10-concepts-cles-maitriser-2023\/\" \/>\n<meta property=\"og:site_name\" content=\"Le Blog GERESO\" \/>\n<meta property=\"article:published_time\" content=\"2023-07-10T09:33:03+00:00\" \/>\n<meta property=\"article:modified_time\" content=\"2023-07-10T09:33:05+00:00\" \/>\n<meta name=\"author\" content=\"\u00c9quipe GERESO\" \/>\n<meta name=\"twitter:card\" content=\"summary_large_image\" \/>\n<script type=\"application\/ld+json\" class=\"yoast-schema-graph\">{\"@context\":\"https:\/\/schema.org\",\"@graph\":[{\"@type\":\"WebPage\",\"@id\":\"https:\/\/www.gereso.com\/actualites\/2023\/07\/10\/webinaire-marketing-10-concepts-cles-maitriser-2023\/\",\"url\":\"https:\/\/www.gereso.com\/actualites\/2023\/07\/10\/webinaire-marketing-10-concepts-cles-maitriser-2023\/\",\"name\":\"Webinaire \u00ab Marketing : 10 concepts-cl\u00e9s \u00e0 ma\u00eetriser en 2023 ! \u00bb - Le Blog GERESO\",\"isPartOf\":{\"@id\":\"https:\/\/www.gereso.com\/actualites\/#website\"},\"datePublished\":\"2023-07-10T09:33:03+00:00\",\"dateModified\":\"2023-07-10T09:33:05+00:00\",\"author\":{\"@id\":\"https:\/\/www.gereso.com\/actualites\/#\/schema\/person\/197d8aef40cb4ae3f6a0aa9e1d3df2a6\"},\"breadcrumb\":{\"@id\":\"https:\/\/www.gereso.com\/actualites\/2023\/07\/10\/webinaire-marketing-10-concepts-cles-maitriser-2023\/#breadcrumb\"},\"inLanguage\":\"fr-FR\",\"potentialAction\":[{\"@type\":\"ReadAction\",\"target\":[\"https:\/\/www.gereso.com\/actualites\/2023\/07\/10\/webinaire-marketing-10-concepts-cles-maitriser-2023\/\"]}]},{\"@type\":\"BreadcrumbList\",\"@id\":\"https:\/\/www.gereso.com\/actualites\/2023\/07\/10\/webinaire-marketing-10-concepts-cles-maitriser-2023\/#breadcrumb\",\"itemListElement\":[{\"@type\":\"ListItem\",\"position\":1,\"name\":\"Home\",\"item\":\"https:\/\/www.gereso.com\/actualites\/\"},{\"@type\":\"ListItem\",\"position\":2,\"name\":\"Webinaire \u00ab Marketing : 10 concepts-cl\u00e9s \u00e0 ma\u00eetriser en 2023 ! \u00bb\"}]},{\"@type\":\"WebSite\",\"@id\":\"https:\/\/www.gereso.com\/actualites\/#website\",\"url\":\"https:\/\/www.gereso.com\/actualites\/\",\"name\":\"Le Blog GERESO\",\"description\":\"Toute l&#039;actu RH, Finance, Fonction Publique, Management...\",\"potentialAction\":[{\"@type\":\"SearchAction\",\"target\":{\"@type\":\"EntryPoint\",\"urlTemplate\":\"https:\/\/www.gereso.com\/actualites\/?s={search_term_string}\"},\"query-input\":{\"@type\":\"PropertyValueSpecification\",\"valueRequired\":true,\"valueName\":\"search_term_string\"}}],\"inLanguage\":\"fr-FR\"},{\"@type\":\"Person\",\"@id\":\"https:\/\/www.gereso.com\/actualites\/#\/schema\/person\/197d8aef40cb4ae3f6a0aa9e1d3df2a6\",\"name\":\"\u00c9quipe GERESO\",\"image\":{\"@type\":\"ImageObject\",\"inLanguage\":\"fr-FR\",\"@id\":\"https:\/\/www.gereso.com\/actualites\/#\/schema\/person\/image\/\",\"url\":\"https:\/\/www.gereso.com\/actualites\/wp-content\/uploads\/2013\/12\/avatar-gereso-1.png\",\"contentUrl\":\"https:\/\/www.gereso.com\/actualites\/wp-content\/uploads\/2013\/12\/avatar-gereso-1.png\",\"caption\":\"\u00c9quipe GERESO\"},\"url\":\"https:\/\/www.gereso.com\/actualites\/author\/gereso\/\"}]}<\/script>\n<!-- \/ Yoast SEO plugin. -->","yoast_head_json":{"title":"Webinaire \u00ab Marketing : 10 concepts-cl\u00e9s \u00e0 ma\u00eetriser en 2023 ! \u00bb - Le Blog GERESO","robots":{"index":"index","follow":"follow","max-snippet":"max-snippet:-1","max-image-preview":"max-image-preview:large","max-video-preview":"max-video-preview:-1"},"canonical":"https:\/\/www.gereso.com\/actualites\/2023\/07\/10\/webinaire-marketing-10-concepts-cles-maitriser-2023\/","og_locale":"fr_FR","og_type":"article","og_title":"Webinaire \u00ab Marketing : 10 concepts-cl\u00e9s \u00e0 ma\u00eetriser en 2023 ! \u00bb - Le Blog GERESO","og_description":"D\u00e9tails du webinaire&nbsp;: DATE&nbsp;: Jeudi 6 juillet 2023 de 10h30 \u00e0 11h30 R\u00c9SUM\u00c9&nbsp;: Au gr\u00e9 des tendances soci\u00e9tales, des innovations technologiques, des mouvements de l\u2019\u00e9conomie et des march\u00e9s, les m\u00e9tiers, les missions et les concepts marketing changent, se redessinent, se r\u00e9inventent. Par exemple, qui aurait pu imaginer il y a seulement quelques mois, le nouveau [&hellip;]","og_url":"https:\/\/www.gereso.com\/actualites\/2023\/07\/10\/webinaire-marketing-10-concepts-cles-maitriser-2023\/","og_site_name":"Le Blog GERESO","article_published_time":"2023-07-10T09:33:03+00:00","article_modified_time":"2023-07-10T09:33:05+00:00","author":"\u00c9quipe GERESO","twitter_card":"summary_large_image","schema":{"@context":"https:\/\/schema.org","@graph":[{"@type":"WebPage","@id":"https:\/\/www.gereso.com\/actualites\/2023\/07\/10\/webinaire-marketing-10-concepts-cles-maitriser-2023\/","url":"https:\/\/www.gereso.com\/actualites\/2023\/07\/10\/webinaire-marketing-10-concepts-cles-maitriser-2023\/","name":"Webinaire \u00ab Marketing : 10 concepts-cl\u00e9s \u00e0 ma\u00eetriser en 2023 ! \u00bb - Le Blog GERESO","isPartOf":{"@id":"https:\/\/www.gereso.com\/actualites\/#website"},"datePublished":"2023-07-10T09:33:03+00:00","dateModified":"2023-07-10T09:33:05+00:00","author":{"@id":"https:\/\/www.gereso.com\/actualites\/#\/schema\/person\/197d8aef40cb4ae3f6a0aa9e1d3df2a6"},"breadcrumb":{"@id":"https:\/\/www.gereso.com\/actualites\/2023\/07\/10\/webinaire-marketing-10-concepts-cles-maitriser-2023\/#breadcrumb"},"inLanguage":"fr-FR","potentialAction":[{"@type":"ReadAction","target":["https:\/\/www.gereso.com\/actualites\/2023\/07\/10\/webinaire-marketing-10-concepts-cles-maitriser-2023\/"]}]},{"@type":"BreadcrumbList","@id":"https:\/\/www.gereso.com\/actualites\/2023\/07\/10\/webinaire-marketing-10-concepts-cles-maitriser-2023\/#breadcrumb","itemListElement":[{"@type":"ListItem","position":1,"name":"Home","item":"https:\/\/www.gereso.com\/actualites\/"},{"@type":"ListItem","position":2,"name":"Webinaire \u00ab Marketing : 10 concepts-cl\u00e9s \u00e0 ma\u00eetriser en 2023 ! \u00bb"}]},{"@type":"WebSite","@id":"https:\/\/www.gereso.com\/actualites\/#website","url":"https:\/\/www.gereso.com\/actualites\/","name":"Le Blog GERESO","description":"Toute l&#039;actu RH, Finance, Fonction Publique, Management...","potentialAction":[{"@type":"SearchAction","target":{"@type":"EntryPoint","urlTemplate":"https:\/\/www.gereso.com\/actualites\/?s={search_term_string}"},"query-input":{"@type":"PropertyValueSpecification","valueRequired":true,"valueName":"search_term_string"}}],"inLanguage":"fr-FR"},{"@type":"Person","@id":"https:\/\/www.gereso.com\/actualites\/#\/schema\/person\/197d8aef40cb4ae3f6a0aa9e1d3df2a6","name":"\u00c9quipe GERESO","image":{"@type":"ImageObject","inLanguage":"fr-FR","@id":"https:\/\/www.gereso.com\/actualites\/#\/schema\/person\/image\/","url":"https:\/\/www.gereso.com\/actualites\/wp-content\/uploads\/2013\/12\/avatar-gereso-1.png","contentUrl":"https:\/\/www.gereso.com\/actualites\/wp-content\/uploads\/2013\/12\/avatar-gereso-1.png","caption":"\u00c9quipe GERESO"},"url":"https:\/\/www.gereso.com\/actualites\/author\/gereso\/"}]}},"_links":{"self":[{"href":"https:\/\/www.gereso.com\/actualites\/wp-json\/wp\/v2\/posts\/35913","targetHints":{"allow":["GET"]}}],"collection":[{"href":"https:\/\/www.gereso.com\/actualites\/wp-json\/wp\/v2\/posts"}],"about":[{"href":"https:\/\/www.gereso.com\/actualites\/wp-json\/wp\/v2\/types\/post"}],"author":[{"embeddable":true,"href":"https:\/\/www.gereso.com\/actualites\/wp-json\/wp\/v2\/users\/32"}],"replies":[{"embeddable":true,"href":"https:\/\/www.gereso.com\/actualites\/wp-json\/wp\/v2\/comments?post=35913"}],"version-history":[{"count":10,"href":"https:\/\/www.gereso.com\/actualites\/wp-json\/wp\/v2\/posts\/35913\/revisions"}],"predecessor-version":[{"id":35933,"href":"https:\/\/www.gereso.com\/actualites\/wp-json\/wp\/v2\/posts\/35913\/revisions\/35933"}],"wp:attachment":[{"href":"https:\/\/www.gereso.com\/actualites\/wp-json\/wp\/v2\/media?parent=35913"}],"wp:term":[{"taxonomy":"category","embeddable":true,"href":"https:\/\/www.gereso.com\/actualites\/wp-json\/wp\/v2\/categories?post=35913"},{"taxonomy":"post_tag","embeddable":true,"href":"https:\/\/www.gereso.com\/actualites\/wp-json\/wp\/v2\/tags?post=35913"}],"curies":[{"name":"wp","href":"https:\/\/api.w.org\/{rel}","templated":true}]}}