{"id":3596,"date":"2014-10-20T09:16:23","date_gmt":"2014-10-20T07:16:23","guid":{"rendered":"https:\/\/www.gereso.com\/actualites\/?p=3596"},"modified":"2017-04-04T14:21:20","modified_gmt":"2017-04-04T12:21:20","slug":"interview-de-maryel-sauve-consultante-en-developpement-personnel","status":"publish","type":"post","link":"https:\/\/www.gereso.com\/actualites\/2014\/10\/20\/interview-de-maryel-sauve-consultante-en-developpement-personnel\/","title":{"rendered":"Interview de Maryel Sauv\u00e9 : consultante en d\u00e9veloppement personnel !"},"content":{"rendered":"<p style=\"text-align: justify;\"><span style=\"font-size: 14pt;\"><em>Coach professionnelle, formatrice et enseignante certifi\u00e9e en PNL, Maryel Sauv\u00e9 intervient pour GERESO en tant que <strong>consultante en d\u00e9veloppement personnel<\/strong>. Notre consultante qu\u00e9b\u00e9coise a accept\u00e9 de r\u00e9pondre \u00e0 quelques questions sur ses sujets de pr\u00e9dilection\u00a0: l\u2019intelligence \u00e9motionnelle, l\u2019intelligence intuitive et le leadership au f\u00e9minin ainsi que sur les outils de PNL.<\/em><\/span><\/p>\n<figure id=\"attachment_236\" aria-describedby=\"caption-attachment-236\" style=\"width: 414px\" class=\"wp-caption aligncenter\"><img fetchpriority=\"high\" decoding=\"async\" class=\"wp-image-236 size-full\" src=\"https:\/\/www.gereso.com\/actualites\/wp-content\/uploads\/2012\/02\/incertitudes-drh-1.jpg\" alt=\"formation paris rh\" width=\"414\" height=\"414\" srcset=\"https:\/\/www.gereso.com\/actualites\/wp-content\/uploads\/2012\/02\/incertitudes-drh-1.jpg 414w, https:\/\/www.gereso.com\/actualites\/wp-content\/uploads\/2012\/02\/incertitudes-drh-1-150x150.jpg 150w, https:\/\/www.gereso.com\/actualites\/wp-content\/uploads\/2012\/02\/incertitudes-drh-1-300x300.jpg 300w, https:\/\/www.gereso.com\/actualites\/wp-content\/uploads\/2012\/02\/incertitudes-drh-1-144x144.jpg 144w\" sizes=\"(max-width: 414px) 100vw, 414px\" \/><figcaption id=\"caption-attachment-236\" class=\"wp-caption-text\">D\u00e9veloppement personnel et PNL<\/figcaption><\/figure>\n<p>&nbsp;<\/p>\n<h2><strong>Dans un premier temps, pouvez-vous nous parler de votre parcours\u00a0? Comment vous \u00eates-vous sp\u00e9cialis\u00e9e sur les th\u00e9matiques li\u00e9es au d\u00e9veloppement personnel\u00a0?<\/strong><\/h2>\n<p style=\"text-align: justify;\">A l\u2019origine, mon parcours \u00e9tait plut\u00f4t classique. Apr\u00e8s un dipl\u00f4me en commerce et marketing \u00e0 HEC Montr\u00e9al, j\u2019ai travaill\u00e9 pour de grandes entreprises comme Xerox et Auto Suture Canada (un fabricant de produits m\u00e9dicaux sp\u00e9cialis\u00e9s). Dans cette derni\u00e8re entreprise, j\u2019ai rapidement pris la fonction de directrice des ventes\u00a0: je devais manager une \u00e9quipe d\u2019une vingtaine de repr\u00e9sentants au quotidien pour les territoires de Montr\u00e9al, Sherbrooke, Ottawa ainsi que le Nord de l\u2019Ontario. A ce moment donn\u00e9 de ma carri\u00e8re, je me suis rendu compte que si j\u2019avais \u00e0 ma disposition tous les outils n\u00e9cessaires pour faire de la vente, je n\u2019en avais pas pour <strong>g\u00e9rer les \u00eatres humains<\/strong>. Et je pense que c\u2019est cela qui a fait \u00e9voluer ma carri\u00e8re.<\/p>\n<p style=\"text-align: justify;\">La seconde partie de ma carri\u00e8re a d\u00e9but\u00e9 \u00e0 partir de ce postulat. Je voulais rechercher des outils pour comprendre l\u2019humain, ses \u00e9motions et sa motivation.\u00a0Mais aussi \u00e9tudier les leviers du changement et la communication. Je me suis int\u00e9ress\u00e9e de pr\u00e8s aux <strong>outils de PNL<\/strong>, notamment lors de ma formation en coaching.<\/p>\n<p style=\"text-align: justify;\">Aujourd\u2019hui, je suis<strong> coach en entreprise<\/strong> et coach personnel. J\u2019enseigne aussi \u00e0 Montr\u00e9al au Centre Qu\u00e9b\u00e9cois de PNL\u00a0que ce soit au sujet de l\u2019introduction aux outils, de la formation de coach, ou de la supervision de coach en clinique. Et j\u2019interviens aussi en tant que formatrice pour GERESO en France.<\/p>\n<h2 style=\"text-align: justify;\"><strong>Quelles formations animez-vous pour GERESO\u00a0? A qui s\u2019adressent-elles et quelles sont leurs objectifs\u00a0?<\/strong><\/h2>\n<p style=\"text-align: justify;\">En France, pour GERESO, j\u2019interviens sur des sujets qui me tiennent particuli\u00e8rement \u00e0 c\u0153ur, \u00e0 savoir<strong> l\u2019intelligence \u00e9motionnelle, l\u2019intelligence intuitive et le leadership au f\u00e9minin<\/strong>.<\/p>\n<p style=\"text-align: justify;\">Si je devais r\u00e9sumer ces formations en un seul objectif, ce serait d\u2019apprendre \u00e0 se conna\u00eetre pour mieux interagir avec son environnement professionnel et\/ou comprendre son \u00e9quipe et mieux la g\u00e9rer au quotidien. Il faut savoir que plus une personne est heureuse et fait un travail qui a du sens, plus cette derni\u00e8re sera productive et performante. Et au final, tout le monde est gagnant\u00a0: le salari\u00e9 qui se sent bien dans son travail, mais aussi son \u00e9quipe, son manager et les sup\u00e9rieurs hi\u00e9rarchiques de ce dernier. C\u2019est d\u2019autant plus important dans le contexte de crise que nous connaissons actuellement\u00a0: l\u2019\u00eatre humain veut contribuer, c\u2019est son but dans la vie, autant en entreprise que dans sa vie personnelle. Si un manager veut donner du sens au travail de son \u00e9quipe, la motiver et l\u2019inspirer, il doit avant tout bien se conna\u00eetre. C\u2019est une condition essentielle pour mieux g\u00e9rer son \u00e9quipe au quotidien.<\/p>\n<p style=\"text-align: justify;\">En ce qui concerne le public de mes formations, voici ce que j\u2019ai observ\u00e9. Pour les formations en intelligence \u00e9motionnelle et intuitive, ce qui est int\u00e9ressant, c\u2019est que le public se compose de deux groupes\u00a0: le manager qui veut comprendre et inspirer son \u00e9quipe\u2026 et la personne qui fait partie d\u2019une \u00e9quipe sans \u00eatre forc\u00e9ment dans une position de leadership et qui veut apprendre \u00e0 mieux communiquer avec ses collaborateurs et ses sup\u00e9rieurs et prendre de meilleures d\u00e9cisions. Pour la formation sur le leadership au f\u00e9minin, l\u00e0 aussi, le public est diversifi\u00e9\u00a0: des personnes se pr\u00e9parant \u00e0 prendre une \u00e9quipe en charge et qui vont donc avoir de nouvelles responsabilit\u00e9s, et aussi des personnes qui veulent affirmer leur leadership dans une \u00e9quipe et ce, m\u00eame si elles sont au m\u00eame niveau hi\u00e9rarchique que les autres. Certaines personnes \u00e9prouvent de la difficult\u00e9 \u00e0 s\u2019affirmer et \u00e0 se positionner dans leur propre \u00e9quipe et c\u2019est en cela que ma formation peut les aider.<\/p>\n<h2 style=\"text-align: justify;\"><strong>Pourquoi suivre une <a href=\"http:\/\/www.gereso.com\/formations\/developpement-personnel-et-efficacite-professionnelle\/\">formation en d\u00e9veloppement personnel<\/a>\u00a0? En quoi ce type de formation peut aider un professionnel \u00e0 mieux se sentir dans son travail et \u00e0 \u00e9voluer\u00a0?<\/strong><\/h2>\n<p style=\"text-align: justify;\">Concr\u00e8tement, le professionnel qui suit une <strong>formation en d\u00e9veloppement personnel<\/strong> va rapidement changer sa fa\u00e7on de communiquer avec son \u00e9quipe et ses collaborateurs, car il aura une meilleure connaissance de lui-m\u00eame et des enjeux qui s\u2019expriment en entreprise. Tout de suite apr\u00e8s le stage, le professionnel pourra utiliser les outils qu\u2019il a appris pendant la formation pour g\u00e9rer son \u00e9tat int\u00e9rieur ainsi que son \u00e9quipe.<\/p>\n<h2 style=\"text-align: justify;\"><strong>Au cours de vos formations, vous utilisez des outils de programmation neuro-linguistique (PNL). Pouvez-vous nous en dire plus\u00a0: de quoi s\u2019agit-il\u00a0? A quoi cela sert-il\u00a0? Donnez-nous des exemples concrets\u00a0pour mieux comprendre.<\/strong><\/h2>\n<p style=\"text-align: justify;\">Les outils de PNL ont pour r\u00f4le d\u2019accompagner les individus et les groupes \u00e0 identifier leurs objectifs et \u00e0 aller vers eux. C\u2019est une approche qui a \u00e9t\u00e9 mise sur pied \u00e0 la fin des ann\u00e9es 60\/d\u00e9but des ann\u00e9es 70 dans le but de mod\u00e9liser l\u2019excellence humaine dans tous les domaines et en particulier en communication\u00a0: comment certaines personnes arrivent \u00e0 bien communiquer, mais pas d\u2019autres\u00a0?<\/p>\n<p style=\"text-align: justify;\">Les <strong>outils de PNL<\/strong> sont donc des outils de changement et de communication. Communiquer, on le fait tous beaucoup, mais pas toujours de la bonne mani\u00e8re. Les outils de PNL nous permettent d\u2019analyser notre fonctionnement actuel et de le faire \u00e9voluer pour un obtenir un r\u00e9sultat plus satisfaisant et atteindre nos objectifs.<\/p>\n<p style=\"text-align: justify;\">Par exemple, si une personne vient me voir, car elle a des difficult\u00e9s \u00e0 prendre la parole et exprimer son point de vue en entreprise, je vais lui demander d\u2019aller chercher des ressources d\u2019affirmation de soi qu\u2019elle poss\u00e8de dans un autre contexte, par exemple, dans la sph\u00e8re priv\u00e9e. Le but est ici de transf\u00e9rer la confiance en soi que l\u2019on a dans un domaine vers un autre. Il s\u2019agit donc de r\u00e9activer des comp\u00e9tences que l\u2019on poss\u00e8de d\u00e9j\u00e0, mais qui sont bloqu\u00e9es.<\/p>\n<h2 style=\"text-align: justify;\"><strong>Selon vous, qu\u2019est-ce qui fait la diff\u00e9rence entre les formations que vous animez pour GERESO et toutes les formations en d\u00e9veloppement personnel qu\u2019il est possible de suivre actuellement\u00a0?<\/strong><\/h2>\n<p style=\"text-align: justify;\">Je pense que les formations que j\u2019anime pour GERESO sont un parfait \u00e9quilibre entre le savoir-faire (les outils de PNL) et le savoir-\u00eatre. Car apr\u00e8s tout, l\u2019un ne va pas sans l\u2019autre. Il faut bien avoir conscience que les outils sont d\u2019une grande utilit\u00e9, mais seulement si on a une bonne connaissance de soi et de ce que l\u2019on a comme but.<\/p>\n<p style=\"text-align: justify;\">Ensuite, il y a un commentaire qui est souvent fait \u00e0 propos de mes formations. J\u2019arrive \u00e0 instaurer un climat de confiance et de s\u00e9curit\u00e9, ce qui est tout simplement indispensable pour progresser. Les personnes peuvent s\u2019exprimer et apprendre des autres en confiance et c\u2018est ce qui fait la diff\u00e9rence.<\/p>\n","protected":false},"excerpt":{"rendered":"<p>Coach professionnelle, formatrice et enseignante certifi\u00e9e en PNL, Maryel Sauv\u00e9 intervient pour GERESO en tant que consultante en d\u00e9veloppement personnel. Notre consultante qu\u00e9b\u00e9coise a accept\u00e9 de r\u00e9pondre \u00e0 quelques questions sur ses sujets de pr\u00e9dilection\u00a0: l\u2019intelligence \u00e9motionnelle, l\u2019intelligence intuitive et le leadership au f\u00e9minin ainsi que sur les outils de PNL. &nbsp; Dans un premier [&hellip;]<\/p>\n","protected":false},"author":32,"featured_media":236,"comment_status":"open","ping_status":"open","sticky":false,"template":"","format":"standard","meta":{"_acf_changed":false,"_mi_skip_tracking":false,"footnotes":""},"categories":[9],"tags":[447,537,538],"class_list":["post-3596","post","type-post","status-publish","format-standard","has-post-thumbnail","hentry","category-developpement-personnel-et-efficacite-professionnelle","tag-formation-developpement-personnel","tag-intelligence-intuitive","tag-leadership-au-feminin"],"acf":[],"yoast_head":"<!-- This site is optimized with the Yoast SEO plugin v23.4 - https:\/\/yoast.com\/wordpress\/plugins\/seo\/ -->\n<title>Interview de Maryel Sauv\u00e9 : consultante en d\u00e9veloppement personnel ! - Le Blog GERESO<\/title>\n<meta name=\"robots\" content=\"index, follow, max-snippet:-1, max-image-preview:large, max-video-preview:-1\" \/>\n<link rel=\"canonical\" href=\"https:\/\/www.gereso.com\/actualites\/2014\/10\/20\/interview-de-maryel-sauve-consultante-en-developpement-personnel\/\" \/>\n<meta property=\"og:locale\" content=\"fr_FR\" \/>\n<meta property=\"og:type\" content=\"article\" \/>\n<meta property=\"og:title\" content=\"Interview de Maryel Sauv\u00e9 : consultante en d\u00e9veloppement personnel ! - Le Blog GERESO\" \/>\n<meta property=\"og:description\" content=\"Coach professionnelle, formatrice et enseignante certifi\u00e9e en PNL, Maryel Sauv\u00e9 intervient pour GERESO en tant que consultante en d\u00e9veloppement personnel. Notre consultante qu\u00e9b\u00e9coise a accept\u00e9 de r\u00e9pondre \u00e0 quelques questions sur ses sujets de pr\u00e9dilection\u00a0: l\u2019intelligence \u00e9motionnelle, l\u2019intelligence intuitive et le leadership au f\u00e9minin ainsi que sur les outils de PNL. &nbsp; Dans un premier [&hellip;]\" \/>\n<meta property=\"og:url\" content=\"https:\/\/www.gereso.com\/actualites\/2014\/10\/20\/interview-de-maryel-sauve-consultante-en-developpement-personnel\/\" \/>\n<meta property=\"og:site_name\" content=\"Le Blog GERESO\" \/>\n<meta property=\"article:published_time\" content=\"2014-10-20T07:16:23+00:00\" \/>\n<meta property=\"article:modified_time\" content=\"2017-04-04T12:21:20+00:00\" \/>\n<meta property=\"og:image\" content=\"https:\/\/www.gereso.com\/actualites\/wp-content\/uploads\/2012\/02\/incertitudes-drh-1.jpg\" \/>\n\t<meta property=\"og:image:width\" content=\"414\" \/>\n\t<meta property=\"og:image:height\" content=\"414\" \/>\n\t<meta property=\"og:image:type\" content=\"image\/jpeg\" \/>\n<meta name=\"author\" content=\"\u00c9quipe GERESO\" \/>\n<meta name=\"twitter:card\" content=\"summary_large_image\" \/>\n<script type=\"application\/ld+json\" class=\"yoast-schema-graph\">{\"@context\":\"https:\/\/schema.org\",\"@graph\":[{\"@type\":\"WebPage\",\"@id\":\"https:\/\/www.gereso.com\/actualites\/2014\/10\/20\/interview-de-maryel-sauve-consultante-en-developpement-personnel\/\",\"url\":\"https:\/\/www.gereso.com\/actualites\/2014\/10\/20\/interview-de-maryel-sauve-consultante-en-developpement-personnel\/\",\"name\":\"Interview de Maryel Sauv\u00e9 : consultante en d\u00e9veloppement personnel ! - Le Blog GERESO\",\"isPartOf\":{\"@id\":\"https:\/\/www.gereso.com\/actualites\/#website\"},\"primaryImageOfPage\":{\"@id\":\"https:\/\/www.gereso.com\/actualites\/2014\/10\/20\/interview-de-maryel-sauve-consultante-en-developpement-personnel\/#primaryimage\"},\"image\":{\"@id\":\"https:\/\/www.gereso.com\/actualites\/2014\/10\/20\/interview-de-maryel-sauve-consultante-en-developpement-personnel\/#primaryimage\"},\"thumbnailUrl\":\"https:\/\/www.gereso.com\/actualites\/wp-content\/uploads\/2012\/02\/incertitudes-drh-1.jpg\",\"datePublished\":\"2014-10-20T07:16:23+00:00\",\"dateModified\":\"2017-04-04T12:21:20+00:00\",\"author\":{\"@id\":\"https:\/\/www.gereso.com\/actualites\/#\/schema\/person\/197d8aef40cb4ae3f6a0aa9e1d3df2a6\"},\"breadcrumb\":{\"@id\":\"https:\/\/www.gereso.com\/actualites\/2014\/10\/20\/interview-de-maryel-sauve-consultante-en-developpement-personnel\/#breadcrumb\"},\"inLanguage\":\"fr-FR\",\"potentialAction\":[{\"@type\":\"ReadAction\",\"target\":[\"https:\/\/www.gereso.com\/actualites\/2014\/10\/20\/interview-de-maryel-sauve-consultante-en-developpement-personnel\/\"]}]},{\"@type\":\"ImageObject\",\"inLanguage\":\"fr-FR\",\"@id\":\"https:\/\/www.gereso.com\/actualites\/2014\/10\/20\/interview-de-maryel-sauve-consultante-en-developpement-personnel\/#primaryimage\",\"url\":\"https:\/\/www.gereso.com\/actualites\/wp-content\/uploads\/2012\/02\/incertitudes-drh-1.jpg\",\"contentUrl\":\"https:\/\/www.gereso.com\/actualites\/wp-content\/uploads\/2012\/02\/incertitudes-drh-1.jpg\",\"width\":414,\"height\":414,\"caption\":\"t\"},{\"@type\":\"BreadcrumbList\",\"@id\":\"https:\/\/www.gereso.com\/actualites\/2014\/10\/20\/interview-de-maryel-sauve-consultante-en-developpement-personnel\/#breadcrumb\",\"itemListElement\":[{\"@type\":\"ListItem\",\"position\":1,\"name\":\"Home\",\"item\":\"https:\/\/www.gereso.com\/actualites\/\"},{\"@type\":\"ListItem\",\"position\":2,\"name\":\"Interview de Maryel Sauv\u00e9 : consultante en d\u00e9veloppement personnel !\"}]},{\"@type\":\"WebSite\",\"@id\":\"https:\/\/www.gereso.com\/actualites\/#website\",\"url\":\"https:\/\/www.gereso.com\/actualites\/\",\"name\":\"Le Blog GERESO\",\"description\":\"Toute l&#039;actu RH, Finance, Fonction Publique, Management...\",\"potentialAction\":[{\"@type\":\"SearchAction\",\"target\":{\"@type\":\"EntryPoint\",\"urlTemplate\":\"https:\/\/www.gereso.com\/actualites\/?s={search_term_string}\"},\"query-input\":{\"@type\":\"PropertyValueSpecification\",\"valueRequired\":true,\"valueName\":\"search_term_string\"}}],\"inLanguage\":\"fr-FR\"},{\"@type\":\"Person\",\"@id\":\"https:\/\/www.gereso.com\/actualites\/#\/schema\/person\/197d8aef40cb4ae3f6a0aa9e1d3df2a6\",\"name\":\"\u00c9quipe GERESO\",\"image\":{\"@type\":\"ImageObject\",\"inLanguage\":\"fr-FR\",\"@id\":\"https:\/\/www.gereso.com\/actualites\/#\/schema\/person\/image\/\",\"url\":\"https:\/\/www.gereso.com\/actualites\/wp-content\/uploads\/2013\/12\/avatar-gereso-1.png\",\"contentUrl\":\"https:\/\/www.gereso.com\/actualites\/wp-content\/uploads\/2013\/12\/avatar-gereso-1.png\",\"caption\":\"\u00c9quipe GERESO\"},\"url\":\"https:\/\/www.gereso.com\/actualites\/author\/gereso\/\"}]}<\/script>\n<!-- \/ Yoast SEO plugin. -->","yoast_head_json":{"title":"Interview de Maryel Sauv\u00e9 : consultante en d\u00e9veloppement personnel ! - Le Blog GERESO","robots":{"index":"index","follow":"follow","max-snippet":"max-snippet:-1","max-image-preview":"max-image-preview:large","max-video-preview":"max-video-preview:-1"},"canonical":"https:\/\/www.gereso.com\/actualites\/2014\/10\/20\/interview-de-maryel-sauve-consultante-en-developpement-personnel\/","og_locale":"fr_FR","og_type":"article","og_title":"Interview de Maryel Sauv\u00e9 : consultante en d\u00e9veloppement personnel ! - Le Blog GERESO","og_description":"Coach professionnelle, formatrice et enseignante certifi\u00e9e en PNL, Maryel Sauv\u00e9 intervient pour GERESO en tant que consultante en d\u00e9veloppement personnel. Notre consultante qu\u00e9b\u00e9coise a accept\u00e9 de r\u00e9pondre \u00e0 quelques questions sur ses sujets de pr\u00e9dilection\u00a0: l\u2019intelligence \u00e9motionnelle, l\u2019intelligence intuitive et le leadership au f\u00e9minin ainsi que sur les outils de PNL. &nbsp; Dans un premier [&hellip;]","og_url":"https:\/\/www.gereso.com\/actualites\/2014\/10\/20\/interview-de-maryel-sauve-consultante-en-developpement-personnel\/","og_site_name":"Le Blog GERESO","article_published_time":"2014-10-20T07:16:23+00:00","article_modified_time":"2017-04-04T12:21:20+00:00","og_image":[{"width":414,"height":414,"url":"https:\/\/www.gereso.com\/actualites\/wp-content\/uploads\/2012\/02\/incertitudes-drh-1.jpg","type":"image\/jpeg"}],"author":"\u00c9quipe GERESO","twitter_card":"summary_large_image","schema":{"@context":"https:\/\/schema.org","@graph":[{"@type":"WebPage","@id":"https:\/\/www.gereso.com\/actualites\/2014\/10\/20\/interview-de-maryel-sauve-consultante-en-developpement-personnel\/","url":"https:\/\/www.gereso.com\/actualites\/2014\/10\/20\/interview-de-maryel-sauve-consultante-en-developpement-personnel\/","name":"Interview de Maryel Sauv\u00e9 : consultante en d\u00e9veloppement personnel ! - Le Blog GERESO","isPartOf":{"@id":"https:\/\/www.gereso.com\/actualites\/#website"},"primaryImageOfPage":{"@id":"https:\/\/www.gereso.com\/actualites\/2014\/10\/20\/interview-de-maryel-sauve-consultante-en-developpement-personnel\/#primaryimage"},"image":{"@id":"https:\/\/www.gereso.com\/actualites\/2014\/10\/20\/interview-de-maryel-sauve-consultante-en-developpement-personnel\/#primaryimage"},"thumbnailUrl":"https:\/\/www.gereso.com\/actualites\/wp-content\/uploads\/2012\/02\/incertitudes-drh-1.jpg","datePublished":"2014-10-20T07:16:23+00:00","dateModified":"2017-04-04T12:21:20+00:00","author":{"@id":"https:\/\/www.gereso.com\/actualites\/#\/schema\/person\/197d8aef40cb4ae3f6a0aa9e1d3df2a6"},"breadcrumb":{"@id":"https:\/\/www.gereso.com\/actualites\/2014\/10\/20\/interview-de-maryel-sauve-consultante-en-developpement-personnel\/#breadcrumb"},"inLanguage":"fr-FR","potentialAction":[{"@type":"ReadAction","target":["https:\/\/www.gereso.com\/actualites\/2014\/10\/20\/interview-de-maryel-sauve-consultante-en-developpement-personnel\/"]}]},{"@type":"ImageObject","inLanguage":"fr-FR","@id":"https:\/\/www.gereso.com\/actualites\/2014\/10\/20\/interview-de-maryel-sauve-consultante-en-developpement-personnel\/#primaryimage","url":"https:\/\/www.gereso.com\/actualites\/wp-content\/uploads\/2012\/02\/incertitudes-drh-1.jpg","contentUrl":"https:\/\/www.gereso.com\/actualites\/wp-content\/uploads\/2012\/02\/incertitudes-drh-1.jpg","width":414,"height":414,"caption":"t"},{"@type":"BreadcrumbList","@id":"https:\/\/www.gereso.com\/actualites\/2014\/10\/20\/interview-de-maryel-sauve-consultante-en-developpement-personnel\/#breadcrumb","itemListElement":[{"@type":"ListItem","position":1,"name":"Home","item":"https:\/\/www.gereso.com\/actualites\/"},{"@type":"ListItem","position":2,"name":"Interview de Maryel Sauv\u00e9 : consultante en d\u00e9veloppement personnel !"}]},{"@type":"WebSite","@id":"https:\/\/www.gereso.com\/actualites\/#website","url":"https:\/\/www.gereso.com\/actualites\/","name":"Le Blog GERESO","description":"Toute l&#039;actu RH, Finance, Fonction Publique, Management...","potentialAction":[{"@type":"SearchAction","target":{"@type":"EntryPoint","urlTemplate":"https:\/\/www.gereso.com\/actualites\/?s={search_term_string}"},"query-input":{"@type":"PropertyValueSpecification","valueRequired":true,"valueName":"search_term_string"}}],"inLanguage":"fr-FR"},{"@type":"Person","@id":"https:\/\/www.gereso.com\/actualites\/#\/schema\/person\/197d8aef40cb4ae3f6a0aa9e1d3df2a6","name":"\u00c9quipe GERESO","image":{"@type":"ImageObject","inLanguage":"fr-FR","@id":"https:\/\/www.gereso.com\/actualites\/#\/schema\/person\/image\/","url":"https:\/\/www.gereso.com\/actualites\/wp-content\/uploads\/2013\/12\/avatar-gereso-1.png","contentUrl":"https:\/\/www.gereso.com\/actualites\/wp-content\/uploads\/2013\/12\/avatar-gereso-1.png","caption":"\u00c9quipe GERESO"},"url":"https:\/\/www.gereso.com\/actualites\/author\/gereso\/"}]}},"_links":{"self":[{"href":"https:\/\/www.gereso.com\/actualites\/wp-json\/wp\/v2\/posts\/3596","targetHints":{"allow":["GET"]}}],"collection":[{"href":"https:\/\/www.gereso.com\/actualites\/wp-json\/wp\/v2\/posts"}],"about":[{"href":"https:\/\/www.gereso.com\/actualites\/wp-json\/wp\/v2\/types\/post"}],"author":[{"embeddable":true,"href":"https:\/\/www.gereso.com\/actualites\/wp-json\/wp\/v2\/users\/32"}],"replies":[{"embeddable":true,"href":"https:\/\/www.gereso.com\/actualites\/wp-json\/wp\/v2\/comments?post=3596"}],"version-history":[{"count":1,"href":"https:\/\/www.gereso.com\/actualites\/wp-json\/wp\/v2\/posts\/3596\/revisions"}],"predecessor-version":[{"id":7834,"href":"https:\/\/www.gereso.com\/actualites\/wp-json\/wp\/v2\/posts\/3596\/revisions\/7834"}],"wp:featuredmedia":[{"embeddable":true,"href":"https:\/\/www.gereso.com\/actualites\/wp-json\/wp\/v2\/media\/236"}],"wp:attachment":[{"href":"https:\/\/www.gereso.com\/actualites\/wp-json\/wp\/v2\/media?parent=3596"}],"wp:term":[{"taxonomy":"category","embeddable":true,"href":"https:\/\/www.gereso.com\/actualites\/wp-json\/wp\/v2\/categories?post=3596"},{"taxonomy":"post_tag","embeddable":true,"href":"https:\/\/www.gereso.com\/actualites\/wp-json\/wp\/v2\/tags?post=3596"}],"curies":[{"name":"wp","href":"https:\/\/api.w.org\/{rel}","templated":true}]}}