{"id":36051,"date":"2023-07-11T18:35:51","date_gmt":"2023-07-11T16:35:51","guid":{"rendered":"https:\/\/www.gereso.com\/actualites\/?p=36051"},"modified":"2023-08-28T16:16:54","modified_gmt":"2023-08-28T14:16:54","slug":"taux-dinteret-legal-pour-le-second-semestre-2023","status":"publish","type":"post","link":"https:\/\/www.gereso.com\/actualites\/2023\/07\/11\/taux-dinteret-legal-pour-le-second-semestre-2023\/","title":{"rendered":"Taux d\u2019int\u00e9r\u00eat l\u00e9gal pour le second semestre 2023"},"content":{"rendered":"\n<p>L\u2019arr\u00eat\u00e9 du 27 juin 2023 a publi\u00e9 les taux d\u2019int\u00e9r\u00eat l\u00e9gaux applicables pour le second semestre 2023. Ces taux sont en forte augmentation par rapport au premier semestre 2023.<\/p>\n<h2><strong>Utilit\u00e9 du taux d\u2019int\u00e9r\u00eat l\u00e9gal<\/strong><\/h2>\n<p>Le <strong>taux d\u2019int\u00e9r\u00eat l\u00e9gal<\/strong> a plusieurs usages. Pour les relations entre professionnels, il sert de base au calcul du <strong>taux de p\u00e9nalit\u00e9 de retard minimum<\/strong>. Il est fix\u00e9 depuis la loi de modernisation de l\u2019\u00e9conomie (LME) \u00e0 <strong>3 fois le taux d\u2019int\u00e9r\u00eat l\u00e9gal<\/strong>. La mention du taux de p\u00e9nalit\u00e9 de retard sur les factures est obligatoire depuis 2009.<\/p>\n<p><a href=\"https:\/\/www.legifrance.gouv.fr\/jorf\/id\/JORFTEXT000047752803\">L\u2019arr\u00eat\u00e9 du 27 juin<\/a> fixe pour le 2d semestre 2023, le taux de l\u2019int\u00e9r\u00eat l\u00e9gal \u00e0 4,22% pour les relations entre professionnels, soit une hausse consid\u00e9rable par rapport au premier semestre 2023 (2,06%). Le taux minimum des p\u00e9nalit\u00e9s de retard s\u2019\u00e9l\u00e8ve ainsi \u00e0 12,66% soit 3 fois 4,22% au lieu de 6,18% au premier semestre. En cas de retard de paiement, le cr\u00e9ancier peut facturer en plus des p\u00e9nalit\u00e9s de retard, une indemnit\u00e9 forfaitaire de 40 \u20ac.<\/p>\n<h2><strong>2 taux semestriels<\/strong><\/h2>\n<p>Depuis le 1<sup>er<\/sup> janvier 2015, les modalit\u00e9s de fixation du taux d\u2019int\u00e9r\u00eat l\u00e9gal ont \u00e9t\u00e9 modifi\u00e9es. Le taux d\u2019int\u00e9r\u00eat l\u00e9gal est depuis cette date publi\u00e9 tous les semestres et non plus annuellement. Autre changement majeur\u00a0; 2 taux sont d\u00e9sormais publi\u00e9s\u00a0:<\/p>\n<ul>\n<li>le taux applicable aux particuliers<\/li>\n<li>le taux applicable aux op\u00e9rations entre professionnels.<\/li>\n<\/ul>\n<p>Le d\u00e9cret du 2 octobre 2014 a mis en place 2 nouvelles formules de calcul bas\u00e9es sur le taux de refinancement de la <strong>BCE<\/strong>. Pour rappel, l\u2019ancienne formule l\u00e9gale applicable jusqu\u2019en 2014 conduisait \u00e0 la fixation de taux tr\u00e8s r\u00e9duits (0,04% en 2013 et 2014).<\/p>\n<h2><strong>Hausse des taux<\/strong><\/h2>\n<p>Les taux d\u2019int\u00e9r\u00eat l\u00e9gaux pour le second semestre 2023 ont \u00e9t\u00e9 publi\u00e9s par arr\u00eat\u00e9 publi\u00e9 au journal officiel le 27 juin 2023. Compte tenu de la hausse des taux de la BCE, les taux d\u2019int\u00e9r\u00eat l\u00e9gaux ont \u00e9galement beaucoup progress\u00e9 depuis un an\u00a0:<\/p>\n<ul>\n<li>pour les <strong>professionnels<\/strong>\u00a0: de <strong>2,06% \u00e0 4,22%<\/strong><\/li>\n<li>pour les <strong>cr\u00e9ances des personnes physiques n\u2019agissant pas pour des besoins professionnels<\/strong>\u00a0: <strong>6,82%<\/strong> contre 4,47% au titre du premier semestre 2023.<\/li>\n<\/ul>\n<p>\u00a0<\/p>\n\n\n\n<html>\n<body>\n<table border=\"1\">\n<tbody>\n<tr>\n\t<td style=\"text-align: center;\" bgcolor=\"#d10016\" width=\"253\"><p><span style=\"color: #ffffff;\"><strong>Taux d&rsquo;int\u00e9r\u00eat l\u00e9gal<\/strong><\/span><\/p><\/td>\n\t<td style=\"text-align: center;\" bgcolor=\"#d10016\" width=\"253\"><p><span style=\"color: #ffffff;\"><strong>Cr\u00e9ances des personnes physiques<\/strong><\/span><\/p><\/td>\n\t\t<td style=\"text-align: center;\" bgcolor=\"#d10016\" width=\"253\"><p><span style=\"color: #ffffff;\"><strong>Cr\u00e9ances des professionnels<\/strong><\/span><\/p><\/td>\n\n<\/tr>\n<tr>\n\t<td style=\"text-align: center; width: 134px;\"><p><strong>2d semetre 2023<\/strong><\/p><\/td>\n\t<td style=\"text-align: center; width: 134px;\"><p><strong>6,82 %<\/strong><\/p><\/td>\n\t<td style=\"text-align: center; width: 134px;\"><p><strong>4,22 %<\/strong><\/p><\/td>\n\n<\/tr>\n<tr>\n\t<td style=\"text-align: center; width: 134px;\"><p><strong>1<sup>er<\/sup> semestre 2023<\/strong><\/p><\/td>\n\t<td style=\"text-align: center; width: 134px;\"><p><strong>4,47 %<\/strong><\/p><\/td>\n\t<td style=\"text-align: center; width: 134px;\"><p><strong>2,06 %<\/strong><\/p><\/td>\n\n<tr>\n\t<td style=\"text-align: center; width: 134px;\"><p><strong>2n semestre 2022<\/strong><\/p><\/td>\n\t<td style=\"text-align: center; width: 134px;\"><p>3,15 %<\/p><\/td>\n\t\t<td style=\"text-align: center; width: 134px;\"><p>0,77 %<\/p><\/td>\n\t\n<\/tr>\n<tr>\n\t<td style=\"text-align: center; width: 134px;\"><p><strong>1<sup>er<\/sup> semestre 2022<\/strong><\/p><\/td>\n\t<td style=\"text-align: center; width: 134px;\"><p>3,13 %<\/p><\/td>\n\t\t<td style=\"text-align: center; width: 134px;\"><p>0,76 %<\/p><\/td>\n\n<\/tr>\n\n\n<\/tbody><!doctype html>\n\t<\/table>\n<html>\n<head>\n<meta charset=\"UTF-8\">\n<title>Document sans nom<\/title>\n<\/head>\n\n<body>\n<\/body>\n<\/html>\n\n","protected":false},"excerpt":{"rendered":"<p>L\u2019arr\u00eat\u00e9 du 27 juin 2023 a publi\u00e9 les taux d\u2019int\u00e9r\u00eat l\u00e9gaux applicables pour le second semestre 2023. Ces taux sont en forte augmentation par rapport au premier semestre 2023. Utilit\u00e9 du taux d\u2019int\u00e9r\u00eat l\u00e9gal Le taux d\u2019int\u00e9r\u00eat l\u00e9gal a plusieurs usages. Pour les relations entre professionnels, il sert de base au calcul du taux de [&hellip;]<\/p>\n","protected":false},"author":45,"featured_media":0,"comment_status":"open","ping_status":"open","sticky":false,"template":"","format":"quote","meta":{"_acf_changed":false,"_mi_skip_tracking":false,"footnotes":""},"categories":[12,1544,3],"tags":[1167],"class_list":["post-36051","post","type-post","status-publish","format-quote","hentry","category-actualites","category-banque","category-comptabilite-fiscalite-et-gestion-financiere","tag-taux-dinteret-legal","post_format-post-format-quote"],"acf":[],"yoast_head":"<!-- This site is optimized with the Yoast SEO plugin v23.4 - https:\/\/yoast.com\/wordpress\/plugins\/seo\/ -->\n<title>Taux d\u2019int\u00e9r\u00eat l\u00e9gal pour le second semestre 2023 - Le Blog GERESO<\/title>\n<meta name=\"robots\" content=\"index, follow, max-snippet:-1, max-image-preview:large, max-video-preview:-1\" \/>\n<link rel=\"canonical\" href=\"https:\/\/www.gereso.com\/actualites\/2023\/07\/11\/taux-dinteret-legal-pour-le-second-semestre-2023\/\" \/>\n<meta property=\"og:locale\" content=\"fr_FR\" \/>\n<meta property=\"og:type\" content=\"article\" \/>\n<meta property=\"og:title\" content=\"Taux d\u2019int\u00e9r\u00eat l\u00e9gal pour le second semestre 2023 - Le Blog GERESO\" \/>\n<meta property=\"og:description\" content=\"L\u2019arr\u00eat\u00e9 du 27 juin 2023 a publi\u00e9 les taux d\u2019int\u00e9r\u00eat l\u00e9gaux applicables pour le second semestre 2023. Ces taux sont en forte augmentation par rapport au premier semestre 2023. Utilit\u00e9 du taux d\u2019int\u00e9r\u00eat l\u00e9gal Le taux d\u2019int\u00e9r\u00eat l\u00e9gal a plusieurs usages. Pour les relations entre professionnels, il sert de base au calcul du taux de [&hellip;]\" \/>\n<meta property=\"og:url\" content=\"https:\/\/www.gereso.com\/actualites\/2023\/07\/11\/taux-dinteret-legal-pour-le-second-semestre-2023\/\" \/>\n<meta property=\"og:site_name\" content=\"Le Blog GERESO\" \/>\n<meta property=\"article:published_time\" content=\"2023-07-11T16:35:51+00:00\" \/>\n<meta property=\"article:modified_time\" content=\"2023-08-28T14:16:54+00:00\" \/>\n<meta name=\"author\" content=\"Damien P\u00e9an\" \/>\n<meta name=\"twitter:card\" content=\"summary_large_image\" \/>\n<script type=\"application\/ld+json\" class=\"yoast-schema-graph\">{\"@context\":\"https:\/\/schema.org\",\"@graph\":[{\"@type\":\"WebPage\",\"@id\":\"https:\/\/www.gereso.com\/actualites\/2023\/07\/11\/taux-dinteret-legal-pour-le-second-semestre-2023\/\",\"url\":\"https:\/\/www.gereso.com\/actualites\/2023\/07\/11\/taux-dinteret-legal-pour-le-second-semestre-2023\/\",\"name\":\"Taux d\u2019int\u00e9r\u00eat l\u00e9gal pour le second semestre 2023 - Le Blog GERESO\",\"isPartOf\":{\"@id\":\"https:\/\/www.gereso.com\/actualites\/#website\"},\"datePublished\":\"2023-07-11T16:35:51+00:00\",\"dateModified\":\"2023-08-28T14:16:54+00:00\",\"author\":{\"@id\":\"https:\/\/www.gereso.com\/actualites\/#\/schema\/person\/c91814f92d627ed4715993fbbf7c7e8d\"},\"breadcrumb\":{\"@id\":\"https:\/\/www.gereso.com\/actualites\/2023\/07\/11\/taux-dinteret-legal-pour-le-second-semestre-2023\/#breadcrumb\"},\"inLanguage\":\"fr-FR\",\"potentialAction\":[{\"@type\":\"ReadAction\",\"target\":[\"https:\/\/www.gereso.com\/actualites\/2023\/07\/11\/taux-dinteret-legal-pour-le-second-semestre-2023\/\"]}]},{\"@type\":\"BreadcrumbList\",\"@id\":\"https:\/\/www.gereso.com\/actualites\/2023\/07\/11\/taux-dinteret-legal-pour-le-second-semestre-2023\/#breadcrumb\",\"itemListElement\":[{\"@type\":\"ListItem\",\"position\":1,\"name\":\"Home\",\"item\":\"https:\/\/www.gereso.com\/actualites\/\"},{\"@type\":\"ListItem\",\"position\":2,\"name\":\"Taux d\u2019int\u00e9r\u00eat l\u00e9gal pour le second semestre 2023\"}]},{\"@type\":\"WebSite\",\"@id\":\"https:\/\/www.gereso.com\/actualites\/#website\",\"url\":\"https:\/\/www.gereso.com\/actualites\/\",\"name\":\"Le Blog GERESO\",\"description\":\"Toute l&#039;actu RH, Finance, Fonction Publique, Management...\",\"potentialAction\":[{\"@type\":\"SearchAction\",\"target\":{\"@type\":\"EntryPoint\",\"urlTemplate\":\"https:\/\/www.gereso.com\/actualites\/?s={search_term_string}\"},\"query-input\":{\"@type\":\"PropertyValueSpecification\",\"valueRequired\":true,\"valueName\":\"search_term_string\"}}],\"inLanguage\":\"fr-FR\"},{\"@type\":\"Person\",\"@id\":\"https:\/\/www.gereso.com\/actualites\/#\/schema\/person\/c91814f92d627ed4715993fbbf7c7e8d\",\"name\":\"Damien P\u00e9an\",\"image\":{\"@type\":\"ImageObject\",\"inLanguage\":\"fr-FR\",\"@id\":\"https:\/\/www.gereso.com\/actualites\/#\/schema\/person\/image\/\",\"url\":\"https:\/\/www.gereso.com\/actualites\/wp-content\/uploads\/2016\/03\/damien-pean.jpg\",\"contentUrl\":\"https:\/\/www.gereso.com\/actualites\/wp-content\/uploads\/2016\/03\/damien-pean.jpg\",\"caption\":\"Damien P\u00e9an\"},\"description\":\"Damien P\u00c9AN est titulaire du Dipl\u00f4me d'\u00e9tudes sup\u00e9rieures comptables et financi\u00e8res (DESCF). Il intervient depuis plusieurs ann\u00e9es aupr\u00e8s d'\u00e9tudiants en licence de comptabilit\u00e9 et de gestion, \u00e0 qui il enseigne le contr\u00f4le de gestion, la comptabilit\u00e9 approfondie, le management, la fiscalit\u00e9, le droit des soci\u00e9t\u00e9s et le droit du travail. Il intervient \u00e9galement en formation continue pour le compte de divers organismes de formation sur des th\u00e9matiques techniques en comptabilit\u00e9 et fiscalit\u00e9. Il forme aussi un public de non-initi\u00e9s aux fondamentaux de la finance.\",\"url\":\"https:\/\/www.gereso.com\/actualites\/author\/d-pean\/\"}]}<\/script>\n<!-- \/ Yoast SEO plugin. -->","yoast_head_json":{"title":"Taux d\u2019int\u00e9r\u00eat l\u00e9gal pour le second semestre 2023 - Le Blog GERESO","robots":{"index":"index","follow":"follow","max-snippet":"max-snippet:-1","max-image-preview":"max-image-preview:large","max-video-preview":"max-video-preview:-1"},"canonical":"https:\/\/www.gereso.com\/actualites\/2023\/07\/11\/taux-dinteret-legal-pour-le-second-semestre-2023\/","og_locale":"fr_FR","og_type":"article","og_title":"Taux d\u2019int\u00e9r\u00eat l\u00e9gal pour le second semestre 2023 - Le Blog GERESO","og_description":"L\u2019arr\u00eat\u00e9 du 27 juin 2023 a publi\u00e9 les taux d\u2019int\u00e9r\u00eat l\u00e9gaux applicables pour le second semestre 2023. Ces taux sont en forte augmentation par rapport au premier semestre 2023. Utilit\u00e9 du taux d\u2019int\u00e9r\u00eat l\u00e9gal Le taux d\u2019int\u00e9r\u00eat l\u00e9gal a plusieurs usages. Pour les relations entre professionnels, il sert de base au calcul du taux de [&hellip;]","og_url":"https:\/\/www.gereso.com\/actualites\/2023\/07\/11\/taux-dinteret-legal-pour-le-second-semestre-2023\/","og_site_name":"Le Blog GERESO","article_published_time":"2023-07-11T16:35:51+00:00","article_modified_time":"2023-08-28T14:16:54+00:00","author":"Damien P\u00e9an","twitter_card":"summary_large_image","schema":{"@context":"https:\/\/schema.org","@graph":[{"@type":"WebPage","@id":"https:\/\/www.gereso.com\/actualites\/2023\/07\/11\/taux-dinteret-legal-pour-le-second-semestre-2023\/","url":"https:\/\/www.gereso.com\/actualites\/2023\/07\/11\/taux-dinteret-legal-pour-le-second-semestre-2023\/","name":"Taux d\u2019int\u00e9r\u00eat l\u00e9gal pour le second semestre 2023 - Le Blog GERESO","isPartOf":{"@id":"https:\/\/www.gereso.com\/actualites\/#website"},"datePublished":"2023-07-11T16:35:51+00:00","dateModified":"2023-08-28T14:16:54+00:00","author":{"@id":"https:\/\/www.gereso.com\/actualites\/#\/schema\/person\/c91814f92d627ed4715993fbbf7c7e8d"},"breadcrumb":{"@id":"https:\/\/www.gereso.com\/actualites\/2023\/07\/11\/taux-dinteret-legal-pour-le-second-semestre-2023\/#breadcrumb"},"inLanguage":"fr-FR","potentialAction":[{"@type":"ReadAction","target":["https:\/\/www.gereso.com\/actualites\/2023\/07\/11\/taux-dinteret-legal-pour-le-second-semestre-2023\/"]}]},{"@type":"BreadcrumbList","@id":"https:\/\/www.gereso.com\/actualites\/2023\/07\/11\/taux-dinteret-legal-pour-le-second-semestre-2023\/#breadcrumb","itemListElement":[{"@type":"ListItem","position":1,"name":"Home","item":"https:\/\/www.gereso.com\/actualites\/"},{"@type":"ListItem","position":2,"name":"Taux d\u2019int\u00e9r\u00eat l\u00e9gal pour le second semestre 2023"}]},{"@type":"WebSite","@id":"https:\/\/www.gereso.com\/actualites\/#website","url":"https:\/\/www.gereso.com\/actualites\/","name":"Le Blog GERESO","description":"Toute l&#039;actu RH, Finance, Fonction Publique, Management...","potentialAction":[{"@type":"SearchAction","target":{"@type":"EntryPoint","urlTemplate":"https:\/\/www.gereso.com\/actualites\/?s={search_term_string}"},"query-input":{"@type":"PropertyValueSpecification","valueRequired":true,"valueName":"search_term_string"}}],"inLanguage":"fr-FR"},{"@type":"Person","@id":"https:\/\/www.gereso.com\/actualites\/#\/schema\/person\/c91814f92d627ed4715993fbbf7c7e8d","name":"Damien P\u00e9an","image":{"@type":"ImageObject","inLanguage":"fr-FR","@id":"https:\/\/www.gereso.com\/actualites\/#\/schema\/person\/image\/","url":"https:\/\/www.gereso.com\/actualites\/wp-content\/uploads\/2016\/03\/damien-pean.jpg","contentUrl":"https:\/\/www.gereso.com\/actualites\/wp-content\/uploads\/2016\/03\/damien-pean.jpg","caption":"Damien P\u00e9an"},"description":"Damien P\u00c9AN est titulaire du Dipl\u00f4me d'\u00e9tudes sup\u00e9rieures comptables et financi\u00e8res (DESCF). Il intervient depuis plusieurs ann\u00e9es aupr\u00e8s d'\u00e9tudiants en licence de comptabilit\u00e9 et de gestion, \u00e0 qui il enseigne le contr\u00f4le de gestion, la comptabilit\u00e9 approfondie, le management, la fiscalit\u00e9, le droit des soci\u00e9t\u00e9s et le droit du travail. Il intervient \u00e9galement en formation continue pour le compte de divers organismes de formation sur des th\u00e9matiques techniques en comptabilit\u00e9 et fiscalit\u00e9. Il forme aussi un public de non-initi\u00e9s aux fondamentaux de la finance.","url":"https:\/\/www.gereso.com\/actualites\/author\/d-pean\/"}]}},"_links":{"self":[{"href":"https:\/\/www.gereso.com\/actualites\/wp-json\/wp\/v2\/posts\/36051","targetHints":{"allow":["GET"]}}],"collection":[{"href":"https:\/\/www.gereso.com\/actualites\/wp-json\/wp\/v2\/posts"}],"about":[{"href":"https:\/\/www.gereso.com\/actualites\/wp-json\/wp\/v2\/types\/post"}],"author":[{"embeddable":true,"href":"https:\/\/www.gereso.com\/actualites\/wp-json\/wp\/v2\/users\/45"}],"replies":[{"embeddable":true,"href":"https:\/\/www.gereso.com\/actualites\/wp-json\/wp\/v2\/comments?post=36051"}],"version-history":[{"count":3,"href":"https:\/\/www.gereso.com\/actualites\/wp-json\/wp\/v2\/posts\/36051\/revisions"}],"predecessor-version":[{"id":38359,"href":"https:\/\/www.gereso.com\/actualites\/wp-json\/wp\/v2\/posts\/36051\/revisions\/38359"}],"wp:attachment":[{"href":"https:\/\/www.gereso.com\/actualites\/wp-json\/wp\/v2\/media?parent=36051"}],"wp:term":[{"taxonomy":"category","embeddable":true,"href":"https:\/\/www.gereso.com\/actualites\/wp-json\/wp\/v2\/categories?post=36051"},{"taxonomy":"post_tag","embeddable":true,"href":"https:\/\/www.gereso.com\/actualites\/wp-json\/wp\/v2\/tags?post=36051"}],"curies":[{"name":"wp","href":"https:\/\/api.w.org\/{rel}","templated":true}]}}