{"id":3608,"date":"2014-10-21T16:20:06","date_gmt":"2014-10-21T14:20:06","guid":{"rendered":"https:\/\/www.gereso.com\/actualites\/?p=3608"},"modified":"2014-10-21T16:20:06","modified_gmt":"2014-10-21T14:20:06","slug":"la-journee-dactualite-sociale-gereso","status":"publish","type":"post","link":"https:\/\/www.gereso.com\/actualites\/2014\/10\/21\/la-journee-dactualite-sociale-gereso\/","title":{"rendered":"La journ\u00e9e d\u2019actualit\u00e9 sociale GERESO"},"content":{"rendered":"<p style=\"text-align: justify;\"><span style=\"font-size: 12pt;\">Le 2 d\u00e9cembre prochain, aura lieu dans les locaux de GERESO de Paris Montparnasse, une <strong>nouvelle journ\u00e9e portant sur l\u2019actualit\u00e9 sociale<\/strong>. Au programme, <strong>2 conf\u00e9rences 4 ateliers pratiques<\/strong> anim\u00e9s par nos consultants, experts dans les domaines du droit du travail, de la paie, de la retraite, des mutuelles et de la pr\u00e9voyance.<br \/>\n<\/span><\/p>\n<p style=\"text-align: justify;\"><!--more--><\/p>\n<figure id=\"attachment_3652\" aria-describedby=\"caption-attachment-3652\" style=\"width: 534px\" class=\"wp-caption aligncenter\"><img fetchpriority=\"high\" decoding=\"async\" class=\"size-full wp-image-3652\" src=\"https:\/\/www.gereso.com\/actualites\/wp-content\/uploads\/2014\/10\/Journ\u00e9e-dactu-sociale-GERESO-1.jpg\" alt=\"Journ\u00e9e d'actu sociale GERESO\" width=\"534\" height=\"356\" srcset=\"https:\/\/www.gereso.com\/actualites\/wp-content\/uploads\/2014\/10\/Journ\u00e9e-dactu-sociale-GERESO-1.jpg 534w, https:\/\/www.gereso.com\/actualites\/wp-content\/uploads\/2014\/10\/Journ\u00e9e-dactu-sociale-GERESO-1-300x200.jpg 300w\" sizes=\"(max-width: 534px) 100vw, 534px\" \/><figcaption id=\"caption-attachment-3652\" class=\"wp-caption-text\">La journ\u00e9e d&rsquo;actu sociale GERESO : pour faire le point sur toutes les nouveaut\u00e9s RH<\/figcaption><\/figure>\n<p>&nbsp;<\/p>\n<h2 style=\"text-align: justify;\"><strong>Quel est l\u2019objectif de la journ\u00e9e d\u2019actualit\u00e9 sociale organis\u00e9e par GERESO&nbsp;?<\/strong><\/h2>\n<p style=\"text-align: justify;\">Les <strong>secteurs de la paie, du droit du travail, de la retraite, de la protection sociale, des mutuelles et de la pr\u00e9voyance<\/strong> \u00e9voluent constamment. Il est donc important pour les professionnels de se tenir au courant de l\u2019avanc\u00e9e des r\u00e9formes. C\u2019est justement l&rsquo;objectif de cette journ\u00e9e d\u2019actualit\u00e9 sociale, qui a lieu 2 \u00e0 3 fois par an. 2 conf\u00e9rences et 4 ateliers permettront aux professionnels de faire le point sur les nouveaut\u00e9s ainsi que les r\u00e9formes touchant les diff\u00e9rents domaines des RH pr\u00e9c\u00e9demment cit\u00e9s. Cette journ\u00e9e sera aussi l\u2019occasion d\u2019\u00e9changer entre professionnels.<\/p>\n<p style=\"text-align: justify;\">La journ\u00e9e commencera par 2 conf\u00e9rences sur les r\u00e9formes en cours et \u00e0 venir puis continuera dans l\u2019apr\u00e8s-midi avec des ateliers concrets anim\u00e9s par nos consultants b\u00e9n\u00e9ficiant d\u2019une tr\u00e8s grande exp\u00e9rience du terrain.<\/p>\n<h2 style=\"text-align: justify;\"><strong>Le programme d\u00e9taill\u00e9 de cette journ\u00e9e Actualit\u00e9 Sociale<br \/>\n<\/strong><\/h2>\n<p>Parmi les points abord\u00e9s (le programme sera actualis\u00e9 en temps r\u00e9el en fonction de l\u2019actualit\u00e9 \u00ab\u00a0chaude\u00a0\u00bb constat\u00e9e le 2 d\u00e9cembre 2014) :<\/p>\n<p style=\"text-align: justify;\"><strong>&gt; PAIE :<\/strong> D\u00e9claration sociale Nominative \/ Pacte de responsabilit\u00e9 : modification de la cotisation allocations familiales, modification dans le calcul de la r\u00e9duction Fillon \/ Nouveau calcul des IJSS issu du d\u00e9cret du 20 ao\u00fbt 2014 \/ Loi encadrant le statut des stagiaires en entreprise \/ Circulaire ACOSS sur les apprentis \/ Pr\u00e9cisions sur le compte p\u00e9nibilit\u00e9 \/ Simplification du bulletin de paie&#8230;<\/p>\n<p style=\"text-align: justify;\"><strong>&gt; DROIT DU TRAVAIL :<\/strong> r\u00e9forme de la formation professionnelle et Compte Personnel de Formation (CPF) \/ Compte p\u00e9nibilit\u00e9 \/ Derni\u00e8res jurisprudences en mati\u00e8re de rupture conventionnelle \/ Apports de la loi sur la repr\u00e9sentativit\u00e9 des organisations patronales et syndicales \/ Modalit\u00e9s pratiques de la Base de Donn\u00e9es Unique (BDU) \/ Nouvelles obligations comptables et financi\u00e8res du CE\u2026<\/p>\n<p style=\"text-align: justify;\"><strong>&gt; RETRAITE &amp; PROTECTION SOCIALE :<\/strong> cons\u00e9quences pratiques de la r\u00e9forme des retraites de 2014 : dates de d\u00e9part, augmentation du nombre de trimestres, articulation entre compte p\u00e9nibilit\u00e9 et retraite, validation des trimestres, retraite progressive, carri\u00e8res longues \/ Incidences de la nouvelle convention d\u2019assurance ch\u00f4mage&#8230;.<\/p>\n<p style=\"text-align: justify;\"><strong>&gt; MUTUELLES &amp; PR\u00c9VOYANCE :<\/strong> incidences \u00e0 moyen terme de l\u2019ANI du 11 janvier 2013 pr\u00e9voyant la mise en place d\u2019une compl\u00e9mentaire sant\u00e9 pour tous \/ Mise en conformit\u00e9 des contrats sant\u00e9 avec les nouvelles r\u00e8gles relatives aux contrats responsables et incidences fiscales et sociales \/ Nouvelle proc\u00e9dure de s\u00e9lection des contrats ouvrant droit \u00e0 l\u2019aide \u00e0 la compl\u00e9mentaire sant\u00e9 \/ G\u00e9n\u00e9ralisation du tiers payant \u00e0 l\u2019ensemble des soins de ville&#8230;<\/p>\n<h2 style=\"text-align: justify;\"><strong>A qui s\u2019adresse cette journ\u00e9e&nbsp;?<\/strong><\/h2>\n<p style=\"text-align: justify;\">La<strong> journ\u00e9e d\u2019actualit\u00e9 sociale<\/strong> organis\u00e9e par GERESO est incontournable pour les responsables et les collaborateurs du service des ressources humaines, de l\u2019administration du personnel et de la paie. Mais elle s\u2019adresse aussi aux juristes, aux dirigeants d\u2019entreprise et aux directeurs administratif et financiers.<\/p>\n<p style=\"text-align: justify;\">Vous voulez mettre \u00e0 jour vos connaissances en ce qui concerne les r\u00e9formes du social&nbsp;? Assister \u00e0 des conf\u00e9rences et des ateliers pratiques en compagnie d\u2019autres professionnels de votre secteur d\u2019activit\u00e9&nbsp;? Compl\u00e9tez votre inscription \u00e0 l&rsquo;adresse suivante : http:\/\/www.gereso.com\/formations\/droit-du-travail\/formation-journee-actualite-sociale<\/p>\n<h2 style=\"text-align: justify;\"><strong>Qui sont les intervenants&nbsp;?<\/strong><\/h2>\n<p style=\"text-align: justify;\">Les intervenants au cours de cette journ\u00e9e sont des consultants seniors, experts dans un domaine sp\u00e9cifique des RH : \u00a0<strong>\u00a0<\/strong><\/p>\n<ul>\n<li>Barbara FOUCAUD : consultante en retraite et protection sociale<\/li>\n<li>Nadine EGAULT : consultante en retraite et protection sociale<\/li>\n<li>Fran\u00e7oise THIRY : consultante en pr\u00e9voyance, sant\u00e9, et retraite suppl\u00e9mentaire<\/li>\n<li>Antoine FONTENEAU : consultant en paie et droit social<\/li>\n<li>Alain FAUVAUD : consultant en paie et protection sociale<\/li>\n<li>Madani GUERNAOUI : consultant en droit social, sp\u00e9cialiste des relations sociales et des IRP.<\/li>\n<\/ul>\n<h2 style=\"text-align: justify;\"><strong>Comment s&rsquo;inscrire&nbsp;?<\/strong><\/h2>\n<p>Le d\u00e9tail complet de cette journ\u00e9e est disponible \u00e0 l&rsquo;adresse suivante : <a title=\"Plus d'infos sur la journ\u00e9e Actualit\u00e9s Sociales\" href=\"http:\/\/www.gereso.com\/formations\/droit-du-travail\/formation-journee-actualite-sociale\">http:\/\/www.gereso.com\/formations\/droit-du-travail\/formation-journee-actualite-sociale<\/a><\/p>\n<p style=\"text-align: justify;\">\n","protected":false},"excerpt":{"rendered":"<p>Le 2 d\u00e9cembre prochain, aura lieu dans les locaux de GERESO de Paris Montparnasse, une nouvelle journ\u00e9e portant sur l\u2019actualit\u00e9 sociale. Au programme, 2 conf\u00e9rences 4 ateliers pratiques anim\u00e9s par nos consultants, experts dans les domaines du droit du travail, de la paie, de la retraite, des mutuelles et de la pr\u00e9voyance.<\/p>\n","protected":false},"author":32,"featured_media":3652,"comment_status":"open","ping_status":"open","sticky":false,"template":"","format":"standard","meta":{"_acf_changed":false,"_mi_skip_tracking":false,"footnotes":""},"categories":[358],"tags":[545],"class_list":["post-3608","post","type-post","status-publish","format-standard","has-post-thumbnail","hentry","category-evenement","tag-journee-dactualite-sociale"],"acf":[],"yoast_head":"<!-- This site is optimized with the Yoast SEO plugin v23.4 - https:\/\/yoast.com\/wordpress\/plugins\/seo\/ -->\n<title>La journ\u00e9e d\u2019actualit\u00e9 sociale GERESO - Le Blog GERESO<\/title>\n<meta name=\"robots\" content=\"index, follow, max-snippet:-1, max-image-preview:large, max-video-preview:-1\" \/>\n<link rel=\"canonical\" href=\"https:\/\/www.gereso.com\/actualites\/2014\/10\/21\/la-journee-dactualite-sociale-gereso\/\" \/>\n<meta property=\"og:locale\" content=\"fr_FR\" \/>\n<meta property=\"og:type\" content=\"article\" \/>\n<meta property=\"og:title\" content=\"La journ\u00e9e d\u2019actualit\u00e9 sociale GERESO - Le Blog GERESO\" \/>\n<meta property=\"og:description\" content=\"Le 2 d\u00e9cembre prochain, aura lieu dans les locaux de GERESO de Paris Montparnasse, une nouvelle journ\u00e9e portant sur l\u2019actualit\u00e9 sociale. Au programme, 2 conf\u00e9rences 4 ateliers pratiques anim\u00e9s par nos consultants, experts dans les domaines du droit du travail, de la paie, de la retraite, des mutuelles et de la pr\u00e9voyance.\" \/>\n<meta property=\"og:url\" content=\"https:\/\/www.gereso.com\/actualites\/2014\/10\/21\/la-journee-dactualite-sociale-gereso\/\" \/>\n<meta property=\"og:site_name\" content=\"Le Blog GERESO\" \/>\n<meta property=\"article:published_time\" content=\"2014-10-21T14:20:06+00:00\" \/>\n<meta property=\"og:image\" content=\"https:\/\/www.gereso.com\/actualites\/wp-content\/uploads\/2014\/10\/Journ\u00e9e-dactu-sociale-GERESO-1.jpg\" \/>\n\t<meta property=\"og:image:width\" content=\"534\" \/>\n\t<meta property=\"og:image:height\" content=\"356\" \/>\n\t<meta property=\"og:image:type\" content=\"image\/jpeg\" \/>\n<meta name=\"author\" content=\"\u00c9quipe GERESO\" \/>\n<meta name=\"twitter:card\" content=\"summary_large_image\" \/>\n<script type=\"application\/ld+json\" class=\"yoast-schema-graph\">{\"@context\":\"https:\/\/schema.org\",\"@graph\":[{\"@type\":\"WebPage\",\"@id\":\"https:\/\/www.gereso.com\/actualites\/2014\/10\/21\/la-journee-dactualite-sociale-gereso\/\",\"url\":\"https:\/\/www.gereso.com\/actualites\/2014\/10\/21\/la-journee-dactualite-sociale-gereso\/\",\"name\":\"La journ\u00e9e d\u2019actualit\u00e9 sociale GERESO - Le Blog GERESO\",\"isPartOf\":{\"@id\":\"https:\/\/www.gereso.com\/actualites\/#website\"},\"primaryImageOfPage\":{\"@id\":\"https:\/\/www.gereso.com\/actualites\/2014\/10\/21\/la-journee-dactualite-sociale-gereso\/#primaryimage\"},\"image\":{\"@id\":\"https:\/\/www.gereso.com\/actualites\/2014\/10\/21\/la-journee-dactualite-sociale-gereso\/#primaryimage\"},\"thumbnailUrl\":\"https:\/\/www.gereso.com\/actualites\/wp-content\/uploads\/2014\/10\/Journ\u00e9e-dactu-sociale-GERESO-1.jpg\",\"datePublished\":\"2014-10-21T14:20:06+00:00\",\"dateModified\":\"2014-10-21T14:20:06+00:00\",\"author\":{\"@id\":\"https:\/\/www.gereso.com\/actualites\/#\/schema\/person\/197d8aef40cb4ae3f6a0aa9e1d3df2a6\"},\"breadcrumb\":{\"@id\":\"https:\/\/www.gereso.com\/actualites\/2014\/10\/21\/la-journee-dactualite-sociale-gereso\/#breadcrumb\"},\"inLanguage\":\"fr-FR\",\"potentialAction\":[{\"@type\":\"ReadAction\",\"target\":[\"https:\/\/www.gereso.com\/actualites\/2014\/10\/21\/la-journee-dactualite-sociale-gereso\/\"]}]},{\"@type\":\"ImageObject\",\"inLanguage\":\"fr-FR\",\"@id\":\"https:\/\/www.gereso.com\/actualites\/2014\/10\/21\/la-journee-dactualite-sociale-gereso\/#primaryimage\",\"url\":\"https:\/\/www.gereso.com\/actualites\/wp-content\/uploads\/2014\/10\/Journ\u00e9e-dactu-sociale-GERESO-1.jpg\",\"contentUrl\":\"https:\/\/www.gereso.com\/actualites\/wp-content\/uploads\/2014\/10\/Journ\u00e9e-dactu-sociale-GERESO-1.jpg\",\"width\":534,\"height\":356,\"caption\":\"Journ\u00e9e d'actu sociale GERESO\"},{\"@type\":\"BreadcrumbList\",\"@id\":\"https:\/\/www.gereso.com\/actualites\/2014\/10\/21\/la-journee-dactualite-sociale-gereso\/#breadcrumb\",\"itemListElement\":[{\"@type\":\"ListItem\",\"position\":1,\"name\":\"Home\",\"item\":\"https:\/\/www.gereso.com\/actualites\/\"},{\"@type\":\"ListItem\",\"position\":2,\"name\":\"La journ\u00e9e d\u2019actualit\u00e9 sociale GERESO\"}]},{\"@type\":\"WebSite\",\"@id\":\"https:\/\/www.gereso.com\/actualites\/#website\",\"url\":\"https:\/\/www.gereso.com\/actualites\/\",\"name\":\"Le Blog GERESO\",\"description\":\"Toute l&#039;actu RH, Finance, Fonction Publique, Management...\",\"potentialAction\":[{\"@type\":\"SearchAction\",\"target\":{\"@type\":\"EntryPoint\",\"urlTemplate\":\"https:\/\/www.gereso.com\/actualites\/?s={search_term_string}\"},\"query-input\":{\"@type\":\"PropertyValueSpecification\",\"valueRequired\":true,\"valueName\":\"search_term_string\"}}],\"inLanguage\":\"fr-FR\"},{\"@type\":\"Person\",\"@id\":\"https:\/\/www.gereso.com\/actualites\/#\/schema\/person\/197d8aef40cb4ae3f6a0aa9e1d3df2a6\",\"name\":\"\u00c9quipe GERESO\",\"image\":{\"@type\":\"ImageObject\",\"inLanguage\":\"fr-FR\",\"@id\":\"https:\/\/www.gereso.com\/actualites\/#\/schema\/person\/image\/\",\"url\":\"https:\/\/www.gereso.com\/actualites\/wp-content\/uploads\/2013\/12\/avatar-gereso-1.png\",\"contentUrl\":\"https:\/\/www.gereso.com\/actualites\/wp-content\/uploads\/2013\/12\/avatar-gereso-1.png\",\"caption\":\"\u00c9quipe GERESO\"},\"url\":\"https:\/\/www.gereso.com\/actualites\/author\/gereso\/\"}]}<\/script>\n<!-- \/ Yoast SEO plugin. -->","yoast_head_json":{"title":"La journ\u00e9e d\u2019actualit\u00e9 sociale GERESO - Le Blog GERESO","robots":{"index":"index","follow":"follow","max-snippet":"max-snippet:-1","max-image-preview":"max-image-preview:large","max-video-preview":"max-video-preview:-1"},"canonical":"https:\/\/www.gereso.com\/actualites\/2014\/10\/21\/la-journee-dactualite-sociale-gereso\/","og_locale":"fr_FR","og_type":"article","og_title":"La journ\u00e9e d\u2019actualit\u00e9 sociale GERESO - Le Blog GERESO","og_description":"Le 2 d\u00e9cembre prochain, aura lieu dans les locaux de GERESO de Paris Montparnasse, une nouvelle journ\u00e9e portant sur l\u2019actualit\u00e9 sociale. Au programme, 2 conf\u00e9rences 4 ateliers pratiques anim\u00e9s par nos consultants, experts dans les domaines du droit du travail, de la paie, de la retraite, des mutuelles et de la pr\u00e9voyance.","og_url":"https:\/\/www.gereso.com\/actualites\/2014\/10\/21\/la-journee-dactualite-sociale-gereso\/","og_site_name":"Le Blog GERESO","article_published_time":"2014-10-21T14:20:06+00:00","og_image":[{"width":534,"height":356,"url":"https:\/\/www.gereso.com\/actualites\/wp-content\/uploads\/2014\/10\/Journ\u00e9e-dactu-sociale-GERESO-1.jpg","type":"image\/jpeg"}],"author":"\u00c9quipe GERESO","twitter_card":"summary_large_image","schema":{"@context":"https:\/\/schema.org","@graph":[{"@type":"WebPage","@id":"https:\/\/www.gereso.com\/actualites\/2014\/10\/21\/la-journee-dactualite-sociale-gereso\/","url":"https:\/\/www.gereso.com\/actualites\/2014\/10\/21\/la-journee-dactualite-sociale-gereso\/","name":"La journ\u00e9e d\u2019actualit\u00e9 sociale GERESO - Le Blog GERESO","isPartOf":{"@id":"https:\/\/www.gereso.com\/actualites\/#website"},"primaryImageOfPage":{"@id":"https:\/\/www.gereso.com\/actualites\/2014\/10\/21\/la-journee-dactualite-sociale-gereso\/#primaryimage"},"image":{"@id":"https:\/\/www.gereso.com\/actualites\/2014\/10\/21\/la-journee-dactualite-sociale-gereso\/#primaryimage"},"thumbnailUrl":"https:\/\/www.gereso.com\/actualites\/wp-content\/uploads\/2014\/10\/Journ\u00e9e-dactu-sociale-GERESO-1.jpg","datePublished":"2014-10-21T14:20:06+00:00","dateModified":"2014-10-21T14:20:06+00:00","author":{"@id":"https:\/\/www.gereso.com\/actualites\/#\/schema\/person\/197d8aef40cb4ae3f6a0aa9e1d3df2a6"},"breadcrumb":{"@id":"https:\/\/www.gereso.com\/actualites\/2014\/10\/21\/la-journee-dactualite-sociale-gereso\/#breadcrumb"},"inLanguage":"fr-FR","potentialAction":[{"@type":"ReadAction","target":["https:\/\/www.gereso.com\/actualites\/2014\/10\/21\/la-journee-dactualite-sociale-gereso\/"]}]},{"@type":"ImageObject","inLanguage":"fr-FR","@id":"https:\/\/www.gereso.com\/actualites\/2014\/10\/21\/la-journee-dactualite-sociale-gereso\/#primaryimage","url":"https:\/\/www.gereso.com\/actualites\/wp-content\/uploads\/2014\/10\/Journ\u00e9e-dactu-sociale-GERESO-1.jpg","contentUrl":"https:\/\/www.gereso.com\/actualites\/wp-content\/uploads\/2014\/10\/Journ\u00e9e-dactu-sociale-GERESO-1.jpg","width":534,"height":356,"caption":"Journ\u00e9e d'actu sociale GERESO"},{"@type":"BreadcrumbList","@id":"https:\/\/www.gereso.com\/actualites\/2014\/10\/21\/la-journee-dactualite-sociale-gereso\/#breadcrumb","itemListElement":[{"@type":"ListItem","position":1,"name":"Home","item":"https:\/\/www.gereso.com\/actualites\/"},{"@type":"ListItem","position":2,"name":"La journ\u00e9e d\u2019actualit\u00e9 sociale GERESO"}]},{"@type":"WebSite","@id":"https:\/\/www.gereso.com\/actualites\/#website","url":"https:\/\/www.gereso.com\/actualites\/","name":"Le Blog GERESO","description":"Toute l&#039;actu RH, Finance, Fonction Publique, Management...","potentialAction":[{"@type":"SearchAction","target":{"@type":"EntryPoint","urlTemplate":"https:\/\/www.gereso.com\/actualites\/?s={search_term_string}"},"query-input":{"@type":"PropertyValueSpecification","valueRequired":true,"valueName":"search_term_string"}}],"inLanguage":"fr-FR"},{"@type":"Person","@id":"https:\/\/www.gereso.com\/actualites\/#\/schema\/person\/197d8aef40cb4ae3f6a0aa9e1d3df2a6","name":"\u00c9quipe GERESO","image":{"@type":"ImageObject","inLanguage":"fr-FR","@id":"https:\/\/www.gereso.com\/actualites\/#\/schema\/person\/image\/","url":"https:\/\/www.gereso.com\/actualites\/wp-content\/uploads\/2013\/12\/avatar-gereso-1.png","contentUrl":"https:\/\/www.gereso.com\/actualites\/wp-content\/uploads\/2013\/12\/avatar-gereso-1.png","caption":"\u00c9quipe GERESO"},"url":"https:\/\/www.gereso.com\/actualites\/author\/gereso\/"}]}},"_links":{"self":[{"href":"https:\/\/www.gereso.com\/actualites\/wp-json\/wp\/v2\/posts\/3608","targetHints":{"allow":["GET"]}}],"collection":[{"href":"https:\/\/www.gereso.com\/actualites\/wp-json\/wp\/v2\/posts"}],"about":[{"href":"https:\/\/www.gereso.com\/actualites\/wp-json\/wp\/v2\/types\/post"}],"author":[{"embeddable":true,"href":"https:\/\/www.gereso.com\/actualites\/wp-json\/wp\/v2\/users\/32"}],"replies":[{"embeddable":true,"href":"https:\/\/www.gereso.com\/actualites\/wp-json\/wp\/v2\/comments?post=3608"}],"version-history":[{"count":0,"href":"https:\/\/www.gereso.com\/actualites\/wp-json\/wp\/v2\/posts\/3608\/revisions"}],"wp:featuredmedia":[{"embeddable":true,"href":"https:\/\/www.gereso.com\/actualites\/wp-json\/wp\/v2\/media\/3652"}],"wp:attachment":[{"href":"https:\/\/www.gereso.com\/actualites\/wp-json\/wp\/v2\/media?parent=3608"}],"wp:term":[{"taxonomy":"category","embeddable":true,"href":"https:\/\/www.gereso.com\/actualites\/wp-json\/wp\/v2\/categories?post=3608"},{"taxonomy":"post_tag","embeddable":true,"href":"https:\/\/www.gereso.com\/actualites\/wp-json\/wp\/v2\/tags?post=3608"}],"curies":[{"name":"wp","href":"https:\/\/api.w.org\/{rel}","templated":true}]}}