{"id":36182,"date":"2023-07-17T10:15:17","date_gmt":"2023-07-17T08:15:17","guid":{"rendered":"https:\/\/www.gereso.com\/actualites\/?p=36182"},"modified":"2023-07-17T10:15:18","modified_gmt":"2023-07-17T08:15:18","slug":"mesures-sociales-projet-loi-justice-2023-2027","status":"publish","type":"post","link":"https:\/\/www.gereso.com\/actualites\/2023\/07\/17\/mesures-sociales-projet-loi-justice-2023-2027\/","title":{"rendered":"Les mesures sociales du projet de loi \u00ab\u00a0Justice 2023-2027\u00a0\u00bb"},"content":{"rendered":"\n\n\n<h2 style=\"color:#D10016\"><strong>La saisie des r\u00e9mun\u00e9rations mise en \u0153uvre par les commissaires de justice<\/strong><\/h2>\n\n\n\n<p>\u00c0 l\u2019heure actuelle, la proc\u00e9dure de <strong>saisie des r\u00e9mun\u00e9rations<\/strong>, qui permet \u00e0 un cr\u00e9ancier priv\u00e9 de saisir les r\u00e9mun\u00e9rations d\u2019un salari\u00e9 d\u00e9biteur, est mise en \u0153uvre sur autorisation judiciaire, apr\u00e8s \u00e9chec d&rsquo;une tentative pr\u00e9alable de conciliation men\u00e9e par le juge.<\/p>\n\n\n\n<p><em><a href=\"https:\/\/www.legifrance.gouv.fr\/codes\/section_lc\/LEGITEXT000006072050\/LEGISCTA000018487322\/#LEGISCTA000018533768\" target=\"_blank\" rel=\"noreferrer noopener\">Code du travail articles R. 3252-12 \u00e0 R. 3252-19<\/a><\/em><\/p>\n\n\n\n<p>Si la saisine est autoris\u00e9e, l&#8217;employeur se voit notifier par le greffe du tribunal judiciaire un acte de saisie des r\u00e9mun\u00e9rations. <\/p>\n\n\n\n<p><a href=\"https:\/\/www.legifrance.gouv.fr\/codes\/section_lc\/LEGITEXT000006072050\/LEGISCTA000018487322\/#LEGISCTA000018533768\" target=\"_blank\" rel=\"noreferrer noopener\">Code du travail articles R. 3252-22 et R. 3252-23<\/a><\/p>\n\n\n\n<p>Il doit ensuite adresser chaque mois au secr\u00e9tariat-greffe du tribunal judiciaire une somme \u00e9gale au plus \u00e0 la quotit\u00e9 saisissable de la r\u00e9mun\u00e9ration du salari\u00e9.<\/p>\n\n\n\n<p><a href=\"https:\/\/www.legifrance.gouv.fr\/codes\/article_lc\/LEGIARTI000018533704\/2008-05-01\" target=\"_blank\" rel=\"noreferrer noopener\">Code du travail article R. 3252-27<\/a><\/p>\n\n\n\n<p>Selon l\u2019\u00e9tude d\u2019impact du projet de loi, \u00ab la proc\u00e9dure de saisie des r\u00e9mun\u00e9rations actuelle souffre d&rsquo;un d\u00e9ficit d&rsquo;attractivit\u00e9 du fait de sa lenteur [\u2026] et de la complexit\u00e9 attach\u00e9e au formalisme d&rsquo;une proc\u00e9dure judiciaire. Elle p\u00e2tit \u00e9galement d&rsquo;un grand manque de lisibilit\u00e9 \u00bb.<\/p>\n\n\n\n<p>Le projet de loi vise \u00e0 <strong>d\u00e9judiciariser la proc\u00e9dure de saisie<\/strong> des r\u00e9mun\u00e9rations, afin d\u2019en confier la <strong>mise en \u0153uvre aux commissaires de justice<\/strong>, en leur qualit\u00e9 d\u2019officier public et minist\u00e9riel charg\u00e9 de l\u2019ex\u00e9cution sous le contr\u00f4le du juge de l\u2019ex\u00e9cution (projet de loi, art 17). Il n\u2019y aurait donc plus d\u2019intervention judiciaire pr\u00e9alable.<\/p>\n\n\n\n<p>La proc\u00e9dure d\u00e9buterait par la d\u00e9livrance d\u2019un commandement de payer que le salari\u00e9 d\u00e9biteur pourrait contester (ou \u00e0 l\u2019inverse, il pourrait conclure un accord avec le cr\u00e9ancier sur les modalit\u00e9s de paiement).<br>La saisie s&rsquo;op\u00e9rerait par la notification \u00e0 l\u2019employeur d&rsquo;un proc\u00e8s-verbal de saisie des r\u00e9mun\u00e9rations.<br>Le commissaire de justice assurerait un r\u00f4le de tiers, interface entre le d\u00e9biteur, l\u2019employeur<br>et les cr\u00e9anciers, repr\u00e9sent\u00e9s par leur mandataire.<\/p>\n\n\n\n<p>Il serait notamment charg\u00e9 de recevoir les versements effectu\u00e9s par l&#8217;employeur et de r\u00e9partir ensuite les sommes saisies aux cr\u00e9anciers.<\/p>\n\n\n\n<p><em><strong>\u00c0 noter :<\/strong><\/em> sans changement avec le droit actuel, l\u2019employeur tiers saisi s\u2019exposerait \u00e0 une amende civile en cas de manquement \u00e0 ses obligations d\u00e9claratives \u00e0 l&rsquo;\u00e9gard des cr\u00e9anciers saisissants ou au<br>paiement des causes de la saisie lorsqu&rsquo;ils ne proc\u00e8dent pas aux retenues.<\/p>\n\n\n\n<p>Les modalit\u00e9s d\u2019application de la nouvelle proc\u00e9dure seraient pr\u00e9cis\u00e9es par d\u00e9cret en Conseil d\u2019\u00c9tat pouvant comprendre, le cas \u00e9ch\u00e9ant des mesures visant \u00e0<strong> pr\u00e9server et concilier les int\u00e9r\u00eats des<br>d\u00e9biteurs, des cr\u00e9anciers et des commissaires de justice <\/strong>(ex. : plafonnement du nombre<br>d\u2019actes d\u2019ex\u00e9cution ou du montant des frais des commissaires de justice mis \u00e0 la charge des d\u00e9biteurs ; un \u00e9talement de ces frais).<\/p>\n\n\n\n<p>Ces nouvelles dispositions entreraient en vigueur \u00e0 des dates fix\u00e9es par d\u00e9cret et au plus tard le <strong>1er juillet 2025 <\/strong>(projet de loi, article 29, III). Elles s\u2019appliqueraient aux cessions des r\u00e9mun\u00e9rations et aux proc\u00e9dures de saisie des r\u00e9mun\u00e9rations en cours \u00e0 cette date.<\/p>\n\n\n\n<h2 style=\"color:#D10016\"><strong>Des mesures concernant les conseillers prud&rsquo;hommes <\/strong><\/h2>\n\n\n\n<h3 class=\"wp-block-heading\">Conditions de candidature assouplies pour certains salari\u00e9s <\/h3>\n\n\n\n<p>Selon l\u2019expos\u00e9 des motifs du projet de loi, afin de maintenir l&rsquo;attractivit\u00e9 des fonctions de conseillers prud&rsquo;hommes, les <strong>crit\u00e8res de candidature seraient assouplis pour les VRP<\/strong> (voyageurs, repr\u00e9sentants ou<br>placiers) et les salari\u00e9s exer\u00e7ant \u00e0 domicile ou en dehors de toute entreprise ou \u00e9tablissement (ex. : techniciens apr\u00e8s-vente, travailleurs agricoles, saisonniers, visiteurs m\u00e9dicaux, personnels navigants, intermittents).<\/p>\n\n\n\n<p>Ces derniers pourraient ainsi \u00eatre candidats dans le conseil de prud\u2019hommes dans le ressort duquel est <strong>situ\u00e9 leur domicile et les ressorts limitrophes de leur domicile<\/strong> <em>(projet de loi, article 8).<\/em><\/p>\n\n\n\n<h3 class=\"wp-block-heading\">Sanctions disciplinaires possibles m\u00eame en cas de cessation des fonctions prud&rsquo;homales<\/h3>\n\n\n\n<p>Le projet de loi permettrait l\u2019engagement de poursuites et le prononc\u00e9 de sanctions disciplinaires \u00e0 l\u2019encontre des conseillers prud&rsquo;hommes m\u00eame apr\u00e8s la cessation de leurs fonctions pour quelque<br>cause que ce soit (projet de loi, article 8).<\/p>\n\n\n\n<p>Les sanctions consisteraient en une interdiction d\u2019exercer les fonctions de conseiller pour une <strong>dur\u00e9e maximale de 10 ans<\/strong> ou une interdiction d\u00e9finitive d\u2019exercer.<\/p>\n\n\n\n<h2 style=\"color:#D10016\"><strong>D\u00e9lai imp\u00e9ratif pour la formation initiale des assesseurs des p\u00f4les sociaux <\/strong><\/h2>\n\n\n\n<p>Pour rappel, les assesseurs des p\u00f4les sociaux des tribunaux judiciaires, charg\u00e9s notamment des litiges relevant du contentieux de la S\u00e9curit\u00e9 sociale, ont depuis 2019 une <strong>obligation de formation initiale pr\u00e9alable \u00e0 l&rsquo;exercice de leurs fonctions<\/strong>.<\/p>\n\n\n\n<p><em><a href=\"https:\/\/www.legifrance.gouv.fr\/codes\/section_lc\/LEGITEXT000006071164\/LEGISCTA000006138027\/#LEGISCTA000038314084\" target=\"_blank\" rel=\"noreferrer noopener\">Code de l\u2019organisation judiciaire articles L 218-12 et D.218-13 \u00e0 218-17<\/a><\/em><\/p>\n\n\n\n<p>Toutefois, <strong>aucun d\u00e9lai n\u2019est pr\u00e9vu<\/strong> pour r\u00e9aliser la formation, ni aucune sanction en cas de non-ex\u00e9cution de cette obligation. La seule cons\u00e9quence est que l\u2019assesseur ne peut pas exercer de fonctions juridictionnelles, ce qui est pr\u00e9judiciable pour le bon fonctionnement de la justice.<\/p>\n\n\n\n<p>Le projet de loi pr\u00e9voit donc que tout assesseur n\u2019ayant pas satisfait \u00e0 son obligation de formation initiale, dans un d\u00e9lai fix\u00e9 par d\u00e9cret, serait r\u00e9put\u00e9 d\u00e9missionnaire (projet de loi, article 10).<\/p>\n\n\n\n<p>Selon l\u2019expos\u00e9 des motifs du projet de loi, il serait ainsi possible de mettre un terme \u00e0 leur mandat en cas de refus de l\u2019assesseur de suivre la formation ou en cas de retard excessif.<\/p>\n\n\n\n<article class=\"obj_encart-formation\">\n<div class=\"ctn_encart\">\n<h3>Votre formation sur ce th\u00e8me<\/h3>\n<h2>&nbsp;LES RENDEZ-VOUS DU DROIT SOCIAL&nbsp;<\/h2>\n<h4>4 demi-journ\u00e9es &#8211; En pr\u00e9sentiel ou \u00e0 distance<\/h4>\n<ul>\n<li><strong>Int\u00e9grer dans sa pratique les derni\u00e8res \u00e9volutions<\/strong> l\u00e9gislatives et d\u00e9cisions de jurisprudence dans le domaine du droit du travail et du droit de la s\u00e9curit\u00e9 sociale.<\/li>\n<li><strong>Analyser les incidences<\/strong>  de ces modifications sur les pratiques RH dans l&rsquo;entreprise.<\/li>\n<\/ul>\n<div class=\"ctn_btn\">\n<a class=\"obj_btn\" target=\"_blank\" href=\"https:\/\/www.gereso.com\/RDVW\" rel=\"noopener\"><span>En savoir plus<\/span><\/a>\n<a class=\"obj_btn\" target=\"_blank\" href=\"https:\/\/www.gereso.com\/client\/programme-pdf\/RDVW.pdf\" rel=\"noopener\"><span>T\u00e9l\u00e9charger le programme PDF<\/span><\/a>\n<\/div>\n<\/article>\n\n\n\n<h2 style=\"color:#D10016\"><strong>Calendrier l\u00e9gislatif <\/strong><\/h2>\n\n\n\n<p>Le gouvernement a engag\u00e9 la proc\u00e9dure acc\u00e9l\u00e9r\u00e9e pour ce projet de loi. Il doit donc \u00eatre vot\u00e9 \u00e0 l&rsquo;issue d&rsquo;une seule lecture par le S\u00e9nat et l&rsquo;Assembl\u00e9e nationale (et non pas deux lectures).<\/p>\n\n\n\n<p>Le texte a \u00e9t\u00e9 d\u00e9pos\u00e9 au S\u00e9nat le 3 mai 2023 et sera examin\u00e9 \u00e0 partir du 6 juin 2023. Apr\u00e8s son adoption, il sera examin\u00e9 par l&rsquo;Assembl\u00e9e nationale. Si des dispositions sont encore en discussion, une commission mixte paritaire devra alors proposer un texte commun qui sera soumis aux deux chambres.<\/p>\n\n\n\n<p><em>Projet de loi d&rsquo;orientation et de programmation du minist\u00e8re de la justice 2023-2027<\/em><\/p>\n","protected":false},"excerpt":{"rendered":"<p>La saisie des r\u00e9mun\u00e9rations mise en \u0153uvre par les commissaires de justice \u00c0 l\u2019heure actuelle, la proc\u00e9dure de saisie des r\u00e9mun\u00e9rations, qui permet \u00e0 un cr\u00e9ancier priv\u00e9 de saisir les r\u00e9mun\u00e9rations d\u2019un salari\u00e9 d\u00e9biteur, est mise en \u0153uvre sur autorisation judiciaire, apr\u00e8s \u00e9chec d&rsquo;une tentative pr\u00e9alable de conciliation men\u00e9e par le juge. Code du travail [&hellip;]<\/p>\n","protected":false},"author":32,"featured_media":36212,"comment_status":"open","ping_status":"open","sticky":false,"template":"","format":"standard","meta":{"_acf_changed":false,"_mi_skip_tracking":false,"footnotes":""},"categories":[12,5],"tags":[],"class_list":["post-36182","post","type-post","status-publish","format-standard","has-post-thumbnail","hentry","category-actualites","category-droit-du-travail"],"acf":[],"yoast_head":"<!-- This site is optimized with the Yoast SEO plugin v23.4 - https:\/\/yoast.com\/wordpress\/plugins\/seo\/ -->\n<title>Les mesures sociales du projet de loi \u00ab\u00a0Justice 2023-2027\u00a0\u00bb - Le Blog GERESO<\/title>\n<meta name=\"robots\" content=\"index, follow, max-snippet:-1, max-image-preview:large, max-video-preview:-1\" \/>\n<link rel=\"canonical\" href=\"https:\/\/www.gereso.com\/actualites\/2023\/07\/17\/mesures-sociales-projet-loi-justice-2023-2027\/\" \/>\n<meta property=\"og:locale\" content=\"fr_FR\" \/>\n<meta property=\"og:type\" content=\"article\" \/>\n<meta property=\"og:title\" content=\"Les mesures sociales du projet de loi \u00ab\u00a0Justice 2023-2027\u00a0\u00bb - Le Blog GERESO\" \/>\n<meta property=\"og:description\" content=\"La saisie des r\u00e9mun\u00e9rations mise en \u0153uvre par les commissaires de justice \u00c0 l\u2019heure actuelle, la proc\u00e9dure de saisie des r\u00e9mun\u00e9rations, qui permet \u00e0 un cr\u00e9ancier priv\u00e9 de saisir les r\u00e9mun\u00e9rations d\u2019un salari\u00e9 d\u00e9biteur, est mise en \u0153uvre sur autorisation judiciaire, apr\u00e8s \u00e9chec d&rsquo;une tentative pr\u00e9alable de conciliation men\u00e9e par le juge. Code du travail [&hellip;]\" \/>\n<meta property=\"og:url\" content=\"https:\/\/www.gereso.com\/actualites\/2023\/07\/17\/mesures-sociales-projet-loi-justice-2023-2027\/\" \/>\n<meta property=\"og:site_name\" content=\"Le Blog GERESO\" \/>\n<meta property=\"article:published_time\" content=\"2023-07-17T08:15:17+00:00\" \/>\n<meta property=\"article:modified_time\" content=\"2023-07-17T08:15:18+00:00\" \/>\n<meta property=\"og:image\" content=\"https:\/\/www.gereso.com\/actualites\/wp-content\/uploads\/2023\/07\/mesures-sociales-justice-2023-2027.jpg\" \/>\n\t<meta property=\"og:image:width\" content=\"600\" \/>\n\t<meta property=\"og:image:height\" content=\"400\" \/>\n\t<meta property=\"og:image:type\" content=\"image\/jpeg\" \/>\n<meta name=\"author\" content=\"\u00c9quipe GERESO\" \/>\n<meta name=\"twitter:card\" content=\"summary_large_image\" \/>\n<script type=\"application\/ld+json\" class=\"yoast-schema-graph\">{\"@context\":\"https:\/\/schema.org\",\"@graph\":[{\"@type\":\"WebPage\",\"@id\":\"https:\/\/www.gereso.com\/actualites\/2023\/07\/17\/mesures-sociales-projet-loi-justice-2023-2027\/\",\"url\":\"https:\/\/www.gereso.com\/actualites\/2023\/07\/17\/mesures-sociales-projet-loi-justice-2023-2027\/\",\"name\":\"Les mesures sociales du projet de loi \u00ab\u00a0Justice 2023-2027\u00a0\u00bb - Le Blog GERESO\",\"isPartOf\":{\"@id\":\"https:\/\/www.gereso.com\/actualites\/#website\"},\"primaryImageOfPage\":{\"@id\":\"https:\/\/www.gereso.com\/actualites\/2023\/07\/17\/mesures-sociales-projet-loi-justice-2023-2027\/#primaryimage\"},\"image\":{\"@id\":\"https:\/\/www.gereso.com\/actualites\/2023\/07\/17\/mesures-sociales-projet-loi-justice-2023-2027\/#primaryimage\"},\"thumbnailUrl\":\"https:\/\/www.gereso.com\/actualites\/wp-content\/uploads\/2023\/07\/mesures-sociales-justice-2023-2027.jpg\",\"datePublished\":\"2023-07-17T08:15:17+00:00\",\"dateModified\":\"2023-07-17T08:15:18+00:00\",\"author\":{\"@id\":\"https:\/\/www.gereso.com\/actualites\/#\/schema\/person\/197d8aef40cb4ae3f6a0aa9e1d3df2a6\"},\"breadcrumb\":{\"@id\":\"https:\/\/www.gereso.com\/actualites\/2023\/07\/17\/mesures-sociales-projet-loi-justice-2023-2027\/#breadcrumb\"},\"inLanguage\":\"fr-FR\",\"potentialAction\":[{\"@type\":\"ReadAction\",\"target\":[\"https:\/\/www.gereso.com\/actualites\/2023\/07\/17\/mesures-sociales-projet-loi-justice-2023-2027\/\"]}]},{\"@type\":\"ImageObject\",\"inLanguage\":\"fr-FR\",\"@id\":\"https:\/\/www.gereso.com\/actualites\/2023\/07\/17\/mesures-sociales-projet-loi-justice-2023-2027\/#primaryimage\",\"url\":\"https:\/\/www.gereso.com\/actualites\/wp-content\/uploads\/2023\/07\/mesures-sociales-justice-2023-2027.jpg\",\"contentUrl\":\"https:\/\/www.gereso.com\/actualites\/wp-content\/uploads\/2023\/07\/mesures-sociales-justice-2023-2027.jpg\",\"width\":600,\"height\":400,\"caption\":\"Les mesures sociales du projet de loi \u00ab\u00a0Justice 2023-2027\u00a0\u00bb\"},{\"@type\":\"BreadcrumbList\",\"@id\":\"https:\/\/www.gereso.com\/actualites\/2023\/07\/17\/mesures-sociales-projet-loi-justice-2023-2027\/#breadcrumb\",\"itemListElement\":[{\"@type\":\"ListItem\",\"position\":1,\"name\":\"Home\",\"item\":\"https:\/\/www.gereso.com\/actualites\/\"},{\"@type\":\"ListItem\",\"position\":2,\"name\":\"Les mesures sociales du projet de loi \u00ab\u00a0Justice 2023-2027\u00a0\u00bb\"}]},{\"@type\":\"WebSite\",\"@id\":\"https:\/\/www.gereso.com\/actualites\/#website\",\"url\":\"https:\/\/www.gereso.com\/actualites\/\",\"name\":\"Le Blog GERESO\",\"description\":\"Toute l&#039;actu RH, Finance, Fonction Publique, Management...\",\"potentialAction\":[{\"@type\":\"SearchAction\",\"target\":{\"@type\":\"EntryPoint\",\"urlTemplate\":\"https:\/\/www.gereso.com\/actualites\/?s={search_term_string}\"},\"query-input\":{\"@type\":\"PropertyValueSpecification\",\"valueRequired\":true,\"valueName\":\"search_term_string\"}}],\"inLanguage\":\"fr-FR\"},{\"@type\":\"Person\",\"@id\":\"https:\/\/www.gereso.com\/actualites\/#\/schema\/person\/197d8aef40cb4ae3f6a0aa9e1d3df2a6\",\"name\":\"\u00c9quipe GERESO\",\"image\":{\"@type\":\"ImageObject\",\"inLanguage\":\"fr-FR\",\"@id\":\"https:\/\/www.gereso.com\/actualites\/#\/schema\/person\/image\/\",\"url\":\"https:\/\/www.gereso.com\/actualites\/wp-content\/uploads\/2013\/12\/avatar-gereso-1.png\",\"contentUrl\":\"https:\/\/www.gereso.com\/actualites\/wp-content\/uploads\/2013\/12\/avatar-gereso-1.png\",\"caption\":\"\u00c9quipe GERESO\"},\"url\":\"https:\/\/www.gereso.com\/actualites\/author\/gereso\/\"}]}<\/script>\n<!-- \/ Yoast SEO plugin. -->","yoast_head_json":{"title":"Les mesures sociales du projet de loi \u00ab\u00a0Justice 2023-2027\u00a0\u00bb - Le Blog GERESO","robots":{"index":"index","follow":"follow","max-snippet":"max-snippet:-1","max-image-preview":"max-image-preview:large","max-video-preview":"max-video-preview:-1"},"canonical":"https:\/\/www.gereso.com\/actualites\/2023\/07\/17\/mesures-sociales-projet-loi-justice-2023-2027\/","og_locale":"fr_FR","og_type":"article","og_title":"Les mesures sociales du projet de loi \u00ab\u00a0Justice 2023-2027\u00a0\u00bb - Le Blog GERESO","og_description":"La saisie des r\u00e9mun\u00e9rations mise en \u0153uvre par les commissaires de justice \u00c0 l\u2019heure actuelle, la proc\u00e9dure de saisie des r\u00e9mun\u00e9rations, qui permet \u00e0 un cr\u00e9ancier priv\u00e9 de saisir les r\u00e9mun\u00e9rations d\u2019un salari\u00e9 d\u00e9biteur, est mise en \u0153uvre sur autorisation judiciaire, apr\u00e8s \u00e9chec d&rsquo;une tentative pr\u00e9alable de conciliation men\u00e9e par le juge. Code du travail [&hellip;]","og_url":"https:\/\/www.gereso.com\/actualites\/2023\/07\/17\/mesures-sociales-projet-loi-justice-2023-2027\/","og_site_name":"Le Blog GERESO","article_published_time":"2023-07-17T08:15:17+00:00","article_modified_time":"2023-07-17T08:15:18+00:00","og_image":[{"width":600,"height":400,"url":"https:\/\/www.gereso.com\/actualites\/wp-content\/uploads\/2023\/07\/mesures-sociales-justice-2023-2027.jpg","type":"image\/jpeg"}],"author":"\u00c9quipe GERESO","twitter_card":"summary_large_image","schema":{"@context":"https:\/\/schema.org","@graph":[{"@type":"WebPage","@id":"https:\/\/www.gereso.com\/actualites\/2023\/07\/17\/mesures-sociales-projet-loi-justice-2023-2027\/","url":"https:\/\/www.gereso.com\/actualites\/2023\/07\/17\/mesures-sociales-projet-loi-justice-2023-2027\/","name":"Les mesures sociales du projet de loi \u00ab\u00a0Justice 2023-2027\u00a0\u00bb - Le Blog GERESO","isPartOf":{"@id":"https:\/\/www.gereso.com\/actualites\/#website"},"primaryImageOfPage":{"@id":"https:\/\/www.gereso.com\/actualites\/2023\/07\/17\/mesures-sociales-projet-loi-justice-2023-2027\/#primaryimage"},"image":{"@id":"https:\/\/www.gereso.com\/actualites\/2023\/07\/17\/mesures-sociales-projet-loi-justice-2023-2027\/#primaryimage"},"thumbnailUrl":"https:\/\/www.gereso.com\/actualites\/wp-content\/uploads\/2023\/07\/mesures-sociales-justice-2023-2027.jpg","datePublished":"2023-07-17T08:15:17+00:00","dateModified":"2023-07-17T08:15:18+00:00","author":{"@id":"https:\/\/www.gereso.com\/actualites\/#\/schema\/person\/197d8aef40cb4ae3f6a0aa9e1d3df2a6"},"breadcrumb":{"@id":"https:\/\/www.gereso.com\/actualites\/2023\/07\/17\/mesures-sociales-projet-loi-justice-2023-2027\/#breadcrumb"},"inLanguage":"fr-FR","potentialAction":[{"@type":"ReadAction","target":["https:\/\/www.gereso.com\/actualites\/2023\/07\/17\/mesures-sociales-projet-loi-justice-2023-2027\/"]}]},{"@type":"ImageObject","inLanguage":"fr-FR","@id":"https:\/\/www.gereso.com\/actualites\/2023\/07\/17\/mesures-sociales-projet-loi-justice-2023-2027\/#primaryimage","url":"https:\/\/www.gereso.com\/actualites\/wp-content\/uploads\/2023\/07\/mesures-sociales-justice-2023-2027.jpg","contentUrl":"https:\/\/www.gereso.com\/actualites\/wp-content\/uploads\/2023\/07\/mesures-sociales-justice-2023-2027.jpg","width":600,"height":400,"caption":"Les mesures sociales du projet de loi \u00ab\u00a0Justice 2023-2027\u00a0\u00bb"},{"@type":"BreadcrumbList","@id":"https:\/\/www.gereso.com\/actualites\/2023\/07\/17\/mesures-sociales-projet-loi-justice-2023-2027\/#breadcrumb","itemListElement":[{"@type":"ListItem","position":1,"name":"Home","item":"https:\/\/www.gereso.com\/actualites\/"},{"@type":"ListItem","position":2,"name":"Les mesures sociales du projet de loi \u00ab\u00a0Justice 2023-2027\u00a0\u00bb"}]},{"@type":"WebSite","@id":"https:\/\/www.gereso.com\/actualites\/#website","url":"https:\/\/www.gereso.com\/actualites\/","name":"Le Blog GERESO","description":"Toute l&#039;actu RH, Finance, Fonction Publique, Management...","potentialAction":[{"@type":"SearchAction","target":{"@type":"EntryPoint","urlTemplate":"https:\/\/www.gereso.com\/actualites\/?s={search_term_string}"},"query-input":{"@type":"PropertyValueSpecification","valueRequired":true,"valueName":"search_term_string"}}],"inLanguage":"fr-FR"},{"@type":"Person","@id":"https:\/\/www.gereso.com\/actualites\/#\/schema\/person\/197d8aef40cb4ae3f6a0aa9e1d3df2a6","name":"\u00c9quipe GERESO","image":{"@type":"ImageObject","inLanguage":"fr-FR","@id":"https:\/\/www.gereso.com\/actualites\/#\/schema\/person\/image\/","url":"https:\/\/www.gereso.com\/actualites\/wp-content\/uploads\/2013\/12\/avatar-gereso-1.png","contentUrl":"https:\/\/www.gereso.com\/actualites\/wp-content\/uploads\/2013\/12\/avatar-gereso-1.png","caption":"\u00c9quipe GERESO"},"url":"https:\/\/www.gereso.com\/actualites\/author\/gereso\/"}]}},"_links":{"self":[{"href":"https:\/\/www.gereso.com\/actualites\/wp-json\/wp\/v2\/posts\/36182","targetHints":{"allow":["GET"]}}],"collection":[{"href":"https:\/\/www.gereso.com\/actualites\/wp-json\/wp\/v2\/posts"}],"about":[{"href":"https:\/\/www.gereso.com\/actualites\/wp-json\/wp\/v2\/types\/post"}],"author":[{"embeddable":true,"href":"https:\/\/www.gereso.com\/actualites\/wp-json\/wp\/v2\/users\/32"}],"replies":[{"embeddable":true,"href":"https:\/\/www.gereso.com\/actualites\/wp-json\/wp\/v2\/comments?post=36182"}],"version-history":[{"count":27,"href":"https:\/\/www.gereso.com\/actualites\/wp-json\/wp\/v2\/posts\/36182\/revisions"}],"predecessor-version":[{"id":36214,"href":"https:\/\/www.gereso.com\/actualites\/wp-json\/wp\/v2\/posts\/36182\/revisions\/36214"}],"wp:featuredmedia":[{"embeddable":true,"href":"https:\/\/www.gereso.com\/actualites\/wp-json\/wp\/v2\/media\/36212"}],"wp:attachment":[{"href":"https:\/\/www.gereso.com\/actualites\/wp-json\/wp\/v2\/media?parent=36182"}],"wp:term":[{"taxonomy":"category","embeddable":true,"href":"https:\/\/www.gereso.com\/actualites\/wp-json\/wp\/v2\/categories?post=36182"},{"taxonomy":"post_tag","embeddable":true,"href":"https:\/\/www.gereso.com\/actualites\/wp-json\/wp\/v2\/tags?post=36182"}],"curies":[{"name":"wp","href":"https:\/\/api.w.org\/{rel}","templated":true}]}}