{"id":36215,"date":"2023-07-17T11:16:59","date_gmt":"2023-07-17T09:16:59","guid":{"rendered":"https:\/\/www.gereso.com\/actualites\/?p=36215"},"modified":"2023-07-17T11:17:02","modified_gmt":"2023-07-17T09:17:02","slug":"sort-departs-retraite-prevus-2023","status":"publish","type":"post","link":"https:\/\/www.gereso.com\/actualites\/2023\/07\/17\/sort-departs-retraite-prevus-2023\/","title":{"rendered":"Le sort des d\u00e9parts \u00e0 la retraite pr\u00e9vus sur 2023"},"content":{"rendered":"\n\n\n<h2 style=\"color:#D10016\"><strong>Changement de r\u00e8gles au 1<sup>er<\/sup> septembre 2023<\/strong><\/h2>\n\n\n\n<h3 class=\"wp-block-heading\">Rel\u00e8vement de l\u2019\u00e2ge de la retraite<\/h3>\n\n\n\n<p>La loi du 14 avril 2023 qui porte la r\u00e9forme des retraites pr\u00e9voit le rel\u00e8vement progressif de l\u2019\u00e2ge l\u00e9gal de d\u00e9part \u00e0 la retraite de 62 \u00e0 64 ans, \u00e0 compter du 1er septembre 2023.<\/p>\n\n\n\n<p><em>Loi article 10, I, 2\u00b0, B ; Code de la S\u00e9curit\u00e9 social article L. 161-17-2 modifi\u00e9<\/em><\/p>\n\n\n\n<p>L\u2019\u00e2ge l\u00e9gal sera augment\u00e9 de 3 mois par g\u00e9n\u00e9ration, \u00e0 compter de celle n\u00e9e \u00e0 partir de septembre 1961, pour atteindre 64 ans pour les g\u00e9n\u00e9rations n\u00e9es \u00e0 partir de 1968.<\/p>\n\n\n\n<h3 class=\"wp-block-heading\">Augmentation de la dur\u00e9e d&rsquo;assurance requise<\/h3>\n\n\n\n<p>Pour obtenir une pension de vieillesse de base \u00e0 taux plein (50 %), les assur\u00e9s doivent justifier, \u00e0 partir de l\u2019\u00e2ge l\u00e9gal de d\u00e9part, d\u2019un nombre minimal de trimestres d\u2019assurance (ou de p\u00e9riodes reconnues \u00e9quivalentes), tous r\u00e9gimes confondus.<\/p>\n\n\n\n<p><em><a href=\"https:\/\/www.legifrance.gouv.fr\/codes\/section_lc\/LEGITEXT000006073189\/LEGISCTA000006141622\/#LEGISCTA000006141622\" target=\"_blank\" rel=\"noreferrer noopener\">Code de la S\u00e9curit\u00e9 sociale article L. 351-1 et R. 351-27 <\/a><\/em><\/p>\n\n\n\n<p>Si ce n\u2019est pas le cas, le taux de la pension est affect\u00e9 d\u2019un coefficient de minoration (ou d\u00e9cote).<\/p>\n\n\n\n<p><em>Code de la S\u00e9curit\u00e9 sociale article R. 351-27<\/em><\/p>\n\n\n\n<p>\u00c0 compter du 1er septembre2023, la loi acc\u00e9l\u00e8re le passage \u00e0 une dur\u00e9e de cotisations \u00e043 ans (ou 172 trimestres) pr\u00e9vu par la r\u00e9forme \u00ab Touraine \u00bb.<\/p>\n\n\n\n<p><em>Loi article 10, I, 3\u00b0, B ; Code de la S\u00e9curit\u00e9 sociale article L. 161-17-3 modifi\u00e9<\/em><\/p>\n\n\n\n<p>Cette acc\u00e9l\u00e9ration va d\u00e9buter avec la g\u00e9n\u00e9ration n\u00e9e en septembre 1961, au rythme de 1 trimestre par an (au lieu de 1 trimestre tous les 3 ans dans le cadre de la r\u00e9forme \u00ab&nbsp;Touraine&nbsp;\u00bb). Toutefois, afin de lisser la mont\u00e9e en charge de cette mesure, la dur\u00e9e d\u2019assurance requise pour la g\u00e9n\u00e9ration n\u00e9e entre 1962 sera la m\u00eame que pour celle n\u00e9e entre le 1<sup>er<\/sup> septembre et le 31 d\u00e9cembre 1961. <\/p>\n\n\n\n<h3 class=\"wp-block-heading\">Obtention automatique du taux plein<\/h3>\n\n\n\n<p>Actuellement, les assur\u00e9s qui atteignent l\u2019\u00e2ge l\u00e9gal de la retraite augment\u00e9 de 5 ans (soit 67 ans) peuvent  partir \u00e0 la retraite au taux plein (50 %) m\u00eame s\u2019ils ne justifient pas de la dur\u00e9e d\u2019assurance requise ou de p\u00e9riodes \u00e9quivalentes dans le r\u00e9gime g\u00e9n\u00e9ral et un ou plusieurs autres r\u00e9gimes obligatoires.<\/p>\n\n\n\n<p><em><a href=\"https:\/\/www.legifrance.gouv.fr\/codes\/article_lc\/LEGIARTI000028498855\" target=\"_blank\" rel=\"noreferrer noopener\">Code de la S\u00e9curit\u00e9 sociale article L. 351-8, 1\u00b0<\/a><\/em><\/p>\n\n\n\n<p>Aucune d\u00e9cote n\u2019est appliqu\u00e9e au montant de leur pension.<\/p>\n\n\n\n<p>La loi pr\u00e9voit que l\u2019\u00e2ge qui permet d\u2019obtenir automatiquement une pension de vieillesse \u00e0 taux plein, quelle que soit la dur\u00e9e d\u2019assurance de l\u2019assur\u00e9 reste de 67 ans.<\/p>\n\n\n\n<p><em>Loi article 10, I, 5\u00b0 ; Code de la S\u00e9curit\u00e9 sociale article L. 351-8, 1\u00b0 modifi\u00e9<\/em><\/p>\n\n\n\n<h3 class=\"wp-block-heading\">D\u00e9part \u00e0 la retraite avant la fin ao\u00fbt 2023<\/h3>\n\n\n\n<p>Pour le salari\u00e9 qui a pr\u00e9vu de partir \u00e0 la retraite avant le 1<sup>er<\/sup> septembre 2023 et a d\u2019ores et d\u00e9j\u00e0 organis\u00e9 son d\u00e9part (annonce de la rupture du contrat de travail et demande de liquidation de la retraite aupr\u00e8s de la S\u00e9curit\u00e9 sociale et de l\u2019AGIRC-ARRCO), ce sont les r\u00e8gles actuelles qui s\u2019appliquent (ex. : \u00e2ge de la retraite \u00e0 62 ans).<\/p>\n\n\n\n<p>Son d\u00e9part en retraite n\u2019est donc pas remis en cause par la r\u00e9forme.<\/p>\n\n\n\n<h2 style=\"color:#D10016\"><strong>D\u00e9parts \u00e0 la retraite pr\u00e9vus \u00e0 partir du 1er septembre 2023<\/strong><\/h2>\n\n\n\n<h3 class=\"wp-block-heading\">Application des nouvelles r\u00e8gles<\/h3>\n\n\n\n<p>La r\u00e9forme des retraites sera applicable aux pensions qui prendront effet \u00e0 compter du 1er septembre  2023. Cela peut contraindre des assur\u00e9s \u00e0 d\u00e9caler la date de liquidation de leur pension de vieillesse parce qu\u2019ils n\u2019auront pas atteint le nouvel \u00e2ge l\u00e9gal de d\u00e9part \u00e0 la retraite. Il pourra en \u00eatre de m\u00eame car ils n\u2019ont pas le taux plein et souhaiteront donc atteindre la nouvelle dur\u00e9e d\u2019assurance requise pour obtenir une pension \u00e0 taux plein.<\/p>\n\n\n\n<h3 class=\"wp-block-heading\">Le salari\u00e9 n&rsquo;avait pas fait les d\u00e9marches pour liquider sa retraite<\/h3>\n\n\n\n<p>Le salari\u00e9 pr\u00e9voyait de partir \u00e0 la retraite mais n\u2019avait pas fait les d\u00e9marches officielles aupr\u00e8s de la S\u00e9curit\u00e9 sociale pour liquider sa pension.<\/p>\n\n\n\n<p>Bien qu\u2019en ayant d\u00e9j\u00e0 discut\u00e9 avec l\u2019employeur, le salari\u00e9 va diff\u00e9rer son d\u00e9part car il n\u2019a pas l\u2019\u00e2ge requis et\/ou dur\u00e9e de cotisation requise. Il reste \u00e0 l\u2019effectif et cela peut supposer une r\u00e9vision de ce que l\u2019entreprise et lui avaient anticip\u00e9 et organis\u00e9 (prise des cong\u00e9s pay\u00e9s et du CET, embauche pour son remplacement\u2026).<\/p>\n\n\n\n<h3 class=\"wp-block-heading\">Le salari\u00e9 avait fait les d\u00e9marches pour liquider sa retraite <\/h3>\n\n\n\n<p>La salari\u00e9 avait organis\u00e9 son d\u00e9part \u00e0 la retraite&nbsp;: <\/p>\n\n\n\n<ul>\n<li>demande de liquidation de sa pension de retraite, apr\u00e8s le 31 ao\u00fbt 2023, aupr\u00e8s de la S\u00e9curit\u00e9 sociale&nbsp;;<\/li>\n<li>demande \u00e9quivalente aupr\u00e8s de sa caisse AGIRC-ARRCO&nbsp;;<\/li>\n<li>annonce de sa retraite \u00e0 l&#8217;employeur et organisation de son d\u00e9part (date de d\u00e9part, prise des CP, du CET, etc.).<\/li>\n<\/ul>\n\n\n\n<p>La loi permet aux assur\u00e9s qui ont demand\u00e9 leur pension avant le 1er septembre 2023 et dont la pension doit prendre effet apr\u00e8s le 31 ao\u00fbt 2023 de demander l\u2019annulation de leur pension ou de leur demande de pension. Les modalit\u00e9s de ce retour en arri\u00e8re seront fix\u00e9es par d\u00e9cret. <\/p>\n\n\n\n<p><em>Loi article 10, XXVI<\/em><\/p>\n\n\n\n<p>L\u00e0 aussi, cela peut obliger l\u2019entreprise \u00e0 revoir ce qu\u2019elle avait pr\u00e9vu avec le salari\u00e9 pour organiser son d\u00e9part. <\/p>\n\n\n\n<article class=\"obj_encart-formation\">\n<div class=\"ctn_encart\">\n<h3>Votre formation sur ce th\u00e8me<\/h3>\n<h2>&nbsp;ACTUALIT\u00c9S RETRAITE 2023&nbsp;<\/h2>\n<h4>2 jours &#8211; En pr\u00e9sentiel ou \u00e0 distance<\/h4>\n<ul>\n<li><strong>Analyser les incidences RH de la r\u00e9forme 2023<\/strong>, notamment sur la gestion des carri\u00e8res.<\/li>\n<li><strong>D\u00e9finir l&rsquo;\u00e2ge et le nombre de trimestres<\/strong> par g\u00e9n\u00e9ration.<\/li>\n<li><strong>Diff\u00e9rencier les diff\u00e9rentes validations de trimestres<\/strong> au r\u00e9gime g\u00e9n\u00e9ral et de points en AGIRC-ARRCO.<\/li>\n<li><strong>Distinguer les nouvelles conditions de d\u00e9part anticip\u00e9s&nbsp;:<\/strong> carri\u00e8re longue, handicap, incapacit\u00e9 permanente&#8230; et de retraite progressive.<\/li>\n<li><strong>Mesurer l&rsquo;impact de la r\u00e9forme AGIRC-ARRCO<\/strong> sur les montants des pensions.<\/li>\n<\/ul>\n<div class=\"ctn_btn\">\n<a class=\"obj_btn\" target=\"_blank\" rel=\"noopener\"><span>En savoir plus<\/span><\/a>\n<a class=\"obj_btn\" target=\"_blank\" href=\"https:\/\/www.gereso.com\/client\/programme-pdf\/ACTR.pdf\" rel=\"noopener\"><span>T\u00e9l\u00e9charger le programme PDF<\/span><\/a>\n<\/div>\n<\/article>\n\n\n\n<h2 style=\"color:#D10016\"\">Cas particulier&nbsp;: le d\u00e9part \u00e0 la retraite dans le cadre des \u00ab&nbsp;carri\u00e8res longues&nbsp;\u00bb<\/strong><\/h2>\n\n\n\n<p>Pour partir \u00e0 la retraite dans le cadre d\u2019une \u00ab carri\u00e8re longue \u00bb, \u00e0 partir du 1er septembre 2023, <br>l\u2019assur\u00e9 devra justifier d\u2019une dur\u00e9e d\u2019assurance cotis\u00e9e qui ne pourra pas \u00eatre sup\u00e9rieure \u00e0 la dur\u00e9e d\u2019assurance pr\u00e9vue pour le taux plein, soit \u00e0 terme 172 trimestres (43 ans).<\/p>\n\n\n\n<p><em>Loi articles 11, I, 6\u00b0, a, 13\u00b0, c et 16\u00b0, c ; Code de la S\u00e9curit\u00e9 sociale articles L. 351-1-1, L. 643-3 et L. 653-2 modifi\u00e9s<\/em><\/p>\n\n\n\n<p>La loi a pr\u00e9vu que les assur\u00e9s remplissant la condition d\u2019\u00e2ge de d\u00e9part anticip\u00e9 dans le cadre des carri\u00e8res  longues b\u00e9n\u00e9ficient du taux plein.<\/p>\n\n\n\n<p><em>Loi articles 11, 10\u00b0, c, 15\u00b0 et 18\u00b0 ; Code de la S\u00e9curit\u00e9 sociale articles L. 351-8, 4 ter nouveau, L. 643-4 et L. 653-4 modifi\u00e9s<\/em><\/p>\n\n\n\n<p>L\u2019objectif est, selon l\u2019expos\u00e9 des motifs de l\u2019amendement \u00e0 l\u2019origine de cette mesure, que les assur\u00e9s n\u00e9s en 1962 et 1963 puissent partir en retraite anticip\u00e9e pour carri\u00e8res longues selon les conditions actuelles (avant r\u00e9forme), avec une pension \u00e0 taux plein.<\/p>\n\n\n\n<p>Les projets de d\u00e9part \u00e0 la retraite de ces salari\u00e9s devraient donc pouvoir \u00eatre maintenus en l\u2019\u00e9tat.<\/p>\n\n\n\n<p><a href=\"https:\/\/www.legifrance.gouv.fr\/jorf\/id\/JORFTEXT000047445077\" target=\"_blank\" rel=\"noreferrer noopener\"><em>Loi 2023-270 du 14 avril 2023, JO du 15<\/em><\/a><\/p>\n\n\n\n<p><\/p>\n","protected":false},"excerpt":{"rendered":"<p>Changement de r\u00e8gles au 1er septembre 2023 Rel\u00e8vement de l\u2019\u00e2ge de la retraite La loi du 14 avril 2023 qui porte la r\u00e9forme des retraites pr\u00e9voit le rel\u00e8vement progressif de l\u2019\u00e2ge l\u00e9gal de d\u00e9part \u00e0 la retraite de 62 \u00e0 64 ans, \u00e0 compter du 1er septembre 2023. Loi article 10, I, 2\u00b0, B ; [&hellip;]<\/p>\n","protected":false},"author":32,"featured_media":36294,"comment_status":"open","ping_status":"open","sticky":false,"template":"","format":"standard","meta":{"_acf_changed":false,"_mi_skip_tracking":false,"footnotes":""},"categories":[12,4],"tags":[],"class_list":["post-36215","post","type-post","status-publish","format-standard","has-post-thumbnail","hentry","category-actualites","category-retraite-et-protection-sociale"],"acf":[],"yoast_head":"<!-- This site is optimized with the Yoast SEO plugin v23.4 - https:\/\/yoast.com\/wordpress\/plugins\/seo\/ -->\n<title>Le sort des d\u00e9parts \u00e0 la retraite pr\u00e9vus sur 2023 - Le Blog GERESO<\/title>\n<meta name=\"robots\" content=\"index, follow, max-snippet:-1, max-image-preview:large, max-video-preview:-1\" \/>\n<link rel=\"canonical\" href=\"https:\/\/www.gereso.com\/actualites\/2023\/07\/17\/sort-departs-retraite-prevus-2023\/\" \/>\n<meta property=\"og:locale\" content=\"fr_FR\" \/>\n<meta property=\"og:type\" content=\"article\" \/>\n<meta property=\"og:title\" content=\"Le sort des d\u00e9parts \u00e0 la retraite pr\u00e9vus sur 2023 - Le Blog GERESO\" \/>\n<meta property=\"og:description\" content=\"Changement de r\u00e8gles au 1er septembre 2023 Rel\u00e8vement de l\u2019\u00e2ge de la retraite La loi du 14 avril 2023 qui porte la r\u00e9forme des retraites pr\u00e9voit le rel\u00e8vement progressif de l\u2019\u00e2ge l\u00e9gal de d\u00e9part \u00e0 la retraite de 62 \u00e0 64 ans, \u00e0 compter du 1er septembre 2023. Loi article 10, I, 2\u00b0, B ; [&hellip;]\" \/>\n<meta property=\"og:url\" content=\"https:\/\/www.gereso.com\/actualites\/2023\/07\/17\/sort-departs-retraite-prevus-2023\/\" \/>\n<meta property=\"og:site_name\" content=\"Le Blog GERESO\" \/>\n<meta property=\"article:published_time\" content=\"2023-07-17T09:16:59+00:00\" \/>\n<meta property=\"article:modified_time\" content=\"2023-07-17T09:17:02+00:00\" \/>\n<meta property=\"og:image\" content=\"https:\/\/www.gereso.com\/actualites\/wp-content\/uploads\/2023\/07\/sort-departs-retraite-2023.jpg\" \/>\n\t<meta property=\"og:image:width\" content=\"600\" \/>\n\t<meta property=\"og:image:height\" content=\"400\" \/>\n\t<meta property=\"og:image:type\" content=\"image\/jpeg\" \/>\n<meta name=\"author\" content=\"\u00c9quipe GERESO\" \/>\n<meta name=\"twitter:card\" content=\"summary_large_image\" \/>\n<script type=\"application\/ld+json\" class=\"yoast-schema-graph\">{\"@context\":\"https:\/\/schema.org\",\"@graph\":[{\"@type\":\"WebPage\",\"@id\":\"https:\/\/www.gereso.com\/actualites\/2023\/07\/17\/sort-departs-retraite-prevus-2023\/\",\"url\":\"https:\/\/www.gereso.com\/actualites\/2023\/07\/17\/sort-departs-retraite-prevus-2023\/\",\"name\":\"Le sort des d\u00e9parts \u00e0 la retraite pr\u00e9vus sur 2023 - Le Blog GERESO\",\"isPartOf\":{\"@id\":\"https:\/\/www.gereso.com\/actualites\/#website\"},\"primaryImageOfPage\":{\"@id\":\"https:\/\/www.gereso.com\/actualites\/2023\/07\/17\/sort-departs-retraite-prevus-2023\/#primaryimage\"},\"image\":{\"@id\":\"https:\/\/www.gereso.com\/actualites\/2023\/07\/17\/sort-departs-retraite-prevus-2023\/#primaryimage\"},\"thumbnailUrl\":\"https:\/\/www.gereso.com\/actualites\/wp-content\/uploads\/2023\/07\/sort-departs-retraite-2023.jpg\",\"datePublished\":\"2023-07-17T09:16:59+00:00\",\"dateModified\":\"2023-07-17T09:17:02+00:00\",\"author\":{\"@id\":\"https:\/\/www.gereso.com\/actualites\/#\/schema\/person\/197d8aef40cb4ae3f6a0aa9e1d3df2a6\"},\"breadcrumb\":{\"@id\":\"https:\/\/www.gereso.com\/actualites\/2023\/07\/17\/sort-departs-retraite-prevus-2023\/#breadcrumb\"},\"inLanguage\":\"fr-FR\",\"potentialAction\":[{\"@type\":\"ReadAction\",\"target\":[\"https:\/\/www.gereso.com\/actualites\/2023\/07\/17\/sort-departs-retraite-prevus-2023\/\"]}]},{\"@type\":\"ImageObject\",\"inLanguage\":\"fr-FR\",\"@id\":\"https:\/\/www.gereso.com\/actualites\/2023\/07\/17\/sort-departs-retraite-prevus-2023\/#primaryimage\",\"url\":\"https:\/\/www.gereso.com\/actualites\/wp-content\/uploads\/2023\/07\/sort-departs-retraite-2023.jpg\",\"contentUrl\":\"https:\/\/www.gereso.com\/actualites\/wp-content\/uploads\/2023\/07\/sort-departs-retraite-2023.jpg\",\"width\":600,\"height\":400,\"caption\":\"Le sort des d\u00e9parts \u00e0 la retraite pr\u00e9vus sur 2023\"},{\"@type\":\"BreadcrumbList\",\"@id\":\"https:\/\/www.gereso.com\/actualites\/2023\/07\/17\/sort-departs-retraite-prevus-2023\/#breadcrumb\",\"itemListElement\":[{\"@type\":\"ListItem\",\"position\":1,\"name\":\"Home\",\"item\":\"https:\/\/www.gereso.com\/actualites\/\"},{\"@type\":\"ListItem\",\"position\":2,\"name\":\"Le sort des d\u00e9parts \u00e0 la retraite pr\u00e9vus sur 2023\"}]},{\"@type\":\"WebSite\",\"@id\":\"https:\/\/www.gereso.com\/actualites\/#website\",\"url\":\"https:\/\/www.gereso.com\/actualites\/\",\"name\":\"Le Blog GERESO\",\"description\":\"Toute l&#039;actu RH, Finance, Fonction Publique, Management...\",\"potentialAction\":[{\"@type\":\"SearchAction\",\"target\":{\"@type\":\"EntryPoint\",\"urlTemplate\":\"https:\/\/www.gereso.com\/actualites\/?s={search_term_string}\"},\"query-input\":{\"@type\":\"PropertyValueSpecification\",\"valueRequired\":true,\"valueName\":\"search_term_string\"}}],\"inLanguage\":\"fr-FR\"},{\"@type\":\"Person\",\"@id\":\"https:\/\/www.gereso.com\/actualites\/#\/schema\/person\/197d8aef40cb4ae3f6a0aa9e1d3df2a6\",\"name\":\"\u00c9quipe GERESO\",\"image\":{\"@type\":\"ImageObject\",\"inLanguage\":\"fr-FR\",\"@id\":\"https:\/\/www.gereso.com\/actualites\/#\/schema\/person\/image\/\",\"url\":\"https:\/\/www.gereso.com\/actualites\/wp-content\/uploads\/2013\/12\/avatar-gereso-1.png\",\"contentUrl\":\"https:\/\/www.gereso.com\/actualites\/wp-content\/uploads\/2013\/12\/avatar-gereso-1.png\",\"caption\":\"\u00c9quipe GERESO\"},\"url\":\"https:\/\/www.gereso.com\/actualites\/author\/gereso\/\"}]}<\/script>\n<!-- \/ Yoast SEO plugin. -->","yoast_head_json":{"title":"Le sort des d\u00e9parts \u00e0 la retraite pr\u00e9vus sur 2023 - Le Blog GERESO","robots":{"index":"index","follow":"follow","max-snippet":"max-snippet:-1","max-image-preview":"max-image-preview:large","max-video-preview":"max-video-preview:-1"},"canonical":"https:\/\/www.gereso.com\/actualites\/2023\/07\/17\/sort-departs-retraite-prevus-2023\/","og_locale":"fr_FR","og_type":"article","og_title":"Le sort des d\u00e9parts \u00e0 la retraite pr\u00e9vus sur 2023 - Le Blog GERESO","og_description":"Changement de r\u00e8gles au 1er septembre 2023 Rel\u00e8vement de l\u2019\u00e2ge de la retraite La loi du 14 avril 2023 qui porte la r\u00e9forme des retraites pr\u00e9voit le rel\u00e8vement progressif de l\u2019\u00e2ge l\u00e9gal de d\u00e9part \u00e0 la retraite de 62 \u00e0 64 ans, \u00e0 compter du 1er septembre 2023. Loi article 10, I, 2\u00b0, B ; [&hellip;]","og_url":"https:\/\/www.gereso.com\/actualites\/2023\/07\/17\/sort-departs-retraite-prevus-2023\/","og_site_name":"Le Blog GERESO","article_published_time":"2023-07-17T09:16:59+00:00","article_modified_time":"2023-07-17T09:17:02+00:00","og_image":[{"width":600,"height":400,"url":"https:\/\/www.gereso.com\/actualites\/wp-content\/uploads\/2023\/07\/sort-departs-retraite-2023.jpg","type":"image\/jpeg"}],"author":"\u00c9quipe GERESO","twitter_card":"summary_large_image","schema":{"@context":"https:\/\/schema.org","@graph":[{"@type":"WebPage","@id":"https:\/\/www.gereso.com\/actualites\/2023\/07\/17\/sort-departs-retraite-prevus-2023\/","url":"https:\/\/www.gereso.com\/actualites\/2023\/07\/17\/sort-departs-retraite-prevus-2023\/","name":"Le sort des d\u00e9parts \u00e0 la retraite pr\u00e9vus sur 2023 - Le Blog GERESO","isPartOf":{"@id":"https:\/\/www.gereso.com\/actualites\/#website"},"primaryImageOfPage":{"@id":"https:\/\/www.gereso.com\/actualites\/2023\/07\/17\/sort-departs-retraite-prevus-2023\/#primaryimage"},"image":{"@id":"https:\/\/www.gereso.com\/actualites\/2023\/07\/17\/sort-departs-retraite-prevus-2023\/#primaryimage"},"thumbnailUrl":"https:\/\/www.gereso.com\/actualites\/wp-content\/uploads\/2023\/07\/sort-departs-retraite-2023.jpg","datePublished":"2023-07-17T09:16:59+00:00","dateModified":"2023-07-17T09:17:02+00:00","author":{"@id":"https:\/\/www.gereso.com\/actualites\/#\/schema\/person\/197d8aef40cb4ae3f6a0aa9e1d3df2a6"},"breadcrumb":{"@id":"https:\/\/www.gereso.com\/actualites\/2023\/07\/17\/sort-departs-retraite-prevus-2023\/#breadcrumb"},"inLanguage":"fr-FR","potentialAction":[{"@type":"ReadAction","target":["https:\/\/www.gereso.com\/actualites\/2023\/07\/17\/sort-departs-retraite-prevus-2023\/"]}]},{"@type":"ImageObject","inLanguage":"fr-FR","@id":"https:\/\/www.gereso.com\/actualites\/2023\/07\/17\/sort-departs-retraite-prevus-2023\/#primaryimage","url":"https:\/\/www.gereso.com\/actualites\/wp-content\/uploads\/2023\/07\/sort-departs-retraite-2023.jpg","contentUrl":"https:\/\/www.gereso.com\/actualites\/wp-content\/uploads\/2023\/07\/sort-departs-retraite-2023.jpg","width":600,"height":400,"caption":"Le sort des d\u00e9parts \u00e0 la retraite pr\u00e9vus sur 2023"},{"@type":"BreadcrumbList","@id":"https:\/\/www.gereso.com\/actualites\/2023\/07\/17\/sort-departs-retraite-prevus-2023\/#breadcrumb","itemListElement":[{"@type":"ListItem","position":1,"name":"Home","item":"https:\/\/www.gereso.com\/actualites\/"},{"@type":"ListItem","position":2,"name":"Le sort des d\u00e9parts \u00e0 la retraite pr\u00e9vus sur 2023"}]},{"@type":"WebSite","@id":"https:\/\/www.gereso.com\/actualites\/#website","url":"https:\/\/www.gereso.com\/actualites\/","name":"Le Blog GERESO","description":"Toute l&#039;actu RH, Finance, Fonction Publique, Management...","potentialAction":[{"@type":"SearchAction","target":{"@type":"EntryPoint","urlTemplate":"https:\/\/www.gereso.com\/actualites\/?s={search_term_string}"},"query-input":{"@type":"PropertyValueSpecification","valueRequired":true,"valueName":"search_term_string"}}],"inLanguage":"fr-FR"},{"@type":"Person","@id":"https:\/\/www.gereso.com\/actualites\/#\/schema\/person\/197d8aef40cb4ae3f6a0aa9e1d3df2a6","name":"\u00c9quipe GERESO","image":{"@type":"ImageObject","inLanguage":"fr-FR","@id":"https:\/\/www.gereso.com\/actualites\/#\/schema\/person\/image\/","url":"https:\/\/www.gereso.com\/actualites\/wp-content\/uploads\/2013\/12\/avatar-gereso-1.png","contentUrl":"https:\/\/www.gereso.com\/actualites\/wp-content\/uploads\/2013\/12\/avatar-gereso-1.png","caption":"\u00c9quipe GERESO"},"url":"https:\/\/www.gereso.com\/actualites\/author\/gereso\/"}]}},"_links":{"self":[{"href":"https:\/\/www.gereso.com\/actualites\/wp-json\/wp\/v2\/posts\/36215","targetHints":{"allow":["GET"]}}],"collection":[{"href":"https:\/\/www.gereso.com\/actualites\/wp-json\/wp\/v2\/posts"}],"about":[{"href":"https:\/\/www.gereso.com\/actualites\/wp-json\/wp\/v2\/types\/post"}],"author":[{"embeddable":true,"href":"https:\/\/www.gereso.com\/actualites\/wp-json\/wp\/v2\/users\/32"}],"replies":[{"embeddable":true,"href":"https:\/\/www.gereso.com\/actualites\/wp-json\/wp\/v2\/comments?post=36215"}],"version-history":[{"count":81,"href":"https:\/\/www.gereso.com\/actualites\/wp-json\/wp\/v2\/posts\/36215\/revisions"}],"predecessor-version":[{"id":36298,"href":"https:\/\/www.gereso.com\/actualites\/wp-json\/wp\/v2\/posts\/36215\/revisions\/36298"}],"wp:featuredmedia":[{"embeddable":true,"href":"https:\/\/www.gereso.com\/actualites\/wp-json\/wp\/v2\/media\/36294"}],"wp:attachment":[{"href":"https:\/\/www.gereso.com\/actualites\/wp-json\/wp\/v2\/media?parent=36215"}],"wp:term":[{"taxonomy":"category","embeddable":true,"href":"https:\/\/www.gereso.com\/actualites\/wp-json\/wp\/v2\/categories?post=36215"},{"taxonomy":"post_tag","embeddable":true,"href":"https:\/\/www.gereso.com\/actualites\/wp-json\/wp\/v2\/tags?post=36215"}],"curies":[{"name":"wp","href":"https:\/\/api.w.org\/{rel}","templated":true}]}}