{"id":36663,"date":"2023-08-12T06:18:00","date_gmt":"2023-08-12T04:18:00","guid":{"rendered":"https:\/\/www.gereso.com\/actualites\/?p=36663"},"modified":"2023-08-12T06:18:02","modified_gmt":"2023-08-12T04:18:02","slug":"declaration-de-revenus-ouverture-du-service-de-correction-en-ligne","status":"publish","type":"post","link":"https:\/\/www.gereso.com\/actualites\/2023\/08\/12\/declaration-de-revenus-ouverture-du-service-de-correction-en-ligne\/","title":{"rendered":"D\u00e9claration de revenus\u00a0: ouverture du service de correction en ligne"},"content":{"rendered":"\n<p>Depuis le 2 ao\u00fbt 2023, les contribuables peuvent <strong>corriger en ligne<\/strong> leur d\u00e9claration des revenus per\u00e7us en 2022.<\/p>\n<h2><strong>Un service ouvert jusqu\u2019au 6 d\u00e9cembre<\/strong><\/h2>\n<p>Comme chaque ann\u00e9e, les contribuables ont r\u00e9alis\u00e9 au printemps 2023 leur <strong>d\u00e9claration des revenus per\u00e7us en 2022<\/strong>. La date limite de la d\u00e9claration en ligne d\u00e9pendait du d\u00e9partement de r\u00e9sidence\u00a0:<\/p>\n<ul>\n<li>D\u00e9partements 1 \u00e0 19\u00a0: 25 mai 2023<\/li>\n<li>D\u00e9partements 20 \u00e0 54\u00a0: 1<sup>er<\/sup> juin 2023<\/li>\n<li>D\u00e9partements 55 \u00e0 976\u00a0: 8 juin 2023.<\/li>\n<\/ul>\n<p>L\u2019administration fiscale a ensuite mis en ligne entre le 26 juillet et le 4 ao\u00fbt 2023 dans l\u2019espace particulier sur impots.gouv.fr de chaque contribuable, les <strong>avis d\u2019imposition<\/strong> 2022.<\/p>\n<p>Depuis le 2 ao\u00fbt, et <strong>jusqu\u2019au 6 d\u00e9cembre 2023<\/strong>, les contribuables ont la possibilit\u00e9 de <strong>modifier en ligne <\/strong>leur d\u00e9claration de revenus, sans risque de p\u00e9nalit\u00e9s. Le service de correction en ligne est en revanche indisponible pour les contribuables ayant d\u00e9pos\u00e9 une d\u00e9claration papier.<\/p>\n<h2><strong>Le service de correction en ligne<\/strong><\/h2>\n<p>Pour proc\u00e9der \u00e0 la correction en ligne, il suffit pour le contribuable de se connecter sur <strong>impots.gouv.fr sur l\u2019espace particulier<\/strong>. Le tableau de bord de la page d\u2019accueil permet directement de cliquer sur \u00ab\u00a0Acc\u00e9der \u00e0 la correction en ligne\u00a0\u00bb.<\/p>\n<p>La plupart des informations et montants valid\u00e9s dans la d\u00e9claration de revenus t\u00e9l\u00e9d\u00e9clar\u00e9e ou bien dans le cadre de la d\u00e9claration automatique peuvent \u00eatre modifi\u00e9s par ce biais. N\u00e9anmoins, le service de correction en ligne ne permet pas de modifier la <strong>situation familiale<\/strong> et de d\u00e9clarer un mariage, un PACS, un divorce ou un d\u00e9c\u00e8s, ni m\u00eame de d\u00e9clarer un changement d\u2019adresse. Pour r\u00e9aliser ces modifications, la seule possibilit\u00e9 en ligne est d\u2019utiliser la <strong>messagerie s\u00e9curis\u00e9e<\/strong> en s\u00e9lectionnant \u00ab\u00a0Je signale une erreur dans le calcul de mon imp\u00f4t\u00a0\u00bb.<\/p>\n<p><strong>Solde d\u00fb<\/strong><\/p>\n<p>Un solde reste d\u00fb si le montant de l\u2019imposition des revenus 2022 exc\u00e8de les pr\u00e9l\u00e8vements \u00e0 la source et acomptes pr\u00e9lev\u00e9s tout au long de l\u2019ann\u00e9e 2022. Les <strong>pr\u00e9l\u00e8vements du solde d\u00fb<\/strong> seront r\u00e9alis\u00e9s\u00a0:<\/p>\n<ul>\n<li>En une seule fois le 25 septembre 2023 pour les sommes dues inf\u00e9rieures \u00e0 300 \u20ac<\/li>\n<li>En 4 fois, les 25 septembre, 26 octobre, 27 novembre et 27 d\u00e9cembre, lorsque le solde d\u00fb exc\u00e8de 300 \u20ac.<\/li>\n<\/ul>\n","protected":false},"excerpt":{"rendered":"<p>Depuis le 2 ao\u00fbt 2023, les contribuables peuvent corriger en ligne leur d\u00e9claration des revenus per\u00e7us en 2022. Un service ouvert jusqu\u2019au 6 d\u00e9cembre Comme chaque ann\u00e9e, les contribuables ont r\u00e9alis\u00e9 au printemps 2023 leur d\u00e9claration des revenus per\u00e7us en 2022. La date limite de la d\u00e9claration en ligne d\u00e9pendait du d\u00e9partement de r\u00e9sidence\u00a0: D\u00e9partements [&hellip;]<\/p>\n","protected":false},"author":45,"featured_media":0,"comment_status":"open","ping_status":"open","sticky":false,"template":"","format":"quote","meta":{"_acf_changed":false,"_mi_skip_tracking":false,"footnotes":""},"categories":[12,3],"tags":[1441,1039],"class_list":["post-36663","post","type-post","status-publish","format-quote","hentry","category-actualites","category-comptabilite-fiscalite-et-gestion-financiere","tag-declaration-des-revenus","tag-impot-sur-le-revenu","post_format-post-format-quote"],"acf":[],"yoast_head":"<!-- This site is optimized with the Yoast SEO plugin v23.4 - https:\/\/yoast.com\/wordpress\/plugins\/seo\/ -->\n<title>D\u00e9claration de revenus\u00a0: ouverture du service de correction en ligne - Le Blog GERESO<\/title>\n<meta name=\"robots\" content=\"index, follow, max-snippet:-1, max-image-preview:large, max-video-preview:-1\" \/>\n<link rel=\"canonical\" href=\"https:\/\/www.gereso.com\/actualites\/2023\/08\/12\/declaration-de-revenus-ouverture-du-service-de-correction-en-ligne\/\" \/>\n<meta property=\"og:locale\" content=\"fr_FR\" \/>\n<meta property=\"og:type\" content=\"article\" \/>\n<meta property=\"og:title\" content=\"D\u00e9claration de revenus\u00a0: ouverture du service de correction en ligne - Le Blog GERESO\" \/>\n<meta property=\"og:description\" content=\"Depuis le 2 ao\u00fbt 2023, les contribuables peuvent corriger en ligne leur d\u00e9claration des revenus per\u00e7us en 2022. Un service ouvert jusqu\u2019au 6 d\u00e9cembre Comme chaque ann\u00e9e, les contribuables ont r\u00e9alis\u00e9 au printemps 2023 leur d\u00e9claration des revenus per\u00e7us en 2022. La date limite de la d\u00e9claration en ligne d\u00e9pendait du d\u00e9partement de r\u00e9sidence\u00a0: D\u00e9partements [&hellip;]\" \/>\n<meta property=\"og:url\" content=\"https:\/\/www.gereso.com\/actualites\/2023\/08\/12\/declaration-de-revenus-ouverture-du-service-de-correction-en-ligne\/\" \/>\n<meta property=\"og:site_name\" content=\"Le Blog GERESO\" \/>\n<meta property=\"article:published_time\" content=\"2023-08-12T04:18:00+00:00\" \/>\n<meta property=\"article:modified_time\" content=\"2023-08-12T04:18:02+00:00\" \/>\n<meta name=\"author\" content=\"Damien P\u00e9an\" \/>\n<meta name=\"twitter:card\" content=\"summary_large_image\" \/>\n<script type=\"application\/ld+json\" class=\"yoast-schema-graph\">{\"@context\":\"https:\/\/schema.org\",\"@graph\":[{\"@type\":\"WebPage\",\"@id\":\"https:\/\/www.gereso.com\/actualites\/2023\/08\/12\/declaration-de-revenus-ouverture-du-service-de-correction-en-ligne\/\",\"url\":\"https:\/\/www.gereso.com\/actualites\/2023\/08\/12\/declaration-de-revenus-ouverture-du-service-de-correction-en-ligne\/\",\"name\":\"D\u00e9claration de revenus\u00a0: ouverture du service de correction en ligne - Le Blog GERESO\",\"isPartOf\":{\"@id\":\"https:\/\/www.gereso.com\/actualites\/#website\"},\"datePublished\":\"2023-08-12T04:18:00+00:00\",\"dateModified\":\"2023-08-12T04:18:02+00:00\",\"author\":{\"@id\":\"https:\/\/www.gereso.com\/actualites\/#\/schema\/person\/c91814f92d627ed4715993fbbf7c7e8d\"},\"breadcrumb\":{\"@id\":\"https:\/\/www.gereso.com\/actualites\/2023\/08\/12\/declaration-de-revenus-ouverture-du-service-de-correction-en-ligne\/#breadcrumb\"},\"inLanguage\":\"fr-FR\",\"potentialAction\":[{\"@type\":\"ReadAction\",\"target\":[\"https:\/\/www.gereso.com\/actualites\/2023\/08\/12\/declaration-de-revenus-ouverture-du-service-de-correction-en-ligne\/\"]}]},{\"@type\":\"BreadcrumbList\",\"@id\":\"https:\/\/www.gereso.com\/actualites\/2023\/08\/12\/declaration-de-revenus-ouverture-du-service-de-correction-en-ligne\/#breadcrumb\",\"itemListElement\":[{\"@type\":\"ListItem\",\"position\":1,\"name\":\"Home\",\"item\":\"https:\/\/www.gereso.com\/actualites\/\"},{\"@type\":\"ListItem\",\"position\":2,\"name\":\"D\u00e9claration de revenus\u00a0: ouverture du service de correction en ligne\"}]},{\"@type\":\"WebSite\",\"@id\":\"https:\/\/www.gereso.com\/actualites\/#website\",\"url\":\"https:\/\/www.gereso.com\/actualites\/\",\"name\":\"Le Blog GERESO\",\"description\":\"Toute l&#039;actu RH, Finance, Fonction Publique, Management...\",\"potentialAction\":[{\"@type\":\"SearchAction\",\"target\":{\"@type\":\"EntryPoint\",\"urlTemplate\":\"https:\/\/www.gereso.com\/actualites\/?s={search_term_string}\"},\"query-input\":{\"@type\":\"PropertyValueSpecification\",\"valueRequired\":true,\"valueName\":\"search_term_string\"}}],\"inLanguage\":\"fr-FR\"},{\"@type\":\"Person\",\"@id\":\"https:\/\/www.gereso.com\/actualites\/#\/schema\/person\/c91814f92d627ed4715993fbbf7c7e8d\",\"name\":\"Damien P\u00e9an\",\"image\":{\"@type\":\"ImageObject\",\"inLanguage\":\"fr-FR\",\"@id\":\"https:\/\/www.gereso.com\/actualites\/#\/schema\/person\/image\/\",\"url\":\"https:\/\/www.gereso.com\/actualites\/wp-content\/uploads\/2016\/03\/damien-pean.jpg\",\"contentUrl\":\"https:\/\/www.gereso.com\/actualites\/wp-content\/uploads\/2016\/03\/damien-pean.jpg\",\"caption\":\"Damien P\u00e9an\"},\"description\":\"Damien P\u00c9AN est titulaire du Dipl\u00f4me d'\u00e9tudes sup\u00e9rieures comptables et financi\u00e8res (DESCF). Il intervient depuis plusieurs ann\u00e9es aupr\u00e8s d'\u00e9tudiants en licence de comptabilit\u00e9 et de gestion, \u00e0 qui il enseigne le contr\u00f4le de gestion, la comptabilit\u00e9 approfondie, le management, la fiscalit\u00e9, le droit des soci\u00e9t\u00e9s et le droit du travail. Il intervient \u00e9galement en formation continue pour le compte de divers organismes de formation sur des th\u00e9matiques techniques en comptabilit\u00e9 et fiscalit\u00e9. Il forme aussi un public de non-initi\u00e9s aux fondamentaux de la finance.\",\"url\":\"https:\/\/www.gereso.com\/actualites\/author\/d-pean\/\"}]}<\/script>\n<!-- \/ Yoast SEO plugin. -->","yoast_head_json":{"title":"D\u00e9claration de revenus\u00a0: ouverture du service de correction en ligne - Le Blog GERESO","robots":{"index":"index","follow":"follow","max-snippet":"max-snippet:-1","max-image-preview":"max-image-preview:large","max-video-preview":"max-video-preview:-1"},"canonical":"https:\/\/www.gereso.com\/actualites\/2023\/08\/12\/declaration-de-revenus-ouverture-du-service-de-correction-en-ligne\/","og_locale":"fr_FR","og_type":"article","og_title":"D\u00e9claration de revenus\u00a0: ouverture du service de correction en ligne - Le Blog GERESO","og_description":"Depuis le 2 ao\u00fbt 2023, les contribuables peuvent corriger en ligne leur d\u00e9claration des revenus per\u00e7us en 2022. Un service ouvert jusqu\u2019au 6 d\u00e9cembre Comme chaque ann\u00e9e, les contribuables ont r\u00e9alis\u00e9 au printemps 2023 leur d\u00e9claration des revenus per\u00e7us en 2022. La date limite de la d\u00e9claration en ligne d\u00e9pendait du d\u00e9partement de r\u00e9sidence\u00a0: D\u00e9partements [&hellip;]","og_url":"https:\/\/www.gereso.com\/actualites\/2023\/08\/12\/declaration-de-revenus-ouverture-du-service-de-correction-en-ligne\/","og_site_name":"Le Blog GERESO","article_published_time":"2023-08-12T04:18:00+00:00","article_modified_time":"2023-08-12T04:18:02+00:00","author":"Damien P\u00e9an","twitter_card":"summary_large_image","schema":{"@context":"https:\/\/schema.org","@graph":[{"@type":"WebPage","@id":"https:\/\/www.gereso.com\/actualites\/2023\/08\/12\/declaration-de-revenus-ouverture-du-service-de-correction-en-ligne\/","url":"https:\/\/www.gereso.com\/actualites\/2023\/08\/12\/declaration-de-revenus-ouverture-du-service-de-correction-en-ligne\/","name":"D\u00e9claration de revenus\u00a0: ouverture du service de correction en ligne - Le Blog GERESO","isPartOf":{"@id":"https:\/\/www.gereso.com\/actualites\/#website"},"datePublished":"2023-08-12T04:18:00+00:00","dateModified":"2023-08-12T04:18:02+00:00","author":{"@id":"https:\/\/www.gereso.com\/actualites\/#\/schema\/person\/c91814f92d627ed4715993fbbf7c7e8d"},"breadcrumb":{"@id":"https:\/\/www.gereso.com\/actualites\/2023\/08\/12\/declaration-de-revenus-ouverture-du-service-de-correction-en-ligne\/#breadcrumb"},"inLanguage":"fr-FR","potentialAction":[{"@type":"ReadAction","target":["https:\/\/www.gereso.com\/actualites\/2023\/08\/12\/declaration-de-revenus-ouverture-du-service-de-correction-en-ligne\/"]}]},{"@type":"BreadcrumbList","@id":"https:\/\/www.gereso.com\/actualites\/2023\/08\/12\/declaration-de-revenus-ouverture-du-service-de-correction-en-ligne\/#breadcrumb","itemListElement":[{"@type":"ListItem","position":1,"name":"Home","item":"https:\/\/www.gereso.com\/actualites\/"},{"@type":"ListItem","position":2,"name":"D\u00e9claration de revenus\u00a0: ouverture du service de correction en ligne"}]},{"@type":"WebSite","@id":"https:\/\/www.gereso.com\/actualites\/#website","url":"https:\/\/www.gereso.com\/actualites\/","name":"Le Blog GERESO","description":"Toute l&#039;actu RH, Finance, Fonction Publique, Management...","potentialAction":[{"@type":"SearchAction","target":{"@type":"EntryPoint","urlTemplate":"https:\/\/www.gereso.com\/actualites\/?s={search_term_string}"},"query-input":{"@type":"PropertyValueSpecification","valueRequired":true,"valueName":"search_term_string"}}],"inLanguage":"fr-FR"},{"@type":"Person","@id":"https:\/\/www.gereso.com\/actualites\/#\/schema\/person\/c91814f92d627ed4715993fbbf7c7e8d","name":"Damien P\u00e9an","image":{"@type":"ImageObject","inLanguage":"fr-FR","@id":"https:\/\/www.gereso.com\/actualites\/#\/schema\/person\/image\/","url":"https:\/\/www.gereso.com\/actualites\/wp-content\/uploads\/2016\/03\/damien-pean.jpg","contentUrl":"https:\/\/www.gereso.com\/actualites\/wp-content\/uploads\/2016\/03\/damien-pean.jpg","caption":"Damien P\u00e9an"},"description":"Damien P\u00c9AN est titulaire du Dipl\u00f4me d'\u00e9tudes sup\u00e9rieures comptables et financi\u00e8res (DESCF). Il intervient depuis plusieurs ann\u00e9es aupr\u00e8s d'\u00e9tudiants en licence de comptabilit\u00e9 et de gestion, \u00e0 qui il enseigne le contr\u00f4le de gestion, la comptabilit\u00e9 approfondie, le management, la fiscalit\u00e9, le droit des soci\u00e9t\u00e9s et le droit du travail. Il intervient \u00e9galement en formation continue pour le compte de divers organismes de formation sur des th\u00e9matiques techniques en comptabilit\u00e9 et fiscalit\u00e9. Il forme aussi un public de non-initi\u00e9s aux fondamentaux de la finance.","url":"https:\/\/www.gereso.com\/actualites\/author\/d-pean\/"}]}},"_links":{"self":[{"href":"https:\/\/www.gereso.com\/actualites\/wp-json\/wp\/v2\/posts\/36663","targetHints":{"allow":["GET"]}}],"collection":[{"href":"https:\/\/www.gereso.com\/actualites\/wp-json\/wp\/v2\/posts"}],"about":[{"href":"https:\/\/www.gereso.com\/actualites\/wp-json\/wp\/v2\/types\/post"}],"author":[{"embeddable":true,"href":"https:\/\/www.gereso.com\/actualites\/wp-json\/wp\/v2\/users\/45"}],"replies":[{"embeddable":true,"href":"https:\/\/www.gereso.com\/actualites\/wp-json\/wp\/v2\/comments?post=36663"}],"version-history":[{"count":1,"href":"https:\/\/www.gereso.com\/actualites\/wp-json\/wp\/v2\/posts\/36663\/revisions"}],"predecessor-version":[{"id":36664,"href":"https:\/\/www.gereso.com\/actualites\/wp-json\/wp\/v2\/posts\/36663\/revisions\/36664"}],"wp:attachment":[{"href":"https:\/\/www.gereso.com\/actualites\/wp-json\/wp\/v2\/media?parent=36663"}],"wp:term":[{"taxonomy":"category","embeddable":true,"href":"https:\/\/www.gereso.com\/actualites\/wp-json\/wp\/v2\/categories?post=36663"},{"taxonomy":"post_tag","embeddable":true,"href":"https:\/\/www.gereso.com\/actualites\/wp-json\/wp\/v2\/tags?post=36663"}],"curies":[{"name":"wp","href":"https:\/\/api.w.org\/{rel}","templated":true}]}}