{"id":36830,"date":"2023-08-28T12:06:03","date_gmt":"2023-08-28T10:06:03","guid":{"rendered":"https:\/\/www.gereso.com\/actualites\/?p=36830"},"modified":"2023-08-28T16:11:07","modified_gmt":"2023-08-28T14:11:07","slug":"echeance-du-15-septembre-acompte-de-cvae","status":"publish","type":"post","link":"https:\/\/www.gereso.com\/actualites\/2023\/08\/28\/echeance-du-15-septembre-acompte-de-cvae\/","title":{"rendered":"Ech\u00e9ance du 15 septembre\u00a0: acompte de CVAE"},"content":{"rendered":"\n<p>Les entreprises soumises \u00e0 la <strong>CVAE <\/strong>ont jusqu\u2019au <strong>15 septembre 2023<\/strong> pour payer leur <strong>second acompte<\/strong>. Il est d\u00fb seulement pour les entreprises qui se sont acquitt\u00e9es d\u2019un montant de CVAE sup\u00e9rieur \u00e0 1.500 \u20ac au titre de l&rsquo;ann\u00e9e 2022. En principe, il s\u2019agira du dernier acompte de CVAE avant sa suppression programm\u00e9e pour 2024.<\/p>\n<h2><strong>Dernier acompte\u2026en principe <\/strong><\/h2>\n<p>Les entit\u00e9s dont le chiffre d\u2019affaires est sup\u00e9rieur \u00e0 500.000 \u20ac doivent s\u2019acquitter tous les ans de la CVAE (cotisation sur la valeur ajout\u00e9e des entreprises). Elle est assise sur la valeur ajout\u00e9e fiscale produite. Le taux d\u2019imposition d\u00e9pend du montant du chiffre d\u2019affaires.<\/p>\n<p>La loi de finances pour 2023 a organis\u00e9 \u00e0 l\u2019article 55, la suppression sur 2 ans de la CVAE. En 2023, la CVAE est <strong>r\u00e9duite de moiti\u00e9<\/strong> et en 2024, elle sera d\u00e9finitivement supprim\u00e9e. \u00a0<\/p>\n<p>Compte tenu de l\u2019objectif de r\u00e9duction du d\u00e9ficit budg\u00e9taire, le Gouvernement \u00e9tudierait la possibilit\u00e9 de <strong>reporter la suppression de la CVAE<\/strong> et de l\u2019\u00e9taler sur 4 ans, de 2024 \u00e0 2027. Cette information a r\u00e9cemment \u00e9t\u00e9 publi\u00e9e dans le quotidien Les Echos.<\/p>\n<h2><strong>La d\u00e9termination de l\u2019acompte du 15 septembre<\/strong><\/h2>\n<p>Les entit\u00e9s qui se sont acquitt\u00e9es d\u2019une CVAE sup\u00e9rieure \u00e0 1.500 \u20ac au titre de l\u2019exercice clos en 2022 doivent verser en 2023, <strong>2 acomptes<\/strong>\u00a0; au 15 juin et au 15 septembre.<\/p>\n<p>Comme pour le premier acompte, celui du 15 septembre 2023 prend en compte la r\u00e9duction de moiti\u00e9 de la CVAE. Sauf remise en cause par le prochain projet de loi de finances, cet acompte devrait \u00eatre <strong>le dernier<\/strong>, la CVAE \u00e9tant en principe supprim\u00e9e en 2024.<\/p>\n<p>Chaque acompte est \u00e9gal \u00e0 50% de la CVAE due en prenant pour bases la <strong>valeur ajout\u00e9e et le chiffre d\u2019affaires de l\u2019exercice clos en 2022<\/strong>. Ces informations sont \u00e0 aller chercher dans l\u2019imprim\u00e9 2059E de la derni\u00e8re liasse fiscale d\u00e9pos\u00e9e.<\/p>\n<p>Le taux de l\u2019acompte est d\u00e9termin\u00e9 \u00e0 partir du bar\u00e8me suivant :<\/p>\n<p>\u00a0<\/p>\n\n\n\n<html>\n<body>\n<table border=\"1\">\n<tbody>\n<tr>\n\t<td style=\"text-align: center;\" bgcolor=\"#d10016\" width=\"253\"><p><span style=\"color: #ffffff;\"><strong>Montant du chiffre d&rsquo;affaires<\/strong><\/span><\/p><\/td>\n\t<td style=\"text-align: center;\" bgcolor=\"#d10016\" width=\"253\"><p><span style=\"color: #ffffff;\"><strong>Taux de CVAE<\/strong><\/span><\/p><\/td>\n\n<\/tr>\n<tr>\n\t<td style=\"text-align: center; width: 134px;\"><p>CA < 500.000 \u20ac<\/p><\/td>\n\t<td style=\"text-align: center; width: 134px;\"><p>0 %<\/p><\/td>\n\n<\/tr>\n<tr>\n\t<td style=\"text-align: center; width: 134px;\"><p>500.000 \u20ac \u2264 CA \u2264 3.000.000 \u20ac<\/p><\/td>\n\t<td style=\"text-align: center; width: 134px;\"><p>0,125% \u00d7 (CA \u2013 500.000 \u20ac) \/ 2.500.000 \u20ac<\/p><\/td>\n\n<tr>\n\t<td style=\"text-align: center; width: 134px;\"><p>3.000.000 \u20ac < CA \u2264 10.000.000 \u20ac<\/p><\/td>\n\t<td style=\"text-align: center; width: 134px;\"><p>0,125% + 0,225% x (CA \u2013 3.000.000 \u20ac) \/ 7.000.000 \u20ac<\/p><\/td>\n\t\n<\/tr>\n<tr>\n\t<td style=\"text-align: center; width: 134px;\"><p>10.000.000 \u20ac < CA \u2264 50.000.000 \u20ac<\/p><\/td>\n\t<td style=\"text-align: center; width: 134px;\"><p>0,35 % + 0,025 % \u00d7 (CA \u2013 10.000.000 \u20ac) \/ 40.000.000 \u20ac<\/p><\/td>\n\n<\/tr>\n<tr>\n\t<td style=\"text-align: center; width: 134px;\"><p>CA > 50.000.000 \u20ac<\/p><\/td>\n\t<td style=\"text-align: center; width: 134px;\"><p>0,375 %<\/p><\/td>\n\t<\/tr>\n\n<\/tbody><!doctype html>\n\t<\/table>\n<html>\n<head>\n<meta charset=\"UTF-8\">\n<title>Document sans nom<\/title>\n<\/head>\n\n<body>\n<\/body>\n<\/html>\n\n\n\n\n<p>Les entreprises r\u00e9alisant un chiffres d&rsquo;affaires inf\u00e9rieur \u00e0 2 millions \u20ac b\u00e9n\u00e9ficient d&rsquo;un <strong>d\u00e9gr\u00e8vement de 250&nbsp;\u20ac.<\/strong><\/p>\n\n\n\n<p>A cet acompte s&rsquo;ajoute la <strong>taxe traditionnelle<\/strong> affect\u00e9e au financement des CCI (chambres de commerce et d&rsquo;industrie) qui s&rsquo;\u00e9l\u00e8ve \u00e0 <strong>6,92 % du montant de l&rsquo;acompte de CVAE<\/strong>. Pour rappel, depuis 2023, les frais de gestion de 1 % sont supprim\u00e9s.<\/p>\n\n\n\n<p>L&rsquo;acompte doit \u00eatre d\u00e9clar\u00e9 sur <strong>impots.gouv.fr<\/strong>, dans l&rsquo;espace professionnel \u00e0 partir de l&rsquo;imprim\u00e9 1329-AC remplissage en ligne. <\/p>\n","protected":false},"excerpt":{"rendered":"<p>Les entreprises soumises \u00e0 la CVAE ont jusqu\u2019au 15 septembre 2023 pour payer leur second acompte. Il est d\u00fb seulement pour les entreprises qui se sont acquitt\u00e9es d\u2019un montant de CVAE sup\u00e9rieur \u00e0 1.500 \u20ac au titre de l&rsquo;ann\u00e9e 2022. En principe, il s\u2019agira du dernier acompte de CVAE avant sa suppression programm\u00e9e pour 2024. [&hellip;]<\/p>\n","protected":false},"author":45,"featured_media":0,"comment_status":"open","ping_status":"open","sticky":false,"template":"","format":"quote","meta":{"_acf_changed":false,"_mi_skip_tracking":false,"footnotes":""},"categories":[12,3],"tags":[1102],"class_list":["post-36830","post","type-post","status-publish","format-quote","hentry","category-actualites","category-comptabilite-fiscalite-et-gestion-financiere","tag-cvae","post_format-post-format-quote"],"acf":[],"yoast_head":"<!-- This site is optimized with the Yoast SEO plugin v23.4 - https:\/\/yoast.com\/wordpress\/plugins\/seo\/ -->\n<title>Ech\u00e9ance du 15 septembre\u00a0: acompte de CVAE - Le Blog GERESO<\/title>\n<meta name=\"robots\" content=\"index, follow, max-snippet:-1, max-image-preview:large, max-video-preview:-1\" \/>\n<link rel=\"canonical\" href=\"https:\/\/www.gereso.com\/actualites\/2023\/08\/28\/echeance-du-15-septembre-acompte-de-cvae\/\" \/>\n<meta property=\"og:locale\" content=\"fr_FR\" \/>\n<meta property=\"og:type\" content=\"article\" \/>\n<meta property=\"og:title\" content=\"Ech\u00e9ance du 15 septembre\u00a0: acompte de CVAE - Le Blog GERESO\" \/>\n<meta property=\"og:description\" content=\"Les entreprises soumises \u00e0 la CVAE ont jusqu\u2019au 15 septembre 2023 pour payer leur second acompte. Il est d\u00fb seulement pour les entreprises qui se sont acquitt\u00e9es d\u2019un montant de CVAE sup\u00e9rieur \u00e0 1.500 \u20ac au titre de l&rsquo;ann\u00e9e 2022. En principe, il s\u2019agira du dernier acompte de CVAE avant sa suppression programm\u00e9e pour 2024. [&hellip;]\" \/>\n<meta property=\"og:url\" content=\"https:\/\/www.gereso.com\/actualites\/2023\/08\/28\/echeance-du-15-septembre-acompte-de-cvae\/\" \/>\n<meta property=\"og:site_name\" content=\"Le Blog GERESO\" \/>\n<meta property=\"article:published_time\" content=\"2023-08-28T10:06:03+00:00\" \/>\n<meta property=\"article:modified_time\" content=\"2023-08-28T14:11:07+00:00\" \/>\n<meta name=\"author\" content=\"Damien P\u00e9an\" \/>\n<meta name=\"twitter:card\" content=\"summary_large_image\" \/>\n<script type=\"application\/ld+json\" class=\"yoast-schema-graph\">{\"@context\":\"https:\/\/schema.org\",\"@graph\":[{\"@type\":\"WebPage\",\"@id\":\"https:\/\/www.gereso.com\/actualites\/2023\/08\/28\/echeance-du-15-septembre-acompte-de-cvae\/\",\"url\":\"https:\/\/www.gereso.com\/actualites\/2023\/08\/28\/echeance-du-15-septembre-acompte-de-cvae\/\",\"name\":\"Ech\u00e9ance du 15 septembre\u00a0: acompte de CVAE - Le Blog GERESO\",\"isPartOf\":{\"@id\":\"https:\/\/www.gereso.com\/actualites\/#website\"},\"datePublished\":\"2023-08-28T10:06:03+00:00\",\"dateModified\":\"2023-08-28T14:11:07+00:00\",\"author\":{\"@id\":\"https:\/\/www.gereso.com\/actualites\/#\/schema\/person\/c91814f92d627ed4715993fbbf7c7e8d\"},\"breadcrumb\":{\"@id\":\"https:\/\/www.gereso.com\/actualites\/2023\/08\/28\/echeance-du-15-septembre-acompte-de-cvae\/#breadcrumb\"},\"inLanguage\":\"fr-FR\",\"potentialAction\":[{\"@type\":\"ReadAction\",\"target\":[\"https:\/\/www.gereso.com\/actualites\/2023\/08\/28\/echeance-du-15-septembre-acompte-de-cvae\/\"]}]},{\"@type\":\"BreadcrumbList\",\"@id\":\"https:\/\/www.gereso.com\/actualites\/2023\/08\/28\/echeance-du-15-septembre-acompte-de-cvae\/#breadcrumb\",\"itemListElement\":[{\"@type\":\"ListItem\",\"position\":1,\"name\":\"Home\",\"item\":\"https:\/\/www.gereso.com\/actualites\/\"},{\"@type\":\"ListItem\",\"position\":2,\"name\":\"Ech\u00e9ance du 15 septembre\u00a0: acompte de CVAE\"}]},{\"@type\":\"WebSite\",\"@id\":\"https:\/\/www.gereso.com\/actualites\/#website\",\"url\":\"https:\/\/www.gereso.com\/actualites\/\",\"name\":\"Le Blog GERESO\",\"description\":\"Toute l&#039;actu RH, Finance, Fonction Publique, Management...\",\"potentialAction\":[{\"@type\":\"SearchAction\",\"target\":{\"@type\":\"EntryPoint\",\"urlTemplate\":\"https:\/\/www.gereso.com\/actualites\/?s={search_term_string}\"},\"query-input\":{\"@type\":\"PropertyValueSpecification\",\"valueRequired\":true,\"valueName\":\"search_term_string\"}}],\"inLanguage\":\"fr-FR\"},{\"@type\":\"Person\",\"@id\":\"https:\/\/www.gereso.com\/actualites\/#\/schema\/person\/c91814f92d627ed4715993fbbf7c7e8d\",\"name\":\"Damien P\u00e9an\",\"image\":{\"@type\":\"ImageObject\",\"inLanguage\":\"fr-FR\",\"@id\":\"https:\/\/www.gereso.com\/actualites\/#\/schema\/person\/image\/\",\"url\":\"https:\/\/www.gereso.com\/actualites\/wp-content\/uploads\/2016\/03\/damien-pean.jpg\",\"contentUrl\":\"https:\/\/www.gereso.com\/actualites\/wp-content\/uploads\/2016\/03\/damien-pean.jpg\",\"caption\":\"Damien P\u00e9an\"},\"description\":\"Damien P\u00c9AN est titulaire du Dipl\u00f4me d'\u00e9tudes sup\u00e9rieures comptables et financi\u00e8res (DESCF). Il intervient depuis plusieurs ann\u00e9es aupr\u00e8s d'\u00e9tudiants en licence de comptabilit\u00e9 et de gestion, \u00e0 qui il enseigne le contr\u00f4le de gestion, la comptabilit\u00e9 approfondie, le management, la fiscalit\u00e9, le droit des soci\u00e9t\u00e9s et le droit du travail. Il intervient \u00e9galement en formation continue pour le compte de divers organismes de formation sur des th\u00e9matiques techniques en comptabilit\u00e9 et fiscalit\u00e9. Il forme aussi un public de non-initi\u00e9s aux fondamentaux de la finance.\",\"url\":\"https:\/\/www.gereso.com\/actualites\/author\/d-pean\/\"}]}<\/script>\n<!-- \/ Yoast SEO plugin. -->","yoast_head_json":{"title":"Ech\u00e9ance du 15 septembre\u00a0: acompte de CVAE - Le Blog GERESO","robots":{"index":"index","follow":"follow","max-snippet":"max-snippet:-1","max-image-preview":"max-image-preview:large","max-video-preview":"max-video-preview:-1"},"canonical":"https:\/\/www.gereso.com\/actualites\/2023\/08\/28\/echeance-du-15-septembre-acompte-de-cvae\/","og_locale":"fr_FR","og_type":"article","og_title":"Ech\u00e9ance du 15 septembre\u00a0: acompte de CVAE - Le Blog GERESO","og_description":"Les entreprises soumises \u00e0 la CVAE ont jusqu\u2019au 15 septembre 2023 pour payer leur second acompte. Il est d\u00fb seulement pour les entreprises qui se sont acquitt\u00e9es d\u2019un montant de CVAE sup\u00e9rieur \u00e0 1.500 \u20ac au titre de l&rsquo;ann\u00e9e 2022. En principe, il s\u2019agira du dernier acompte de CVAE avant sa suppression programm\u00e9e pour 2024. [&hellip;]","og_url":"https:\/\/www.gereso.com\/actualites\/2023\/08\/28\/echeance-du-15-septembre-acompte-de-cvae\/","og_site_name":"Le Blog GERESO","article_published_time":"2023-08-28T10:06:03+00:00","article_modified_time":"2023-08-28T14:11:07+00:00","author":"Damien P\u00e9an","twitter_card":"summary_large_image","schema":{"@context":"https:\/\/schema.org","@graph":[{"@type":"WebPage","@id":"https:\/\/www.gereso.com\/actualites\/2023\/08\/28\/echeance-du-15-septembre-acompte-de-cvae\/","url":"https:\/\/www.gereso.com\/actualites\/2023\/08\/28\/echeance-du-15-septembre-acompte-de-cvae\/","name":"Ech\u00e9ance du 15 septembre\u00a0: acompte de CVAE - Le Blog GERESO","isPartOf":{"@id":"https:\/\/www.gereso.com\/actualites\/#website"},"datePublished":"2023-08-28T10:06:03+00:00","dateModified":"2023-08-28T14:11:07+00:00","author":{"@id":"https:\/\/www.gereso.com\/actualites\/#\/schema\/person\/c91814f92d627ed4715993fbbf7c7e8d"},"breadcrumb":{"@id":"https:\/\/www.gereso.com\/actualites\/2023\/08\/28\/echeance-du-15-septembre-acompte-de-cvae\/#breadcrumb"},"inLanguage":"fr-FR","potentialAction":[{"@type":"ReadAction","target":["https:\/\/www.gereso.com\/actualites\/2023\/08\/28\/echeance-du-15-septembre-acompte-de-cvae\/"]}]},{"@type":"BreadcrumbList","@id":"https:\/\/www.gereso.com\/actualites\/2023\/08\/28\/echeance-du-15-septembre-acompte-de-cvae\/#breadcrumb","itemListElement":[{"@type":"ListItem","position":1,"name":"Home","item":"https:\/\/www.gereso.com\/actualites\/"},{"@type":"ListItem","position":2,"name":"Ech\u00e9ance du 15 septembre\u00a0: acompte de CVAE"}]},{"@type":"WebSite","@id":"https:\/\/www.gereso.com\/actualites\/#website","url":"https:\/\/www.gereso.com\/actualites\/","name":"Le Blog GERESO","description":"Toute l&#039;actu RH, Finance, Fonction Publique, Management...","potentialAction":[{"@type":"SearchAction","target":{"@type":"EntryPoint","urlTemplate":"https:\/\/www.gereso.com\/actualites\/?s={search_term_string}"},"query-input":{"@type":"PropertyValueSpecification","valueRequired":true,"valueName":"search_term_string"}}],"inLanguage":"fr-FR"},{"@type":"Person","@id":"https:\/\/www.gereso.com\/actualites\/#\/schema\/person\/c91814f92d627ed4715993fbbf7c7e8d","name":"Damien P\u00e9an","image":{"@type":"ImageObject","inLanguage":"fr-FR","@id":"https:\/\/www.gereso.com\/actualites\/#\/schema\/person\/image\/","url":"https:\/\/www.gereso.com\/actualites\/wp-content\/uploads\/2016\/03\/damien-pean.jpg","contentUrl":"https:\/\/www.gereso.com\/actualites\/wp-content\/uploads\/2016\/03\/damien-pean.jpg","caption":"Damien P\u00e9an"},"description":"Damien P\u00c9AN est titulaire du Dipl\u00f4me d'\u00e9tudes sup\u00e9rieures comptables et financi\u00e8res (DESCF). Il intervient depuis plusieurs ann\u00e9es aupr\u00e8s d'\u00e9tudiants en licence de comptabilit\u00e9 et de gestion, \u00e0 qui il enseigne le contr\u00f4le de gestion, la comptabilit\u00e9 approfondie, le management, la fiscalit\u00e9, le droit des soci\u00e9t\u00e9s et le droit du travail. Il intervient \u00e9galement en formation continue pour le compte de divers organismes de formation sur des th\u00e9matiques techniques en comptabilit\u00e9 et fiscalit\u00e9. Il forme aussi un public de non-initi\u00e9s aux fondamentaux de la finance.","url":"https:\/\/www.gereso.com\/actualites\/author\/d-pean\/"}]}},"_links":{"self":[{"href":"https:\/\/www.gereso.com\/actualites\/wp-json\/wp\/v2\/posts\/36830","targetHints":{"allow":["GET"]}}],"collection":[{"href":"https:\/\/www.gereso.com\/actualites\/wp-json\/wp\/v2\/posts"}],"about":[{"href":"https:\/\/www.gereso.com\/actualites\/wp-json\/wp\/v2\/types\/post"}],"author":[{"embeddable":true,"href":"https:\/\/www.gereso.com\/actualites\/wp-json\/wp\/v2\/users\/45"}],"replies":[{"embeddable":true,"href":"https:\/\/www.gereso.com\/actualites\/wp-json\/wp\/v2\/comments?post=36830"}],"version-history":[{"count":4,"href":"https:\/\/www.gereso.com\/actualites\/wp-json\/wp\/v2\/posts\/36830\/revisions"}],"predecessor-version":[{"id":36864,"href":"https:\/\/www.gereso.com\/actualites\/wp-json\/wp\/v2\/posts\/36830\/revisions\/36864"}],"wp:attachment":[{"href":"https:\/\/www.gereso.com\/actualites\/wp-json\/wp\/v2\/media?parent=36830"}],"wp:term":[{"taxonomy":"category","embeddable":true,"href":"https:\/\/www.gereso.com\/actualites\/wp-json\/wp\/v2\/categories?post=36830"},{"taxonomy":"post_tag","embeddable":true,"href":"https:\/\/www.gereso.com\/actualites\/wp-json\/wp\/v2\/tags?post=36830"}],"curies":[{"name":"wp","href":"https:\/\/api.w.org\/{rel}","templated":true}]}}