{"id":37049,"date":"2023-09-27T23:22:16","date_gmt":"2023-09-27T21:22:16","guid":{"rendered":"https:\/\/www.gereso.com\/actualites\/?p=37049"},"modified":"2023-09-27T23:22:18","modified_gmt":"2023-09-27T21:22:18","slug":"plf-2024-les-principales-mesures","status":"publish","type":"post","link":"https:\/\/www.gereso.com\/actualites\/2023\/09\/27\/plf-2024-les-principales-mesures\/","title":{"rendered":"PLF 2024\u00a0: les principales mesures"},"content":{"rendered":"\n<p>Le Gouvernement a divulgu\u00e9 ce mercredi 27 septembre, le <strong>projet de loi de finances pour 2024<\/strong>. Il pr\u00e9voit notamment une nouvelle \u00e9tape dans la <strong>suppression progressive de la CVAE<\/strong> et plusieurs mesures en faveur de la <strong>transition \u00e9nerg\u00e9tique<\/strong> et la lutte contre la fraude.<\/p>\n<h2><strong>Mesures concernant les entreprises<\/strong><\/h2>\n<p>Parmi les mesures fiscales concernant les entreprises, on retiendra notamment les dispositions suivantes\u00a0:<\/p>\n<ul>\n<li>La transposition de la directive 2022\/2523 visant \u00e0 assurer un <strong>niveau minimum d\u2019imposition mondial<\/strong> au taux de 15% pour les multinationales dont le chiffre d\u2019affaires exc\u00e8de 750 millions \u20ac (article 4)<\/li>\n<li>Instauration d\u2019un <strong>cr\u00e9dit d\u2019imp\u00f4t pour les investissements en faveur de l\u2019industrie verte<\/strong> (C3IV) pour les projets port\u00e9s par des entreprises en mati\u00e8re de production de batteries, de panneaux solaires, de turbines \u00e9oliennes et de pompes \u00e0 chaleur (article 5)<\/li>\n<li>Fusion des r\u00e9gimes d\u2019exon\u00e9ration territoriaux <strong>ZRR, BER et ZoRCoMir<\/strong> sous la nouvelle appellation \u00ab\u00a0France Ruralit\u00e9s Revitalisation\u00a0\u00bb (article 7)<\/li>\n<li>Am\u00e9nagement de la suppression de la CVAE\u00a0: <strong>r\u00e9duction d\u20191\/4 de la CVAE en 2024<\/strong> et r\u00e9duction progressive jusqu\u2019\u00e0 suppression totale en 2027, suppression de la cotisation minimum \u00e0 la CVAE, et am\u00e9nagement du plafonnement de la CET en fonction de la valeur ajout\u00e9e (article 8)<\/li>\n<li>\u00c9largissement de la <strong>franchise en base de TVA<\/strong> dans les autres \u00c9tats membres \u00e0 condition de ne pas d\u00e9passer un chiffre d\u2019affaires plafond fix\u00e9 \u00e0 100.000 \u20ac au niveau europ\u00e9en (article 10)<\/li>\n<li>Suppression progressive du tarif r\u00e9duit pour <strong>le gazole non routier<\/strong> (GNR) et application du tarif normal \u00e0 compter de 2030 (article 12)<\/li>\n<li>Renforcement du <strong>malus<\/strong> CO2 pour l\u2019acquisition d\u2019un v\u00e9hicule et augmentation de la taxe annuelle sur les \u00e9missions de CO2 (<strong>ex-TVS<\/strong>, article 14)<\/li>\n<li>Cr\u00e9ation du d\u00e9lit de mise \u00e0 disposition d&rsquo;instruments de facilitation de la fraude fiscale\u00a0(article 20)<\/li>\n<li>Am\u00e9nagement des modalit\u00e9s de r\u00e9alisation des <strong>contr\u00f4les fiscaux<\/strong> notamment en autorisant l\u2019administration fiscale \u00e0 d\u00e9localiser le lieu de contr\u00f4le (article 23).<\/li>\n<\/ul>\n<h2><strong>Mesures concernant les particuliers<\/strong><\/h2>\n<p>Parmi les mesures fiscales concernant les particuliers, on retiendra notamment les dispositions suivantes\u00a0:<\/p>\n<ul>\n<li>La <strong>revalorisation des tranches du bar\u00e8me de l\u2019imp\u00f4t sur le revenu de 4,8%<\/strong> pour un co\u00fbt estim\u00e9 de 6,1 milliards \u20ac et la revalorisation des grilles de taux par d\u00e9faut du pr\u00e9l\u00e8vement \u00e0 la source (article 2)<\/li>\n<li>L\u2019instauration d\u2019une exon\u00e9ration d\u2019imp\u00f4t sur le revenu et de pr\u00e9l\u00e8vement sociaux pour le futur <strong>plan d\u2019\u00e9pargne avenir climat<\/strong>, r\u00e9serv\u00e9 aux moins de 21 ans (article 3)<\/li>\n<li>Prorogation pour 4 ans et recentrage du <strong>PTZ<\/strong> et de l\u2019\u00e9co-PTZ (article 6)<\/li>\n<li>Am\u00e9lioration des <strong>mesures de lutte contre les fraudes<\/strong>, notamment par l\u2019exploitation de donn\u00e9es disponibles sur les plateformes en ligne ou l\u2019usage de pseudonyme dans le cadre d\u2019une enqu\u00eate pour fraude fiscale (article 19)<\/li>\n<li>Possibilit\u00e9 de prononcer en cas de fraudes fiscales aggrav\u00e9es de peines compl\u00e9mentaires telles la privation des droits \u00e0 r\u00e9ductions et cr\u00e9dits d\u2019imp\u00f4t sur le revenu et sur l\u2019IFI (article 21).<\/li>\n<\/ul>\n","protected":false},"excerpt":{"rendered":"<p>Le Gouvernement a divulgu\u00e9 ce mercredi 27 septembre, le projet de loi de finances pour 2024. Il pr\u00e9voit notamment une nouvelle \u00e9tape dans la suppression progressive de la CVAE et plusieurs mesures en faveur de la transition \u00e9nerg\u00e9tique et la lutte contre la fraude. Mesures concernant les entreprises Parmi les mesures fiscales concernant les entreprises, [&hellip;]<\/p>\n","protected":false},"author":45,"featured_media":0,"comment_status":"open","ping_status":"open","sticky":false,"template":"","format":"quote","meta":{"_acf_changed":false,"_mi_skip_tracking":false,"footnotes":""},"categories":[12,3],"tags":[1102,1039,2269],"class_list":["post-37049","post","type-post","status-publish","format-quote","hentry","category-actualites","category-comptabilite-fiscalite-et-gestion-financiere","tag-cvae","tag-impot-sur-le-revenu","tag-plf-2024","post_format-post-format-quote"],"acf":[],"yoast_head":"<!-- This site is optimized with the Yoast SEO plugin v23.4 - https:\/\/yoast.com\/wordpress\/plugins\/seo\/ -->\n<title>PLF 2024\u00a0: les principales mesures - Le Blog GERESO<\/title>\n<meta name=\"robots\" content=\"index, follow, max-snippet:-1, max-image-preview:large, max-video-preview:-1\" \/>\n<link rel=\"canonical\" href=\"https:\/\/www.gereso.com\/actualites\/2023\/09\/27\/plf-2024-les-principales-mesures\/\" \/>\n<meta property=\"og:locale\" content=\"fr_FR\" \/>\n<meta property=\"og:type\" content=\"article\" \/>\n<meta property=\"og:title\" content=\"PLF 2024\u00a0: les principales mesures - Le Blog GERESO\" \/>\n<meta property=\"og:description\" content=\"Le Gouvernement a divulgu\u00e9 ce mercredi 27 septembre, le projet de loi de finances pour 2024. Il pr\u00e9voit notamment une nouvelle \u00e9tape dans la suppression progressive de la CVAE et plusieurs mesures en faveur de la transition \u00e9nerg\u00e9tique et la lutte contre la fraude. Mesures concernant les entreprises Parmi les mesures fiscales concernant les entreprises, [&hellip;]\" \/>\n<meta property=\"og:url\" content=\"https:\/\/www.gereso.com\/actualites\/2023\/09\/27\/plf-2024-les-principales-mesures\/\" \/>\n<meta property=\"og:site_name\" content=\"Le Blog GERESO\" \/>\n<meta property=\"article:published_time\" content=\"2023-09-27T21:22:16+00:00\" \/>\n<meta property=\"article:modified_time\" content=\"2023-09-27T21:22:18+00:00\" \/>\n<meta name=\"author\" content=\"Damien P\u00e9an\" \/>\n<meta name=\"twitter:card\" content=\"summary_large_image\" \/>\n<script type=\"application\/ld+json\" class=\"yoast-schema-graph\">{\"@context\":\"https:\/\/schema.org\",\"@graph\":[{\"@type\":\"WebPage\",\"@id\":\"https:\/\/www.gereso.com\/actualites\/2023\/09\/27\/plf-2024-les-principales-mesures\/\",\"url\":\"https:\/\/www.gereso.com\/actualites\/2023\/09\/27\/plf-2024-les-principales-mesures\/\",\"name\":\"PLF 2024\u00a0: les principales mesures - Le Blog GERESO\",\"isPartOf\":{\"@id\":\"https:\/\/www.gereso.com\/actualites\/#website\"},\"datePublished\":\"2023-09-27T21:22:16+00:00\",\"dateModified\":\"2023-09-27T21:22:18+00:00\",\"author\":{\"@id\":\"https:\/\/www.gereso.com\/actualites\/#\/schema\/person\/c91814f92d627ed4715993fbbf7c7e8d\"},\"breadcrumb\":{\"@id\":\"https:\/\/www.gereso.com\/actualites\/2023\/09\/27\/plf-2024-les-principales-mesures\/#breadcrumb\"},\"inLanguage\":\"fr-FR\",\"potentialAction\":[{\"@type\":\"ReadAction\",\"target\":[\"https:\/\/www.gereso.com\/actualites\/2023\/09\/27\/plf-2024-les-principales-mesures\/\"]}]},{\"@type\":\"BreadcrumbList\",\"@id\":\"https:\/\/www.gereso.com\/actualites\/2023\/09\/27\/plf-2024-les-principales-mesures\/#breadcrumb\",\"itemListElement\":[{\"@type\":\"ListItem\",\"position\":1,\"name\":\"Home\",\"item\":\"https:\/\/www.gereso.com\/actualites\/\"},{\"@type\":\"ListItem\",\"position\":2,\"name\":\"PLF 2024\u00a0: les principales mesures\"}]},{\"@type\":\"WebSite\",\"@id\":\"https:\/\/www.gereso.com\/actualites\/#website\",\"url\":\"https:\/\/www.gereso.com\/actualites\/\",\"name\":\"Le Blog GERESO\",\"description\":\"Toute l&#039;actu RH, Finance, Fonction Publique, Management...\",\"potentialAction\":[{\"@type\":\"SearchAction\",\"target\":{\"@type\":\"EntryPoint\",\"urlTemplate\":\"https:\/\/www.gereso.com\/actualites\/?s={search_term_string}\"},\"query-input\":{\"@type\":\"PropertyValueSpecification\",\"valueRequired\":true,\"valueName\":\"search_term_string\"}}],\"inLanguage\":\"fr-FR\"},{\"@type\":\"Person\",\"@id\":\"https:\/\/www.gereso.com\/actualites\/#\/schema\/person\/c91814f92d627ed4715993fbbf7c7e8d\",\"name\":\"Damien P\u00e9an\",\"image\":{\"@type\":\"ImageObject\",\"inLanguage\":\"fr-FR\",\"@id\":\"https:\/\/www.gereso.com\/actualites\/#\/schema\/person\/image\/\",\"url\":\"https:\/\/www.gereso.com\/actualites\/wp-content\/uploads\/2016\/03\/damien-pean.jpg\",\"contentUrl\":\"https:\/\/www.gereso.com\/actualites\/wp-content\/uploads\/2016\/03\/damien-pean.jpg\",\"caption\":\"Damien P\u00e9an\"},\"description\":\"Damien P\u00c9AN est titulaire du Dipl\u00f4me d'\u00e9tudes sup\u00e9rieures comptables et financi\u00e8res (DESCF). Il intervient depuis plusieurs ann\u00e9es aupr\u00e8s d'\u00e9tudiants en licence de comptabilit\u00e9 et de gestion, \u00e0 qui il enseigne le contr\u00f4le de gestion, la comptabilit\u00e9 approfondie, le management, la fiscalit\u00e9, le droit des soci\u00e9t\u00e9s et le droit du travail. Il intervient \u00e9galement en formation continue pour le compte de divers organismes de formation sur des th\u00e9matiques techniques en comptabilit\u00e9 et fiscalit\u00e9. Il forme aussi un public de non-initi\u00e9s aux fondamentaux de la finance.\",\"url\":\"https:\/\/www.gereso.com\/actualites\/author\/d-pean\/\"}]}<\/script>\n<!-- \/ Yoast SEO plugin. -->","yoast_head_json":{"title":"PLF 2024\u00a0: les principales mesures - Le Blog GERESO","robots":{"index":"index","follow":"follow","max-snippet":"max-snippet:-1","max-image-preview":"max-image-preview:large","max-video-preview":"max-video-preview:-1"},"canonical":"https:\/\/www.gereso.com\/actualites\/2023\/09\/27\/plf-2024-les-principales-mesures\/","og_locale":"fr_FR","og_type":"article","og_title":"PLF 2024\u00a0: les principales mesures - Le Blog GERESO","og_description":"Le Gouvernement a divulgu\u00e9 ce mercredi 27 septembre, le projet de loi de finances pour 2024. Il pr\u00e9voit notamment une nouvelle \u00e9tape dans la suppression progressive de la CVAE et plusieurs mesures en faveur de la transition \u00e9nerg\u00e9tique et la lutte contre la fraude. Mesures concernant les entreprises Parmi les mesures fiscales concernant les entreprises, [&hellip;]","og_url":"https:\/\/www.gereso.com\/actualites\/2023\/09\/27\/plf-2024-les-principales-mesures\/","og_site_name":"Le Blog GERESO","article_published_time":"2023-09-27T21:22:16+00:00","article_modified_time":"2023-09-27T21:22:18+00:00","author":"Damien P\u00e9an","twitter_card":"summary_large_image","schema":{"@context":"https:\/\/schema.org","@graph":[{"@type":"WebPage","@id":"https:\/\/www.gereso.com\/actualites\/2023\/09\/27\/plf-2024-les-principales-mesures\/","url":"https:\/\/www.gereso.com\/actualites\/2023\/09\/27\/plf-2024-les-principales-mesures\/","name":"PLF 2024\u00a0: les principales mesures - Le Blog GERESO","isPartOf":{"@id":"https:\/\/www.gereso.com\/actualites\/#website"},"datePublished":"2023-09-27T21:22:16+00:00","dateModified":"2023-09-27T21:22:18+00:00","author":{"@id":"https:\/\/www.gereso.com\/actualites\/#\/schema\/person\/c91814f92d627ed4715993fbbf7c7e8d"},"breadcrumb":{"@id":"https:\/\/www.gereso.com\/actualites\/2023\/09\/27\/plf-2024-les-principales-mesures\/#breadcrumb"},"inLanguage":"fr-FR","potentialAction":[{"@type":"ReadAction","target":["https:\/\/www.gereso.com\/actualites\/2023\/09\/27\/plf-2024-les-principales-mesures\/"]}]},{"@type":"BreadcrumbList","@id":"https:\/\/www.gereso.com\/actualites\/2023\/09\/27\/plf-2024-les-principales-mesures\/#breadcrumb","itemListElement":[{"@type":"ListItem","position":1,"name":"Home","item":"https:\/\/www.gereso.com\/actualites\/"},{"@type":"ListItem","position":2,"name":"PLF 2024\u00a0: les principales mesures"}]},{"@type":"WebSite","@id":"https:\/\/www.gereso.com\/actualites\/#website","url":"https:\/\/www.gereso.com\/actualites\/","name":"Le Blog GERESO","description":"Toute l&#039;actu RH, Finance, Fonction Publique, Management...","potentialAction":[{"@type":"SearchAction","target":{"@type":"EntryPoint","urlTemplate":"https:\/\/www.gereso.com\/actualites\/?s={search_term_string}"},"query-input":{"@type":"PropertyValueSpecification","valueRequired":true,"valueName":"search_term_string"}}],"inLanguage":"fr-FR"},{"@type":"Person","@id":"https:\/\/www.gereso.com\/actualites\/#\/schema\/person\/c91814f92d627ed4715993fbbf7c7e8d","name":"Damien P\u00e9an","image":{"@type":"ImageObject","inLanguage":"fr-FR","@id":"https:\/\/www.gereso.com\/actualites\/#\/schema\/person\/image\/","url":"https:\/\/www.gereso.com\/actualites\/wp-content\/uploads\/2016\/03\/damien-pean.jpg","contentUrl":"https:\/\/www.gereso.com\/actualites\/wp-content\/uploads\/2016\/03\/damien-pean.jpg","caption":"Damien P\u00e9an"},"description":"Damien P\u00c9AN est titulaire du Dipl\u00f4me d'\u00e9tudes sup\u00e9rieures comptables et financi\u00e8res (DESCF). Il intervient depuis plusieurs ann\u00e9es aupr\u00e8s d'\u00e9tudiants en licence de comptabilit\u00e9 et de gestion, \u00e0 qui il enseigne le contr\u00f4le de gestion, la comptabilit\u00e9 approfondie, le management, la fiscalit\u00e9, le droit des soci\u00e9t\u00e9s et le droit du travail. Il intervient \u00e9galement en formation continue pour le compte de divers organismes de formation sur des th\u00e9matiques techniques en comptabilit\u00e9 et fiscalit\u00e9. Il forme aussi un public de non-initi\u00e9s aux fondamentaux de la finance.","url":"https:\/\/www.gereso.com\/actualites\/author\/d-pean\/"}]}},"_links":{"self":[{"href":"https:\/\/www.gereso.com\/actualites\/wp-json\/wp\/v2\/posts\/37049","targetHints":{"allow":["GET"]}}],"collection":[{"href":"https:\/\/www.gereso.com\/actualites\/wp-json\/wp\/v2\/posts"}],"about":[{"href":"https:\/\/www.gereso.com\/actualites\/wp-json\/wp\/v2\/types\/post"}],"author":[{"embeddable":true,"href":"https:\/\/www.gereso.com\/actualites\/wp-json\/wp\/v2\/users\/45"}],"replies":[{"embeddable":true,"href":"https:\/\/www.gereso.com\/actualites\/wp-json\/wp\/v2\/comments?post=37049"}],"version-history":[{"count":1,"href":"https:\/\/www.gereso.com\/actualites\/wp-json\/wp\/v2\/posts\/37049\/revisions"}],"predecessor-version":[{"id":37050,"href":"https:\/\/www.gereso.com\/actualites\/wp-json\/wp\/v2\/posts\/37049\/revisions\/37050"}],"wp:attachment":[{"href":"https:\/\/www.gereso.com\/actualites\/wp-json\/wp\/v2\/media?parent=37049"}],"wp:term":[{"taxonomy":"category","embeddable":true,"href":"https:\/\/www.gereso.com\/actualites\/wp-json\/wp\/v2\/categories?post=37049"},{"taxonomy":"post_tag","embeddable":true,"href":"https:\/\/www.gereso.com\/actualites\/wp-json\/wp\/v2\/tags?post=37049"}],"curies":[{"name":"wp","href":"https:\/\/api.w.org\/{rel}","templated":true}]}}