{"id":37377,"date":"2023-10-24T16:34:13","date_gmt":"2023-10-24T14:34:13","guid":{"rendered":"https:\/\/www.gereso.com\/actualites\/?p=37377"},"modified":"2023-10-24T16:34:15","modified_gmt":"2023-10-24T14:34:15","slug":"conference-j-ai-pas-fait-bac5-et-alors-stop-syndrome-imposteur","status":"publish","type":"post","link":"https:\/\/www.gereso.com\/actualites\/2023\/10\/24\/conference-j-ai-pas-fait-bac5-et-alors-stop-syndrome-imposteur\/","title":{"rendered":"Conf\u00e9rence \u00ab J&rsquo;ai pas fait bac+5, et alors !? Pour en finir avec le syndrome de l&rsquo;imposteur ! \u00bb"},"content":{"rendered":"\n<h2>D\u00e9tails de la conf\u00e9rence&nbsp;:<\/h2>\n<h3 class=\"section-title\"><span class=\"title-inner\" data-animation=\"fadeInRight\" data-animation-delay=\"500\">DATE&nbsp;:<\/span><\/h3>\n<p>Jeudi 19 octobre 2023 &nbsp;de 18h15 \u00e0 20h<\/p>\n<h3 class=\"section-title\"><span class=\"title-inner\" data-animation=\"fadeInRight\" data-animation-delay=\"500\">R\u00c9SUM\u00c9&nbsp;:<\/span><\/h3>\n<p>Le <strong>syndrome de l\u2019imposteur&nbsp;?<\/strong> C\u2019est cette petite voix qui nous glisse \u00e0 l\u2019oreille&nbsp;: \u00ab&nbsp;<em>Tu n\u2019as pas les dipl\u00f4mes, tu n\u2019es pas qualifi\u00e9(e) pour mener ce projet, tu n\u2019es pas l\u00e9gitime pour avoir ce poste, tu n\u2019es pas \u00e0 ta place\u2026&nbsp;<\/em>\u00bb<\/p>\n\n<p>Souvent, malgr\u00e9 nos efforts et nos comp\u00e9tences professionnelles, notre origine, notre <strong>classe sociale et\/ou notre parcours d\u2019\u00e9tudes<\/strong> se rappellent \u00e0 nous, nous font douter et agissent comme un <strong>frein \u00e0 notre progression<\/strong> dans l\u2019entreprise.<\/p>\n\n<p><strong>On ne se sent pas l\u00e9gitime ou cr\u00e9dible<\/strong> pour occuper un poste de manager, diriger une entreprise ou lancer son projet, parce qu\u2019on n\u2019a pas fait une grande \u00e9cole d\u2019ing\u00e9nieurs ou de commerce\u2026<\/p>\n\n<p>Alors que chacun aspire \u00e0 \u00eatre <strong>reconnu pour sa valeur intrins\u00e8que et ses comp\u00e9tences<\/strong> et que les organisations pr\u00f4nent la <strong>diversit\u00e9, l\u2019inclusion et la promotion interne<\/strong>, comment se fait-il que ce sentiment soit toujours aussi pr\u00e9sent dans nos entreprises&nbsp;?<\/p>\n\n<p>Combien de <strong>talents cach\u00e9s ou g\u00e2ch\u00e9s<\/strong> parmi nos collaborateurs, et de <strong>\u00ab&nbsp;p\u00e9pites&nbsp;\u00bb non d\u00e9couvertes<\/strong> dans nos organisations&nbsp;?<\/p>\n\n<p>Au cours de cette soir\u00e9e, <strong>Marie-Laure Deschamp<\/strong> coach professionnel et autrice du livre \u00ab&nbsp;J&rsquo;ai pas fait bac+5, et alors&nbsp;?! Stop au syndrome de l&rsquo;Imposteur&nbsp;\u00bb vous partagera <strong>quelques cas, pistes de r\u00e9flexion et outils de d\u00e9cryptages pour d\u00e9passer ces blocages.<\/strong><\/p>\n\n\n<p><strong>3 bonnes raisons de participer \u00e0 cette soir\u00e9e gratuite&nbsp;:<\/strong><\/p>\n<ul>\n<li>Comprendre le syndrome de \u00ab&nbsp;l&rsquo;imposteur&nbsp;\u00bb, son origine, son fonctionnement, ses effets\u2026<\/li>\n<li>Reconnaitre, combattre et mettre un terme \u00e0 ce syndrome de \u00ab&nbsp;l&rsquo;imposteur&nbsp;\u00bb, \u00e0 titre personnel ou dans son entreprise.<\/li>\n<li>Connaitre les arguments et les bonnes pratiques pour mettre en place une organisation \u00ab&nbsp;anti-syndrome de l&rsquo;imposteur&nbsp;\u00bb, inclusive et ouverte \u00e0 la diversit\u00e9.<\/li>\n<\/ul>\n\n<h3 class=\"section-title\"><span class=\"title-inner\" data-animation=\"fadeInRight\" data-animation-delay=\"500\">AUTEURE&nbsp;:<\/span><\/h3>\n\n\n<p><strong>Marie-Laure DESCHAMP<\/strong> a \u00e9t\u00e9 assistante, project manager office puis community manager et RH. Elle s\u2019est ensuite orient\u00e9e vers le coaching pour aider ses clients \u00e0 oser s\u2019accomplir dans leur vie professionnelle, avec ou sans dipl\u00f4me.<\/p>\n\n\n\n<h3 class=\"section-title\"><span class=\"title-inner\" data-animation=\"fadeInRight\" data-animation-delay=\"500\">CONF\u00c9RENCE&nbsp;:<\/span><\/h3>\n<h4>Replay de la conf\u00e9rence&nbsp;: \u00ab\u00a0J&rsquo;ai pas fait bac+5, et alors&nbsp;!? Pour en finir avec le syndrome de l&rsquo;imposteur&nbsp;!\u00a0\u00bb&nbsp;:<\/h4>\n\n\n\n<figure class=\"wp-block-embed is-type-video is-provider-youtube wp-block-embed-youtube wp-embed-aspect-16-9 wp-has-aspect-ratio\"><div class=\"wp-block-embed__wrapper\">\n<iframe title=\"PAROLES AUTEUR - J&#039;ai pas fait Bac+5, et alors ? Stop au syndrome de l&#039;imposteur - M-L Deschamp\" width=\"644\" height=\"362\" src=\"https:\/\/www.youtube.com\/embed\/QMBit8VI5Xg?feature=oembed\" frameborder=\"0\" allow=\"accelerometer; autoplay; clipboard-write; encrypted-media; gyroscope; picture-in-picture; web-share\" referrerpolicy=\"strict-origin-when-cross-origin\" allowfullscreen><\/iframe>\n<\/div><\/figure>\n\n\n\n<p><article class=\"obj_encart-formation\">\n<div class=\"ctn_encart\">\n<h3>L&rsquo;ouvrage<\/h3>\n<h2>&nbsp;J&rsquo;AI PAS FAIT BAC+5, ET ALORS&nbsp;!?&nbsp;<\/h2>\n<h3>Stop au syndrome de l\u2019imposteur\u2009!<\/h3>\n<p><strong><img decoding=\"async\" class=\"size-full wp-image-8994 alignleft\" src=\"https:\/\/www.gereso.com\/actualites\/wp-content\/uploads\/2023\/10\/BACA-2.jpg\" alt=\"\u00c9cologa\u00ef\" width=\"140\" height=\"130\"><\/strong><\/p>\n\n\n<p>Aujourd\u2019hui, le bac+5 est encore consid\u00e9r\u00e9 comme la condition indispensable pour esp\u00e9rer un avenir professionnel enrichissant.<\/p>\n\n<p>Pourtant, le dipl\u00f4me ne garantit pas toujours les comp\u00e9tences, et encore moins l\u2019\u00e9panouissement au travail.<\/p>\n\n<p>En effet, ce sont parfois nos propres barri\u00e8res qui nous emp\u00eachent de trouver notre place au travail&nbsp;: syndrome de l\u2019imposteur, difficult\u00e9 \u00e0 dire non, manque de confiance en soi\u2026<\/p>\n\n<p>L\u2019autrice en a elle-m\u00eame fait l\u2019exp\u00e9rience et partage avec vous les ressources qui lui ont permis de d\u00e9passer ces blocages.<\/p>\n\n<p>Entre t\u00e9moignages inspirants, exercices et conseils pratiques, cet ouvrage vous aidera \u00e0 prendre conscience de votre propre valeur.<\/p>\n\n<p>D\u00e9couvrez 7 \u00e9tapes interactives pour changer de regard sur votre parcours et envisager votre vie professionnelle sous un jour nouveau, plein de promesses&nbsp;!<\/p>\n\n<p>&nbsp;<\/p>\n<div class=\"ctn_btn\">\n<a class=\"obj_btn\" target=\"_blank\" href=\"https:\/\/librairie.gereso.com\/livre-developpement-professionnel-et-personnel\/developpement-personnel\/j-ai-pas-fait-bac-5-et-alors-baca.html\" rel=\"noopener\"><span>En savoir plus<\/span><\/a>\n<\/div>\n<\/div>\n<\/article><\/p>\n","protected":false},"excerpt":{"rendered":"<p>D\u00e9tails de la conf\u00e9rence&nbsp;: DATE&nbsp;: Jeudi 19 octobre 2023 &nbsp;de 18h15 \u00e0 20h R\u00c9SUM\u00c9&nbsp;: Le syndrome de l\u2019imposteur&nbsp;? C\u2019est cette petite voix qui nous glisse \u00e0 l\u2019oreille&nbsp;: \u00ab&nbsp;Tu n\u2019as pas les dipl\u00f4mes, tu n\u2019es pas qualifi\u00e9(e) pour mener ce projet, tu n\u2019es pas l\u00e9gitime pour avoir ce poste, tu n\u2019es pas \u00e0 ta place\u2026&nbsp;\u00bb Souvent, [&hellip;]<\/p>\n","protected":false},"author":32,"featured_media":0,"comment_status":"open","ping_status":"open","sticky":false,"template":"","format":"standard","meta":{"_acf_changed":false,"_mi_skip_tracking":false,"footnotes":""},"categories":[12,9],"tags":[],"class_list":["post-37377","post","type-post","status-publish","format-standard","hentry","category-actualites","category-developpement-personnel-et-efficacite-professionnelle"],"acf":[],"yoast_head":"<!-- This site is optimized with the Yoast SEO plugin v23.4 - https:\/\/yoast.com\/wordpress\/plugins\/seo\/ -->\n<title>Conf\u00e9rence \u00ab J&rsquo;ai pas fait bac+5, et alors !? Pour en finir avec le syndrome de l&rsquo;imposteur ! \u00bb - Le Blog GERESO<\/title>\n<meta name=\"robots\" content=\"index, follow, max-snippet:-1, max-image-preview:large, max-video-preview:-1\" \/>\n<link rel=\"canonical\" href=\"https:\/\/www.gereso.com\/actualites\/2023\/10\/24\/conference-j-ai-pas-fait-bac5-et-alors-stop-syndrome-imposteur\/\" \/>\n<meta property=\"og:locale\" content=\"fr_FR\" \/>\n<meta property=\"og:type\" content=\"article\" \/>\n<meta property=\"og:title\" content=\"Conf\u00e9rence \u00ab J&rsquo;ai pas fait bac+5, et alors !? Pour en finir avec le syndrome de l&rsquo;imposteur ! \u00bb - Le Blog GERESO\" \/>\n<meta property=\"og:description\" content=\"D\u00e9tails de la conf\u00e9rence&nbsp;: DATE&nbsp;: Jeudi 19 octobre 2023 &nbsp;de 18h15 \u00e0 20h R\u00c9SUM\u00c9&nbsp;: Le syndrome de l\u2019imposteur&nbsp;? C\u2019est cette petite voix qui nous glisse \u00e0 l\u2019oreille&nbsp;: \u00ab&nbsp;Tu n\u2019as pas les dipl\u00f4mes, tu n\u2019es pas qualifi\u00e9(e) pour mener ce projet, tu n\u2019es pas l\u00e9gitime pour avoir ce poste, tu n\u2019es pas \u00e0 ta place\u2026&nbsp;\u00bb Souvent, [&hellip;]\" \/>\n<meta property=\"og:url\" content=\"https:\/\/www.gereso.com\/actualites\/2023\/10\/24\/conference-j-ai-pas-fait-bac5-et-alors-stop-syndrome-imposteur\/\" \/>\n<meta property=\"og:site_name\" content=\"Le Blog GERESO\" \/>\n<meta property=\"article:published_time\" content=\"2023-10-24T14:34:13+00:00\" \/>\n<meta property=\"article:modified_time\" content=\"2023-10-24T14:34:15+00:00\" \/>\n<meta property=\"og:image\" content=\"https:\/\/www.gereso.com\/actualites\/wp-content\/uploads\/2023\/10\/BACA-2.jpg\" \/>\n<meta name=\"author\" content=\"\u00c9quipe GERESO\" \/>\n<meta name=\"twitter:card\" content=\"summary_large_image\" \/>\n<script type=\"application\/ld+json\" class=\"yoast-schema-graph\">{\"@context\":\"https:\/\/schema.org\",\"@graph\":[{\"@type\":\"WebPage\",\"@id\":\"https:\/\/www.gereso.com\/actualites\/2023\/10\/24\/conference-j-ai-pas-fait-bac5-et-alors-stop-syndrome-imposteur\/\",\"url\":\"https:\/\/www.gereso.com\/actualites\/2023\/10\/24\/conference-j-ai-pas-fait-bac5-et-alors-stop-syndrome-imposteur\/\",\"name\":\"Conf\u00e9rence \u00ab J&rsquo;ai pas fait bac+5, et alors !? Pour en finir avec le syndrome de l&rsquo;imposteur ! \u00bb - Le Blog GERESO\",\"isPartOf\":{\"@id\":\"https:\/\/www.gereso.com\/actualites\/#website\"},\"primaryImageOfPage\":{\"@id\":\"https:\/\/www.gereso.com\/actualites\/2023\/10\/24\/conference-j-ai-pas-fait-bac5-et-alors-stop-syndrome-imposteur\/#primaryimage\"},\"image\":{\"@id\":\"https:\/\/www.gereso.com\/actualites\/2023\/10\/24\/conference-j-ai-pas-fait-bac5-et-alors-stop-syndrome-imposteur\/#primaryimage\"},\"thumbnailUrl\":\"https:\/\/www.gereso.com\/actualites\/wp-content\/uploads\/2023\/10\/BACA-2.jpg\",\"datePublished\":\"2023-10-24T14:34:13+00:00\",\"dateModified\":\"2023-10-24T14:34:15+00:00\",\"author\":{\"@id\":\"https:\/\/www.gereso.com\/actualites\/#\/schema\/person\/197d8aef40cb4ae3f6a0aa9e1d3df2a6\"},\"breadcrumb\":{\"@id\":\"https:\/\/www.gereso.com\/actualites\/2023\/10\/24\/conference-j-ai-pas-fait-bac5-et-alors-stop-syndrome-imposteur\/#breadcrumb\"},\"inLanguage\":\"fr-FR\",\"potentialAction\":[{\"@type\":\"ReadAction\",\"target\":[\"https:\/\/www.gereso.com\/actualites\/2023\/10\/24\/conference-j-ai-pas-fait-bac5-et-alors-stop-syndrome-imposteur\/\"]}]},{\"@type\":\"ImageObject\",\"inLanguage\":\"fr-FR\",\"@id\":\"https:\/\/www.gereso.com\/actualites\/2023\/10\/24\/conference-j-ai-pas-fait-bac5-et-alors-stop-syndrome-imposteur\/#primaryimage\",\"url\":\"https:\/\/www.gereso.com\/actualites\/wp-content\/uploads\/2023\/10\/BACA-2.jpg\",\"contentUrl\":\"https:\/\/www.gereso.com\/actualites\/wp-content\/uploads\/2023\/10\/BACA-2.jpg\",\"width\":1188,\"height\":1710},{\"@type\":\"BreadcrumbList\",\"@id\":\"https:\/\/www.gereso.com\/actualites\/2023\/10\/24\/conference-j-ai-pas-fait-bac5-et-alors-stop-syndrome-imposteur\/#breadcrumb\",\"itemListElement\":[{\"@type\":\"ListItem\",\"position\":1,\"name\":\"Home\",\"item\":\"https:\/\/www.gereso.com\/actualites\/\"},{\"@type\":\"ListItem\",\"position\":2,\"name\":\"Conf\u00e9rence \u00ab J&rsquo;ai pas fait bac+5, et alors !? Pour en finir avec le syndrome de l&rsquo;imposteur ! \u00bb\"}]},{\"@type\":\"WebSite\",\"@id\":\"https:\/\/www.gereso.com\/actualites\/#website\",\"url\":\"https:\/\/www.gereso.com\/actualites\/\",\"name\":\"Le Blog GERESO\",\"description\":\"Toute l&#039;actu RH, Finance, Fonction Publique, Management...\",\"potentialAction\":[{\"@type\":\"SearchAction\",\"target\":{\"@type\":\"EntryPoint\",\"urlTemplate\":\"https:\/\/www.gereso.com\/actualites\/?s={search_term_string}\"},\"query-input\":{\"@type\":\"PropertyValueSpecification\",\"valueRequired\":true,\"valueName\":\"search_term_string\"}}],\"inLanguage\":\"fr-FR\"},{\"@type\":\"Person\",\"@id\":\"https:\/\/www.gereso.com\/actualites\/#\/schema\/person\/197d8aef40cb4ae3f6a0aa9e1d3df2a6\",\"name\":\"\u00c9quipe GERESO\",\"image\":{\"@type\":\"ImageObject\",\"inLanguage\":\"fr-FR\",\"@id\":\"https:\/\/www.gereso.com\/actualites\/#\/schema\/person\/image\/\",\"url\":\"https:\/\/www.gereso.com\/actualites\/wp-content\/uploads\/2013\/12\/avatar-gereso-1.png\",\"contentUrl\":\"https:\/\/www.gereso.com\/actualites\/wp-content\/uploads\/2013\/12\/avatar-gereso-1.png\",\"caption\":\"\u00c9quipe GERESO\"},\"url\":\"https:\/\/www.gereso.com\/actualites\/author\/gereso\/\"}]}<\/script>\n<!-- \/ Yoast SEO plugin. -->","yoast_head_json":{"title":"Conf\u00e9rence \u00ab J&rsquo;ai pas fait bac+5, et alors !? Pour en finir avec le syndrome de l&rsquo;imposteur ! \u00bb - Le Blog GERESO","robots":{"index":"index","follow":"follow","max-snippet":"max-snippet:-1","max-image-preview":"max-image-preview:large","max-video-preview":"max-video-preview:-1"},"canonical":"https:\/\/www.gereso.com\/actualites\/2023\/10\/24\/conference-j-ai-pas-fait-bac5-et-alors-stop-syndrome-imposteur\/","og_locale":"fr_FR","og_type":"article","og_title":"Conf\u00e9rence \u00ab J&rsquo;ai pas fait bac+5, et alors !? Pour en finir avec le syndrome de l&rsquo;imposteur ! \u00bb - Le Blog GERESO","og_description":"D\u00e9tails de la conf\u00e9rence&nbsp;: DATE&nbsp;: Jeudi 19 octobre 2023 &nbsp;de 18h15 \u00e0 20h R\u00c9SUM\u00c9&nbsp;: Le syndrome de l\u2019imposteur&nbsp;? C\u2019est cette petite voix qui nous glisse \u00e0 l\u2019oreille&nbsp;: \u00ab&nbsp;Tu n\u2019as pas les dipl\u00f4mes, tu n\u2019es pas qualifi\u00e9(e) pour mener ce projet, tu n\u2019es pas l\u00e9gitime pour avoir ce poste, tu n\u2019es pas \u00e0 ta place\u2026&nbsp;\u00bb Souvent, [&hellip;]","og_url":"https:\/\/www.gereso.com\/actualites\/2023\/10\/24\/conference-j-ai-pas-fait-bac5-et-alors-stop-syndrome-imposteur\/","og_site_name":"Le Blog GERESO","article_published_time":"2023-10-24T14:34:13+00:00","article_modified_time":"2023-10-24T14:34:15+00:00","og_image":[{"url":"https:\/\/www.gereso.com\/actualites\/wp-content\/uploads\/2023\/10\/BACA-2.jpg"}],"author":"\u00c9quipe GERESO","twitter_card":"summary_large_image","schema":{"@context":"https:\/\/schema.org","@graph":[{"@type":"WebPage","@id":"https:\/\/www.gereso.com\/actualites\/2023\/10\/24\/conference-j-ai-pas-fait-bac5-et-alors-stop-syndrome-imposteur\/","url":"https:\/\/www.gereso.com\/actualites\/2023\/10\/24\/conference-j-ai-pas-fait-bac5-et-alors-stop-syndrome-imposteur\/","name":"Conf\u00e9rence \u00ab J&rsquo;ai pas fait bac+5, et alors !? Pour en finir avec le syndrome de l&rsquo;imposteur ! \u00bb - Le Blog GERESO","isPartOf":{"@id":"https:\/\/www.gereso.com\/actualites\/#website"},"primaryImageOfPage":{"@id":"https:\/\/www.gereso.com\/actualites\/2023\/10\/24\/conference-j-ai-pas-fait-bac5-et-alors-stop-syndrome-imposteur\/#primaryimage"},"image":{"@id":"https:\/\/www.gereso.com\/actualites\/2023\/10\/24\/conference-j-ai-pas-fait-bac5-et-alors-stop-syndrome-imposteur\/#primaryimage"},"thumbnailUrl":"https:\/\/www.gereso.com\/actualites\/wp-content\/uploads\/2023\/10\/BACA-2.jpg","datePublished":"2023-10-24T14:34:13+00:00","dateModified":"2023-10-24T14:34:15+00:00","author":{"@id":"https:\/\/www.gereso.com\/actualites\/#\/schema\/person\/197d8aef40cb4ae3f6a0aa9e1d3df2a6"},"breadcrumb":{"@id":"https:\/\/www.gereso.com\/actualites\/2023\/10\/24\/conference-j-ai-pas-fait-bac5-et-alors-stop-syndrome-imposteur\/#breadcrumb"},"inLanguage":"fr-FR","potentialAction":[{"@type":"ReadAction","target":["https:\/\/www.gereso.com\/actualites\/2023\/10\/24\/conference-j-ai-pas-fait-bac5-et-alors-stop-syndrome-imposteur\/"]}]},{"@type":"ImageObject","inLanguage":"fr-FR","@id":"https:\/\/www.gereso.com\/actualites\/2023\/10\/24\/conference-j-ai-pas-fait-bac5-et-alors-stop-syndrome-imposteur\/#primaryimage","url":"https:\/\/www.gereso.com\/actualites\/wp-content\/uploads\/2023\/10\/BACA-2.jpg","contentUrl":"https:\/\/www.gereso.com\/actualites\/wp-content\/uploads\/2023\/10\/BACA-2.jpg","width":1188,"height":1710},{"@type":"BreadcrumbList","@id":"https:\/\/www.gereso.com\/actualites\/2023\/10\/24\/conference-j-ai-pas-fait-bac5-et-alors-stop-syndrome-imposteur\/#breadcrumb","itemListElement":[{"@type":"ListItem","position":1,"name":"Home","item":"https:\/\/www.gereso.com\/actualites\/"},{"@type":"ListItem","position":2,"name":"Conf\u00e9rence \u00ab J&rsquo;ai pas fait bac+5, et alors !? Pour en finir avec le syndrome de l&rsquo;imposteur ! \u00bb"}]},{"@type":"WebSite","@id":"https:\/\/www.gereso.com\/actualites\/#website","url":"https:\/\/www.gereso.com\/actualites\/","name":"Le Blog GERESO","description":"Toute l&#039;actu RH, Finance, Fonction Publique, Management...","potentialAction":[{"@type":"SearchAction","target":{"@type":"EntryPoint","urlTemplate":"https:\/\/www.gereso.com\/actualites\/?s={search_term_string}"},"query-input":{"@type":"PropertyValueSpecification","valueRequired":true,"valueName":"search_term_string"}}],"inLanguage":"fr-FR"},{"@type":"Person","@id":"https:\/\/www.gereso.com\/actualites\/#\/schema\/person\/197d8aef40cb4ae3f6a0aa9e1d3df2a6","name":"\u00c9quipe GERESO","image":{"@type":"ImageObject","inLanguage":"fr-FR","@id":"https:\/\/www.gereso.com\/actualites\/#\/schema\/person\/image\/","url":"https:\/\/www.gereso.com\/actualites\/wp-content\/uploads\/2013\/12\/avatar-gereso-1.png","contentUrl":"https:\/\/www.gereso.com\/actualites\/wp-content\/uploads\/2013\/12\/avatar-gereso-1.png","caption":"\u00c9quipe GERESO"},"url":"https:\/\/www.gereso.com\/actualites\/author\/gereso\/"}]}},"_links":{"self":[{"href":"https:\/\/www.gereso.com\/actualites\/wp-json\/wp\/v2\/posts\/37377","targetHints":{"allow":["GET"]}}],"collection":[{"href":"https:\/\/www.gereso.com\/actualites\/wp-json\/wp\/v2\/posts"}],"about":[{"href":"https:\/\/www.gereso.com\/actualites\/wp-json\/wp\/v2\/types\/post"}],"author":[{"embeddable":true,"href":"https:\/\/www.gereso.com\/actualites\/wp-json\/wp\/v2\/users\/32"}],"replies":[{"embeddable":true,"href":"https:\/\/www.gereso.com\/actualites\/wp-json\/wp\/v2\/comments?post=37377"}],"version-history":[{"count":5,"href":"https:\/\/www.gereso.com\/actualites\/wp-json\/wp\/v2\/posts\/37377\/revisions"}],"predecessor-version":[{"id":37383,"href":"https:\/\/www.gereso.com\/actualites\/wp-json\/wp\/v2\/posts\/37377\/revisions\/37383"}],"wp:attachment":[{"href":"https:\/\/www.gereso.com\/actualites\/wp-json\/wp\/v2\/media?parent=37377"}],"wp:term":[{"taxonomy":"category","embeddable":true,"href":"https:\/\/www.gereso.com\/actualites\/wp-json\/wp\/v2\/categories?post=37377"},{"taxonomy":"post_tag","embeddable":true,"href":"https:\/\/www.gereso.com\/actualites\/wp-json\/wp\/v2\/tags?post=37377"}],"curies":[{"name":"wp","href":"https:\/\/api.w.org\/{rel}","templated":true}]}}