{"id":37385,"date":"2023-10-26T09:40:22","date_gmt":"2023-10-26T07:40:22","guid":{"rendered":"https:\/\/www.gereso.com\/actualites\/?p=37385"},"modified":"2023-10-26T09:59:14","modified_gmt":"2023-10-26T07:59:14","slug":"attractivite-fonction-publique","status":"publish","type":"post","link":"https:\/\/www.gereso.com\/actualites\/2023\/10\/26\/attractivite-fonction-publique\/","title":{"rendered":"L\u2019attractivit\u00e9 de la fonction publique"},"content":{"rendered":"\n<p>Alors que le Gouvernement l\u2019a inscrite comme priorit\u00e9 de son action en 2023, le ministre de la transformation et de la fonction publiques a ouvert <strong>une r\u00e9flexion sur l\u2019ensemble des questions li\u00e9es \u00e0 l\u2019acc\u00e8s, aux parcours et aux r\u00e9mun\u00e9rations (chantier \u00ab&nbsp;APR&nbsp;\u00bb) avec les employeurs publics, dont les employeurs territoriaux, et les organisations syndicales.<\/strong><\/p>\n\n\n\n<p>Le chantier \u00ab&nbsp;APR&nbsp;\u00bb abordera plusieurs questions&nbsp;:<\/p>\n\n\n\n<ul class=\"wp-block-list\">\n<li>la simplification et la professionnalisation des concours ainsi que l\u2019acc\u00e8s \u00e0 la fonction publique des apprentis \u00e0 l\u2019issue de leur formation&nbsp;;<\/li>\n\n\n\n<li>le d\u00e9roulement des parcours professionnels et des carri\u00e8res au sein de la fonction publique pour accro\u00eetre l\u2019attractivit\u00e9, sous l\u2019angle de la promotion interne et de la formation&nbsp;;<\/li>\n\n\n\n<li>les r\u00e9mun\u00e9rations et notamment les questions li\u00e9es \u00e0 l\u2019int\u00e9ressement individuel et collectif.<\/li>\n<\/ul>\n\n\n\n<p>Le minist\u00e8re souligne \u00e9galement l\u2019existence de dispositifs \u00e0 la disposition des employeurs territoriaux, pour promouvoir les m\u00e9tiers territoriaux, mis en \u0153uvre notamment par les centres de gestion et le Centre national de la fonction publique territoriale.<\/p>\n\n\n\n<p>La direction g\u00e9n\u00e9rale de l\u2019administration et de la fonction publique d\u00e9veloppe par ailleurs une <strong>plateforme de promotion de la marque employeur \u00ab&nbsp;<a href=\"https:\/\/choisirleservicepublic.gouv.fr\/\" target=\"_blank\" rel=\"noreferrer noopener\">#Choisir le Service public<\/a>&nbsp;\u00bb<\/strong> qui permettra de faire conna\u00eetre les m\u00e9tiers des trois fonctions publiques, ainsi que les concours et voies d\u2019acc\u00e8s.<\/p>\n\n\n\n<p>Le Gouvernement a \u00e9galement engag\u00e9 le <strong>programme \u00ab&nbsp;<a href=\"https:\/\/www.fonction-publique-plus.gouv.fr\/\" target=\"_blank\" rel=\"noreferrer noopener\">Fonction publique&nbsp;+<\/a>&nbsp;\u00bb<\/strong> d\u00e9clin\u00e9 en six engagements prioritaires, dont l\u2019am\u00e9lioration des conditions de vie et de sant\u00e9 au travail, la facilitation du logement et l\u2019adaptation de l\u2019environnement et de l\u2019\u00e9quipement de travail, l\u2019ensemble de ces questions contribuant \u00e9galement au renforcement de l\u2019attractivit\u00e9 de la fonction publique.<\/p>\n\n\n\n<p><em>Question \u00e9crite de Herv\u00e9 Maurey, n\u00b0&nbsp;05856,<br>R\u00e9ponse du Minist\u00e8re aupr\u00e8s du ministre de l\u2019int\u00e9rieur et des outre-mer et du ministre de la transition \u00e9cologique et de la coh\u00e9sion des territoires, charg\u00e9 des collectivit\u00e9s territoriales et de la ruralit\u00e9,<br>Journal Officiel S\u00e9nat du 3 ao\u00fbt 2023, p.&nbsp;4763<\/em><\/p>\n","protected":false},"excerpt":{"rendered":"<p>Alors que le Gouvernement l\u2019a inscrite comme priorit\u00e9 de son action en 2023, le ministre de la transformation et de la fonction publiques a ouvert une r\u00e9flexion sur l\u2019ensemble des questions li\u00e9es \u00e0 l\u2019acc\u00e8s, aux parcours et aux r\u00e9mun\u00e9rations (chantier \u00ab&nbsp;APR&nbsp;\u00bb) avec les employeurs publics, dont les employeurs territoriaux, et les organisations syndicales. Le chantier [&hellip;]<\/p>\n","protected":false},"author":32,"featured_media":37410,"comment_status":"open","ping_status":"open","sticky":false,"template":"","format":"standard","meta":{"_acf_changed":false,"_mi_skip_tracking":false,"footnotes":""},"categories":[12,6],"tags":[],"class_list":["post-37385","post","type-post","status-publish","format-standard","has-post-thumbnail","hentry","category-actualites","category-fonction-publique"],"acf":[],"yoast_head":"<!-- This site is optimized with the Yoast SEO plugin v23.4 - https:\/\/yoast.com\/wordpress\/plugins\/seo\/ -->\n<title>L\u2019attractivit\u00e9 de la fonction publique - Le Blog GERESO<\/title>\n<meta name=\"robots\" content=\"index, follow, max-snippet:-1, max-image-preview:large, max-video-preview:-1\" \/>\n<link rel=\"canonical\" href=\"https:\/\/www.gereso.com\/actualites\/2023\/10\/26\/attractivite-fonction-publique\/\" \/>\n<meta property=\"og:locale\" content=\"fr_FR\" \/>\n<meta property=\"og:type\" content=\"article\" \/>\n<meta property=\"og:title\" content=\"L\u2019attractivit\u00e9 de la fonction publique - Le Blog GERESO\" \/>\n<meta property=\"og:description\" content=\"Alors que le Gouvernement l\u2019a inscrite comme priorit\u00e9 de son action en 2023, le ministre de la transformation et de la fonction publiques a ouvert une r\u00e9flexion sur l\u2019ensemble des questions li\u00e9es \u00e0 l\u2019acc\u00e8s, aux parcours et aux r\u00e9mun\u00e9rations (chantier \u00ab&nbsp;APR&nbsp;\u00bb) avec les employeurs publics, dont les employeurs territoriaux, et les organisations syndicales. Le chantier [&hellip;]\" \/>\n<meta property=\"og:url\" content=\"https:\/\/www.gereso.com\/actualites\/2023\/10\/26\/attractivite-fonction-publique\/\" \/>\n<meta property=\"og:site_name\" content=\"Le Blog GERESO\" \/>\n<meta property=\"article:published_time\" content=\"2023-10-26T07:40:22+00:00\" \/>\n<meta property=\"article:modified_time\" content=\"2023-10-26T07:59:14+00:00\" \/>\n<meta property=\"og:image\" content=\"https:\/\/www.gereso.com\/actualites\/wp-content\/uploads\/2023\/10\/attractivite-fonction-publique.jpg\" \/>\n\t<meta property=\"og:image:width\" content=\"600\" \/>\n\t<meta property=\"og:image:height\" content=\"400\" \/>\n\t<meta property=\"og:image:type\" content=\"image\/jpeg\" \/>\n<meta name=\"author\" content=\"\u00c9quipe GERESO\" \/>\n<meta name=\"twitter:card\" content=\"summary_large_image\" \/>\n<script type=\"application\/ld+json\" class=\"yoast-schema-graph\">{\"@context\":\"https:\/\/schema.org\",\"@graph\":[{\"@type\":\"WebPage\",\"@id\":\"https:\/\/www.gereso.com\/actualites\/2023\/10\/26\/attractivite-fonction-publique\/\",\"url\":\"https:\/\/www.gereso.com\/actualites\/2023\/10\/26\/attractivite-fonction-publique\/\",\"name\":\"L\u2019attractivit\u00e9 de la fonction publique - Le Blog GERESO\",\"isPartOf\":{\"@id\":\"https:\/\/www.gereso.com\/actualites\/#website\"},\"primaryImageOfPage\":{\"@id\":\"https:\/\/www.gereso.com\/actualites\/2023\/10\/26\/attractivite-fonction-publique\/#primaryimage\"},\"image\":{\"@id\":\"https:\/\/www.gereso.com\/actualites\/2023\/10\/26\/attractivite-fonction-publique\/#primaryimage\"},\"thumbnailUrl\":\"https:\/\/www.gereso.com\/actualites\/wp-content\/uploads\/2023\/10\/attractivite-fonction-publique.jpg\",\"datePublished\":\"2023-10-26T07:40:22+00:00\",\"dateModified\":\"2023-10-26T07:59:14+00:00\",\"author\":{\"@id\":\"https:\/\/www.gereso.com\/actualites\/#\/schema\/person\/197d8aef40cb4ae3f6a0aa9e1d3df2a6\"},\"breadcrumb\":{\"@id\":\"https:\/\/www.gereso.com\/actualites\/2023\/10\/26\/attractivite-fonction-publique\/#breadcrumb\"},\"inLanguage\":\"fr-FR\",\"potentialAction\":[{\"@type\":\"ReadAction\",\"target\":[\"https:\/\/www.gereso.com\/actualites\/2023\/10\/26\/attractivite-fonction-publique\/\"]}]},{\"@type\":\"ImageObject\",\"inLanguage\":\"fr-FR\",\"@id\":\"https:\/\/www.gereso.com\/actualites\/2023\/10\/26\/attractivite-fonction-publique\/#primaryimage\",\"url\":\"https:\/\/www.gereso.com\/actualites\/wp-content\/uploads\/2023\/10\/attractivite-fonction-publique.jpg\",\"contentUrl\":\"https:\/\/www.gereso.com\/actualites\/wp-content\/uploads\/2023\/10\/attractivite-fonction-publique.jpg\",\"width\":600,\"height\":400,\"caption\":\"R\u00e9flexion sur l'avenir de la fonction publique : Le chantier \\\"APR\\\" ouvert pour renforcer son attractivit\u00e9 en 2023.\"},{\"@type\":\"BreadcrumbList\",\"@id\":\"https:\/\/www.gereso.com\/actualites\/2023\/10\/26\/attractivite-fonction-publique\/#breadcrumb\",\"itemListElement\":[{\"@type\":\"ListItem\",\"position\":1,\"name\":\"Home\",\"item\":\"https:\/\/www.gereso.com\/actualites\/\"},{\"@type\":\"ListItem\",\"position\":2,\"name\":\"L\u2019attractivit\u00e9 de la fonction publique\"}]},{\"@type\":\"WebSite\",\"@id\":\"https:\/\/www.gereso.com\/actualites\/#website\",\"url\":\"https:\/\/www.gereso.com\/actualites\/\",\"name\":\"Le Blog GERESO\",\"description\":\"Toute l&#039;actu RH, Finance, Fonction Publique, Management...\",\"potentialAction\":[{\"@type\":\"SearchAction\",\"target\":{\"@type\":\"EntryPoint\",\"urlTemplate\":\"https:\/\/www.gereso.com\/actualites\/?s={search_term_string}\"},\"query-input\":{\"@type\":\"PropertyValueSpecification\",\"valueRequired\":true,\"valueName\":\"search_term_string\"}}],\"inLanguage\":\"fr-FR\"},{\"@type\":\"Person\",\"@id\":\"https:\/\/www.gereso.com\/actualites\/#\/schema\/person\/197d8aef40cb4ae3f6a0aa9e1d3df2a6\",\"name\":\"\u00c9quipe GERESO\",\"image\":{\"@type\":\"ImageObject\",\"inLanguage\":\"fr-FR\",\"@id\":\"https:\/\/www.gereso.com\/actualites\/#\/schema\/person\/image\/\",\"url\":\"https:\/\/www.gereso.com\/actualites\/wp-content\/uploads\/2013\/12\/avatar-gereso-1.png\",\"contentUrl\":\"https:\/\/www.gereso.com\/actualites\/wp-content\/uploads\/2013\/12\/avatar-gereso-1.png\",\"caption\":\"\u00c9quipe GERESO\"},\"url\":\"https:\/\/www.gereso.com\/actualites\/author\/gereso\/\"}]}<\/script>\n<!-- \/ Yoast SEO plugin. -->","yoast_head_json":{"title":"L\u2019attractivit\u00e9 de la fonction publique - Le Blog GERESO","robots":{"index":"index","follow":"follow","max-snippet":"max-snippet:-1","max-image-preview":"max-image-preview:large","max-video-preview":"max-video-preview:-1"},"canonical":"https:\/\/www.gereso.com\/actualites\/2023\/10\/26\/attractivite-fonction-publique\/","og_locale":"fr_FR","og_type":"article","og_title":"L\u2019attractivit\u00e9 de la fonction publique - Le Blog GERESO","og_description":"Alors que le Gouvernement l\u2019a inscrite comme priorit\u00e9 de son action en 2023, le ministre de la transformation et de la fonction publiques a ouvert une r\u00e9flexion sur l\u2019ensemble des questions li\u00e9es \u00e0 l\u2019acc\u00e8s, aux parcours et aux r\u00e9mun\u00e9rations (chantier \u00ab&nbsp;APR&nbsp;\u00bb) avec les employeurs publics, dont les employeurs territoriaux, et les organisations syndicales. Le chantier [&hellip;]","og_url":"https:\/\/www.gereso.com\/actualites\/2023\/10\/26\/attractivite-fonction-publique\/","og_site_name":"Le Blog GERESO","article_published_time":"2023-10-26T07:40:22+00:00","article_modified_time":"2023-10-26T07:59:14+00:00","og_image":[{"width":600,"height":400,"url":"https:\/\/www.gereso.com\/actualites\/wp-content\/uploads\/2023\/10\/attractivite-fonction-publique.jpg","type":"image\/jpeg"}],"author":"\u00c9quipe GERESO","twitter_card":"summary_large_image","schema":{"@context":"https:\/\/schema.org","@graph":[{"@type":"WebPage","@id":"https:\/\/www.gereso.com\/actualites\/2023\/10\/26\/attractivite-fonction-publique\/","url":"https:\/\/www.gereso.com\/actualites\/2023\/10\/26\/attractivite-fonction-publique\/","name":"L\u2019attractivit\u00e9 de la fonction publique - Le Blog GERESO","isPartOf":{"@id":"https:\/\/www.gereso.com\/actualites\/#website"},"primaryImageOfPage":{"@id":"https:\/\/www.gereso.com\/actualites\/2023\/10\/26\/attractivite-fonction-publique\/#primaryimage"},"image":{"@id":"https:\/\/www.gereso.com\/actualites\/2023\/10\/26\/attractivite-fonction-publique\/#primaryimage"},"thumbnailUrl":"https:\/\/www.gereso.com\/actualites\/wp-content\/uploads\/2023\/10\/attractivite-fonction-publique.jpg","datePublished":"2023-10-26T07:40:22+00:00","dateModified":"2023-10-26T07:59:14+00:00","author":{"@id":"https:\/\/www.gereso.com\/actualites\/#\/schema\/person\/197d8aef40cb4ae3f6a0aa9e1d3df2a6"},"breadcrumb":{"@id":"https:\/\/www.gereso.com\/actualites\/2023\/10\/26\/attractivite-fonction-publique\/#breadcrumb"},"inLanguage":"fr-FR","potentialAction":[{"@type":"ReadAction","target":["https:\/\/www.gereso.com\/actualites\/2023\/10\/26\/attractivite-fonction-publique\/"]}]},{"@type":"ImageObject","inLanguage":"fr-FR","@id":"https:\/\/www.gereso.com\/actualites\/2023\/10\/26\/attractivite-fonction-publique\/#primaryimage","url":"https:\/\/www.gereso.com\/actualites\/wp-content\/uploads\/2023\/10\/attractivite-fonction-publique.jpg","contentUrl":"https:\/\/www.gereso.com\/actualites\/wp-content\/uploads\/2023\/10\/attractivite-fonction-publique.jpg","width":600,"height":400,"caption":"R\u00e9flexion sur l'avenir de la fonction publique : Le chantier \"APR\" ouvert pour renforcer son attractivit\u00e9 en 2023."},{"@type":"BreadcrumbList","@id":"https:\/\/www.gereso.com\/actualites\/2023\/10\/26\/attractivite-fonction-publique\/#breadcrumb","itemListElement":[{"@type":"ListItem","position":1,"name":"Home","item":"https:\/\/www.gereso.com\/actualites\/"},{"@type":"ListItem","position":2,"name":"L\u2019attractivit\u00e9 de la fonction publique"}]},{"@type":"WebSite","@id":"https:\/\/www.gereso.com\/actualites\/#website","url":"https:\/\/www.gereso.com\/actualites\/","name":"Le Blog GERESO","description":"Toute l&#039;actu RH, Finance, Fonction Publique, Management...","potentialAction":[{"@type":"SearchAction","target":{"@type":"EntryPoint","urlTemplate":"https:\/\/www.gereso.com\/actualites\/?s={search_term_string}"},"query-input":{"@type":"PropertyValueSpecification","valueRequired":true,"valueName":"search_term_string"}}],"inLanguage":"fr-FR"},{"@type":"Person","@id":"https:\/\/www.gereso.com\/actualites\/#\/schema\/person\/197d8aef40cb4ae3f6a0aa9e1d3df2a6","name":"\u00c9quipe GERESO","image":{"@type":"ImageObject","inLanguage":"fr-FR","@id":"https:\/\/www.gereso.com\/actualites\/#\/schema\/person\/image\/","url":"https:\/\/www.gereso.com\/actualites\/wp-content\/uploads\/2013\/12\/avatar-gereso-1.png","contentUrl":"https:\/\/www.gereso.com\/actualites\/wp-content\/uploads\/2013\/12\/avatar-gereso-1.png","caption":"\u00c9quipe GERESO"},"url":"https:\/\/www.gereso.com\/actualites\/author\/gereso\/"}]}},"_links":{"self":[{"href":"https:\/\/www.gereso.com\/actualites\/wp-json\/wp\/v2\/posts\/37385","targetHints":{"allow":["GET"]}}],"collection":[{"href":"https:\/\/www.gereso.com\/actualites\/wp-json\/wp\/v2\/posts"}],"about":[{"href":"https:\/\/www.gereso.com\/actualites\/wp-json\/wp\/v2\/types\/post"}],"author":[{"embeddable":true,"href":"https:\/\/www.gereso.com\/actualites\/wp-json\/wp\/v2\/users\/32"}],"replies":[{"embeddable":true,"href":"https:\/\/www.gereso.com\/actualites\/wp-json\/wp\/v2\/comments?post=37385"}],"version-history":[{"count":6,"href":"https:\/\/www.gereso.com\/actualites\/wp-json\/wp\/v2\/posts\/37385\/revisions"}],"predecessor-version":[{"id":37409,"href":"https:\/\/www.gereso.com\/actualites\/wp-json\/wp\/v2\/posts\/37385\/revisions\/37409"}],"wp:featuredmedia":[{"embeddable":true,"href":"https:\/\/www.gereso.com\/actualites\/wp-json\/wp\/v2\/media\/37410"}],"wp:attachment":[{"href":"https:\/\/www.gereso.com\/actualites\/wp-json\/wp\/v2\/media?parent=37385"}],"wp:term":[{"taxonomy":"category","embeddable":true,"href":"https:\/\/www.gereso.com\/actualites\/wp-json\/wp\/v2\/categories?post=37385"},{"taxonomy":"post_tag","embeddable":true,"href":"https:\/\/www.gereso.com\/actualites\/wp-json\/wp\/v2\/tags?post=37385"}],"curies":[{"name":"wp","href":"https:\/\/api.w.org\/{rel}","templated":true}]}}