{"id":37397,"date":"2023-10-26T09:57:29","date_gmt":"2023-10-26T07:57:29","guid":{"rendered":"https:\/\/www.gereso.com\/actualites\/?p=37397"},"modified":"2023-10-26T09:57:31","modified_gmt":"2023-10-26T07:57:31","slug":"indemnite-residence","status":"publish","type":"post","link":"https:\/\/www.gereso.com\/actualites\/2023\/10\/26\/indemnite-residence\/","title":{"rendered":"Fonction publique : l\u2019indemnit\u00e9 de r\u00e9sidence"},"content":{"rendered":"\n<p>Sauf que le classement de ces villes n\u2019a jamais \u00e9t\u00e9 revu depuis plus de 20&nbsp;ans&nbsp;! C\u2019est ainsi qu\u2019on se retrouve aujourd&rsquo;hui avec (entre autres) Paris et Marseille \u00e0 3&nbsp;% (pas si illogique), mais \u00e9galement Chambly (seule ville de l\u2019Oise \u00e0 3&nbsp;%) et La Baule. Nantes, Nice et Lyon quant \u00e0 elles, sont \u00e0 1&nbsp;%, au m\u00eame titre que B\u00e9thune, Brest et Bl\u00e9nod-l\u00e8s-Pont-\u00e0-Mousson (en Meurthe-et-Moselle). Et puis en bas de classement, \u00e0 0&nbsp;%, donc avec aucune indemnit\u00e9, on retrouve Bordeaux, Rennes, Annecy, log\u00e9es \u00e0 la m\u00eame enseigne que n\u2019importe quelle ville de la Mayenne ou de l\u2019Ard\u00e8che&nbsp;!<\/p>\n\n\n\n<p>M\u00eame si le Minist\u00e8re de la transformation et de la fonction publiques annon\u00e7ait il y a quelques mois, qu\u2019\u00ab&nbsp;<strong>une r\u00e9forme de ce dispositif appara\u00eet souhaitable dans la mesure o\u00f9 il s\u2019appuie sur un zonage ne correspondant plus \u00e0 la situation \u00e9conomique actuelle<\/strong>*&nbsp;\u00bb, ce travail n\u2019a pas encore \u00e9t\u00e9 fait sauf pour les transfrontaliers avec la Suisse&nbsp;! En effet, Stanislas Guarini, \u00e0 l\u2019occasion d\u2019un d\u00e9placement le 27&nbsp;septembre, \u00ab&nbsp;la mise en place d\u2019une indemnit\u00e9 de r\u00e9sidence pour les agents de l\u2019Ain et la Haute-Savoie&nbsp;\u00bb. Les agents de 61&nbsp;communes verront donc, d\u00e8s le mois de d\u00e9cembre, cette nouvelle indemnit\u00e9 sur leur bulletin de paie.<\/p>\n\n\n\n<p><em>*R\u00e9ponse \u00e0 la question \u00e9crite n\u00b0&nbsp;1200 du 13&nbsp;septembre&nbsp;2022, relative \u00e0 l\u2019actualisation des zones d\u2019indemnit\u00e9s de r\u00e9sidence, publi\u00e9e au Journal Officiel Assembl\u00e9e Nationale du 28&nbsp;mars&nbsp;2023. p.&nbsp;2931.<\/em><\/p>\n","protected":false},"excerpt":{"rendered":"<p>Sauf que le classement de ces villes n\u2019a jamais \u00e9t\u00e9 revu depuis plus de 20&nbsp;ans&nbsp;! C\u2019est ainsi qu\u2019on se retrouve aujourd&rsquo;hui avec (entre autres) Paris et Marseille \u00e0 3&nbsp;% (pas si illogique), mais \u00e9galement Chambly (seule ville de l\u2019Oise \u00e0 3&nbsp;%) et La Baule. Nantes, Nice et Lyon quant \u00e0 elles, sont \u00e0 1&nbsp;%, au [&hellip;]<\/p>\n","protected":false},"author":32,"featured_media":37414,"comment_status":"open","ping_status":"open","sticky":false,"template":"","format":"standard","meta":{"_acf_changed":false,"_mi_skip_tracking":false,"footnotes":""},"categories":[12,6],"tags":[],"class_list":["post-37397","post","type-post","status-publish","format-standard","has-post-thumbnail","hentry","category-actualites","category-fonction-publique"],"acf":[],"yoast_head":"<!-- This site is optimized with the Yoast SEO plugin v23.4 - https:\/\/yoast.com\/wordpress\/plugins\/seo\/ -->\n<title>Fonction publique : l\u2019indemnit\u00e9 de r\u00e9sidence - Le Blog GERESO<\/title>\n<meta name=\"robots\" content=\"index, follow, max-snippet:-1, max-image-preview:large, max-video-preview:-1\" \/>\n<link rel=\"canonical\" href=\"https:\/\/www.gereso.com\/actualites\/2023\/10\/26\/indemnite-residence\/\" \/>\n<meta property=\"og:locale\" content=\"fr_FR\" \/>\n<meta property=\"og:type\" content=\"article\" \/>\n<meta property=\"og:title\" content=\"Fonction publique : l\u2019indemnit\u00e9 de r\u00e9sidence - Le Blog GERESO\" \/>\n<meta property=\"og:description\" content=\"Sauf que le classement de ces villes n\u2019a jamais \u00e9t\u00e9 revu depuis plus de 20&nbsp;ans&nbsp;! C\u2019est ainsi qu\u2019on se retrouve aujourd&rsquo;hui avec (entre autres) Paris et Marseille \u00e0 3&nbsp;% (pas si illogique), mais \u00e9galement Chambly (seule ville de l\u2019Oise \u00e0 3&nbsp;%) et La Baule. Nantes, Nice et Lyon quant \u00e0 elles, sont \u00e0 1&nbsp;%, au [&hellip;]\" \/>\n<meta property=\"og:url\" content=\"https:\/\/www.gereso.com\/actualites\/2023\/10\/26\/indemnite-residence\/\" \/>\n<meta property=\"og:site_name\" content=\"Le Blog GERESO\" \/>\n<meta property=\"article:published_time\" content=\"2023-10-26T07:57:29+00:00\" \/>\n<meta property=\"article:modified_time\" content=\"2023-10-26T07:57:31+00:00\" \/>\n<meta property=\"og:image\" content=\"https:\/\/www.gereso.com\/actualites\/wp-content\/uploads\/2023\/10\/fonction-publique-indeminite-residence.jpg\" \/>\n\t<meta property=\"og:image:width\" content=\"600\" \/>\n\t<meta property=\"og:image:height\" content=\"400\" \/>\n\t<meta property=\"og:image:type\" content=\"image\/jpeg\" \/>\n<meta name=\"author\" content=\"\u00c9quipe GERESO\" \/>\n<meta name=\"twitter:card\" content=\"summary_large_image\" \/>\n<script type=\"application\/ld+json\" class=\"yoast-schema-graph\">{\"@context\":\"https:\/\/schema.org\",\"@graph\":[{\"@type\":\"WebPage\",\"@id\":\"https:\/\/www.gereso.com\/actualites\/2023\/10\/26\/indemnite-residence\/\",\"url\":\"https:\/\/www.gereso.com\/actualites\/2023\/10\/26\/indemnite-residence\/\",\"name\":\"Fonction publique : l\u2019indemnit\u00e9 de r\u00e9sidence - Le Blog GERESO\",\"isPartOf\":{\"@id\":\"https:\/\/www.gereso.com\/actualites\/#website\"},\"primaryImageOfPage\":{\"@id\":\"https:\/\/www.gereso.com\/actualites\/2023\/10\/26\/indemnite-residence\/#primaryimage\"},\"image\":{\"@id\":\"https:\/\/www.gereso.com\/actualites\/2023\/10\/26\/indemnite-residence\/#primaryimage\"},\"thumbnailUrl\":\"https:\/\/www.gereso.com\/actualites\/wp-content\/uploads\/2023\/10\/fonction-publique-indeminite-residence.jpg\",\"datePublished\":\"2023-10-26T07:57:29+00:00\",\"dateModified\":\"2023-10-26T07:57:31+00:00\",\"author\":{\"@id\":\"https:\/\/www.gereso.com\/actualites\/#\/schema\/person\/197d8aef40cb4ae3f6a0aa9e1d3df2a6\"},\"breadcrumb\":{\"@id\":\"https:\/\/www.gereso.com\/actualites\/2023\/10\/26\/indemnite-residence\/#breadcrumb\"},\"inLanguage\":\"fr-FR\",\"potentialAction\":[{\"@type\":\"ReadAction\",\"target\":[\"https:\/\/www.gereso.com\/actualites\/2023\/10\/26\/indemnite-residence\/\"]}]},{\"@type\":\"ImageObject\",\"inLanguage\":\"fr-FR\",\"@id\":\"https:\/\/www.gereso.com\/actualites\/2023\/10\/26\/indemnite-residence\/#primaryimage\",\"url\":\"https:\/\/www.gereso.com\/actualites\/wp-content\/uploads\/2023\/10\/fonction-publique-indeminite-residence.jpg\",\"contentUrl\":\"https:\/\/www.gereso.com\/actualites\/wp-content\/uploads\/2023\/10\/fonction-publique-indeminite-residence.jpg\",\"width\":600,\"height\":400,\"caption\":\"\u00c9quit\u00e9 g\u00e9ographique : R\u00e9flexion sur l'indemnit\u00e9 de r\u00e9sidence dans la fonction publique, 20 ans apr\u00e8s sa derni\u00e8re r\u00e9vision.\"},{\"@type\":\"BreadcrumbList\",\"@id\":\"https:\/\/www.gereso.com\/actualites\/2023\/10\/26\/indemnite-residence\/#breadcrumb\",\"itemListElement\":[{\"@type\":\"ListItem\",\"position\":1,\"name\":\"Home\",\"item\":\"https:\/\/www.gereso.com\/actualites\/\"},{\"@type\":\"ListItem\",\"position\":2,\"name\":\"Fonction publique : l\u2019indemnit\u00e9 de r\u00e9sidence\"}]},{\"@type\":\"WebSite\",\"@id\":\"https:\/\/www.gereso.com\/actualites\/#website\",\"url\":\"https:\/\/www.gereso.com\/actualites\/\",\"name\":\"Le Blog GERESO\",\"description\":\"Toute l&#039;actu RH, Finance, Fonction Publique, Management...\",\"potentialAction\":[{\"@type\":\"SearchAction\",\"target\":{\"@type\":\"EntryPoint\",\"urlTemplate\":\"https:\/\/www.gereso.com\/actualites\/?s={search_term_string}\"},\"query-input\":{\"@type\":\"PropertyValueSpecification\",\"valueRequired\":true,\"valueName\":\"search_term_string\"}}],\"inLanguage\":\"fr-FR\"},{\"@type\":\"Person\",\"@id\":\"https:\/\/www.gereso.com\/actualites\/#\/schema\/person\/197d8aef40cb4ae3f6a0aa9e1d3df2a6\",\"name\":\"\u00c9quipe GERESO\",\"image\":{\"@type\":\"ImageObject\",\"inLanguage\":\"fr-FR\",\"@id\":\"https:\/\/www.gereso.com\/actualites\/#\/schema\/person\/image\/\",\"url\":\"https:\/\/www.gereso.com\/actualites\/wp-content\/uploads\/2013\/12\/avatar-gereso-1.png\",\"contentUrl\":\"https:\/\/www.gereso.com\/actualites\/wp-content\/uploads\/2013\/12\/avatar-gereso-1.png\",\"caption\":\"\u00c9quipe GERESO\"},\"url\":\"https:\/\/www.gereso.com\/actualites\/author\/gereso\/\"}]}<\/script>\n<!-- \/ Yoast SEO plugin. -->","yoast_head_json":{"title":"Fonction publique : l\u2019indemnit\u00e9 de r\u00e9sidence - Le Blog GERESO","robots":{"index":"index","follow":"follow","max-snippet":"max-snippet:-1","max-image-preview":"max-image-preview:large","max-video-preview":"max-video-preview:-1"},"canonical":"https:\/\/www.gereso.com\/actualites\/2023\/10\/26\/indemnite-residence\/","og_locale":"fr_FR","og_type":"article","og_title":"Fonction publique : l\u2019indemnit\u00e9 de r\u00e9sidence - Le Blog GERESO","og_description":"Sauf que le classement de ces villes n\u2019a jamais \u00e9t\u00e9 revu depuis plus de 20&nbsp;ans&nbsp;! C\u2019est ainsi qu\u2019on se retrouve aujourd&rsquo;hui avec (entre autres) Paris et Marseille \u00e0 3&nbsp;% (pas si illogique), mais \u00e9galement Chambly (seule ville de l\u2019Oise \u00e0 3&nbsp;%) et La Baule. Nantes, Nice et Lyon quant \u00e0 elles, sont \u00e0 1&nbsp;%, au [&hellip;]","og_url":"https:\/\/www.gereso.com\/actualites\/2023\/10\/26\/indemnite-residence\/","og_site_name":"Le Blog GERESO","article_published_time":"2023-10-26T07:57:29+00:00","article_modified_time":"2023-10-26T07:57:31+00:00","og_image":[{"width":600,"height":400,"url":"https:\/\/www.gereso.com\/actualites\/wp-content\/uploads\/2023\/10\/fonction-publique-indeminite-residence.jpg","type":"image\/jpeg"}],"author":"\u00c9quipe GERESO","twitter_card":"summary_large_image","schema":{"@context":"https:\/\/schema.org","@graph":[{"@type":"WebPage","@id":"https:\/\/www.gereso.com\/actualites\/2023\/10\/26\/indemnite-residence\/","url":"https:\/\/www.gereso.com\/actualites\/2023\/10\/26\/indemnite-residence\/","name":"Fonction publique : l\u2019indemnit\u00e9 de r\u00e9sidence - Le Blog GERESO","isPartOf":{"@id":"https:\/\/www.gereso.com\/actualites\/#website"},"primaryImageOfPage":{"@id":"https:\/\/www.gereso.com\/actualites\/2023\/10\/26\/indemnite-residence\/#primaryimage"},"image":{"@id":"https:\/\/www.gereso.com\/actualites\/2023\/10\/26\/indemnite-residence\/#primaryimage"},"thumbnailUrl":"https:\/\/www.gereso.com\/actualites\/wp-content\/uploads\/2023\/10\/fonction-publique-indeminite-residence.jpg","datePublished":"2023-10-26T07:57:29+00:00","dateModified":"2023-10-26T07:57:31+00:00","author":{"@id":"https:\/\/www.gereso.com\/actualites\/#\/schema\/person\/197d8aef40cb4ae3f6a0aa9e1d3df2a6"},"breadcrumb":{"@id":"https:\/\/www.gereso.com\/actualites\/2023\/10\/26\/indemnite-residence\/#breadcrumb"},"inLanguage":"fr-FR","potentialAction":[{"@type":"ReadAction","target":["https:\/\/www.gereso.com\/actualites\/2023\/10\/26\/indemnite-residence\/"]}]},{"@type":"ImageObject","inLanguage":"fr-FR","@id":"https:\/\/www.gereso.com\/actualites\/2023\/10\/26\/indemnite-residence\/#primaryimage","url":"https:\/\/www.gereso.com\/actualites\/wp-content\/uploads\/2023\/10\/fonction-publique-indeminite-residence.jpg","contentUrl":"https:\/\/www.gereso.com\/actualites\/wp-content\/uploads\/2023\/10\/fonction-publique-indeminite-residence.jpg","width":600,"height":400,"caption":"\u00c9quit\u00e9 g\u00e9ographique : R\u00e9flexion sur l'indemnit\u00e9 de r\u00e9sidence dans la fonction publique, 20 ans apr\u00e8s sa derni\u00e8re r\u00e9vision."},{"@type":"BreadcrumbList","@id":"https:\/\/www.gereso.com\/actualites\/2023\/10\/26\/indemnite-residence\/#breadcrumb","itemListElement":[{"@type":"ListItem","position":1,"name":"Home","item":"https:\/\/www.gereso.com\/actualites\/"},{"@type":"ListItem","position":2,"name":"Fonction publique : l\u2019indemnit\u00e9 de r\u00e9sidence"}]},{"@type":"WebSite","@id":"https:\/\/www.gereso.com\/actualites\/#website","url":"https:\/\/www.gereso.com\/actualites\/","name":"Le Blog GERESO","description":"Toute l&#039;actu RH, Finance, Fonction Publique, Management...","potentialAction":[{"@type":"SearchAction","target":{"@type":"EntryPoint","urlTemplate":"https:\/\/www.gereso.com\/actualites\/?s={search_term_string}"},"query-input":{"@type":"PropertyValueSpecification","valueRequired":true,"valueName":"search_term_string"}}],"inLanguage":"fr-FR"},{"@type":"Person","@id":"https:\/\/www.gereso.com\/actualites\/#\/schema\/person\/197d8aef40cb4ae3f6a0aa9e1d3df2a6","name":"\u00c9quipe GERESO","image":{"@type":"ImageObject","inLanguage":"fr-FR","@id":"https:\/\/www.gereso.com\/actualites\/#\/schema\/person\/image\/","url":"https:\/\/www.gereso.com\/actualites\/wp-content\/uploads\/2013\/12\/avatar-gereso-1.png","contentUrl":"https:\/\/www.gereso.com\/actualites\/wp-content\/uploads\/2013\/12\/avatar-gereso-1.png","caption":"\u00c9quipe GERESO"},"url":"https:\/\/www.gereso.com\/actualites\/author\/gereso\/"}]}},"_links":{"self":[{"href":"https:\/\/www.gereso.com\/actualites\/wp-json\/wp\/v2\/posts\/37397","targetHints":{"allow":["GET"]}}],"collection":[{"href":"https:\/\/www.gereso.com\/actualites\/wp-json\/wp\/v2\/posts"}],"about":[{"href":"https:\/\/www.gereso.com\/actualites\/wp-json\/wp\/v2\/types\/post"}],"author":[{"embeddable":true,"href":"https:\/\/www.gereso.com\/actualites\/wp-json\/wp\/v2\/users\/32"}],"replies":[{"embeddable":true,"href":"https:\/\/www.gereso.com\/actualites\/wp-json\/wp\/v2\/comments?post=37397"}],"version-history":[{"count":7,"href":"https:\/\/www.gereso.com\/actualites\/wp-json\/wp\/v2\/posts\/37397\/revisions"}],"predecessor-version":[{"id":37418,"href":"https:\/\/www.gereso.com\/actualites\/wp-json\/wp\/v2\/posts\/37397\/revisions\/37418"}],"wp:featuredmedia":[{"embeddable":true,"href":"https:\/\/www.gereso.com\/actualites\/wp-json\/wp\/v2\/media\/37414"}],"wp:attachment":[{"href":"https:\/\/www.gereso.com\/actualites\/wp-json\/wp\/v2\/media?parent=37397"}],"wp:term":[{"taxonomy":"category","embeddable":true,"href":"https:\/\/www.gereso.com\/actualites\/wp-json\/wp\/v2\/categories?post=37397"},{"taxonomy":"post_tag","embeddable":true,"href":"https:\/\/www.gereso.com\/actualites\/wp-json\/wp\/v2\/tags?post=37397"}],"curies":[{"name":"wp","href":"https:\/\/api.w.org\/{rel}","templated":true}]}}