{"id":37402,"date":"2023-10-26T09:58:51","date_gmt":"2023-10-26T07:58:51","guid":{"rendered":"https:\/\/www.gereso.com\/actualites\/?p=37402"},"modified":"2023-10-27T11:16:11","modified_gmt":"2023-10-27T09:16:11","slug":"apprentissage-handicap","status":"publish","type":"post","link":"https:\/\/www.gereso.com\/actualites\/2023\/10\/26\/apprentissage-handicap\/","title":{"rendered":"Fonction publique : l\u2019apprentissage et le handicap"},"content":{"rendered":"\n<p>Pour s\u00e9curiser les parcours de formation et r\u00e9pondre aux besoins sp\u00e9cifiques des personnes en situation\u00a0 de handicap, l\u2019apprentissage peut \u00eatre am\u00e9nag\u00e9.<\/p>\n\n\n\n<p>La dur\u00e9e du contrat, le temps de travail, le d\u00e9roulement de la formation ou encore la limite d\u2019\u00e2ge sont quelques exemples d\u2019adaptations de parcours<\/p>\n\n\n\n<p>Par ailleurs, le FIPHFP propose, entre autres, une aide \u00e0 la r\u00e9mun\u00e9ration de l\u2019apprenti sur toute la dur\u00e9e du contrat, la prise en charge des frais de formation (frais d\u2019inscription compris) de l\u2019apprenti, la prise en charge du surco\u00fbt des am\u00e9nagements n\u00e9cessaires chez l\u2019employeur, une aide aux d\u00e9placements en compensation du handicap\u2026<\/p>\n\n\n\n<p>Le minist\u00e8re du Travail, avec l\u2019appui de l\u2019Agefiph et du FIPHFP, a publi\u00e9 un guide \u00ab&nbsp;Apprentissage et Handicap&nbsp;\u00bb, destin\u00e9 aux apprentis, centres de formation d\u2019apprentis (CFA) et employeurs priv\u00e9s ou publics, afin d\u2019informer et sensibiliser sur l\u2019opportunit\u00e9 que repr\u00e9sente l\u2019apprentissage am\u00e9nag\u00e9.<\/p>\n\n\n\n<p><em><a href=\"https:\/\/travail-emploi.gouv.fr\/IMG\/pdf\/guideaprentissage_handicap2023_28072023.pdf\" target=\"_blank\" rel=\"noreferrer noopener\">Guide apprentissage et handicap, Minist\u00e8re du Travail, du Plein-emploi et de l\u2019insertion, \u00e9dition 2023<\/a><\/em><\/p>\n","protected":false},"excerpt":{"rendered":"<p>Pour s\u00e9curiser les parcours de formation et r\u00e9pondre aux besoins sp\u00e9cifiques des personnes en situation\u00a0 de handicap, l\u2019apprentissage peut \u00eatre am\u00e9nag\u00e9. La dur\u00e9e du contrat, le temps de travail, le d\u00e9roulement de la formation ou encore la limite d\u2019\u00e2ge sont quelques exemples d\u2019adaptations de parcours Par ailleurs, le FIPHFP propose, entre autres, une aide \u00e0 [&hellip;]<\/p>\n","protected":false},"author":32,"featured_media":0,"comment_status":"open","ping_status":"open","sticky":false,"template":"","format":"quote","meta":{"_acf_changed":false,"_mi_skip_tracking":false,"footnotes":""},"categories":[12,6],"tags":[],"class_list":["post-37402","post","type-post","status-publish","format-quote","hentry","category-actualites","category-fonction-publique","post_format-post-format-quote"],"acf":[],"yoast_head":"<!-- This site is optimized with the Yoast SEO plugin v23.4 - https:\/\/yoast.com\/wordpress\/plugins\/seo\/ -->\n<title>Fonction publique : l\u2019apprentissage et le handicap - Le Blog GERESO<\/title>\n<meta name=\"robots\" content=\"index, follow, max-snippet:-1, max-image-preview:large, max-video-preview:-1\" \/>\n<link rel=\"canonical\" href=\"https:\/\/www.gereso.com\/actualites\/2023\/10\/26\/apprentissage-handicap\/\" \/>\n<meta property=\"og:locale\" content=\"fr_FR\" \/>\n<meta property=\"og:type\" content=\"article\" \/>\n<meta property=\"og:title\" content=\"Fonction publique : l\u2019apprentissage et le handicap - Le Blog GERESO\" \/>\n<meta property=\"og:description\" content=\"Pour s\u00e9curiser les parcours de formation et r\u00e9pondre aux besoins sp\u00e9cifiques des personnes en situation\u00a0 de handicap, l\u2019apprentissage peut \u00eatre am\u00e9nag\u00e9. La dur\u00e9e du contrat, le temps de travail, le d\u00e9roulement de la formation ou encore la limite d\u2019\u00e2ge sont quelques exemples d\u2019adaptations de parcours Par ailleurs, le FIPHFP propose, entre autres, une aide \u00e0 [&hellip;]\" \/>\n<meta property=\"og:url\" content=\"https:\/\/www.gereso.com\/actualites\/2023\/10\/26\/apprentissage-handicap\/\" \/>\n<meta property=\"og:site_name\" content=\"Le Blog GERESO\" \/>\n<meta property=\"article:published_time\" content=\"2023-10-26T07:58:51+00:00\" \/>\n<meta property=\"article:modified_time\" content=\"2023-10-27T09:16:11+00:00\" \/>\n<meta name=\"author\" content=\"\u00c9quipe GERESO\" \/>\n<meta name=\"twitter:card\" content=\"summary_large_image\" \/>\n<script type=\"application\/ld+json\" class=\"yoast-schema-graph\">{\"@context\":\"https:\/\/schema.org\",\"@graph\":[{\"@type\":\"WebPage\",\"@id\":\"https:\/\/www.gereso.com\/actualites\/2023\/10\/26\/apprentissage-handicap\/\",\"url\":\"https:\/\/www.gereso.com\/actualites\/2023\/10\/26\/apprentissage-handicap\/\",\"name\":\"Fonction publique : l\u2019apprentissage et le handicap - Le Blog GERESO\",\"isPartOf\":{\"@id\":\"https:\/\/www.gereso.com\/actualites\/#website\"},\"datePublished\":\"2023-10-26T07:58:51+00:00\",\"dateModified\":\"2023-10-27T09:16:11+00:00\",\"author\":{\"@id\":\"https:\/\/www.gereso.com\/actualites\/#\/schema\/person\/197d8aef40cb4ae3f6a0aa9e1d3df2a6\"},\"breadcrumb\":{\"@id\":\"https:\/\/www.gereso.com\/actualites\/2023\/10\/26\/apprentissage-handicap\/#breadcrumb\"},\"inLanguage\":\"fr-FR\",\"potentialAction\":[{\"@type\":\"ReadAction\",\"target\":[\"https:\/\/www.gereso.com\/actualites\/2023\/10\/26\/apprentissage-handicap\/\"]}]},{\"@type\":\"BreadcrumbList\",\"@id\":\"https:\/\/www.gereso.com\/actualites\/2023\/10\/26\/apprentissage-handicap\/#breadcrumb\",\"itemListElement\":[{\"@type\":\"ListItem\",\"position\":1,\"name\":\"Home\",\"item\":\"https:\/\/www.gereso.com\/actualites\/\"},{\"@type\":\"ListItem\",\"position\":2,\"name\":\"Fonction publique : l\u2019apprentissage et le handicap\"}]},{\"@type\":\"WebSite\",\"@id\":\"https:\/\/www.gereso.com\/actualites\/#website\",\"url\":\"https:\/\/www.gereso.com\/actualites\/\",\"name\":\"Le Blog GERESO\",\"description\":\"Toute l&#039;actu RH, Finance, Fonction Publique, Management...\",\"potentialAction\":[{\"@type\":\"SearchAction\",\"target\":{\"@type\":\"EntryPoint\",\"urlTemplate\":\"https:\/\/www.gereso.com\/actualites\/?s={search_term_string}\"},\"query-input\":{\"@type\":\"PropertyValueSpecification\",\"valueRequired\":true,\"valueName\":\"search_term_string\"}}],\"inLanguage\":\"fr-FR\"},{\"@type\":\"Person\",\"@id\":\"https:\/\/www.gereso.com\/actualites\/#\/schema\/person\/197d8aef40cb4ae3f6a0aa9e1d3df2a6\",\"name\":\"\u00c9quipe GERESO\",\"image\":{\"@type\":\"ImageObject\",\"inLanguage\":\"fr-FR\",\"@id\":\"https:\/\/www.gereso.com\/actualites\/#\/schema\/person\/image\/\",\"url\":\"https:\/\/www.gereso.com\/actualites\/wp-content\/uploads\/2013\/12\/avatar-gereso-1.png\",\"contentUrl\":\"https:\/\/www.gereso.com\/actualites\/wp-content\/uploads\/2013\/12\/avatar-gereso-1.png\",\"caption\":\"\u00c9quipe GERESO\"},\"url\":\"https:\/\/www.gereso.com\/actualites\/author\/gereso\/\"}]}<\/script>\n<!-- \/ Yoast SEO plugin. -->","yoast_head_json":{"title":"Fonction publique : l\u2019apprentissage et le handicap - Le Blog GERESO","robots":{"index":"index","follow":"follow","max-snippet":"max-snippet:-1","max-image-preview":"max-image-preview:large","max-video-preview":"max-video-preview:-1"},"canonical":"https:\/\/www.gereso.com\/actualites\/2023\/10\/26\/apprentissage-handicap\/","og_locale":"fr_FR","og_type":"article","og_title":"Fonction publique : l\u2019apprentissage et le handicap - Le Blog GERESO","og_description":"Pour s\u00e9curiser les parcours de formation et r\u00e9pondre aux besoins sp\u00e9cifiques des personnes en situation\u00a0 de handicap, l\u2019apprentissage peut \u00eatre am\u00e9nag\u00e9. La dur\u00e9e du contrat, le temps de travail, le d\u00e9roulement de la formation ou encore la limite d\u2019\u00e2ge sont quelques exemples d\u2019adaptations de parcours Par ailleurs, le FIPHFP propose, entre autres, une aide \u00e0 [&hellip;]","og_url":"https:\/\/www.gereso.com\/actualites\/2023\/10\/26\/apprentissage-handicap\/","og_site_name":"Le Blog GERESO","article_published_time":"2023-10-26T07:58:51+00:00","article_modified_time":"2023-10-27T09:16:11+00:00","author":"\u00c9quipe GERESO","twitter_card":"summary_large_image","schema":{"@context":"https:\/\/schema.org","@graph":[{"@type":"WebPage","@id":"https:\/\/www.gereso.com\/actualites\/2023\/10\/26\/apprentissage-handicap\/","url":"https:\/\/www.gereso.com\/actualites\/2023\/10\/26\/apprentissage-handicap\/","name":"Fonction publique : l\u2019apprentissage et le handicap - Le Blog GERESO","isPartOf":{"@id":"https:\/\/www.gereso.com\/actualites\/#website"},"datePublished":"2023-10-26T07:58:51+00:00","dateModified":"2023-10-27T09:16:11+00:00","author":{"@id":"https:\/\/www.gereso.com\/actualites\/#\/schema\/person\/197d8aef40cb4ae3f6a0aa9e1d3df2a6"},"breadcrumb":{"@id":"https:\/\/www.gereso.com\/actualites\/2023\/10\/26\/apprentissage-handicap\/#breadcrumb"},"inLanguage":"fr-FR","potentialAction":[{"@type":"ReadAction","target":["https:\/\/www.gereso.com\/actualites\/2023\/10\/26\/apprentissage-handicap\/"]}]},{"@type":"BreadcrumbList","@id":"https:\/\/www.gereso.com\/actualites\/2023\/10\/26\/apprentissage-handicap\/#breadcrumb","itemListElement":[{"@type":"ListItem","position":1,"name":"Home","item":"https:\/\/www.gereso.com\/actualites\/"},{"@type":"ListItem","position":2,"name":"Fonction publique : l\u2019apprentissage et le handicap"}]},{"@type":"WebSite","@id":"https:\/\/www.gereso.com\/actualites\/#website","url":"https:\/\/www.gereso.com\/actualites\/","name":"Le Blog GERESO","description":"Toute l&#039;actu RH, Finance, Fonction Publique, Management...","potentialAction":[{"@type":"SearchAction","target":{"@type":"EntryPoint","urlTemplate":"https:\/\/www.gereso.com\/actualites\/?s={search_term_string}"},"query-input":{"@type":"PropertyValueSpecification","valueRequired":true,"valueName":"search_term_string"}}],"inLanguage":"fr-FR"},{"@type":"Person","@id":"https:\/\/www.gereso.com\/actualites\/#\/schema\/person\/197d8aef40cb4ae3f6a0aa9e1d3df2a6","name":"\u00c9quipe GERESO","image":{"@type":"ImageObject","inLanguage":"fr-FR","@id":"https:\/\/www.gereso.com\/actualites\/#\/schema\/person\/image\/","url":"https:\/\/www.gereso.com\/actualites\/wp-content\/uploads\/2013\/12\/avatar-gereso-1.png","contentUrl":"https:\/\/www.gereso.com\/actualites\/wp-content\/uploads\/2013\/12\/avatar-gereso-1.png","caption":"\u00c9quipe GERESO"},"url":"https:\/\/www.gereso.com\/actualites\/author\/gereso\/"}]}},"_links":{"self":[{"href":"https:\/\/www.gereso.com\/actualites\/wp-json\/wp\/v2\/posts\/37402","targetHints":{"allow":["GET"]}}],"collection":[{"href":"https:\/\/www.gereso.com\/actualites\/wp-json\/wp\/v2\/posts"}],"about":[{"href":"https:\/\/www.gereso.com\/actualites\/wp-json\/wp\/v2\/types\/post"}],"author":[{"embeddable":true,"href":"https:\/\/www.gereso.com\/actualites\/wp-json\/wp\/v2\/users\/32"}],"replies":[{"embeddable":true,"href":"https:\/\/www.gereso.com\/actualites\/wp-json\/wp\/v2\/comments?post=37402"}],"version-history":[{"count":6,"href":"https:\/\/www.gereso.com\/actualites\/wp-json\/wp\/v2\/posts\/37402\/revisions"}],"predecessor-version":[{"id":37423,"href":"https:\/\/www.gereso.com\/actualites\/wp-json\/wp\/v2\/posts\/37402\/revisions\/37423"}],"wp:attachment":[{"href":"https:\/\/www.gereso.com\/actualites\/wp-json\/wp\/v2\/media?parent=37402"}],"wp:term":[{"taxonomy":"category","embeddable":true,"href":"https:\/\/www.gereso.com\/actualites\/wp-json\/wp\/v2\/categories?post=37402"},{"taxonomy":"post_tag","embeddable":true,"href":"https:\/\/www.gereso.com\/actualites\/wp-json\/wp\/v2\/tags?post=37402"}],"curies":[{"name":"wp","href":"https:\/\/api.w.org\/{rel}","templated":true}]}}