{"id":37529,"date":"2023-11-07T17:18:10","date_gmt":"2023-11-07T15:18:10","guid":{"rendered":"https:\/\/www.gereso.com\/actualites\/?p=37529"},"modified":"2023-11-07T17:37:43","modified_gmt":"2023-11-07T15:37:43","slug":"mentions-obligatoires-contrat-travail","status":"publish","type":"post","link":"https:\/\/www.gereso.com\/actualites\/2023\/11\/07\/mentions-obligatoires-contrat-travail\/","title":{"rendered":"Les mentions obligatoires du Contrat de travail"},"content":{"rendered":"\n<h2 style=\"color:#D10016\">Mentions du contrat de travail<\/h2>\n\n\n\n<ol class=\"wp-block-list\">\n<li>L&rsquo;<strong>identit\u00e9 des parties<\/strong> \u00e0 la relation de travail<\/li>\n\n\n\n<li>Le<strong> lieu ou <\/strong>les <strong>lieux de travail<\/strong> et, si elle est distincte, l&rsquo;adresse de l&#8217;employeur<\/li>\n\n\n\n<li>L&rsquo;<strong>intitul\u00e9 du poste<\/strong>, les fonctions, la cat\u00e9gorie socioprofessionnelle ou la cat\u00e9gorie d&#8217;emploi<\/li>\n\n\n\n<li>La <strong>date d&#8217;embauche<\/strong><\/li>\n\n\n\n<li>Dans le cas d&rsquo;une <strong>relation de travail \u00e0 dur\u00e9e d\u00e9termin\u00e9e<\/strong>, la <strong>date de fin ou <\/strong>la<strong> dur\u00e9e pr\u00e9vue<\/strong> de celle-ci<\/li>\n\n\n\n<li>Dans le cas du<strong> salari\u00e9 temporaire<\/strong> mentionn\u00e9 \u00e0 <a href=\"https:\/\/www.legifrance.gouv.fr\/codes\/article_lc\/LEGIARTI000020959326\" target=\"_blank\" rel=\"noreferrer noopener\">l&rsquo;article L. 1251-1<\/a>, l&rsquo;<strong>identit\u00e9 de l&rsquo;entreprise utilisatrice<\/strong>, lorsqu&rsquo;elle est connue et aussit\u00f4t qu&rsquo;elle l&rsquo;est<\/li>\n\n\n\n<li>Le cas \u00e9ch\u00e9ant, la <strong>dur\u00e9e et <\/strong>les <strong>conditions de la p\u00e9riode d&rsquo;essai<\/strong><\/li>\n\n\n\n<li>Le <strong>droit \u00e0 la formation<\/strong> assur\u00e9 par l&#8217;employeur conform\u00e9ment \u00e0 <a href=\"https:\/\/www.legifrance.gouv.fr\/codes\/article_lc\/LEGIARTI000037385741\" target=\"_blank\" rel=\"noreferrer noopener\">l&rsquo;article L. 6321-1<\/a><\/li>\n\n\n\n<li>La <strong>dur\u00e9e du cong\u00e9 pay\u00e9<\/strong> auquel le salari\u00e9 a droit, ou les modalit\u00e9s de calcul de cette dur\u00e9e<\/li>\n\n\n\n<li>La <strong>proc\u00e9dure \u00e0 observer<\/strong> par l&#8217;employeur et le salari\u00e9 <strong>en cas de cessation de leur relation de travail<\/strong><\/li>\n\n\n\n<li>Les <strong>\u00e9l\u00e9ments constitutifs de la r\u00e9mun\u00e9ration<\/strong> mentionn\u00e9s \u00e0 <a href=\"https:\/\/www.legifrance.gouv.fr\/codes\/article_lc\/LEGIARTI000006902819#:~:text=Constitue%20une%20r%C3%A9mun%C3%A9ration%20au%20sens,l%27emploi%20de%20ce%20dernier.\" target=\"_blank\" rel=\"noreferrer noopener\">l&rsquo;article L. 3221-3<\/a>, indiqu\u00e9s s\u00e9par\u00e9ment, y compris les majorations pour les heures suppl\u00e9mentaires, ainsi que la p\u00e9riodicit\u00e9 et les modalit\u00e9s de paiement de cette r\u00e9mun\u00e9ration<\/li>\n\n\n\n<li>La <strong>dur\u00e9e de travail<\/strong> quotidienne, hebdomadaire, mensuelle ou ses modalit\u00e9s d&rsquo;am\u00e9nagement sur une autre p\u00e9riode de r\u00e9f\u00e9rence lorsqu&rsquo;il est fait application des dispositions des <a href=\"https:\/\/www.legifrance.gouv.fr\/codes\/section_lc\/LEGITEXT000006072050\/LEGISCTA000006195768\/#LEGISCTA000033020321\" target=\"_blank\" rel=\"noreferrer noopener\">articles L. 3121-41 \u00e0 L. 3121-47<\/a>, les conditions dans lesquelles le salari\u00e9 peut \u00eatre conduit \u00e0 effectuer des heures suppl\u00e9mentaires ou compl\u00e9mentaires, ainsi que, le cas \u00e9ch\u00e9ant, toute modalit\u00e9 concernant les changements d&rsquo;\u00e9quipe en cas d&rsquo;organisation du travail en \u00e9quipes successives alternantes<\/li>\n\n\n\n<li>Les <strong>conventions et accords collectifs<\/strong> applicables au salari\u00e9 dans l&rsquo;entreprise ou l&rsquo;\u00e9tablissement<\/li>\n\n\n\n<li>Les <strong>r\u00e9gimes obligatoires<\/strong> auxquels est affili\u00e9 le salari\u00e9, la mention des contrats de protection sociale compl\u00e9mentaire dont les salari\u00e9s b\u00e9n\u00e9ficient collectivement en application d&rsquo;un accord collectif ou d&rsquo;une d\u00e9cision unilat\u00e9rale de l&#8217;employeur ainsi que, le cas \u00e9ch\u00e9ant, les conditions d&rsquo;anciennet\u00e9 qui y sont attach\u00e9es<\/li>\n<\/ol>\n\n\n\n<p><em>La communication des informations mentionn\u00e9es aux 7\u00b0 \u00e0 12\u00b0 et 14\u00b0 de <em><a href=\"https:\/\/www.legifrance.gouv.fr\/codes\/article_lc\/LEGIARTI000024200124\" target=\"_blank\" rel=\"noreferrer noopener\">l&rsquo;article R. 1221-34<\/a><\/em> peut prendre la forme d&rsquo;un renvoi aux dispositions l\u00e9gislatives et r\u00e9glementaires ou aux stipulations conventionnelles applicables.<\/em><\/p>\n\n\n\n<h2 style=\"color:#D10016\">D\u00e9lai<\/h2>\n\n\n\n<p>Les informations mentionn\u00e9es aux 1\u00b0 \u00e0 5\u00b0, 7\u00b0 et aux 11\u00b0 et 12\u00b0 sont communiqu\u00e9es individuellement au salari\u00e9 au plus tard le septi\u00e8me jour calendaire \u00e0 compter de la date d&#8217;embauche.<\/p>\n\n\n\n<p>Les autres informations sont communiqu\u00e9es au plus tard un mois \u00e0 compter de la m\u00eame date.<\/p>\n\n\n\n<h2 style=\"color:#D10016\">Format<\/h2>\n\n\n\n<p>L&#8217;employeur adresse ces informations <strong>sous format papier<\/strong>, par tout moyen conf\u00e9rant date certaine. Il peut \u00e9galement les adresser <strong>sous format \u00e9lectronique, sous r\u00e9serve<\/strong> que&nbsp;:<\/p>\n\n\n\n<ol class=\"wp-block-list\">\n<li>Le salari\u00e9 dispose d&rsquo;un moyen d&rsquo;acc\u00e9der \u00e0 une information sous format \u00e9lectronique&nbsp;;<\/li>\n\n\n\n<li>Les informations puissent \u00eatre enregistr\u00e9es et imprim\u00e9es&nbsp;;<\/li>\n\n\n\n<li>L&#8217;employeur conserve un justificatif de la transmission ou de la r\u00e9ception de ces informations.<\/li>\n<\/ol>\n\n\n\n<h2 style=\"color:#D10016\">Modification<\/h2>\n\n\n\n<p>Lorsqu&rsquo;une ou plusieurs de ces informations doivent \u00eatre modifi\u00e9es, l&#8217;employeur remet au salari\u00e9 un document indiquant ces modifications dans les plus brefs d\u00e9lais, et au plus tard \u00e0 la date de prise d&rsquo;effet de cette modification, selon le m\u00eame format qu\u2019indiqu\u00e9 ci-dessus.<\/p>\n\n\n\n<p>Ces dispositions ne sont pas applicables lorsque la modification d&rsquo;informations r\u00e9sulte exclusivement d&rsquo;un changement des dispositions l\u00e9gislatives et r\u00e9glementaires ou des stipulations conventionnelles en vigueur.<\/p>\n\n\n\n<article class=\"obj_encart-formation\">\n<div class=\"ctn_encart\">\n<h3>Votre formation sur ce th\u00e8me<\/h3>\n<h2>&nbsp;LES CONTRATS DE TRAVAIL&nbsp;<\/h2>\n<h4>2 jours &#8211; En pr\u00e9sentiel ou \u00e0 distance<\/h4>\n<ul>\n<li><strong>R\u00e9diger les diff\u00e9rents contrats de travail.<\/strong><\/li>\n<li><strong>Choisir le contrat adapt\u00e9<\/strong> et le conclure en toute s\u00e9curit\u00e9 juridique.<\/li>\n<li><strong>\u00c9viter les contentieux prud&rsquo;homaux<\/strong> en ma\u00eetrisant la r\u00e9glementation des Contrats \u00e0 Dur\u00e9e D\u00e9termin\u00e9e (CDD).<\/li>\n<li><strong>Int\u00e9grer les derni\u00e8res \u00e9volutions du droit du travail<\/strong> ayant des incidences sur le choix et la vie des contrats.<\/li>\n<\/ul>\n<div class=\"ctn_btn\">\n<a class=\"obj_btn\" target=\"_blank\" href=\"https:\/\/www.gereso.com\/CCCW\" rel=\"noopener\"><span>En savoir plus<\/span><\/a>\n<a class=\"obj_btn\" target=\"_blank\" href=\"https:\/\/www.gereso.com\/client\/programme-pdf\/CCCW.pdf\" rel=\"noopener\"><span>T\u00e9l\u00e9charger le programme PDF<\/span><\/a>\n<\/div>\n<\/article>\n\n\n\n<h2 style=\"color:#D10016\">Non-respect<\/h2>\n\n\n\n<p>Le salari\u00e9 qui n&rsquo;a pas re\u00e7u ces informations dans les d\u00e9lais pr\u00e9vus, ne <strong>peut saisir la juridiction prud&rsquo;homale qu&rsquo;\u00e0 la condition d&rsquo;avoir mis son employeur en demeure<\/strong> de les lui communiquer ou de les compl\u00e9ter, et en l&rsquo;absence de transmission des informations en cause par ce dernier dans un d\u00e9lai de sept jours calendaires \u00e0 compter de la r\u00e9ception de la mise en demeure.<\/p>\n\n\n\n<p><em><a href=\"https:\/\/www.legifrance.gouv.fr\/codes\/section_lc\/LEGITEXT000006072050\/LEGISCTA000024199963\/#LEGISCTA000048288644\" target=\"_blank\" rel=\"noreferrer noopener\">Articles R1221-34 \u00e0 R1221-41 du Code du Travail<\/a>, en vigueur \u00e0 compter du 1<sup>er<\/sup>&nbsp;novembre&nbsp;2023*<\/em><\/p>\n\n\n\n<p><em>D\u00e9cret n\u00b0&nbsp;2023-1004 du 30&nbsp;octobre&nbsp;2023 portant transposition de la directive (UE) 2019\/1152 du Parlement europ\u00e9en et du Conseil du 20&nbsp;juin&nbsp;2019 relative \u00e0 des conditions de travail transparentes et pr\u00e9visibles dans l&rsquo;Union europ\u00e9enne<\/em><\/p>\n\n\n\n<p><em>*Pr\u00e9cisions sur la date de mise en application&nbsp;:<\/em> Lorsqu&rsquo;une ou plusieurs de ces mentions n\u2019est pas indiqu\u00e9e(s) dans le contrat de travail n&rsquo;ont pas \u00e9t\u00e9 communiqu\u00e9es \u00e0 un salari\u00e9 recrut\u00e9 ant\u00e9rieurement \u00e0 la date d&rsquo;entr\u00e9e en vigueur du d\u00e9cret, l&rsquo;int\u00e9ress\u00e9 peut en demander communication \u00e0 tout moment aupr\u00e8s de son employeur, qui est tenu d&rsquo;y r\u00e9pondre dans les m\u00eames d\u00e9lais que ceux pr\u00e9vus pour les contrats r\u00e9dig\u00e9s \u00e0 compter du 1<sup>er<\/sup>&nbsp;novembre&nbsp;2023.<\/p>\n","protected":false},"excerpt":{"rendered":"<p>Mentions du contrat de travail La communication des informations mentionn\u00e9es aux 7\u00b0 \u00e0 12\u00b0 et 14\u00b0 de l&rsquo;article R. 1221-34 peut prendre la forme d&rsquo;un renvoi aux dispositions l\u00e9gislatives et r\u00e9glementaires ou aux stipulations conventionnelles applicables. D\u00e9lai Les informations mentionn\u00e9es aux 1\u00b0 \u00e0 5\u00b0, 7\u00b0 et aux 11\u00b0 et 12\u00b0 sont communiqu\u00e9es individuellement au salari\u00e9 [&hellip;]<\/p>\n","protected":false},"author":86,"featured_media":37539,"comment_status":"open","ping_status":"open","sticky":false,"template":"","format":"standard","meta":{"_acf_changed":false,"_mi_skip_tracking":false,"footnotes":""},"categories":[12,5],"tags":[],"class_list":["post-37529","post","type-post","status-publish","format-standard","has-post-thumbnail","hentry","category-actualites","category-droit-du-travail"],"acf":[],"yoast_head":"<!-- This site is optimized with the Yoast SEO plugin v23.4 - https:\/\/yoast.com\/wordpress\/plugins\/seo\/ -->\n<title>Les mentions obligatoires du Contrat de travail - Le Blog GERESO<\/title>\n<meta name=\"robots\" content=\"index, follow, max-snippet:-1, max-image-preview:large, max-video-preview:-1\" \/>\n<link rel=\"canonical\" href=\"https:\/\/www.gereso.com\/actualites\/2023\/11\/07\/mentions-obligatoires-contrat-travail\/\" \/>\n<meta property=\"og:locale\" content=\"fr_FR\" \/>\n<meta property=\"og:type\" content=\"article\" \/>\n<meta property=\"og:title\" content=\"Les mentions obligatoires du Contrat de travail - Le Blog GERESO\" \/>\n<meta property=\"og:description\" content=\"Mentions du contrat de travail La communication des informations mentionn\u00e9es aux 7\u00b0 \u00e0 12\u00b0 et 14\u00b0 de l&rsquo;article R. 1221-34 peut prendre la forme d&rsquo;un renvoi aux dispositions l\u00e9gislatives et r\u00e9glementaires ou aux stipulations conventionnelles applicables. D\u00e9lai Les informations mentionn\u00e9es aux 1\u00b0 \u00e0 5\u00b0, 7\u00b0 et aux 11\u00b0 et 12\u00b0 sont communiqu\u00e9es individuellement au salari\u00e9 [&hellip;]\" \/>\n<meta property=\"og:url\" content=\"https:\/\/www.gereso.com\/actualites\/2023\/11\/07\/mentions-obligatoires-contrat-travail\/\" \/>\n<meta property=\"og:site_name\" content=\"Le Blog GERESO\" \/>\n<meta property=\"article:published_time\" content=\"2023-11-07T15:18:10+00:00\" \/>\n<meta property=\"article:modified_time\" content=\"2023-11-07T15:37:43+00:00\" \/>\n<meta property=\"og:image\" content=\"https:\/\/www.gereso.com\/actualites\/wp-content\/uploads\/2023\/11\/mentions-obligatoires-contrat-travail-1.jpg\" \/>\n\t<meta property=\"og:image:width\" content=\"600\" \/>\n\t<meta property=\"og:image:height\" content=\"400\" \/>\n\t<meta property=\"og:image:type\" content=\"image\/jpeg\" \/>\n<meta name=\"author\" content=\"B\u00e9r\u00e9nice Jarry\" \/>\n<meta name=\"twitter:card\" content=\"summary_large_image\" \/>\n<script type=\"application\/ld+json\" class=\"yoast-schema-graph\">{\"@context\":\"https:\/\/schema.org\",\"@graph\":[{\"@type\":\"WebPage\",\"@id\":\"https:\/\/www.gereso.com\/actualites\/2023\/11\/07\/mentions-obligatoires-contrat-travail\/\",\"url\":\"https:\/\/www.gereso.com\/actualites\/2023\/11\/07\/mentions-obligatoires-contrat-travail\/\",\"name\":\"Les mentions obligatoires du Contrat de travail - Le Blog GERESO\",\"isPartOf\":{\"@id\":\"https:\/\/www.gereso.com\/actualites\/#website\"},\"primaryImageOfPage\":{\"@id\":\"https:\/\/www.gereso.com\/actualites\/2023\/11\/07\/mentions-obligatoires-contrat-travail\/#primaryimage\"},\"image\":{\"@id\":\"https:\/\/www.gereso.com\/actualites\/2023\/11\/07\/mentions-obligatoires-contrat-travail\/#primaryimage\"},\"thumbnailUrl\":\"https:\/\/www.gereso.com\/actualites\/wp-content\/uploads\/2023\/11\/mentions-obligatoires-contrat-travail-1.jpg\",\"datePublished\":\"2023-11-07T15:18:10+00:00\",\"dateModified\":\"2023-11-07T15:37:43+00:00\",\"author\":{\"@id\":\"https:\/\/www.gereso.com\/actualites\/#\/schema\/person\/ec16000f37c97a48d4a0fa006cb1ed47\"},\"breadcrumb\":{\"@id\":\"https:\/\/www.gereso.com\/actualites\/2023\/11\/07\/mentions-obligatoires-contrat-travail\/#breadcrumb\"},\"inLanguage\":\"fr-FR\",\"potentialAction\":[{\"@type\":\"ReadAction\",\"target\":[\"https:\/\/www.gereso.com\/actualites\/2023\/11\/07\/mentions-obligatoires-contrat-travail\/\"]}]},{\"@type\":\"ImageObject\",\"inLanguage\":\"fr-FR\",\"@id\":\"https:\/\/www.gereso.com\/actualites\/2023\/11\/07\/mentions-obligatoires-contrat-travail\/#primaryimage\",\"url\":\"https:\/\/www.gereso.com\/actualites\/wp-content\/uploads\/2023\/11\/mentions-obligatoires-contrat-travail-1.jpg\",\"contentUrl\":\"https:\/\/www.gereso.com\/actualites\/wp-content\/uploads\/2023\/11\/mentions-obligatoires-contrat-travail-1.jpg\",\"width\":600,\"height\":400,\"caption\":\"Loi DDADUE : mentions obligatoires \u00e0 inclure dans les contrats de travail\"},{\"@type\":\"BreadcrumbList\",\"@id\":\"https:\/\/www.gereso.com\/actualites\/2023\/11\/07\/mentions-obligatoires-contrat-travail\/#breadcrumb\",\"itemListElement\":[{\"@type\":\"ListItem\",\"position\":1,\"name\":\"Home\",\"item\":\"https:\/\/www.gereso.com\/actualites\/\"},{\"@type\":\"ListItem\",\"position\":2,\"name\":\"Les mentions obligatoires du Contrat de travail\"}]},{\"@type\":\"WebSite\",\"@id\":\"https:\/\/www.gereso.com\/actualites\/#website\",\"url\":\"https:\/\/www.gereso.com\/actualites\/\",\"name\":\"Le Blog GERESO\",\"description\":\"Toute l&#039;actu RH, Finance, Fonction Publique, Management...\",\"potentialAction\":[{\"@type\":\"SearchAction\",\"target\":{\"@type\":\"EntryPoint\",\"urlTemplate\":\"https:\/\/www.gereso.com\/actualites\/?s={search_term_string}\"},\"query-input\":{\"@type\":\"PropertyValueSpecification\",\"valueRequired\":true,\"valueName\":\"search_term_string\"}}],\"inLanguage\":\"fr-FR\"},{\"@type\":\"Person\",\"@id\":\"https:\/\/www.gereso.com\/actualites\/#\/schema\/person\/ec16000f37c97a48d4a0fa006cb1ed47\",\"name\":\"B\u00e9r\u00e9nice Jarry\",\"image\":{\"@type\":\"ImageObject\",\"inLanguage\":\"fr-FR\",\"@id\":\"https:\/\/www.gereso.com\/actualites\/#\/schema\/person\/image\/\",\"url\":\"https:\/\/www.gereso.com\/actualites\/wp-content\/uploads\/2021\/11\/Berenice-Jarry-120x120.jpg\",\"contentUrl\":\"https:\/\/www.gereso.com\/actualites\/wp-content\/uploads\/2021\/11\/Berenice-Jarry-120x120.jpg\",\"caption\":\"B\u00e9r\u00e9nice Jarry\"},\"description\":\"Dipl\u00f4m\u00e9e d'un Master 2 Ing\u00e9nierie des Ressources Humaines, B\u00e9r\u00e9nice commence sa carri\u00e8re en tant que charg\u00e9e des ressources humaines dans des \u00e9tablissements o\u00f9 se m\u00ealent droit priv\u00e9 et droit public. Attir\u00e9e par la formation depuis toujours, elle a rejoint l'\u00e9quipe de GERESO comme consultante permanente.\",\"url\":\"https:\/\/www.gereso.com\/actualites\/author\/b-jarry\/\"}]}<\/script>\n<!-- \/ Yoast SEO plugin. -->","yoast_head_json":{"title":"Les mentions obligatoires du Contrat de travail - Le Blog GERESO","robots":{"index":"index","follow":"follow","max-snippet":"max-snippet:-1","max-image-preview":"max-image-preview:large","max-video-preview":"max-video-preview:-1"},"canonical":"https:\/\/www.gereso.com\/actualites\/2023\/11\/07\/mentions-obligatoires-contrat-travail\/","og_locale":"fr_FR","og_type":"article","og_title":"Les mentions obligatoires du Contrat de travail - Le Blog GERESO","og_description":"Mentions du contrat de travail La communication des informations mentionn\u00e9es aux 7\u00b0 \u00e0 12\u00b0 et 14\u00b0 de l&rsquo;article R. 1221-34 peut prendre la forme d&rsquo;un renvoi aux dispositions l\u00e9gislatives et r\u00e9glementaires ou aux stipulations conventionnelles applicables. D\u00e9lai Les informations mentionn\u00e9es aux 1\u00b0 \u00e0 5\u00b0, 7\u00b0 et aux 11\u00b0 et 12\u00b0 sont communiqu\u00e9es individuellement au salari\u00e9 [&hellip;]","og_url":"https:\/\/www.gereso.com\/actualites\/2023\/11\/07\/mentions-obligatoires-contrat-travail\/","og_site_name":"Le Blog GERESO","article_published_time":"2023-11-07T15:18:10+00:00","article_modified_time":"2023-11-07T15:37:43+00:00","og_image":[{"width":600,"height":400,"url":"https:\/\/www.gereso.com\/actualites\/wp-content\/uploads\/2023\/11\/mentions-obligatoires-contrat-travail-1.jpg","type":"image\/jpeg"}],"author":"B\u00e9r\u00e9nice Jarry","twitter_card":"summary_large_image","schema":{"@context":"https:\/\/schema.org","@graph":[{"@type":"WebPage","@id":"https:\/\/www.gereso.com\/actualites\/2023\/11\/07\/mentions-obligatoires-contrat-travail\/","url":"https:\/\/www.gereso.com\/actualites\/2023\/11\/07\/mentions-obligatoires-contrat-travail\/","name":"Les mentions obligatoires du Contrat de travail - Le Blog GERESO","isPartOf":{"@id":"https:\/\/www.gereso.com\/actualites\/#website"},"primaryImageOfPage":{"@id":"https:\/\/www.gereso.com\/actualites\/2023\/11\/07\/mentions-obligatoires-contrat-travail\/#primaryimage"},"image":{"@id":"https:\/\/www.gereso.com\/actualites\/2023\/11\/07\/mentions-obligatoires-contrat-travail\/#primaryimage"},"thumbnailUrl":"https:\/\/www.gereso.com\/actualites\/wp-content\/uploads\/2023\/11\/mentions-obligatoires-contrat-travail-1.jpg","datePublished":"2023-11-07T15:18:10+00:00","dateModified":"2023-11-07T15:37:43+00:00","author":{"@id":"https:\/\/www.gereso.com\/actualites\/#\/schema\/person\/ec16000f37c97a48d4a0fa006cb1ed47"},"breadcrumb":{"@id":"https:\/\/www.gereso.com\/actualites\/2023\/11\/07\/mentions-obligatoires-contrat-travail\/#breadcrumb"},"inLanguage":"fr-FR","potentialAction":[{"@type":"ReadAction","target":["https:\/\/www.gereso.com\/actualites\/2023\/11\/07\/mentions-obligatoires-contrat-travail\/"]}]},{"@type":"ImageObject","inLanguage":"fr-FR","@id":"https:\/\/www.gereso.com\/actualites\/2023\/11\/07\/mentions-obligatoires-contrat-travail\/#primaryimage","url":"https:\/\/www.gereso.com\/actualites\/wp-content\/uploads\/2023\/11\/mentions-obligatoires-contrat-travail-1.jpg","contentUrl":"https:\/\/www.gereso.com\/actualites\/wp-content\/uploads\/2023\/11\/mentions-obligatoires-contrat-travail-1.jpg","width":600,"height":400,"caption":"Loi DDADUE : mentions obligatoires \u00e0 inclure dans les contrats de travail"},{"@type":"BreadcrumbList","@id":"https:\/\/www.gereso.com\/actualites\/2023\/11\/07\/mentions-obligatoires-contrat-travail\/#breadcrumb","itemListElement":[{"@type":"ListItem","position":1,"name":"Home","item":"https:\/\/www.gereso.com\/actualites\/"},{"@type":"ListItem","position":2,"name":"Les mentions obligatoires du Contrat de travail"}]},{"@type":"WebSite","@id":"https:\/\/www.gereso.com\/actualites\/#website","url":"https:\/\/www.gereso.com\/actualites\/","name":"Le Blog GERESO","description":"Toute l&#039;actu RH, Finance, Fonction Publique, Management...","potentialAction":[{"@type":"SearchAction","target":{"@type":"EntryPoint","urlTemplate":"https:\/\/www.gereso.com\/actualites\/?s={search_term_string}"},"query-input":{"@type":"PropertyValueSpecification","valueRequired":true,"valueName":"search_term_string"}}],"inLanguage":"fr-FR"},{"@type":"Person","@id":"https:\/\/www.gereso.com\/actualites\/#\/schema\/person\/ec16000f37c97a48d4a0fa006cb1ed47","name":"B\u00e9r\u00e9nice Jarry","image":{"@type":"ImageObject","inLanguage":"fr-FR","@id":"https:\/\/www.gereso.com\/actualites\/#\/schema\/person\/image\/","url":"https:\/\/www.gereso.com\/actualites\/wp-content\/uploads\/2021\/11\/Berenice-Jarry-120x120.jpg","contentUrl":"https:\/\/www.gereso.com\/actualites\/wp-content\/uploads\/2021\/11\/Berenice-Jarry-120x120.jpg","caption":"B\u00e9r\u00e9nice Jarry"},"description":"Dipl\u00f4m\u00e9e d'un Master 2 Ing\u00e9nierie des Ressources Humaines, B\u00e9r\u00e9nice commence sa carri\u00e8re en tant que charg\u00e9e des ressources humaines dans des \u00e9tablissements o\u00f9 se m\u00ealent droit priv\u00e9 et droit public. Attir\u00e9e par la formation depuis toujours, elle a rejoint l'\u00e9quipe de GERESO comme consultante permanente.","url":"https:\/\/www.gereso.com\/actualites\/author\/b-jarry\/"}]}},"_links":{"self":[{"href":"https:\/\/www.gereso.com\/actualites\/wp-json\/wp\/v2\/posts\/37529","targetHints":{"allow":["GET"]}}],"collection":[{"href":"https:\/\/www.gereso.com\/actualites\/wp-json\/wp\/v2\/posts"}],"about":[{"href":"https:\/\/www.gereso.com\/actualites\/wp-json\/wp\/v2\/types\/post"}],"author":[{"embeddable":true,"href":"https:\/\/www.gereso.com\/actualites\/wp-json\/wp\/v2\/users\/86"}],"replies":[{"embeddable":true,"href":"https:\/\/www.gereso.com\/actualites\/wp-json\/wp\/v2\/comments?post=37529"}],"version-history":[{"count":14,"href":"https:\/\/www.gereso.com\/actualites\/wp-json\/wp\/v2\/posts\/37529\/revisions"}],"predecessor-version":[{"id":37555,"href":"https:\/\/www.gereso.com\/actualites\/wp-json\/wp\/v2\/posts\/37529\/revisions\/37555"}],"wp:featuredmedia":[{"embeddable":true,"href":"https:\/\/www.gereso.com\/actualites\/wp-json\/wp\/v2\/media\/37539"}],"wp:attachment":[{"href":"https:\/\/www.gereso.com\/actualites\/wp-json\/wp\/v2\/media?parent=37529"}],"wp:term":[{"taxonomy":"category","embeddable":true,"href":"https:\/\/www.gereso.com\/actualites\/wp-json\/wp\/v2\/categories?post=37529"},{"taxonomy":"post_tag","embeddable":true,"href":"https:\/\/www.gereso.com\/actualites\/wp-json\/wp\/v2\/tags?post=37529"}],"curies":[{"name":"wp","href":"https:\/\/api.w.org\/{rel}","templated":true}]}}