{"id":37695,"date":"2023-11-20T17:13:11","date_gmt":"2023-11-20T15:13:11","guid":{"rendered":"https:\/\/www.gereso.com\/actualites\/?p=37695"},"modified":"2023-12-06T17:43:48","modified_gmt":"2023-12-06T15:43:48","slug":"webinaire-60-minutes-booster-energie-travail","status":"publish","type":"post","link":"https:\/\/www.gereso.com\/actualites\/2023\/11\/20\/webinaire-60-minutes-booster-energie-travail\/","title":{"rendered":"Webinaire \u00ab 60 minutes pour booster son \u00e9nergie au travail \u00bb"},"content":{"rendered":"\n<h2>D\u00e9tails du webinaire&nbsp;:<\/h2>\n<h3 class=\"section-title\"><span class=\"title-inner\" data-animation=\"fadeInRight\" data-animation-delay=\"500\">DATE&nbsp;:<\/span><\/h3>\n<p>Lundi 20 novembre 2023 de 14h30 \u00e0 15h30<\/p>\n<h3 class=\"section-title\"><span class=\"title-inner\" data-animation=\"fadeInRight\" data-animation-delay=\"500\">R\u00c9SUM\u00c9&nbsp;:<\/span><\/h3>\n<p>L&rsquo;hiver approche, et avec lui une in\u00e9vitable <strong>baisse de moral et d&rsquo;\u00e9nergie.<\/strong><\/p>\n\n<p>Or, cette p\u00e9riode peut \u00eatre particuli\u00e8rement <strong>exigeante sur le plan professionnel<\/strong>, avec des objectifs \u00e0 atteindre et des projets \u00e0 cl\u00f4turer avant la fin de l\u2019ann\u00e9e.<\/p>\n\n<p>Alors, <strong>comment augmenter votre \u00e9nergie<\/strong> pour conclure cette ann\u00e9e en beaut\u00e9 et vous pr\u00e9parer de mani\u00e8re efficace pour 2024&nbsp;?<\/p>\n\n<p>Au cours de ce webinaire, Camille Grandidier, auteure de <strong><em>\u00ab\u00a060 minutes pour booster votre \u00e9nergie\u00a0\u00bb<\/em><\/strong> (\u00c9ditions GERESO) et coach certifi\u00e9e, vous d\u00e9voilera des <strong>strat\u00e9gies et des outils sp\u00e9cifiques pour stimuler votre \u00e9nergie.<\/strong><\/p>\n\n<p>Elle vous aidera \u00e0 atteindre vos objectifs professionnels annuels tout en pr\u00e9servant <strong>votre vitalit\u00e9 physique et mentale.<\/strong><\/p>\n\n<p>Nous explorerons des domaines essentiels tels que <strong>la nutrition, l&rsquo;activit\u00e9 physique, la gestion du stress, et des astuces<\/strong> pour une meilleure gestion du temps, le tout ax\u00e9 sur l&rsquo;impact positif qu&rsquo;ils peuvent avoir sur votre carri\u00e8re.<\/p>\n\n<p>Vous d\u00e9couvrirez des <strong>conseils concrets<\/strong>, simples \u00e0 mettre en pratique au quotidien, pour <strong>am\u00e9liorer votre sant\u00e9 et garantir une performance optimale<\/strong>, au travail et dans votre vie priv\u00e9e.<\/p>\n\n<p>Pendant ce webinaire de 60 minutes, apprenez <strong>comment booster votre \u00e9nergie<\/strong>, pour conclure 2023 plus confiant(e), en pleine forme et \u00eatre pr\u00eat(e) \u00e0 relever de nouveaux d\u00e9fis en 2024&nbsp;!<\/p>\n\n\n\n<h3 class=\"section-title\"><span class=\"title-inner\" data-animation=\"fadeInRight\" data-animation-delay=\"500\">INTERVENANTE&nbsp;:<\/span><\/h3>\n<p><strong>Camille Grandidier<\/strong> est une coach de vie certifi\u00e9e, accr\u00e9dit\u00e9e par la Life Coach School, avec une solide exp\u00e9rience professionnelle, ayant notamment travaill\u00e9 en tant qu&rsquo;avocate dans des cabinets de renom au Luxembourg. Elle allie sa connaissance du monde des affaires \u00e0 sa passion pour le coaching, aidant les professionnels \u00e0 maximiser leur potentiel, \u00e0 atteindre leurs objectifs et \u00e0 exceller dans leur carri\u00e8re, tout en pr\u00e9servant leur bien-\u00eatre.<\/p>\n\n<p><a href=\"https:\/\/www.camillegrandidier.com\" target=\"_blank\" rel=\"noreferrer noopener\">www.camillegrandidier.com<\/a><\/p>\n\n<h3 class=\"section-title\"><span class=\"title-inner\" data-animation=\"fadeInRight\" data-animation-delay=\"500\">WEBINAIRE&nbsp;:<\/span><\/h3>\n<h4>Replay du webinaire&nbsp;: \u00ab\u00a060 minutes pour booster son \u00e9nergie au travail&nbsp;!\u00a0\u00bb&nbsp;:<\/h4>\n\n\n\n<figure class=\"wp-block-embed is-type-video is-provider-youtube wp-block-embed-youtube wp-embed-aspect-16-9 wp-has-aspect-ratio\"><div class=\"wp-block-embed__wrapper\">\n<iframe title=\"WEBINAIRE - 60 minutes pour booster son \u00e9nergie au travail - Camille Grandidier\" width=\"644\" height=\"362\" src=\"https:\/\/www.youtube.com\/embed\/5pxvbKfZJO0?feature=oembed\" frameborder=\"0\" allow=\"accelerometer; autoplay; clipboard-write; encrypted-media; gyroscope; picture-in-picture; web-share\" referrerpolicy=\"strict-origin-when-cross-origin\" allowfullscreen><\/iframe>\n<\/div><\/figure>\n\n\n\n<p><article class=\"obj_encart-formation\">\n<div class=\"ctn_encart\">\n<h3>L&rsquo;ouvrage<\/h3>\n<h2>&nbsp;60 MINUTES POUR BOOSTER VOTRE \u00c9NERGIE&nbsp;!&nbsp;<\/h2>\n<p><strong><img decoding=\"async\" class=\"size-full wp-image-8994 alignleft\" src=\"https:\/\/www.gereso.com\/actualites\/wp-content\/uploads\/2023\/11\/RGIE.jpg\" alt=\"60 minutes pour booster votre \u00e9nergie\" width=\"140\" height=\"130\"><\/strong><\/p>\n\n\n<p>Face au rythme effr\u00e9n\u00e9 du quotidien, il peut sembler difficile de mettre en place les bonnes habitudes qui nous permettraient de nous \u00e9panouir pleinement.<\/p>\n\n<p>Pourtant, prendre soin de soi, c\u2019est aussi se donner les moyens de vivre plus sainement et sereinement, pour reprendre confiance en soi et atteindre ses objectifs.<\/p>\n\n<p>\u00c0 l\u2019appui de nombreux conseils, exercices pratiques et t\u00e9moignages inspirants, l\u2019auteure vous propose un programme complet et facile \u00e0 appliquer chaque jour.<\/p>\n\n<p>Manger mieux, bouger plus, se recentrer sur le pr\u00e9sent, bien g\u00e9rer son temps.<\/p>\n\n<p>Cet ouvrage vous invite \u00e0 travailler votre corps et votre mental pour augmenter votre niveau de conscience, votre facult\u00e9 de concentration et votre capacit\u00e9 \u00e0 prendre des d\u00e9cisions.<\/p>\n\n<p>En 60 minutes, d\u00e9couvrez comment booster votre \u00e9nergie au quotidien pour devenir la personne que vous voulez vraiment \u00eatre&nbsp;!<\/p>\n\n<p>&nbsp;<\/p>\n<div class=\"ctn_btn\">\n<a class=\"obj_btn\" target=\"_blank\" href=\"https:\/\/librairie.gereso.com\/livre-developpement-professionnel-et-personnel\/developpement-personnel\/60-minutes-pour-booster-votre-energie-rgie.html\" rel=\"noopener\"><span>En savoir plus<\/span><\/a>\n<\/div>\n<\/div>\n<\/article><\/p>\n","protected":false},"excerpt":{"rendered":"<p>D\u00e9tails du webinaire&nbsp;: DATE&nbsp;: Lundi 20 novembre 2023 de 14h30 \u00e0 15h30 R\u00c9SUM\u00c9&nbsp;: L&rsquo;hiver approche, et avec lui une in\u00e9vitable baisse de moral et d&rsquo;\u00e9nergie. Or, cette p\u00e9riode peut \u00eatre particuli\u00e8rement exigeante sur le plan professionnel, avec des objectifs \u00e0 atteindre et des projets \u00e0 cl\u00f4turer avant la fin de l\u2019ann\u00e9e. Alors, comment augmenter votre [&hellip;]<\/p>\n","protected":false},"author":32,"featured_media":0,"comment_status":"open","ping_status":"open","sticky":false,"template":"","format":"standard","meta":{"_acf_changed":false,"_mi_skip_tracking":false,"footnotes":""},"categories":[12,9],"tags":[],"class_list":["post-37695","post","type-post","status-publish","format-standard","hentry","category-actualites","category-developpement-personnel-et-efficacite-professionnelle"],"acf":[],"yoast_head":"<!-- This site is optimized with the Yoast SEO plugin v23.4 - https:\/\/yoast.com\/wordpress\/plugins\/seo\/ -->\n<title>Webinaire \u00ab 60 minutes pour booster son \u00e9nergie au travail \u00bb - Le Blog GERESO<\/title>\n<meta name=\"robots\" content=\"index, follow, max-snippet:-1, max-image-preview:large, max-video-preview:-1\" \/>\n<link rel=\"canonical\" href=\"https:\/\/www.gereso.com\/actualites\/2023\/11\/20\/webinaire-60-minutes-booster-energie-travail\/\" \/>\n<meta property=\"og:locale\" content=\"fr_FR\" \/>\n<meta property=\"og:type\" content=\"article\" \/>\n<meta property=\"og:title\" content=\"Webinaire \u00ab 60 minutes pour booster son \u00e9nergie au travail \u00bb - Le Blog GERESO\" \/>\n<meta property=\"og:description\" content=\"D\u00e9tails du webinaire&nbsp;: DATE&nbsp;: Lundi 20 novembre 2023 de 14h30 \u00e0 15h30 R\u00c9SUM\u00c9&nbsp;: L&rsquo;hiver approche, et avec lui une in\u00e9vitable baisse de moral et d&rsquo;\u00e9nergie. Or, cette p\u00e9riode peut \u00eatre particuli\u00e8rement exigeante sur le plan professionnel, avec des objectifs \u00e0 atteindre et des projets \u00e0 cl\u00f4turer avant la fin de l\u2019ann\u00e9e. Alors, comment augmenter votre [&hellip;]\" \/>\n<meta property=\"og:url\" content=\"https:\/\/www.gereso.com\/actualites\/2023\/11\/20\/webinaire-60-minutes-booster-energie-travail\/\" \/>\n<meta property=\"og:site_name\" content=\"Le Blog GERESO\" \/>\n<meta property=\"article:published_time\" content=\"2023-11-20T15:13:11+00:00\" \/>\n<meta property=\"article:modified_time\" content=\"2023-12-06T15:43:48+00:00\" \/>\n<meta property=\"og:image\" content=\"https:\/\/www.gereso.com\/actualites\/wp-content\/uploads\/2023\/11\/RGIE.jpg\" \/>\n<meta name=\"author\" content=\"\u00c9quipe GERESO\" \/>\n<meta name=\"twitter:card\" content=\"summary_large_image\" \/>\n<script type=\"application\/ld+json\" class=\"yoast-schema-graph\">{\"@context\":\"https:\/\/schema.org\",\"@graph\":[{\"@type\":\"WebPage\",\"@id\":\"https:\/\/www.gereso.com\/actualites\/2023\/11\/20\/webinaire-60-minutes-booster-energie-travail\/\",\"url\":\"https:\/\/www.gereso.com\/actualites\/2023\/11\/20\/webinaire-60-minutes-booster-energie-travail\/\",\"name\":\"Webinaire \u00ab 60 minutes pour booster son \u00e9nergie au travail \u00bb - Le Blog GERESO\",\"isPartOf\":{\"@id\":\"https:\/\/www.gereso.com\/actualites\/#website\"},\"primaryImageOfPage\":{\"@id\":\"https:\/\/www.gereso.com\/actualites\/2023\/11\/20\/webinaire-60-minutes-booster-energie-travail\/#primaryimage\"},\"image\":{\"@id\":\"https:\/\/www.gereso.com\/actualites\/2023\/11\/20\/webinaire-60-minutes-booster-energie-travail\/#primaryimage\"},\"thumbnailUrl\":\"https:\/\/www.gereso.com\/actualites\/wp-content\/uploads\/2023\/11\/RGIE.jpg\",\"datePublished\":\"2023-11-20T15:13:11+00:00\",\"dateModified\":\"2023-12-06T15:43:48+00:00\",\"author\":{\"@id\":\"https:\/\/www.gereso.com\/actualites\/#\/schema\/person\/197d8aef40cb4ae3f6a0aa9e1d3df2a6\"},\"breadcrumb\":{\"@id\":\"https:\/\/www.gereso.com\/actualites\/2023\/11\/20\/webinaire-60-minutes-booster-energie-travail\/#breadcrumb\"},\"inLanguage\":\"fr-FR\",\"potentialAction\":[{\"@type\":\"ReadAction\",\"target\":[\"https:\/\/www.gereso.com\/actualites\/2023\/11\/20\/webinaire-60-minutes-booster-energie-travail\/\"]}]},{\"@type\":\"ImageObject\",\"inLanguage\":\"fr-FR\",\"@id\":\"https:\/\/www.gereso.com\/actualites\/2023\/11\/20\/webinaire-60-minutes-booster-energie-travail\/#primaryimage\",\"url\":\"https:\/\/www.gereso.com\/actualites\/wp-content\/uploads\/2023\/11\/RGIE.jpg\",\"contentUrl\":\"https:\/\/www.gereso.com\/actualites\/wp-content\/uploads\/2023\/11\/RGIE.jpg\",\"width\":1229,\"height\":1710},{\"@type\":\"BreadcrumbList\",\"@id\":\"https:\/\/www.gereso.com\/actualites\/2023\/11\/20\/webinaire-60-minutes-booster-energie-travail\/#breadcrumb\",\"itemListElement\":[{\"@type\":\"ListItem\",\"position\":1,\"name\":\"Home\",\"item\":\"https:\/\/www.gereso.com\/actualites\/\"},{\"@type\":\"ListItem\",\"position\":2,\"name\":\"Webinaire \u00ab 60 minutes pour booster son \u00e9nergie au travail \u00bb\"}]},{\"@type\":\"WebSite\",\"@id\":\"https:\/\/www.gereso.com\/actualites\/#website\",\"url\":\"https:\/\/www.gereso.com\/actualites\/\",\"name\":\"Le Blog GERESO\",\"description\":\"Toute l&#039;actu RH, Finance, Fonction Publique, Management...\",\"potentialAction\":[{\"@type\":\"SearchAction\",\"target\":{\"@type\":\"EntryPoint\",\"urlTemplate\":\"https:\/\/www.gereso.com\/actualites\/?s={search_term_string}\"},\"query-input\":{\"@type\":\"PropertyValueSpecification\",\"valueRequired\":true,\"valueName\":\"search_term_string\"}}],\"inLanguage\":\"fr-FR\"},{\"@type\":\"Person\",\"@id\":\"https:\/\/www.gereso.com\/actualites\/#\/schema\/person\/197d8aef40cb4ae3f6a0aa9e1d3df2a6\",\"name\":\"\u00c9quipe GERESO\",\"image\":{\"@type\":\"ImageObject\",\"inLanguage\":\"fr-FR\",\"@id\":\"https:\/\/www.gereso.com\/actualites\/#\/schema\/person\/image\/\",\"url\":\"https:\/\/www.gereso.com\/actualites\/wp-content\/uploads\/2013\/12\/avatar-gereso-1.png\",\"contentUrl\":\"https:\/\/www.gereso.com\/actualites\/wp-content\/uploads\/2013\/12\/avatar-gereso-1.png\",\"caption\":\"\u00c9quipe GERESO\"},\"url\":\"https:\/\/www.gereso.com\/actualites\/author\/gereso\/\"}]}<\/script>\n<!-- \/ Yoast SEO plugin. -->","yoast_head_json":{"title":"Webinaire \u00ab 60 minutes pour booster son \u00e9nergie au travail \u00bb - Le Blog GERESO","robots":{"index":"index","follow":"follow","max-snippet":"max-snippet:-1","max-image-preview":"max-image-preview:large","max-video-preview":"max-video-preview:-1"},"canonical":"https:\/\/www.gereso.com\/actualites\/2023\/11\/20\/webinaire-60-minutes-booster-energie-travail\/","og_locale":"fr_FR","og_type":"article","og_title":"Webinaire \u00ab 60 minutes pour booster son \u00e9nergie au travail \u00bb - Le Blog GERESO","og_description":"D\u00e9tails du webinaire&nbsp;: DATE&nbsp;: Lundi 20 novembre 2023 de 14h30 \u00e0 15h30 R\u00c9SUM\u00c9&nbsp;: L&rsquo;hiver approche, et avec lui une in\u00e9vitable baisse de moral et d&rsquo;\u00e9nergie. Or, cette p\u00e9riode peut \u00eatre particuli\u00e8rement exigeante sur le plan professionnel, avec des objectifs \u00e0 atteindre et des projets \u00e0 cl\u00f4turer avant la fin de l\u2019ann\u00e9e. Alors, comment augmenter votre [&hellip;]","og_url":"https:\/\/www.gereso.com\/actualites\/2023\/11\/20\/webinaire-60-minutes-booster-energie-travail\/","og_site_name":"Le Blog GERESO","article_published_time":"2023-11-20T15:13:11+00:00","article_modified_time":"2023-12-06T15:43:48+00:00","og_image":[{"url":"https:\/\/www.gereso.com\/actualites\/wp-content\/uploads\/2023\/11\/RGIE.jpg"}],"author":"\u00c9quipe GERESO","twitter_card":"summary_large_image","schema":{"@context":"https:\/\/schema.org","@graph":[{"@type":"WebPage","@id":"https:\/\/www.gereso.com\/actualites\/2023\/11\/20\/webinaire-60-minutes-booster-energie-travail\/","url":"https:\/\/www.gereso.com\/actualites\/2023\/11\/20\/webinaire-60-minutes-booster-energie-travail\/","name":"Webinaire \u00ab 60 minutes pour booster son \u00e9nergie au travail \u00bb - Le Blog GERESO","isPartOf":{"@id":"https:\/\/www.gereso.com\/actualites\/#website"},"primaryImageOfPage":{"@id":"https:\/\/www.gereso.com\/actualites\/2023\/11\/20\/webinaire-60-minutes-booster-energie-travail\/#primaryimage"},"image":{"@id":"https:\/\/www.gereso.com\/actualites\/2023\/11\/20\/webinaire-60-minutes-booster-energie-travail\/#primaryimage"},"thumbnailUrl":"https:\/\/www.gereso.com\/actualites\/wp-content\/uploads\/2023\/11\/RGIE.jpg","datePublished":"2023-11-20T15:13:11+00:00","dateModified":"2023-12-06T15:43:48+00:00","author":{"@id":"https:\/\/www.gereso.com\/actualites\/#\/schema\/person\/197d8aef40cb4ae3f6a0aa9e1d3df2a6"},"breadcrumb":{"@id":"https:\/\/www.gereso.com\/actualites\/2023\/11\/20\/webinaire-60-minutes-booster-energie-travail\/#breadcrumb"},"inLanguage":"fr-FR","potentialAction":[{"@type":"ReadAction","target":["https:\/\/www.gereso.com\/actualites\/2023\/11\/20\/webinaire-60-minutes-booster-energie-travail\/"]}]},{"@type":"ImageObject","inLanguage":"fr-FR","@id":"https:\/\/www.gereso.com\/actualites\/2023\/11\/20\/webinaire-60-minutes-booster-energie-travail\/#primaryimage","url":"https:\/\/www.gereso.com\/actualites\/wp-content\/uploads\/2023\/11\/RGIE.jpg","contentUrl":"https:\/\/www.gereso.com\/actualites\/wp-content\/uploads\/2023\/11\/RGIE.jpg","width":1229,"height":1710},{"@type":"BreadcrumbList","@id":"https:\/\/www.gereso.com\/actualites\/2023\/11\/20\/webinaire-60-minutes-booster-energie-travail\/#breadcrumb","itemListElement":[{"@type":"ListItem","position":1,"name":"Home","item":"https:\/\/www.gereso.com\/actualites\/"},{"@type":"ListItem","position":2,"name":"Webinaire \u00ab 60 minutes pour booster son \u00e9nergie au travail \u00bb"}]},{"@type":"WebSite","@id":"https:\/\/www.gereso.com\/actualites\/#website","url":"https:\/\/www.gereso.com\/actualites\/","name":"Le Blog GERESO","description":"Toute l&#039;actu RH, Finance, Fonction Publique, Management...","potentialAction":[{"@type":"SearchAction","target":{"@type":"EntryPoint","urlTemplate":"https:\/\/www.gereso.com\/actualites\/?s={search_term_string}"},"query-input":{"@type":"PropertyValueSpecification","valueRequired":true,"valueName":"search_term_string"}}],"inLanguage":"fr-FR"},{"@type":"Person","@id":"https:\/\/www.gereso.com\/actualites\/#\/schema\/person\/197d8aef40cb4ae3f6a0aa9e1d3df2a6","name":"\u00c9quipe GERESO","image":{"@type":"ImageObject","inLanguage":"fr-FR","@id":"https:\/\/www.gereso.com\/actualites\/#\/schema\/person\/image\/","url":"https:\/\/www.gereso.com\/actualites\/wp-content\/uploads\/2013\/12\/avatar-gereso-1.png","contentUrl":"https:\/\/www.gereso.com\/actualites\/wp-content\/uploads\/2013\/12\/avatar-gereso-1.png","caption":"\u00c9quipe GERESO"},"url":"https:\/\/www.gereso.com\/actualites\/author\/gereso\/"}]}},"_links":{"self":[{"href":"https:\/\/www.gereso.com\/actualites\/wp-json\/wp\/v2\/posts\/37695","targetHints":{"allow":["GET"]}}],"collection":[{"href":"https:\/\/www.gereso.com\/actualites\/wp-json\/wp\/v2\/posts"}],"about":[{"href":"https:\/\/www.gereso.com\/actualites\/wp-json\/wp\/v2\/types\/post"}],"author":[{"embeddable":true,"href":"https:\/\/www.gereso.com\/actualites\/wp-json\/wp\/v2\/users\/32"}],"replies":[{"embeddable":true,"href":"https:\/\/www.gereso.com\/actualites\/wp-json\/wp\/v2\/comments?post=37695"}],"version-history":[{"count":11,"href":"https:\/\/www.gereso.com\/actualites\/wp-json\/wp\/v2\/posts\/37695\/revisions"}],"predecessor-version":[{"id":38077,"href":"https:\/\/www.gereso.com\/actualites\/wp-json\/wp\/v2\/posts\/37695\/revisions\/38077"}],"wp:attachment":[{"href":"https:\/\/www.gereso.com\/actualites\/wp-json\/wp\/v2\/media?parent=37695"}],"wp:term":[{"taxonomy":"category","embeddable":true,"href":"https:\/\/www.gereso.com\/actualites\/wp-json\/wp\/v2\/categories?post=37695"},{"taxonomy":"post_tag","embeddable":true,"href":"https:\/\/www.gereso.com\/actualites\/wp-json\/wp\/v2\/tags?post=37695"}],"curies":[{"name":"wp","href":"https:\/\/api.w.org\/{rel}","templated":true}]}}