{"id":37873,"date":"2023-12-18T12:22:30","date_gmt":"2023-12-18T10:22:30","guid":{"rendered":"https:\/\/www.gereso.com\/actualites\/?p=37873"},"modified":"2023-12-18T12:22:31","modified_gmt":"2023-12-18T10:22:31","slug":"arrets-cour-cassation-conges-payes","status":"publish","type":"post","link":"https:\/\/www.gereso.com\/actualites\/2023\/12\/18\/arrets-cour-cassation-conges-payes\/","title":{"rendered":"Les arr\u00eats de la Cour de cassation en mati\u00e8re de cong\u00e9s pay\u00e9s\u00a0: simple application du droit europ\u00e9en ou d\u00e9cision tragique pour les finances des entreprises\u00a0?"},"content":{"rendered":"\n<p>Elle a d\u00e9cid\u00e9&nbsp;:<\/p>\n\n\n\n<ul class=\"wp-block-list\">\n<li>que les <strong>salari\u00e9s malades ou accident\u00e9s auront droit \u00e0 des cong\u00e9s pay\u00e9s acquis sur leur p\u00e9riode d\u2019absence<\/strong>, m\u00eame si cette absence n\u2019est pas li\u00e9e \u00e0 un accident de travail ou \u00e0 une maladie professionnelle (<a href=\"https:\/\/www.legifrance.gouv.fr\/juri\/id\/JURITEXT000048085897?page=1&amp;pageSize=10&amp;query=22-17340&amp;searchField=ALL&amp;searchType=ALL&amp;sortValue=DATE_DESC&amp;tab_selection=juri&amp;typePagination=DEFAULT\" target=\"_blank\" rel=\"noreferrer noopener\">Cass. soc., 13 sept. 2023, aff. jtes. n\u00b0&nbsp;22-17.340, n\u00b0&nbsp;22-17.341 et n\u00b0&nbsp;22-17.342, publi\u00e9s au <em>\u00ab&nbsp;Bulletin&nbsp;\u00bb<\/em><\/a> ce qui souligne leur importance)&nbsp;;<\/li>\n\n\n\n<li>qu\u2019en cas d\u2019accident du travail, le <strong>calcul des droits \u00e0 cong\u00e9s pay\u00e9s ne sera plus limit\u00e9<\/strong> \u00e0 la premi\u00e8re ann\u00e9e de l\u2019arr\u00eat de travail (<a href=\"https:\/\/www.legifrance.gouv.fr\/juri\/id\/JURITEXT000048085922\" target=\"_blank\" rel=\"noreferrer noopener\">Cass. soc., 13&nbsp;sept. 2023, n\u00b0&nbsp;22-17.638, publi\u00e9 au <em>\u00ab&nbsp;Bulletin&nbsp;\u00bb<\/em><\/a>)&nbsp;;<\/li>\n\n\n\n<li>que la r\u00e9mun\u00e9ration \u00e0 prendre en consid\u00e9ration pour le calcul de l&rsquo;indemnit\u00e9 de cong\u00e9 pay\u00e9 est la <strong>r\u00e9mun\u00e9ration totale du salari\u00e9<\/strong>, incluant les primes et indemnit\u00e9s vers\u00e9es en compl\u00e9ment du salaire si elles sont vers\u00e9es en contrepartie ou \u00e0 l&rsquo;occasion du travail (<a href=\"https:\/\/www.legifrance.gouv.fr\/juri\/id\/JURITEXT000048085864?isSuggest=true\" target=\"_blank\" rel=\"noreferrer noopener\">Cass. soc., 13&nbsp;sept. 2023, n\u00b0&nbsp;22-10.529, publi\u00e9 au <em>\u00ab&nbsp;Bulletin&nbsp;\u00bb<\/em><\/a>)&nbsp;;<\/li>\n\n\n\n<li>que pour les indemnit\u00e9s de cong\u00e9s pay\u00e9s, la <strong>prescription de trois ans<\/strong> ne s\u2019applique que si le salari\u00e9 a eu la possibilit\u00e9 de prendre ses cong\u00e9s au titre de la p\u00e9riode de r\u00e9f\u00e9rence concern\u00e9e (<a href=\"https:\/\/www.legifrance.gouv.fr\/juri\/id\/JURITEXT000048085864?isSuggest=true\" target=\"_blank\" rel=\"noreferrer noopener\">Cass. soc., 13&nbsp;sept. 2023, n\u00b0&nbsp;22-11.106, publi\u00e9 au <em>\u00ab&nbsp;Bulletin&nbsp;\u00bb<\/em><\/a>)&nbsp;;<\/li>\n\n\n\n<li>que lorsque le salari\u00e9 s&rsquo;est trouv\u00e9 dans l&rsquo;impossibilit\u00e9 de prendre ses cong\u00e9s pay\u00e9s annuels au cours de l&rsquo;ann\u00e9e de r\u00e9f\u00e9rence en raison de l&rsquo;exercice de son<strong> droit au cong\u00e9 parental<\/strong>, les cong\u00e9s pay\u00e9s acquis \u00e0 la date du d\u00e9but du cong\u00e9 parental doivent \u00eatre report\u00e9s apr\u00e8s la date de reprise du travail (<a href=\"https:\/\/www.legifrance.gouv.fr\/juri\/id\/JURITEXT000048085895?page=1&amp;pageSize=10&amp;query=22-14043&amp;searchField=ALL&amp;searchType=ALL&amp;sortValue=DATE_DESC&amp;tab_selection=juri&amp;typePagination=DEFAULT\" target=\"_blank\" rel=\"noreferrer noopener\">Cass. soc., 13&nbsp;sept. 2023, n\u00b0&nbsp;22-14.043, publi\u00e9 au <em>\u00ab&nbsp;Bulletin&nbsp;\u00bb<\/em><\/a>).<\/li>\n<\/ul>\n\n\n\n<p>Les r\u00e9actions ont \u00e9t\u00e9 imm\u00e9diates et l\u2019agitation est encore bien tangible, plus de deux mois apr\u00e8s le prononc\u00e9 des arr\u00eats.<\/p>\n\n\n\n<p>Toute la communaut\u00e9 des juristes de droit social et des praticiens des ressources humaines, mais \u00e9galement de la paye, s\u2019est saisie de la question, oscillant entre une approbation des arr\u00eats et, majoritairement, de tr\u00e8s vives inqui\u00e9tudes concernant le co\u00fbt induit par ce changement radical ainsi que la n\u00e9cessit\u00e9 de recalculer tous les droits \u00e0 cong\u00e9s des salari\u00e9s.<\/p>\n\n\n\n<p>Dans un premier temps, il est n\u00e9cessaire de comprendre la raison d\u2019\u00eatre et la port\u00e9e de ces arr\u00eats du 13&nbsp;septembre&nbsp;2023.<\/p>\n\n\n\n<h2 style=\"color:#D10016\">I.&nbsp;La vigueur des r\u00e9actions et la motivation juridique des arr\u00eats<\/h2>\n\n\n\n<p>L\u2019on est frapp\u00e9 par la vari\u00e9t\u00e9 des r\u00e9actions mais \u00e9galement par leur vivacit\u00e9.<\/p>\n\n\n\n<p>Pour Ma\u00eetre Mich\u00e8le Bauer, avocate \u00e0 Bordeaux et sans doute l\u2019une des personnalit\u00e9s qui s\u2019est le plus exprim\u00e9e sur ce revirement de jurisprudence, il faut <em>\u00ab&nbsp;d\u00e9gonfler la baudruche&nbsp;\u00bb<\/em> et bien saisir que cette nouvelle ligne de conduite de la Cour de cassation \u00e9tait non seulement in\u00e9vitable mais avait \u00e9t\u00e9 pr\u00e9c\u00e9d\u00e9e de signes pr\u00e9curseurs.<\/p>\n\n\n\n<p>Au sujet du droit fran\u00e7ais, il est manifeste pour elle qu\u2019il \u00e9tait notamment contraire \u00e0 des points de <a href=\"https:\/\/www.legifrance.gouv.fr\/jorf\/id\/JORFTEXT000000888204\" target=\"_blank\" rel=\"noreferrer noopener\">la directive 2003\/88\/CE du Parlement europ\u00e9en et du Conseil du 4&nbsp;novembre&nbsp;2003<\/a> <em>\u00ab&nbsp;concernant certains aspects de l&rsquo;am\u00e9nagement du temps de travail&nbsp;\u00bb<\/em> et, en particulier, \u00e0 son article&nbsp;7 relatif au <em>\u00ab&nbsp;cong\u00e9 annuel&nbsp;\u00bb<\/em>.<\/p>\n\n\n\n<p>Cet article&nbsp;7 n\u2019op\u00e8re aucune distinction selon le fait que le travailleur est pr\u00e9sent dans l\u2019entreprise ou bien est en cong\u00e9 pour maladie.<\/p>\n\n\n\n<p>D\u00e8s lors, si un texte europ\u00e9en n\u2019op\u00e8re pas cette distinction, les l\u00e9gislateurs nationaux doivent \u00e9galement \u00e9viter d\u2019op\u00e9rer cette m\u00eame distinction.<\/p>\n\n\n\n<p>Cette contrari\u00e9t\u00e9 du droit fran\u00e7ais par rapport \u00e0 la lettre et \u00e0 l\u2019esprit de la directive allait forc\u00e9ment finir par \u00eatre tranch\u00e9e par la Cour de cassation qui, en l\u2019esp\u00e8ce, a appliqu\u00e9 le droit de l\u2019Union europ\u00e9enne, puisque celui-ci s\u2019impose vis-\u00e0-vis du droit national.<\/p>\n\n\n\n<p>En outre, Ma\u00eetre Bauer rappelle que la Cour de cassation avait d\u00e9j\u00e0 indiqu\u00e9 dans diff\u00e9rents rapports \u2013 et notamment dans son rapport annuel au titre de l\u2019ann\u00e9e 2013 \u2013 <em>\u00ab&nbsp;qu\u2019il \u00e9tait n\u00e9cessaire de l\u00e9gif\u00e9rer et de se mettre en conformit\u00e9 avec le droit de l\u2019Union europ\u00e9enne, au risque d\u2019engager la responsabilit\u00e9 de l\u2019\u00c9tat&nbsp;\u00bb<\/em>.<\/p>\n\n\n\n<p>Tr\u00e8s pr\u00e9cis\u00e9ment, le <em>verbatim<\/em> du rapport \u00e9tait le suivant&nbsp;: <em>\u00ab&nbsp;Il est donc propos\u00e9 de modifier l\u2019article L. 3141-5 du Code du travail afin d\u2019\u00e9viter une action en manquement contre la France et des actions en responsabilit\u00e9 contre l\u2019\u00c9tat du fait d\u2019une mise en \u0153uvre d\u00e9fectueuse de la directive&nbsp;\u00bb<\/em> (cf. d\u00e9veloppements figurant dans les pages&nbsp;64&nbsp;\u00e0&nbsp;66).<\/p>\n\n\n\n<p>En effet, il faut bien comprendre que dans les cas o\u00f9 une directive est mal ou incompl\u00e8tement transpos\u00e9e, les particuliers (tout comme les entreprises) disposent d\u2019une voie d\u2019action aupr\u00e8s de la Cour de justice de l\u2019Union europ\u00e9enne [CJUE] pour faire valoir leurs droits.<\/p>\n\n\n\n<p><em>A contrario<\/em> \u2013 et c\u2019est \u00e0 nouveau l\u2019un des arguments essentiels de Ma\u00eetre Bauer pour d\u00e9dramatiser la situation et lui permettre d\u2019affirmer qu\u2019il n\u2019y aura pas trop de contentieux \u00e0 venir \u2013 les particuliers (ici, les salari\u00e9s) ne disposaient pas de recours contre les entreprises fran\u00e7aises qui ne faisaient qu\u2019appliquer le droit fran\u00e7ais tel que formul\u00e9 par le Code du travail.<\/p>\n\n\n\n<p>Autrement dit, et afin d\u2019\u00eatre parfaitement clair, les salari\u00e9s travaillant en France et soumis au Code du travail fran\u00e7ais ne pouvaient \u2013 jusqu\u2019au 13&nbsp;septembre&nbsp;2023 \u2013 qu\u2019attaquer l\u2019Etat pour mauvaise transposition ou transposition incompl\u00e8te de la directive.<\/p>\n\n\n\n<p>Ce n\u2019est que depuis qu\u2019existe ce revirement de jurisprudence que les salari\u00e9s peuvent faire valoir les arr\u00eats de la Cour de cassation aupr\u00e8s de leur employeur.<\/p>\n\n\n\n<p>C\u2019est l\u00e0 le propre d\u2019une jurisprudence&nbsp;: il revient \u00e0 chacun de se saisir d\u2019un arr\u00eat et d\u2019aller n\u00e9gocier avec son employeur pour que la nouvelle ligne de conduite de la Cour de cassation se traduise concr\u00e8tement dans la relation individuelle de travail.<\/p>\n\n\n\n<p>La cons\u00e9quence qu\u2019on peut en tirer sur un plan pratique est qu\u2019assez peu de monde va aller se manifester aupr\u00e8s de son employeur avec une telle revendication.<\/p>\n\n\n\n<p>Pour la <em>\u00ab&nbsp;Conf\u00e9d\u00e9ration des petites et moyennes entreprises&nbsp;\u00bb<\/em> [CPME], au contraire, ces arr\u00eats du 13&nbsp;septembre&nbsp;2023 sont une catastrophe \u00e9conomique qui s\u2019abat sur les entreprises fran\u00e7aises.<\/p>\n\n\n\n<p>La CPME l\u2019a exprim\u00e9 notamment dans un <a href=\"https:\/\/www.cpme.fr\/espace-presse\/communiques-de-presse\/la-cpme-lance-une-petition-non-aux-conges-payes-acquis-pendant-les-arrets-maladies\" target=\"_blank\" rel=\"noreferrer noopener\">communiqu\u00e9 de presse du 30&nbsp;octobre&nbsp;2023<\/a>, o\u00f9 elle indique que&nbsp;: <em>\u00ab&nbsp;Sur le fond, d\u00e9coupler travail effectif et cong\u00e9s pay\u00e9s est profond\u00e9ment choquant. C\u2019est la valeur travail qui est ainsi attaqu\u00e9e&nbsp;\u00bb<\/em>.<\/p>\n\n\n\n<p>Elle poursuit en \u00e9crivant&nbsp;: <em>\u00ab&nbsp;Cette d\u00e9cision, qui risque de co\u00fbter plusieurs milliards d\u2019euros chaque ann\u00e9e aux entreprises fran\u00e7aises, grandes ou petites, et de condamner certaines PME, est donc totalement inacceptable. Les choses ne peuvent rester en l\u2019\u00e9tat. Le gouvernement doit comprendre l\u2019indignation des chefs d\u2019entreprise et agir. Il en a les moyens. C\u2019est le sens de la p\u00e9tition \u00ab&nbsp;Non aux cong\u00e9s pay\u00e9s acquis pendant les arr\u00eats-maladies&nbsp;\u00bb que la CPME lance aujourd\u2019hui&nbsp;\u00bb<\/em>.<\/p>\n\n\n\n<p>Or, le probl\u00e8me est bien l\u00e0 pour le gouvernement&nbsp;: contrairement \u00e0 ce qu\u2019\u00e9crit la CPME, \u00ab&nbsp;<em>Il<\/em> [n\u2019]<em>en a<\/em> [pas] <em>les moyens<\/em>&nbsp;\u00bb puisque le droit de l\u2019Union europ\u00e9enne s\u2019impose en vertu de la hi\u00e9rarchie des normes fix\u00e9e par notre propre Constitution.<\/p>\n\n\n\n<p>Le r\u00e9alisme juridique va donc probablement l\u2019emporter en d\u00e9pit de la situation tragique que d\u00e9crit la CPME car le Code du travail fran\u00e7ais pr\u00e9voit qu\u2019il faut travailler pour pouvoir acqu\u00e9rir des cong\u00e9s.<\/p>\n\n\n\n<p>Ce sont les<a href=\"https:\/\/www.legifrance.gouv.fr\/codes\/section_lc\/LEGITEXT000006072050\/LEGISCTA000006189648\/#LEGISCTA000033020831\" target=\"_blank\" rel=\"noreferrer noopener\"> articles L.&nbsp;3141-3 \u00e0 L.&nbsp;3141-5 du Code du travail<\/a> qui conditionnent l\u2019acquisition des cong\u00e9s pay\u00e9s \u00e0 un <em>\u00ab&nbsp;travail effectif&nbsp;\u00bb<\/em>.<\/p>\n\n\n\n<p>Ce sont donc ces articles (et cette notion de <em>\u00ab&nbsp;travail effectif&nbsp;\u00bb<\/em>) qui ont \u00e9t\u00e9 \u00e9cart\u00e9s par la Cour de cassation au profit du droit europ\u00e9en.<\/p>\n\n\n\n<p>En outre, la Cour de cassation a <em>\u00ab&nbsp;interpr\u00e9t\u00e9 les articles L.&nbsp;3141-1<\/em> [selon lequel <em>\u00ab&nbsp;tout salari\u00e9 a droit chaque ann\u00e9e \u00e0 un cong\u00e9 pay\u00e9 \u00e0 la charge de l&#8217;employeur&nbsp;\u00bb<\/em>] <em>et L.&nbsp;1225-55 du Code du travail<\/em> [sur le cong\u00e9 parental d&rsquo;\u00e9ducation] <em>de fa\u00e7on \u00e0 les rendre conformes au droit europ\u00e9en&nbsp;\u00bb<\/em>, explique B\u00e9r\u00e9nice Bauduin, ma\u00eetre de conf\u00e9rences \u00e0 l\u2019Ecole de droit de la Sorbonne.<\/p>\n\n\n\n<p>Comme mentionn\u00e9 pr\u00e9c\u00e9demment, la directive europ\u00e9enne de 2003 ne pr\u00e9voyant pas une condition pour l\u2019acquisition de cong\u00e9s pay\u00e9s, le l\u00e9gislateur national ne peut pr\u00e9voir une distinction l\u00e0 o\u00f9 le texte europ\u00e9en n\u2019en a pas pr\u00e9vu.<\/p>\n\n\n\n<p>D\u2019ailleurs, dans les autres pays de l\u2019Union europ\u00e9enne, tout salari\u00e9 peut acqu\u00e9rir des cong\u00e9s qu\u2019il travaille ou bien qu\u2019il soit en arr\u00eat de travail.<\/p>\n\n\n\n<p>L\u2019on peut \u00e9galement penser que le r\u00e9alisme \u00e9conomique va pr\u00e9valoir au regard du nombre de salari\u00e9s qui feraient r\u00e9ellement une demande aupr\u00e8s de leur employeur car&nbsp;:<\/p>\n\n\n\n<ul class=\"wp-block-list\">\n<li>pour les salari\u00e9s en poste, comme on l\u2019a vu plus haut, aller r\u00e9clamer des jours de cong\u00e9 suppl\u00e9mentaires en consid\u00e9ration de telle ou telle absence (pass\u00e9e) pour maladie sera tr\u00e8s probl\u00e9matique, sauf \u00e0 vouloir tendre ou rompre la relation avec l\u2019employeur&nbsp;;<\/li>\n\n\n\n<li>pour les salari\u00e9s ayant d\u00e9j\u00e0 quitt\u00e9 l\u2019entreprise (d\u00e9mission ou licenciement), on peut gager que les demandes seront relativement peu nombreuses car il faudra mettre en balance le co\u00fbt d\u2019une proc\u00e9dure et le b\u00e9n\u00e9fice financier retir\u00e9 du paiement de jours de cong\u00e9s pay\u00e9s suppl\u00e9mentaires. En pratique, seuls les ex. salari\u00e9s ayant b\u00e9n\u00e9fici\u00e9 d\u2019un salaire important et ayant \u00e9t\u00e9 en arr\u00eat-maladie pendant longtemps auront int\u00e9r\u00eat \u00e0 effectuer une telle d\u00e9marche.<\/li>\n<\/ul>\n\n\n\n<p>D\u00e8s lors, il ne restera plus que les salari\u00e9s actuellement en conflit juridique avec leur entreprise qui, effectivement, seront fortement tent\u00e9s d\u2019ajouter une ligne \u00e0 leurs demandes financi\u00e8res aupr\u00e8s du conseil de prud\u2019hommes ou de la cour d\u2019appel appel\u00e9s \u00e0 statuer sur leur cas.<\/p>\n\n\n\n<h2 style=\"color:#D10016\">II. La d\u00e9licate question de la prescription<\/h2>\n\n\n\n<p>Une fois la nouvelle dig\u00e9r\u00e9e quant au principe m\u00eame de l\u2019acquisition de jours de cong\u00e9s lorsque l\u2019on est en arr\u00eat maladie pour une raison non professionnelle, l\u2019enjeu se d\u00e9place vers la question de l\u2019effet dans le temps de cette jurisprudence.<\/p>\n\n\n\n<p>Cette section de l\u2019article va montrer que si le principe de l\u2019acquisition de jours de cong\u00e9 pay\u00e9s est simple, son application est autrement probl\u00e9matique, ce qui fait que l\u2019on est loin d\u2019\u00eatre sortis de l\u2019incertitude.<\/p>\n\n\n\n<p>La premi\u00e8re constatation qui s\u2019impose est de noter que la prescription n\u2019a pas d\u00e9but\u00e9.<\/p>\n\n\n\n<p>En effet, ainsi que cela a \u00e9t\u00e9 vu plus haut, le point de d\u00e9part du d\u00e9lai de prescription a \u00e9t\u00e9 fix\u00e9 par la Cour de cassation au jour o\u00f9 l\u2019employeur a mis son salari\u00e9 en mesure d\u2019exercer son droit \u00e0 cong\u00e9 pay\u00e9 acquis durant l\u2019arr\u00eat maladie.<\/p>\n\n\n\n<p>Or, par d\u00e9finition, l\u2019on peut penser qu\u2019aucun employeur n\u2019a permis \u00e0 ses salari\u00e9s d\u2019exercer ce droit puisqu\u2019il n\u2019\u00e9tait pas inscrit dans le Code du travail.<\/p>\n\n\n\n<p>D\u00e8s lors, plusieurs pistes ont \u00e9t\u00e9 \u00e9voqu\u00e9es.<\/p>\n\n\n\n<p>Une partie des commentateurs a plaid\u00e9 pour la prescription classique de trois ans en mati\u00e8re salariale puisque, comme chacun sait, il s\u2019agit l\u00e0 de la prescription l\u00e9gale concernant la r\u00e9cup\u00e9ration des arri\u00e9r\u00e9s de salaire.<\/p>\n\n\n\n<p>D\u2019autres observateurs ont \u00e9crit qu\u2019il convenait de se reporter aux dispositions de la convention collective [CCN] applicable.<\/p>\n\n\n\n<p>Enfin, une autre partie des juristes s\u2019est int\u00e9ress\u00e9e, \u00e0 juste titre, \u00e0 la \u00ab&nbsp;<em>question pr\u00e9judicielle<\/em>&nbsp;\u00bb pos\u00e9e par le Conseil des prud\u2019hommes d\u2019Agen \u00e0 laquelle la Cour de justice de l\u2019Union europ\u00e9enne [CJUE] a r\u00e9pondu le 9&nbsp;novembre&nbsp;2023 (aff. jtes C-271\/22, C-271\/22, C-272\/22, C-273\/22, C-274\/22 et C-275\/22).<\/p>\n\n\n\n<p>Ils craignaient que le report illimit\u00e9 des cong\u00e9s ne soit d\u00e9clar\u00e9 conforme \u00e0 l\u2019article&nbsp;7 de la directive de 2003.<\/p>\n\n\n\n<p>Or, dans son arr\u00eat, la CJUE n\u2019a impos\u00e9 aucune limite temporelle, mais a renvoy\u00e9 la probl\u00e9matique aux Etats membres \u2013 et donc, en l\u2019esp\u00e8ce, \u00e0 la France \u2013 en \u00e9non\u00e7ant en substance qu\u2019il incombe aux Etats de l\u00e9gif\u00e9rer sur ce point.<\/p>\n\n\n\n<p>La CJUE a pris soin d\u2019apporter la pr\u00e9cision suivante&nbsp;: selon elle, la question des reports de cong\u00e9s n\u2019est pas contraire \u00e0 la directive de 2003.<\/p>\n\n\n\n<p>Elle a fourni un exemple en l\u2019esp\u00e8ce en approuvant quinze mois pour la bonne et simple raison que c\u2019est la dur\u00e9e qui \u00e9tait en question dans l\u2019affaire qui lui \u00e9tait soumise.<\/p>\n\n\n\n<p>La CJUE a interpr\u00e9t\u00e9 la directive en consid\u00e9rant qu\u2019elle \u00ab&nbsp;<em>ne s\u2019oppose pas \u00e0 une l\u00e9gislation nationale et\/ou \u00e0 une pratique nationale qui, en l\u2019absence de disposition nationale pr\u00e9voyant une limite temporelle expresse au report de droits \u00e0 cong\u00e9 annuel pay\u00e9 acquis et non exerc\u00e9s en raison d\u2019un arr\u00eat de travail pour maladie de longue dur\u00e9e, permet de faire droit \u00e0 des demandes de cong\u00e9 annuel pay\u00e9 introduites par un travailleur moins de quinze mois apr\u00e8s la fin de la p\u00e9riode de r\u00e9f\u00e9rence ouvrant droit \u00e0 ce cong\u00e9 et limit\u00e9es \u00e0 deux p\u00e9riodes de r\u00e9f\u00e9rence cons\u00e9cutives<\/em>&nbsp;\u00bb.<\/p>\n\n\n\n<p>En lisant <em>a contrario<\/em> la formule, l\u2019on peut donc en d\u00e9duire que le l\u00e9gislateur fran\u00e7ais pourrait organiser une purge glissante des cong\u00e9s acquis.<\/p>\n\n\n\n<p>Sans toutefois se positionner pr\u00e9cis\u00e9ment sur la question de la prescription, la CJUE reconna\u00eet la possibilit\u00e9 en droit national de limiter dans le temps le cumul des droits en cas de longue maladie, par une p\u00e9riode de report \u00e0 l\u2019expiration de laquelle ces droits s\u2019\u00e9teignent.<\/p>\n\n\n\n<p>N\u00e9anmoins, la CJUE indique que cela n\u2019est possible qu\u2019\u00e0 condition de garantir l\u2019effectivit\u00e9 du droit par la possibilit\u00e9 pour le salari\u00e9 de disposer de p\u00e9riodes de repos susceptibles d\u2019\u00eatre planifiables et disponibles \u00e0 plus long terme.<\/p>\n\n\n\n<p>A notre sens \u2013 et de fa\u00e7on moins biscornue et alambiqu\u00e9e que le langage de la CJUE \u2013 il convient de se reporter \u00e0 l\u2019un des arr\u00eats de la Cour de cassation de septembre&nbsp;2023 (Cass. soc., 13 sept. 2023, n\u00b0 22-10.529) o\u00f9 elle a consid\u00e9r\u00e9 que, lorsque dans un litige relatif aux cong\u00e9s pay\u00e9s, l&#8217;employeur oppose la prescription, celle-ci ne peut \u00eatre admise que s&rsquo;il d\u00e9montre avoir accompli toutes les diligences qui lui incombent l\u00e9galement pour mettre le salari\u00e9 en mesure d&rsquo;exercer effectivement son droit \u00e0 cong\u00e9.<\/p>\n\n\n\n<p>Dans cette affaire, la Chambre sociale a reproch\u00e9 au juge du fond de ne pas avoir constat\u00e9 que l\u2019employeur justifiait d\u2019avoir accompli les diligences mises \u00e0 sa charge par le Code du travail.<\/p>\n\n\n\n<p>On peut en tirer comme cons\u00e9quence pratique que le\u202fjuge\u202fdevra donc\u202fv\u00e9rifier\u202fque l\u2019employeur est bien en mesure d\u2019opposer la prescription \u00e0 l\u2019action du salari\u00e9.<\/p>\n\n\n\n<p>\u00c0 d\u00e9faut, comme relev\u00e9 plus haut, la prescription n\u2019aura pas commenc\u00e9 \u00e0 courir.<\/p>\n\n\n\n<p>Dans ce cas de figure, il faudrait alors remonter, selon certains sp\u00e9cialistes, au 1<sup>er<\/sup> d\u00e9cembre 2009 pour op\u00e9rer la r\u00e9gularisation, puisque c\u2019est la date o\u00f9 la <em>\u00ab&nbsp;Charte des droits fondamentaux de l\u2019Union europ\u00e9enne&nbsp;\u00bb<\/em> (du 7 d\u00e9cembre 2000) a acquis une force obligatoire.<\/p>\n\n\n\n<figure class=\"wp-block-table\"><table><tbody><tr><td><p><span style=\"text-decoration: underline;\"><strong>A noter&nbsp;:<\/strong><\/span><\/p>\n<p>L\u2019explication concernant le 1<sup>er<\/sup>&nbsp;d\u00e9cembre&nbsp;2009 est simple.<br>Il s\u2019agit de la date d\u2019entr\u00e9e en application du \u00ab&nbsp;<em>Trait\u00e9 de Lisbonne<\/em>&nbsp;\u00bb qui est parall\u00e8le \u00e0 la date d\u2019entr\u00e9e en vigueur de la \u00ab&nbsp;<em>Charte des droits fondamentaux de l\u2019Union europ\u00e9enne<\/em>&nbsp;\u00bb.<\/p><\/td><\/tr><\/tbody><\/table><\/figure>\n\n\n\n<p>L\u2019article&nbsp;31 de cette charte, relatif aux \u00ab&nbsp;<em>conditions de travail justes et \u00e9quitables<\/em>&nbsp;\u00bb, fonde aujourd\u2019hui la position de la Cour de cassation car il indique&nbsp;:<\/p>\n\n\n\n<ol class=\"wp-block-list\">\n<li>\u00ab\u00a0<em>Tout travailleur a droit \u00e0 des conditions de travail qui respectent sa sant\u00e9, sa s\u00e9curit\u00e9 et sa dignit\u00e9.<\/em><\/li>\n\n\n\n<li><em>Tout travailleur a droit \u00e0 une limitation de la dur\u00e9e maximale du travail et \u00e0 des p\u00e9riodes de repos journalier et hebdomadaire, ainsi qu&rsquo;\u00e0 une p\u00e9riode annuelle de cong\u00e9s pay\u00e9s<\/em>\u00a0\u00bb.<\/li>\n<\/ol>\n\n\n\n<article class=\"obj_encart-formation\">\n<div class=\"ctn_encart\">\n<h3>Votre formation sur ce th\u00e8me<\/h3>\n<h2>&nbsp;PAIE ET SUSPENSION DU CONTRAT&nbsp;<\/h2>\n<h4>2 jours &#8211; En pr\u00e9sentiel ou \u00e0 distance<\/h4>\n<ul>\n<li><strong>Contr\u00f4ler le montant des indemnit\u00e9s journali\u00e8res<\/strong> vers\u00e9es par la s\u00e9curit\u00e9 sociale.<\/li>\n<li><strong>Appliquer les diff\u00e9rents r\u00e9gimes<\/strong> l\u00e9gaux et conventionnels de maintien de salaire.<\/li>\n<li><strong>\u00c9laborer les bulletins de paie<\/strong> des salari\u00e9s en arr\u00eat maladie et en cong\u00e9s pay\u00e9s.<\/li>\n<\/ul>\n<div class=\"ctn_btn\">\n<a class=\"obj_btn\" target=\"_blank\" href=\"https:\/\/www.gereso.com\/PINC\" rel=\"noopener\"><span>En savoir plus<\/span><\/a>\n<a class=\"obj_btn\" target=\"_blank\" href=\"https:\/\/www.gereso.com\/client\/programme-pdf\/PINC.pdf\" rel=\"noopener\"><span>T\u00e9l\u00e9charger le programme PDF<\/span><\/a>\n<\/div>\n<\/article>\n\n\n\n<h2 style=\"color:#D10016\">III.&nbsp;Les premi\u00e8res applications par les juges du fond et les nouvelles questions \u00e0 \u00e9claircir<\/h2>\n\n\n\n<p>Comme cela \u00e9tait pr\u00e9visible, des juges du fond ont commenc\u00e9 \u00e0 appliquer cette nouvelle jurisprudence.<\/p>\n\n\n\n<p>On peut citer la Cour d\u2019appel de Paris qui, par un arr\u00eat du 27&nbsp;septembre&nbsp;2023 (RG n\u00b0&nbsp;21\/01264), a accord\u00e9 6.000&nbsp;euros d\u2019indemnit\u00e9 pour des absences de 2018 \u00e0 2020.<\/p>\n\n\n\n<p>On peut \u00e9galement mentionner cette m\u00eame juridiction qui, dans un arr\u00eat du 12&nbsp;octobre&nbsp;2023 (RG n\u00b0&nbsp;20\/03063), a fix\u00e9 \u00e0 7.336&nbsp;euros et 69&nbsp;centimes la somme qui restait encore \u00e0 payer pour des absences pour maladie sur une p\u00e9riode de trois&nbsp;ans.<\/p>\n\n\n\n<p>On rel\u00e8ve aussi un arr\u00eat de la Cour d\u2019appel de Versailles du 5&nbsp;octobre&nbsp;2023 (RG n\u00b0&nbsp;22\/02795) qui a ordonn\u00e9 \u00e0 l\u2019employeur d\u2019abonder au compteur les cong\u00e9s pay\u00e9s du salari\u00e9 acquis durant ses arr\u00eats maladie, car le salari\u00e9 \u00e9tait encore en poste.<\/p>\n\n\n\n<p>Pour terminer cette s\u00e9rie d\u2019exemples, l\u2019on mentionnera un arr\u00eat de la Cour d\u2019appel de Reims qui affirme qu\u2019il appartient \u00e0 l\u2019employeur de prendre les mesures propres \u00e0 assurer au salari\u00e9 la possibilit\u00e9 d\u2019exercer effectivement ses droits \u00e0 cong\u00e9s pay\u00e9s. La cour note qu\u2019\u00ab&nbsp;<em>en l\u2019esp\u00e8ce, l\u2019employeur ne peut en justifier puisqu\u2019il d\u00e9nie au salari\u00e9 son droit \u00e0 cong\u00e9<\/em> [pendant son arr\u00eat maladie]. <em>Par cons\u00e9quent, il ne saurait y avoir de prescription<\/em>&nbsp;\u00bb concluent les juges (CA Reims, 18&nbsp;oct. 2023, RG n\u00b0&nbsp;22\/01293).<\/p>\n\n\n\n<p>Voil\u00e0 pour les effets concrets connus \u00e0 ce jour des arr\u00eats du 13&nbsp;septembre&nbsp;2023.<\/p>\n\n\n\n<p>Cependant, de multiples autres th\u00e9matiques restent en suspens et seul le futur viendra apporter des r\u00e9ponses.<\/p>\n\n\n\n<p>On s\u2019interroge notamment sur&nbsp;:<\/p>\n\n\n\n<ul class=\"wp-block-list\">\n<li>le sort des cotisations sociales retenues&nbsp;;<\/li>\n\n\n\n<li>l\u2019augmentation m\u00e9canique de la masse salariale qui impacterait par voie de cons\u00e9quence les co\u00fbts des accidents du travail et des maladies professionnelles (puisque l&rsquo;assiette de calcul tient compte de la masse salariale)&nbsp;;<\/li>\n\n\n\n<li>le cas de figure du salari\u00e9 qui n\u2019a pas \u00e9t\u00e9 emp\u00each\u00e9 de prendre ses cong\u00e9s pay\u00e9s&nbsp;;<\/li>\n\n\n\n<li>la situation du salari\u00e9 licenci\u00e9 pour faute lourde quand ce motif \u00e9tait privatif de l\u2019indemnit\u00e9 compensatrice de cong\u00e9s pay\u00e9s.<\/li>\n<\/ul>\n\n\n\n<p>Un autre sujet incertain \u00e0 aborder dans la foul\u00e9e des arr\u00eats du 13&nbsp;septembre&nbsp;2023 est celui du calcul des primes.<\/p>\n\n\n\n<p>Sans pouvoir g\u00e9n\u00e9raliser le propos puisque le calcul des primes d\u00e9pend de la r\u00e9daction des dispositions conventionnelles, l\u2019on sait que la prime de treizi\u00e8me mois est souvent calcul\u00e9e en prenant en consid\u00e9ration la r\u00e9mun\u00e9ration habituelle du salari\u00e9, proratis\u00e9e ensuite en cas d\u2019absences au cours de l\u2019ann\u00e9e.<\/p>\n\n\n\n<p>Or, depuis que le salari\u00e9 en arr\u00eat-maladie acquiert des cong\u00e9s pay\u00e9s puisqu\u2019il est consid\u00e9r\u00e9 comme pr\u00e9sent au regard du calcul de la prime de treizi\u00e8me mois, il est \u00e9vident que le calcul s\u2019en trouve modifi\u00e9.<\/p>\n\n\n\n<p>Un dernier point peut para\u00eetre surprenant au profane mais est imparable sur le plan juridique&nbsp;: celui de la diff\u00e9rence entre la loi et la jurisprudence du point de vue de la prescription, d\u00e9j\u00e0 \u00e9voqu\u00e9 plus haut mais dont on va approfondir l\u2019analyse avec un cas concret et r\u00e9el.<\/p>\n\n\n\n<p>En effet, si c\u2019\u00e9tait le l\u00e9gislateur qui avait \u00e9rig\u00e9 la nouvelle r\u00e8gle, cette derni\u00e8re serait appliqu\u00e9e \u00e0 compter de la date de promulgation de la loi et les salari\u00e9s n\u2019auraient pas pu r\u00e9clamer les cong\u00e9s pay\u00e9s acquis ant\u00e9rieurement. Mais, dans la mesure o\u00f9 c\u2019est la Cour de cassation qui, par un revirement de jurisprudence, d\u00e9cide par ses arr\u00eats d\u2019appliquer le droit europ\u00e9en et donc d\u2019accorder les cong\u00e9s pay\u00e9s au salari\u00e9 malade, il s\u2019agit n\u00e9cessairement d\u2019une d\u00e9cision de justice qui interpr\u00e8te la loi. Partant, il n\u2019y a pas de point de d\u00e9part d\u2019application de la nouvelle jurisprudence. Celle-ci est donc r\u00e9troactive.<\/p>\n\n\n\n<p>Comme vu pr\u00e9c\u00e9demment, les salari\u00e9s peuvent r\u00e9clamer les cong\u00e9s pay\u00e9s accumul\u00e9s en maladie pour des p\u00e9riodes ant\u00e9rieures au 13&nbsp;septembre&nbsp;2023.<\/p>\n\n\n\n<p>L\u2019arr\u00eat n\u00b0&nbsp;22\/10.529 du 13&nbsp;septembre&nbsp;2023 en fournit l\u2019illustration.<\/p>\n\n\n\n<p>En l\u2019esp\u00e8ce, une personne a travaill\u00e9 pour un institut de formation dans le cadre d\u2019une prestation de service. Elle parvient en justice \u00e0 faire requalifier l\u2019ensemble de la p\u00e9riode \u2013 soit dix ans en l\u2019occurrence \u2013 en contrat de travail.<\/p>\n\n\n\n<p>L\u2019employeur invoquait la prescription de trois ans applicable aux salaires (<a href=\"https:\/\/www.legifrance.gouv.fr\/codes\/article_lc\/LEGIARTI000027566295#:~:text=L%27action%20en%20paiement%20ou,lui%20permettant%20de%20l%27exercer.\" target=\"_blank\" rel=\"noreferrer noopener\">cf. article L.&nbsp;3245-1 du Code du travail<\/a>).<\/p>\n\n\n\n<p>A tort, lui r\u00e9pond la Cour de cassation pour qui le d\u00e9lai de prescription ne commence \u00e0 courir qu\u2019\u00e0 partir du moment o\u00f9 le salari\u00e9 peut effectivement exercer son droit \u00e0 cong\u00e9s pay\u00e9s. Pour \u00eatre plus pr\u00e9cis encore, la prescription ne commence \u00e0 courir que lorsque l\u2019employeur a mis son salari\u00e9 en mesure d\u2019exercer son droit en temps utile (<a href=\"https:\/\/www.legifrance.gouv.fr\/codes\/article_lc\/LEGIARTI000019017112\/\" target=\"_blank\" rel=\"noreferrer noopener\">cf. article&nbsp;2224 du Code civil<\/a>).<\/p>\n\n\n\n<p>S\u2019agissant de cette personne, puisque l\u2019employeur l\u2019avait priv\u00e9e pendant dix ans de cong\u00e9s pay\u00e9s car il ne lui avait pas propos\u00e9 de contrat de travail, c\u2019\u00e9tait donc dix ans d\u2019arri\u00e9r\u00e9s de cong\u00e9s pay\u00e9s qui \u00e9taient dus (10&nbsp;ans&nbsp;x&nbsp;12&nbsp;mois&nbsp;x&nbsp;2,5&nbsp;jours par mois&nbsp;=&nbsp;300&nbsp;jours de salaire). Ramen\u00e9 en termes d\u2019indemnit\u00e9s, cela repr\u00e9sente dix mois de salaire \u00e0 payer au titre des cong\u00e9s pay\u00e9s non pris.<\/p>\n","protected":false},"excerpt":{"rendered":"<p>Elle a d\u00e9cid\u00e9&nbsp;: Les r\u00e9actions ont \u00e9t\u00e9 imm\u00e9diates et l\u2019agitation est encore bien tangible, plus de deux mois apr\u00e8s le prononc\u00e9 des arr\u00eats. Toute la communaut\u00e9 des juristes de droit social et des praticiens des ressources humaines, mais \u00e9galement de la paye, s\u2019est saisie de la question, oscillant entre une approbation des arr\u00eats et, majoritairement, [&hellip;]<\/p>\n","protected":false},"author":88,"featured_media":37883,"comment_status":"open","ping_status":"open","sticky":false,"template":"","format":"standard","meta":{"_acf_changed":false,"_mi_skip_tracking":false,"footnotes":""},"categories":[12,8],"tags":[],"class_list":["post-37873","post","type-post","status-publish","format-standard","has-post-thumbnail","hentry","category-actualites","category-paie-et-administration-du-personnel"],"acf":[],"yoast_head":"<!-- This site is optimized with the Yoast SEO plugin v23.4 - https:\/\/yoast.com\/wordpress\/plugins\/seo\/ -->\n<title>Les arr\u00eats de la Cour de cassation en mati\u00e8re de cong\u00e9s pay\u00e9s\u00a0: simple application du droit europ\u00e9en ou d\u00e9cision tragique pour les finances des entreprises\u00a0? - Le Blog GERESO<\/title>\n<meta name=\"robots\" content=\"index, follow, max-snippet:-1, max-image-preview:large, max-video-preview:-1\" \/>\n<link rel=\"canonical\" href=\"https:\/\/www.gereso.com\/actualites\/2023\/12\/18\/arrets-cour-cassation-conges-payes\/\" \/>\n<meta property=\"og:locale\" content=\"fr_FR\" \/>\n<meta property=\"og:type\" content=\"article\" \/>\n<meta property=\"og:title\" content=\"Les arr\u00eats de la Cour de cassation en mati\u00e8re de cong\u00e9s pay\u00e9s\u00a0: simple application du droit europ\u00e9en ou d\u00e9cision tragique pour les finances des entreprises\u00a0? - Le Blog GERESO\" \/>\n<meta property=\"og:description\" content=\"Elle a d\u00e9cid\u00e9&nbsp;: Les r\u00e9actions ont \u00e9t\u00e9 imm\u00e9diates et l\u2019agitation est encore bien tangible, plus de deux mois apr\u00e8s le prononc\u00e9 des arr\u00eats. Toute la communaut\u00e9 des juristes de droit social et des praticiens des ressources humaines, mais \u00e9galement de la paye, s\u2019est saisie de la question, oscillant entre une approbation des arr\u00eats et, majoritairement, [&hellip;]\" \/>\n<meta property=\"og:url\" content=\"https:\/\/www.gereso.com\/actualites\/2023\/12\/18\/arrets-cour-cassation-conges-payes\/\" \/>\n<meta property=\"og:site_name\" content=\"Le Blog GERESO\" \/>\n<meta property=\"article:published_time\" content=\"2023-12-18T10:22:30+00:00\" \/>\n<meta property=\"article:modified_time\" content=\"2023-12-18T10:22:31+00:00\" \/>\n<meta property=\"og:image\" content=\"https:\/\/www.gereso.com\/actualites\/wp-content\/uploads\/2023\/11\/arrets-cour-cassation-conges-payes.jpg\" \/>\n\t<meta property=\"og:image:width\" content=\"600\" \/>\n\t<meta property=\"og:image:height\" content=\"400\" \/>\n\t<meta property=\"og:image:type\" content=\"image\/jpeg\" \/>\n<meta name=\"author\" content=\"Filippo Aloisi - Bavagnoli\" \/>\n<meta name=\"twitter:card\" content=\"summary_large_image\" \/>\n<script type=\"application\/ld+json\" class=\"yoast-schema-graph\">{\"@context\":\"https:\/\/schema.org\",\"@graph\":[{\"@type\":\"WebPage\",\"@id\":\"https:\/\/www.gereso.com\/actualites\/2023\/12\/18\/arrets-cour-cassation-conges-payes\/\",\"url\":\"https:\/\/www.gereso.com\/actualites\/2023\/12\/18\/arrets-cour-cassation-conges-payes\/\",\"name\":\"Les arr\u00eats de la Cour de cassation en mati\u00e8re de cong\u00e9s pay\u00e9s\u00a0: simple application du droit europ\u00e9en ou d\u00e9cision tragique pour les finances des entreprises\u00a0? - Le Blog GERESO\",\"isPartOf\":{\"@id\":\"https:\/\/www.gereso.com\/actualites\/#website\"},\"primaryImageOfPage\":{\"@id\":\"https:\/\/www.gereso.com\/actualites\/2023\/12\/18\/arrets-cour-cassation-conges-payes\/#primaryimage\"},\"image\":{\"@id\":\"https:\/\/www.gereso.com\/actualites\/2023\/12\/18\/arrets-cour-cassation-conges-payes\/#primaryimage\"},\"thumbnailUrl\":\"https:\/\/www.gereso.com\/actualites\/wp-content\/uploads\/2023\/11\/arrets-cour-cassation-conges-payes.jpg\",\"datePublished\":\"2023-12-18T10:22:30+00:00\",\"dateModified\":\"2023-12-18T10:22:31+00:00\",\"author\":{\"@id\":\"https:\/\/www.gereso.com\/actualites\/#\/schema\/person\/3519c70645da52c167d52485380023cc\"},\"breadcrumb\":{\"@id\":\"https:\/\/www.gereso.com\/actualites\/2023\/12\/18\/arrets-cour-cassation-conges-payes\/#breadcrumb\"},\"inLanguage\":\"fr-FR\",\"potentialAction\":[{\"@type\":\"ReadAction\",\"target\":[\"https:\/\/www.gereso.com\/actualites\/2023\/12\/18\/arrets-cour-cassation-conges-payes\/\"]}]},{\"@type\":\"ImageObject\",\"inLanguage\":\"fr-FR\",\"@id\":\"https:\/\/www.gereso.com\/actualites\/2023\/12\/18\/arrets-cour-cassation-conges-payes\/#primaryimage\",\"url\":\"https:\/\/www.gereso.com\/actualites\/wp-content\/uploads\/2023\/11\/arrets-cour-cassation-conges-payes.jpg\",\"contentUrl\":\"https:\/\/www.gereso.com\/actualites\/wp-content\/uploads\/2023\/11\/arrets-cour-cassation-conges-payes.jpg\",\"width\":600,\"height\":400,\"caption\":\"Septembre 2023, application du droit europ\u00e9en aux cong\u00e9s pay\u00e9s en France.\"},{\"@type\":\"BreadcrumbList\",\"@id\":\"https:\/\/www.gereso.com\/actualites\/2023\/12\/18\/arrets-cour-cassation-conges-payes\/#breadcrumb\",\"itemListElement\":[{\"@type\":\"ListItem\",\"position\":1,\"name\":\"Home\",\"item\":\"https:\/\/www.gereso.com\/actualites\/\"},{\"@type\":\"ListItem\",\"position\":2,\"name\":\"Les arr\u00eats de la Cour de cassation en mati\u00e8re de cong\u00e9s pay\u00e9s\u00a0: simple application du droit europ\u00e9en ou d\u00e9cision tragique pour les finances des entreprises\u00a0?\"}]},{\"@type\":\"WebSite\",\"@id\":\"https:\/\/www.gereso.com\/actualites\/#website\",\"url\":\"https:\/\/www.gereso.com\/actualites\/\",\"name\":\"Le Blog GERESO\",\"description\":\"Toute l&#039;actu RH, Finance, Fonction Publique, Management...\",\"potentialAction\":[{\"@type\":\"SearchAction\",\"target\":{\"@type\":\"EntryPoint\",\"urlTemplate\":\"https:\/\/www.gereso.com\/actualites\/?s={search_term_string}\"},\"query-input\":{\"@type\":\"PropertyValueSpecification\",\"valueRequired\":true,\"valueName\":\"search_term_string\"}}],\"inLanguage\":\"fr-FR\"},{\"@type\":\"Person\",\"@id\":\"https:\/\/www.gereso.com\/actualites\/#\/schema\/person\/3519c70645da52c167d52485380023cc\",\"name\":\"Filippo Aloisi - Bavagnoli\",\"image\":{\"@type\":\"ImageObject\",\"inLanguage\":\"fr-FR\",\"@id\":\"https:\/\/www.gereso.com\/actualites\/#\/schema\/person\/image\/\",\"url\":\"https:\/\/www.gereso.com\/actualites\/wp-content\/uploads\/2022\/11\/Filippo-Aloisi-120x120.jpg\",\"contentUrl\":\"https:\/\/www.gereso.com\/actualites\/wp-content\/uploads\/2022\/11\/Filippo-Aloisi-120x120.jpg\",\"caption\":\"Filippo Aloisi - Bavagnoli\"},\"description\":\"Filippo Aloisi a effectu\u00e9 tout son cursus dans l'\u00e9dition puis la presse juridique, d'abord comme \u00e9diteur puis comme journaliste. Il s'est dipl\u00f4m\u00e9 de Sciences Po Paris \u00e0 20 ans et a ensuite obtenu un DESS de droit europ\u00e9en des affaires.\",\"url\":\"https:\/\/www.gereso.com\/actualites\/author\/f-aloisi\/\"}]}<\/script>\n<!-- \/ Yoast SEO plugin. -->","yoast_head_json":{"title":"Les arr\u00eats de la Cour de cassation en mati\u00e8re de cong\u00e9s pay\u00e9s\u00a0: simple application du droit europ\u00e9en ou d\u00e9cision tragique pour les finances des entreprises\u00a0? - Le Blog GERESO","robots":{"index":"index","follow":"follow","max-snippet":"max-snippet:-1","max-image-preview":"max-image-preview:large","max-video-preview":"max-video-preview:-1"},"canonical":"https:\/\/www.gereso.com\/actualites\/2023\/12\/18\/arrets-cour-cassation-conges-payes\/","og_locale":"fr_FR","og_type":"article","og_title":"Les arr\u00eats de la Cour de cassation en mati\u00e8re de cong\u00e9s pay\u00e9s\u00a0: simple application du droit europ\u00e9en ou d\u00e9cision tragique pour les finances des entreprises\u00a0? - Le Blog GERESO","og_description":"Elle a d\u00e9cid\u00e9&nbsp;: Les r\u00e9actions ont \u00e9t\u00e9 imm\u00e9diates et l\u2019agitation est encore bien tangible, plus de deux mois apr\u00e8s le prononc\u00e9 des arr\u00eats. Toute la communaut\u00e9 des juristes de droit social et des praticiens des ressources humaines, mais \u00e9galement de la paye, s\u2019est saisie de la question, oscillant entre une approbation des arr\u00eats et, majoritairement, [&hellip;]","og_url":"https:\/\/www.gereso.com\/actualites\/2023\/12\/18\/arrets-cour-cassation-conges-payes\/","og_site_name":"Le Blog GERESO","article_published_time":"2023-12-18T10:22:30+00:00","article_modified_time":"2023-12-18T10:22:31+00:00","og_image":[{"width":600,"height":400,"url":"https:\/\/www.gereso.com\/actualites\/wp-content\/uploads\/2023\/11\/arrets-cour-cassation-conges-payes.jpg","type":"image\/jpeg"}],"author":"Filippo Aloisi - Bavagnoli","twitter_card":"summary_large_image","schema":{"@context":"https:\/\/schema.org","@graph":[{"@type":"WebPage","@id":"https:\/\/www.gereso.com\/actualites\/2023\/12\/18\/arrets-cour-cassation-conges-payes\/","url":"https:\/\/www.gereso.com\/actualites\/2023\/12\/18\/arrets-cour-cassation-conges-payes\/","name":"Les arr\u00eats de la Cour de cassation en mati\u00e8re de cong\u00e9s pay\u00e9s\u00a0: simple application du droit europ\u00e9en ou d\u00e9cision tragique pour les finances des entreprises\u00a0? - Le Blog GERESO","isPartOf":{"@id":"https:\/\/www.gereso.com\/actualites\/#website"},"primaryImageOfPage":{"@id":"https:\/\/www.gereso.com\/actualites\/2023\/12\/18\/arrets-cour-cassation-conges-payes\/#primaryimage"},"image":{"@id":"https:\/\/www.gereso.com\/actualites\/2023\/12\/18\/arrets-cour-cassation-conges-payes\/#primaryimage"},"thumbnailUrl":"https:\/\/www.gereso.com\/actualites\/wp-content\/uploads\/2023\/11\/arrets-cour-cassation-conges-payes.jpg","datePublished":"2023-12-18T10:22:30+00:00","dateModified":"2023-12-18T10:22:31+00:00","author":{"@id":"https:\/\/www.gereso.com\/actualites\/#\/schema\/person\/3519c70645da52c167d52485380023cc"},"breadcrumb":{"@id":"https:\/\/www.gereso.com\/actualites\/2023\/12\/18\/arrets-cour-cassation-conges-payes\/#breadcrumb"},"inLanguage":"fr-FR","potentialAction":[{"@type":"ReadAction","target":["https:\/\/www.gereso.com\/actualites\/2023\/12\/18\/arrets-cour-cassation-conges-payes\/"]}]},{"@type":"ImageObject","inLanguage":"fr-FR","@id":"https:\/\/www.gereso.com\/actualites\/2023\/12\/18\/arrets-cour-cassation-conges-payes\/#primaryimage","url":"https:\/\/www.gereso.com\/actualites\/wp-content\/uploads\/2023\/11\/arrets-cour-cassation-conges-payes.jpg","contentUrl":"https:\/\/www.gereso.com\/actualites\/wp-content\/uploads\/2023\/11\/arrets-cour-cassation-conges-payes.jpg","width":600,"height":400,"caption":"Septembre 2023, application du droit europ\u00e9en aux cong\u00e9s pay\u00e9s en France."},{"@type":"BreadcrumbList","@id":"https:\/\/www.gereso.com\/actualites\/2023\/12\/18\/arrets-cour-cassation-conges-payes\/#breadcrumb","itemListElement":[{"@type":"ListItem","position":1,"name":"Home","item":"https:\/\/www.gereso.com\/actualites\/"},{"@type":"ListItem","position":2,"name":"Les arr\u00eats de la Cour de cassation en mati\u00e8re de cong\u00e9s pay\u00e9s\u00a0: simple application du droit europ\u00e9en ou d\u00e9cision tragique pour les finances des entreprises\u00a0?"}]},{"@type":"WebSite","@id":"https:\/\/www.gereso.com\/actualites\/#website","url":"https:\/\/www.gereso.com\/actualites\/","name":"Le Blog GERESO","description":"Toute l&#039;actu RH, Finance, Fonction Publique, Management...","potentialAction":[{"@type":"SearchAction","target":{"@type":"EntryPoint","urlTemplate":"https:\/\/www.gereso.com\/actualites\/?s={search_term_string}"},"query-input":{"@type":"PropertyValueSpecification","valueRequired":true,"valueName":"search_term_string"}}],"inLanguage":"fr-FR"},{"@type":"Person","@id":"https:\/\/www.gereso.com\/actualites\/#\/schema\/person\/3519c70645da52c167d52485380023cc","name":"Filippo Aloisi - Bavagnoli","image":{"@type":"ImageObject","inLanguage":"fr-FR","@id":"https:\/\/www.gereso.com\/actualites\/#\/schema\/person\/image\/","url":"https:\/\/www.gereso.com\/actualites\/wp-content\/uploads\/2022\/11\/Filippo-Aloisi-120x120.jpg","contentUrl":"https:\/\/www.gereso.com\/actualites\/wp-content\/uploads\/2022\/11\/Filippo-Aloisi-120x120.jpg","caption":"Filippo Aloisi - Bavagnoli"},"description":"Filippo Aloisi a effectu\u00e9 tout son cursus dans l'\u00e9dition puis la presse juridique, d'abord comme \u00e9diteur puis comme journaliste. Il s'est dipl\u00f4m\u00e9 de Sciences Po Paris \u00e0 20 ans et a ensuite obtenu un DESS de droit europ\u00e9en des affaires.","url":"https:\/\/www.gereso.com\/actualites\/author\/f-aloisi\/"}]}},"_links":{"self":[{"href":"https:\/\/www.gereso.com\/actualites\/wp-json\/wp\/v2\/posts\/37873","targetHints":{"allow":["GET"]}}],"collection":[{"href":"https:\/\/www.gereso.com\/actualites\/wp-json\/wp\/v2\/posts"}],"about":[{"href":"https:\/\/www.gereso.com\/actualites\/wp-json\/wp\/v2\/types\/post"}],"author":[{"embeddable":true,"href":"https:\/\/www.gereso.com\/actualites\/wp-json\/wp\/v2\/users\/88"}],"replies":[{"embeddable":true,"href":"https:\/\/www.gereso.com\/actualites\/wp-json\/wp\/v2\/comments?post=37873"}],"version-history":[{"count":13,"href":"https:\/\/www.gereso.com\/actualites\/wp-json\/wp\/v2\/posts\/37873\/revisions"}],"predecessor-version":[{"id":38201,"href":"https:\/\/www.gereso.com\/actualites\/wp-json\/wp\/v2\/posts\/37873\/revisions\/38201"}],"wp:featuredmedia":[{"embeddable":true,"href":"https:\/\/www.gereso.com\/actualites\/wp-json\/wp\/v2\/media\/37883"}],"wp:attachment":[{"href":"https:\/\/www.gereso.com\/actualites\/wp-json\/wp\/v2\/media?parent=37873"}],"wp:term":[{"taxonomy":"category","embeddable":true,"href":"https:\/\/www.gereso.com\/actualites\/wp-json\/wp\/v2\/categories?post=37873"},{"taxonomy":"post_tag","embeddable":true,"href":"https:\/\/www.gereso.com\/actualites\/wp-json\/wp\/v2\/tags?post=37873"}],"curies":[{"name":"wp","href":"https:\/\/api.w.org\/{rel}","templated":true}]}}