{"id":37955,"date":"2023-12-05T11:59:00","date_gmt":"2023-12-05T09:59:00","guid":{"rendered":"https:\/\/www.gereso.com\/actualites\/?p=37955"},"modified":"2023-12-05T11:59:01","modified_gmt":"2023-12-05T09:59:01","slug":"fpt-prime-pouvoir-achat-exceptionnelle-pour-certains-agents-publics","status":"publish","type":"post","link":"https:\/\/www.gereso.com\/actualites\/2023\/12\/05\/fpt-prime-pouvoir-achat-exceptionnelle-pour-certains-agents-publics\/","title":{"rendered":"FPT : Prime de pouvoir d&rsquo;achat exceptionnelle pour certains agents publics"},"content":{"rendered":"\n\n\n<p>Il pr\u00e9voit dans la fonction publique territoriale, par cat\u00e9gorie de b\u00e9n\u00e9ficiaires, les conditions d\u2019\u00e9ligibilit\u00e9 et les modalit\u00e9s de versement de cette prime.<\/p>\n\n\n\n<p>Le d\u00e9cret d\u00e9finit l\u2019employeur comp\u00e9tent pour le versement de la prime. Il fixe le montant maximum dans la limite duquel les organes d\u00e9lib\u00e9rants d\u00e9terminent le montant de cette prime en fonction de la <strong>r\u00e9mun\u00e9ration brute per\u00e7ue au titre de la p\u00e9riode courant du 1er juillet 2022 au 30 juin 2023<\/strong>, le plafond de r\u00e9mun\u00e9ration pour l\u2019\u00e9ligibilit\u00e9 au dispositif \u00e9tant fix\u00e9 \u00e0 39 000 euros bruts.<\/p>\n\n\n\n<p>Il pr\u00e9cise les \u00e9l\u00e9ments de r\u00e9mun\u00e9ration exclus de l\u2019assiette de la r\u00e9mun\u00e9ration prise en compte pour d\u00e9terminer l\u2019\u00e9ligibilit\u00e9 \u00e0 la prime et le montant vers\u00e9. Il pr\u00e9voit des dispositions de coordination avec le <a href=\"https:\/\/www.legifrance.gouv.fr\/jorf\/id\/JORFTEXT000047911785\" target=\"_blank\" rel=\"noreferrer noopener\">d\u00e9cret n\u00b0 2023-702 du 31 juillet 2023<\/a> portant cr\u00e9ation d\u2019une prime de pouvoir d\u2019achat exceptionnelle pour certains agents publics civils de la fonction publique de l\u2019\u00c9tat et de la fonction publique hospitali\u00e8re ainsi que pour les militaires.<\/p>\n\n\n\n<h2 style=\"color:#D10016\"><strong>Qui sont les b\u00e9n\u00e9ficiaires de cette prime de pouvoir d&rsquo;achat exceptionnelle&nbsp;?<\/strong><\/h2>\n\n\n\n<p>Peuvent b\u00e9n\u00e9ficier de la prime pr\u00e9vue \u00e0 l\u2019article 1er, les agents publics mentionn\u00e9s au I du m\u00eame article  qui remplissent les conditions cumulatives suivantes : <\/p>\n\n\n\n<ul>\n<li>avoir \u00e9t\u00e9 nomm\u00e9s ou recrut\u00e9s par un employeur public mentionn\u00e9 au I de l\u2019article 1er \u00e0 une date d\u2019effet ant\u00e9rieure au 1er janvier 2023&nbsp;;<\/li>\n<li>\u00eatre employ\u00e9s et r\u00e9mun\u00e9r\u00e9s par un employeur public mentionn\u00e9 au I de l\u2019article 1er au 30 juin 2023&nbsp;;<\/li>\n<li>avoir per\u00e7u une r\u00e9mun\u00e9ration brute inf\u00e9rieure ou \u00e9gale \u00e0 39 000 euros au titre de la p\u00e9riode courant du 1er juillet 2022 au 30 juin 2023.<\/li>\n<\/ul>\n\n\n\n<p>Les agents publics de l\u2019\u00c9tat et hospitaliers d\u00e9tach\u00e9s au sein d\u2019un employeur public mentionn\u00e9 au I de l\u2019article 1er sont \u00e9ligibles \u00e0 la prime en tenant compte de l\u2019anciennet\u00e9 acquise dans l\u2019ensemble de la<br>fonction publique.<\/p>\n\n\n\n<h2 style=\"color:#D10016\"><strong>Quel est le montant de cette prime exceptionnelle&nbsp;?<\/strong><\/h2>\n\n\n\n<ul>\n<li>Dans la limite du plafond pr\u00e9vu pour chaque niveau de r\u00e9mun\u00e9ration d\u00e9fini par le bar\u00e8me suivant, l\u2019organe \u00e9lib\u00e9rant d\u00e9termine le montant de la prime pr\u00e9vue \u00e0 l\u2019article 1er..<\/li>\n<li>Le montant de la prime, d\u00e9termin\u00e9 en application du I, est r\u00e9duit \u00e0 proportion de la quotit\u00e9 de travail et de la\ndur\u00e9e d\u2019emploi sur la p\u00e9riode mentionn\u00e9e au 3\u00b0 de l\u2019article 2.<\/li>\n<\/ul>\n\n\n\n<article class=\"obj_encart-formation\">\n<div class=\"ctn_encart\">\n<h3>Votre formation sur ce th\u00e8me<\/h3>\n<h2>&nbsp;ACTUALIT\u00c9S ET PERFECTIONNEMENT PAIE DANS LA FONCTION PUBLIQUE&nbsp;<\/h2>\n<h4>2 jours &#8211; En pr\u00e9sentiel ou \u00e0 distance<\/h4>\n<ul>\n<li><strong>Int\u00e9grer les modifications intervenues<\/strong> dans le domaine de la paie pour actualiser et s\u00e9curiser ses pratiques.<\/li>\n<li><strong>Appliquer la r\u00e9gularisation et la proratisation<\/strong> des plafonds.<\/li>\n<li><strong>Calculer les IJSS et la garantie<\/strong> du net.<\/li>\n<\/ul>\n<div class=\"ctn_btn\">\n<a class=\"obj_btn\" target=\"_blank\" href=\"https:\/\/www.gereso.com\/APCL\" rel=\"noopener\"><span>En savoir plus<\/span><\/a>\n<a class=\"obj_btn\" target=\"_blank\" href=\"https:\/\/www.gereso.com\/client\/programme-pdf\/APCL.pdf\" rel=\"noopener\"><span>T\u00e9l\u00e9charger le programme PDF<\/span><\/a>\n<\/div>\n<\/article>\n\n\n\n<h2 style=\"color:#D10016\"><strong>Prime fractionnable <\/strong><\/h2>\n\n\n\n<p>M\u00eame si ce d\u00e9cret concernant uniquement la FPT reprend globalement les m\u00eames modalit\u00e9s que le  d\u00e9cret initial concernant cette prime de pouvoir d\u2019achat exceptionnelle, il comporte deux diff\u00e9rences<br>majeures : <\/p>\n\n\n\n<ul>\n<li>la prime pourra \u00eatre vers\u00e9e en une ou plusieurs fractions&nbsp;;<\/li>\n<li>les agents recevront la prime avant le 30 juin 2024 (pour la FPH et la FPE, \u00e0 partir d\u2019octobre 2023, et m\u00eame s\u2019il n\u2019y a pas de date limite, on peut supposer que la prime devra \u00eatre vers\u00e9e d\u2019ici la fin de l\u2019ann\u00e9e).<\/li>\n<\/ul>\n\n\n\n<p><em>D\u00e9cret n\u00b0 2023-1006 du 31 octobre 2023 portant cr\u00e9ation d\u2019une prime de pouvoir d\u2019achat exceptionnelle pour certains agents publics de la fonction publique territoriale<\/em><\/p>\n","protected":false},"excerpt":{"rendered":"<p>Il pr\u00e9voit dans la fonction publique territoriale, par cat\u00e9gorie de b\u00e9n\u00e9ficiaires, les conditions d\u2019\u00e9ligibilit\u00e9 et les modalit\u00e9s de versement de cette prime. Le d\u00e9cret d\u00e9finit l\u2019employeur comp\u00e9tent pour le versement de la prime. Il fixe le montant maximum dans la limite duquel les organes d\u00e9lib\u00e9rants d\u00e9terminent le montant de cette prime en fonction de la [&hellip;]<\/p>\n","protected":false},"author":32,"featured_media":37985,"comment_status":"open","ping_status":"open","sticky":false,"template":"","format":"standard","meta":{"_acf_changed":false,"_mi_skip_tracking":false,"footnotes":""},"categories":[12,6],"tags":[],"class_list":["post-37955","post","type-post","status-publish","format-standard","has-post-thumbnail","hentry","category-actualites","category-fonction-publique"],"acf":[],"yoast_head":"<!-- This site is optimized with the Yoast SEO plugin v23.4 - https:\/\/yoast.com\/wordpress\/plugins\/seo\/ -->\n<title>FPT : Prime de pouvoir d&rsquo;achat exceptionnelle pour certains agents publics - Le Blog GERESO<\/title>\n<meta name=\"robots\" content=\"index, follow, max-snippet:-1, max-image-preview:large, max-video-preview:-1\" \/>\n<link rel=\"canonical\" href=\"https:\/\/www.gereso.com\/actualites\/2023\/12\/05\/fpt-prime-pouvoir-achat-exceptionnelle-pour-certains-agents-publics\/\" \/>\n<meta property=\"og:locale\" content=\"fr_FR\" \/>\n<meta property=\"og:type\" content=\"article\" \/>\n<meta property=\"og:title\" content=\"FPT : Prime de pouvoir d&rsquo;achat exceptionnelle pour certains agents publics - Le Blog GERESO\" \/>\n<meta property=\"og:description\" content=\"Il pr\u00e9voit dans la fonction publique territoriale, par cat\u00e9gorie de b\u00e9n\u00e9ficiaires, les conditions d\u2019\u00e9ligibilit\u00e9 et les modalit\u00e9s de versement de cette prime. Le d\u00e9cret d\u00e9finit l\u2019employeur comp\u00e9tent pour le versement de la prime. Il fixe le montant maximum dans la limite duquel les organes d\u00e9lib\u00e9rants d\u00e9terminent le montant de cette prime en fonction de la [&hellip;]\" \/>\n<meta property=\"og:url\" content=\"https:\/\/www.gereso.com\/actualites\/2023\/12\/05\/fpt-prime-pouvoir-achat-exceptionnelle-pour-certains-agents-publics\/\" \/>\n<meta property=\"og:site_name\" content=\"Le Blog GERESO\" \/>\n<meta property=\"article:published_time\" content=\"2023-12-05T09:59:00+00:00\" \/>\n<meta property=\"article:modified_time\" content=\"2023-12-05T09:59:01+00:00\" \/>\n<meta property=\"og:image\" content=\"https:\/\/www.gereso.com\/actualites\/wp-content\/uploads\/2023\/12\/fpt-prime-pouvoir-achat-exceptionnelle.jpg\" \/>\n\t<meta property=\"og:image:width\" content=\"600\" \/>\n\t<meta property=\"og:image:height\" content=\"400\" \/>\n\t<meta property=\"og:image:type\" content=\"image\/jpeg\" \/>\n<meta name=\"author\" content=\"\u00c9quipe GERESO\" \/>\n<meta name=\"twitter:card\" content=\"summary_large_image\" \/>\n<script type=\"application\/ld+json\" class=\"yoast-schema-graph\">{\"@context\":\"https:\/\/schema.org\",\"@graph\":[{\"@type\":\"WebPage\",\"@id\":\"https:\/\/www.gereso.com\/actualites\/2023\/12\/05\/fpt-prime-pouvoir-achat-exceptionnelle-pour-certains-agents-publics\/\",\"url\":\"https:\/\/www.gereso.com\/actualites\/2023\/12\/05\/fpt-prime-pouvoir-achat-exceptionnelle-pour-certains-agents-publics\/\",\"name\":\"FPT : Prime de pouvoir d&rsquo;achat exceptionnelle pour certains agents publics - Le Blog GERESO\",\"isPartOf\":{\"@id\":\"https:\/\/www.gereso.com\/actualites\/#website\"},\"primaryImageOfPage\":{\"@id\":\"https:\/\/www.gereso.com\/actualites\/2023\/12\/05\/fpt-prime-pouvoir-achat-exceptionnelle-pour-certains-agents-publics\/#primaryimage\"},\"image\":{\"@id\":\"https:\/\/www.gereso.com\/actualites\/2023\/12\/05\/fpt-prime-pouvoir-achat-exceptionnelle-pour-certains-agents-publics\/#primaryimage\"},\"thumbnailUrl\":\"https:\/\/www.gereso.com\/actualites\/wp-content\/uploads\/2023\/12\/fpt-prime-pouvoir-achat-exceptionnelle.jpg\",\"datePublished\":\"2023-12-05T09:59:00+00:00\",\"dateModified\":\"2023-12-05T09:59:01+00:00\",\"author\":{\"@id\":\"https:\/\/www.gereso.com\/actualites\/#\/schema\/person\/197d8aef40cb4ae3f6a0aa9e1d3df2a6\"},\"breadcrumb\":{\"@id\":\"https:\/\/www.gereso.com\/actualites\/2023\/12\/05\/fpt-prime-pouvoir-achat-exceptionnelle-pour-certains-agents-publics\/#breadcrumb\"},\"inLanguage\":\"fr-FR\",\"potentialAction\":[{\"@type\":\"ReadAction\",\"target\":[\"https:\/\/www.gereso.com\/actualites\/2023\/12\/05\/fpt-prime-pouvoir-achat-exceptionnelle-pour-certains-agents-publics\/\"]}]},{\"@type\":\"ImageObject\",\"inLanguage\":\"fr-FR\",\"@id\":\"https:\/\/www.gereso.com\/actualites\/2023\/12\/05\/fpt-prime-pouvoir-achat-exceptionnelle-pour-certains-agents-publics\/#primaryimage\",\"url\":\"https:\/\/www.gereso.com\/actualites\/wp-content\/uploads\/2023\/12\/fpt-prime-pouvoir-achat-exceptionnelle.jpg\",\"contentUrl\":\"https:\/\/www.gereso.com\/actualites\/wp-content\/uploads\/2023\/12\/fpt-prime-pouvoir-achat-exceptionnelle.jpg\",\"width\":600,\"height\":400,\"caption\":\"Le montant de la prime de pouvoir d'achat exceptionnelle est \u00e9tabli en fonction de la r\u00e9mun\u00e9ration brute per\u00e7ue au titre de la p\u00e9riode courant du 1er juillet 2022 au 30 juin 2023.\"},{\"@type\":\"BreadcrumbList\",\"@id\":\"https:\/\/www.gereso.com\/actualites\/2023\/12\/05\/fpt-prime-pouvoir-achat-exceptionnelle-pour-certains-agents-publics\/#breadcrumb\",\"itemListElement\":[{\"@type\":\"ListItem\",\"position\":1,\"name\":\"Home\",\"item\":\"https:\/\/www.gereso.com\/actualites\/\"},{\"@type\":\"ListItem\",\"position\":2,\"name\":\"FPT : Prime de pouvoir d&rsquo;achat exceptionnelle pour certains agents publics\"}]},{\"@type\":\"WebSite\",\"@id\":\"https:\/\/www.gereso.com\/actualites\/#website\",\"url\":\"https:\/\/www.gereso.com\/actualites\/\",\"name\":\"Le Blog GERESO\",\"description\":\"Toute l&#039;actu RH, Finance, Fonction Publique, Management...\",\"potentialAction\":[{\"@type\":\"SearchAction\",\"target\":{\"@type\":\"EntryPoint\",\"urlTemplate\":\"https:\/\/www.gereso.com\/actualites\/?s={search_term_string}\"},\"query-input\":{\"@type\":\"PropertyValueSpecification\",\"valueRequired\":true,\"valueName\":\"search_term_string\"}}],\"inLanguage\":\"fr-FR\"},{\"@type\":\"Person\",\"@id\":\"https:\/\/www.gereso.com\/actualites\/#\/schema\/person\/197d8aef40cb4ae3f6a0aa9e1d3df2a6\",\"name\":\"\u00c9quipe GERESO\",\"image\":{\"@type\":\"ImageObject\",\"inLanguage\":\"fr-FR\",\"@id\":\"https:\/\/www.gereso.com\/actualites\/#\/schema\/person\/image\/\",\"url\":\"https:\/\/www.gereso.com\/actualites\/wp-content\/uploads\/2013\/12\/avatar-gereso-1.png\",\"contentUrl\":\"https:\/\/www.gereso.com\/actualites\/wp-content\/uploads\/2013\/12\/avatar-gereso-1.png\",\"caption\":\"\u00c9quipe GERESO\"},\"url\":\"https:\/\/www.gereso.com\/actualites\/author\/gereso\/\"}]}<\/script>\n<!-- \/ Yoast SEO plugin. -->","yoast_head_json":{"title":"FPT : Prime de pouvoir d&rsquo;achat exceptionnelle pour certains agents publics - Le Blog GERESO","robots":{"index":"index","follow":"follow","max-snippet":"max-snippet:-1","max-image-preview":"max-image-preview:large","max-video-preview":"max-video-preview:-1"},"canonical":"https:\/\/www.gereso.com\/actualites\/2023\/12\/05\/fpt-prime-pouvoir-achat-exceptionnelle-pour-certains-agents-publics\/","og_locale":"fr_FR","og_type":"article","og_title":"FPT : Prime de pouvoir d&rsquo;achat exceptionnelle pour certains agents publics - Le Blog GERESO","og_description":"Il pr\u00e9voit dans la fonction publique territoriale, par cat\u00e9gorie de b\u00e9n\u00e9ficiaires, les conditions d\u2019\u00e9ligibilit\u00e9 et les modalit\u00e9s de versement de cette prime. Le d\u00e9cret d\u00e9finit l\u2019employeur comp\u00e9tent pour le versement de la prime. Il fixe le montant maximum dans la limite duquel les organes d\u00e9lib\u00e9rants d\u00e9terminent le montant de cette prime en fonction de la [&hellip;]","og_url":"https:\/\/www.gereso.com\/actualites\/2023\/12\/05\/fpt-prime-pouvoir-achat-exceptionnelle-pour-certains-agents-publics\/","og_site_name":"Le Blog GERESO","article_published_time":"2023-12-05T09:59:00+00:00","article_modified_time":"2023-12-05T09:59:01+00:00","og_image":[{"width":600,"height":400,"url":"https:\/\/www.gereso.com\/actualites\/wp-content\/uploads\/2023\/12\/fpt-prime-pouvoir-achat-exceptionnelle.jpg","type":"image\/jpeg"}],"author":"\u00c9quipe GERESO","twitter_card":"summary_large_image","schema":{"@context":"https:\/\/schema.org","@graph":[{"@type":"WebPage","@id":"https:\/\/www.gereso.com\/actualites\/2023\/12\/05\/fpt-prime-pouvoir-achat-exceptionnelle-pour-certains-agents-publics\/","url":"https:\/\/www.gereso.com\/actualites\/2023\/12\/05\/fpt-prime-pouvoir-achat-exceptionnelle-pour-certains-agents-publics\/","name":"FPT : Prime de pouvoir d&rsquo;achat exceptionnelle pour certains agents publics - Le Blog GERESO","isPartOf":{"@id":"https:\/\/www.gereso.com\/actualites\/#website"},"primaryImageOfPage":{"@id":"https:\/\/www.gereso.com\/actualites\/2023\/12\/05\/fpt-prime-pouvoir-achat-exceptionnelle-pour-certains-agents-publics\/#primaryimage"},"image":{"@id":"https:\/\/www.gereso.com\/actualites\/2023\/12\/05\/fpt-prime-pouvoir-achat-exceptionnelle-pour-certains-agents-publics\/#primaryimage"},"thumbnailUrl":"https:\/\/www.gereso.com\/actualites\/wp-content\/uploads\/2023\/12\/fpt-prime-pouvoir-achat-exceptionnelle.jpg","datePublished":"2023-12-05T09:59:00+00:00","dateModified":"2023-12-05T09:59:01+00:00","author":{"@id":"https:\/\/www.gereso.com\/actualites\/#\/schema\/person\/197d8aef40cb4ae3f6a0aa9e1d3df2a6"},"breadcrumb":{"@id":"https:\/\/www.gereso.com\/actualites\/2023\/12\/05\/fpt-prime-pouvoir-achat-exceptionnelle-pour-certains-agents-publics\/#breadcrumb"},"inLanguage":"fr-FR","potentialAction":[{"@type":"ReadAction","target":["https:\/\/www.gereso.com\/actualites\/2023\/12\/05\/fpt-prime-pouvoir-achat-exceptionnelle-pour-certains-agents-publics\/"]}]},{"@type":"ImageObject","inLanguage":"fr-FR","@id":"https:\/\/www.gereso.com\/actualites\/2023\/12\/05\/fpt-prime-pouvoir-achat-exceptionnelle-pour-certains-agents-publics\/#primaryimage","url":"https:\/\/www.gereso.com\/actualites\/wp-content\/uploads\/2023\/12\/fpt-prime-pouvoir-achat-exceptionnelle.jpg","contentUrl":"https:\/\/www.gereso.com\/actualites\/wp-content\/uploads\/2023\/12\/fpt-prime-pouvoir-achat-exceptionnelle.jpg","width":600,"height":400,"caption":"Le montant de la prime de pouvoir d'achat exceptionnelle est \u00e9tabli en fonction de la r\u00e9mun\u00e9ration brute per\u00e7ue au titre de la p\u00e9riode courant du 1er juillet 2022 au 30 juin 2023."},{"@type":"BreadcrumbList","@id":"https:\/\/www.gereso.com\/actualites\/2023\/12\/05\/fpt-prime-pouvoir-achat-exceptionnelle-pour-certains-agents-publics\/#breadcrumb","itemListElement":[{"@type":"ListItem","position":1,"name":"Home","item":"https:\/\/www.gereso.com\/actualites\/"},{"@type":"ListItem","position":2,"name":"FPT : Prime de pouvoir d&rsquo;achat exceptionnelle pour certains agents publics"}]},{"@type":"WebSite","@id":"https:\/\/www.gereso.com\/actualites\/#website","url":"https:\/\/www.gereso.com\/actualites\/","name":"Le Blog GERESO","description":"Toute l&#039;actu RH, Finance, Fonction Publique, Management...","potentialAction":[{"@type":"SearchAction","target":{"@type":"EntryPoint","urlTemplate":"https:\/\/www.gereso.com\/actualites\/?s={search_term_string}"},"query-input":{"@type":"PropertyValueSpecification","valueRequired":true,"valueName":"search_term_string"}}],"inLanguage":"fr-FR"},{"@type":"Person","@id":"https:\/\/www.gereso.com\/actualites\/#\/schema\/person\/197d8aef40cb4ae3f6a0aa9e1d3df2a6","name":"\u00c9quipe GERESO","image":{"@type":"ImageObject","inLanguage":"fr-FR","@id":"https:\/\/www.gereso.com\/actualites\/#\/schema\/person\/image\/","url":"https:\/\/www.gereso.com\/actualites\/wp-content\/uploads\/2013\/12\/avatar-gereso-1.png","contentUrl":"https:\/\/www.gereso.com\/actualites\/wp-content\/uploads\/2013\/12\/avatar-gereso-1.png","caption":"\u00c9quipe GERESO"},"url":"https:\/\/www.gereso.com\/actualites\/author\/gereso\/"}]}},"_links":{"self":[{"href":"https:\/\/www.gereso.com\/actualites\/wp-json\/wp\/v2\/posts\/37955","targetHints":{"allow":["GET"]}}],"collection":[{"href":"https:\/\/www.gereso.com\/actualites\/wp-json\/wp\/v2\/posts"}],"about":[{"href":"https:\/\/www.gereso.com\/actualites\/wp-json\/wp\/v2\/types\/post"}],"author":[{"embeddable":true,"href":"https:\/\/www.gereso.com\/actualites\/wp-json\/wp\/v2\/users\/32"}],"replies":[{"embeddable":true,"href":"https:\/\/www.gereso.com\/actualites\/wp-json\/wp\/v2\/comments?post=37955"}],"version-history":[{"count":31,"href":"https:\/\/www.gereso.com\/actualites\/wp-json\/wp\/v2\/posts\/37955\/revisions"}],"predecessor-version":[{"id":37989,"href":"https:\/\/www.gereso.com\/actualites\/wp-json\/wp\/v2\/posts\/37955\/revisions\/37989"}],"wp:featuredmedia":[{"embeddable":true,"href":"https:\/\/www.gereso.com\/actualites\/wp-json\/wp\/v2\/media\/37985"}],"wp:attachment":[{"href":"https:\/\/www.gereso.com\/actualites\/wp-json\/wp\/v2\/media?parent=37955"}],"wp:term":[{"taxonomy":"category","embeddable":true,"href":"https:\/\/www.gereso.com\/actualites\/wp-json\/wp\/v2\/categories?post=37955"},{"taxonomy":"post_tag","embeddable":true,"href":"https:\/\/www.gereso.com\/actualites\/wp-json\/wp\/v2\/tags?post=37955"}],"curies":[{"name":"wp","href":"https:\/\/api.w.org\/{rel}","templated":true}]}}