{"id":38095,"date":"2023-12-11T16:32:11","date_gmt":"2023-12-11T14:32:11","guid":{"rendered":"https:\/\/www.gereso.com\/actualites\/?p=38095"},"modified":"2023-12-11T16:32:13","modified_gmt":"2023-12-11T14:32:13","slug":"fonction-publique-actualites-dsn-conge-deuil","status":"publish","type":"post","link":"https:\/\/www.gereso.com\/actualites\/2023\/12\/11\/fonction-publique-actualites-dsn-conge-deuil\/","title":{"rendered":"Fonction publique : nouvelle actualit\u00e9 sur le cong\u00e9 de deuil"},"content":{"rendered":"\n<h2 style=\"color:#D10016\">Ce nouveau type d\u2019arr\u00eat n\u2019est pas \u00e0 ce jour substitu\u00e9 via la DSN<\/h2>\n\n\n\n<p>Par cons\u00e9quent, aucun signalement DSN ne peut \u00eatre transmis \u00e0 la CPAM pour prise en charge. La substitution via la DSN est pr\u00e9vue \u00e0 compter de la version de norme P24V01.<\/p>\n\n\n\n<p>En l\u2019attente, ces \u00ab&nbsp;cong\u00e9s de deuil&nbsp;\u00bb sont \u00e0 d\u00e9clarer aupr\u00e8s de la CPAM via les attestations de salaire.<\/p>\n\n\n\n<p>Il convient n\u00e9anmoins de d\u00e9clarer d\u00e8s maintenant les absences des salari\u00e9s concern\u00e9s par ce type d\u2019arr\u00eat au sein des DSN mensuelles selon les modalit\u00e9s d\u00e9crites ci-apr\u00e8s.<\/p>\n\n\n\n<article class=\"obj_encart-formation\">\n<div class=\"ctn_encart\">\n<h3>Votre formation sur ce th\u00e8me<\/h3>\n<h2>&nbsp;LES FONDAMENTAUX DE LA D\u00c9CLARATION SOCIALE NOMINATIVE (DSN) DANS LA FONCTION PUBLIQUE&nbsp;<\/h2>\n<h4>2 jours &#8211; En pr\u00e9sentiel ou \u00e0 distance<\/h4>\n<ul>\n<li><strong>Mesurer les impacts de la DSN<\/strong> sur les diff\u00e9rents services.<\/li>\n<li><strong>Fiabiliser les donn\u00e9es saisies<\/strong> dans le logiciel de paie.<\/li>\n<li><strong>Anticiper et corriger<\/strong> les anomalies bloquantes.<\/li>\n<\/ul>\n<div class=\"ctn_btn\">\n<a class=\"obj_btn\" target=\"_blank\" href=\"https:\/\/www.gereso.com\/DSNP\" rel=\"noopener\"><span>En savoir plus<\/span><\/a>\n<a class=\"obj_btn\" target=\"_blank\" href=\"https:\/\/www.gereso.com\/client\/programme-pdf\/DSNP.pdf\" rel=\"noopener\"><span>T\u00e9l\u00e9charger le programme PDF<\/span><\/a>\n<\/div>\n<\/article>\n\n\n\n<h2 style=\"color:#D10016\">Traitement dans la norme DSN en version de norme P23V01<\/h2>\n\n\n\n<p>Le motif \u00ab&nbsp;19&nbsp;\u2013&nbsp;Deuil d\u2019enfant&nbsp;\u00bb est disponible en rubrique \u00ab&nbsp;Motif de l\u2019arr\u00eat&nbsp;&#8211;&nbsp;S21.G00.60.001&nbsp;\u00bb.<\/p>\n\n\n\n<p>La d\u00e9claration du cong\u00e9 de deuil en DSN mensuelle se fait donc par l\u2019interm\u00e9diaire d\u2019un bloc \u00ab&nbsp;Arr\u00eat de travail \u2013 S21.G00.60&nbsp;\u00bb avec une rubrique \u00ab&nbsp;Motif de l\u2019arr\u00eat \u2013 S21.G00.60.001&nbsp;\u00bb renseign\u00e9e avec la valeur \u00ab&nbsp;19 \u2013 Deuil d\u2019enfant3&nbsp;;<\/p>\n\n\n\n<p>Base de connaissances \u2013 Site DSN-Info \u2013 Fiche 2401 mise \u00e0 jour le 12 septembre 2023<\/p>\n","protected":false},"excerpt":{"rendered":"<p>Ce nouveau type d\u2019arr\u00eat n\u2019est pas \u00e0 ce jour substitu\u00e9 via la DSN Par cons\u00e9quent, aucun signalement DSN ne peut \u00eatre transmis \u00e0 la CPAM pour prise en charge. La substitution via la DSN est pr\u00e9vue \u00e0 compter de la version de norme P24V01. En l\u2019attente, ces \u00ab&nbsp;cong\u00e9s de deuil&nbsp;\u00bb sont \u00e0 d\u00e9clarer aupr\u00e8s de [&hellip;]<\/p>\n","protected":false},"author":32,"featured_media":38101,"comment_status":"open","ping_status":"open","sticky":false,"template":"","format":"standard","meta":{"_acf_changed":false,"_mi_skip_tracking":false,"footnotes":""},"categories":[12,6],"tags":[],"class_list":["post-38095","post","type-post","status-publish","format-standard","has-post-thumbnail","hentry","category-actualites","category-fonction-publique"],"acf":[],"yoast_head":"<!-- This site is optimized with the Yoast SEO plugin v23.4 - https:\/\/yoast.com\/wordpress\/plugins\/seo\/ -->\n<title>Fonction publique : nouvelle actualit\u00e9 sur le cong\u00e9 de deuil - Le Blog GERESO<\/title>\n<meta name=\"robots\" content=\"index, follow, max-snippet:-1, max-image-preview:large, max-video-preview:-1\" \/>\n<link rel=\"canonical\" href=\"https:\/\/www.gereso.com\/actualites\/2023\/12\/11\/fonction-publique-actualites-dsn-conge-deuil\/\" \/>\n<meta property=\"og:locale\" content=\"fr_FR\" \/>\n<meta property=\"og:type\" content=\"article\" \/>\n<meta property=\"og:title\" content=\"Fonction publique : nouvelle actualit\u00e9 sur le cong\u00e9 de deuil - Le Blog GERESO\" \/>\n<meta property=\"og:description\" content=\"Ce nouveau type d\u2019arr\u00eat n\u2019est pas \u00e0 ce jour substitu\u00e9 via la DSN Par cons\u00e9quent, aucun signalement DSN ne peut \u00eatre transmis \u00e0 la CPAM pour prise en charge. La substitution via la DSN est pr\u00e9vue \u00e0 compter de la version de norme P24V01. En l\u2019attente, ces \u00ab&nbsp;cong\u00e9s de deuil&nbsp;\u00bb sont \u00e0 d\u00e9clarer aupr\u00e8s de [&hellip;]\" \/>\n<meta property=\"og:url\" content=\"https:\/\/www.gereso.com\/actualites\/2023\/12\/11\/fonction-publique-actualites-dsn-conge-deuil\/\" \/>\n<meta property=\"og:site_name\" content=\"Le Blog GERESO\" \/>\n<meta property=\"article:published_time\" content=\"2023-12-11T14:32:11+00:00\" \/>\n<meta property=\"article:modified_time\" content=\"2023-12-11T14:32:13+00:00\" \/>\n<meta property=\"og:image\" content=\"https:\/\/www.gereso.com\/actualites\/wp-content\/uploads\/2023\/12\/fonction-publique-actualites-dsn-conge-deuil.jpg\" \/>\n\t<meta property=\"og:image:width\" content=\"600\" \/>\n\t<meta property=\"og:image:height\" content=\"400\" \/>\n\t<meta property=\"og:image:type\" content=\"image\/jpeg\" \/>\n<meta name=\"author\" content=\"\u00c9quipe GERESO\" \/>\n<meta name=\"twitter:card\" content=\"summary_large_image\" \/>\n<script type=\"application\/ld+json\" class=\"yoast-schema-graph\">{\"@context\":\"https:\/\/schema.org\",\"@graph\":[{\"@type\":\"WebPage\",\"@id\":\"https:\/\/www.gereso.com\/actualites\/2023\/12\/11\/fonction-publique-actualites-dsn-conge-deuil\/\",\"url\":\"https:\/\/www.gereso.com\/actualites\/2023\/12\/11\/fonction-publique-actualites-dsn-conge-deuil\/\",\"name\":\"Fonction publique : nouvelle actualit\u00e9 sur le cong\u00e9 de deuil - Le Blog GERESO\",\"isPartOf\":{\"@id\":\"https:\/\/www.gereso.com\/actualites\/#website\"},\"primaryImageOfPage\":{\"@id\":\"https:\/\/www.gereso.com\/actualites\/2023\/12\/11\/fonction-publique-actualites-dsn-conge-deuil\/#primaryimage\"},\"image\":{\"@id\":\"https:\/\/www.gereso.com\/actualites\/2023\/12\/11\/fonction-publique-actualites-dsn-conge-deuil\/#primaryimage\"},\"thumbnailUrl\":\"https:\/\/www.gereso.com\/actualites\/wp-content\/uploads\/2023\/12\/fonction-publique-actualites-dsn-conge-deuil.jpg\",\"datePublished\":\"2023-12-11T14:32:11+00:00\",\"dateModified\":\"2023-12-11T14:32:13+00:00\",\"author\":{\"@id\":\"https:\/\/www.gereso.com\/actualites\/#\/schema\/person\/197d8aef40cb4ae3f6a0aa9e1d3df2a6\"},\"breadcrumb\":{\"@id\":\"https:\/\/www.gereso.com\/actualites\/2023\/12\/11\/fonction-publique-actualites-dsn-conge-deuil\/#breadcrumb\"},\"inLanguage\":\"fr-FR\",\"potentialAction\":[{\"@type\":\"ReadAction\",\"target\":[\"https:\/\/www.gereso.com\/actualites\/2023\/12\/11\/fonction-publique-actualites-dsn-conge-deuil\/\"]}]},{\"@type\":\"ImageObject\",\"inLanguage\":\"fr-FR\",\"@id\":\"https:\/\/www.gereso.com\/actualites\/2023\/12\/11\/fonction-publique-actualites-dsn-conge-deuil\/#primaryimage\",\"url\":\"https:\/\/www.gereso.com\/actualites\/wp-content\/uploads\/2023\/12\/fonction-publique-actualites-dsn-conge-deuil.jpg\",\"contentUrl\":\"https:\/\/www.gereso.com\/actualites\/wp-content\/uploads\/2023\/12\/fonction-publique-actualites-dsn-conge-deuil.jpg\",\"width\":600,\"height\":400,\"caption\":\"Loi n\u00b0 2020-692 : mise en place d'un cong\u00e9 de deuil en cas de d\u00e9c\u00e8s d'un enfant.\"},{\"@type\":\"BreadcrumbList\",\"@id\":\"https:\/\/www.gereso.com\/actualites\/2023\/12\/11\/fonction-publique-actualites-dsn-conge-deuil\/#breadcrumb\",\"itemListElement\":[{\"@type\":\"ListItem\",\"position\":1,\"name\":\"Home\",\"item\":\"https:\/\/www.gereso.com\/actualites\/\"},{\"@type\":\"ListItem\",\"position\":2,\"name\":\"Fonction publique : nouvelle actualit\u00e9 sur le cong\u00e9 de deuil\"}]},{\"@type\":\"WebSite\",\"@id\":\"https:\/\/www.gereso.com\/actualites\/#website\",\"url\":\"https:\/\/www.gereso.com\/actualites\/\",\"name\":\"Le Blog GERESO\",\"description\":\"Toute l&#039;actu RH, Finance, Fonction Publique, Management...\",\"potentialAction\":[{\"@type\":\"SearchAction\",\"target\":{\"@type\":\"EntryPoint\",\"urlTemplate\":\"https:\/\/www.gereso.com\/actualites\/?s={search_term_string}\"},\"query-input\":{\"@type\":\"PropertyValueSpecification\",\"valueRequired\":true,\"valueName\":\"search_term_string\"}}],\"inLanguage\":\"fr-FR\"},{\"@type\":\"Person\",\"@id\":\"https:\/\/www.gereso.com\/actualites\/#\/schema\/person\/197d8aef40cb4ae3f6a0aa9e1d3df2a6\",\"name\":\"\u00c9quipe GERESO\",\"image\":{\"@type\":\"ImageObject\",\"inLanguage\":\"fr-FR\",\"@id\":\"https:\/\/www.gereso.com\/actualites\/#\/schema\/person\/image\/\",\"url\":\"https:\/\/www.gereso.com\/actualites\/wp-content\/uploads\/2013\/12\/avatar-gereso-1.png\",\"contentUrl\":\"https:\/\/www.gereso.com\/actualites\/wp-content\/uploads\/2013\/12\/avatar-gereso-1.png\",\"caption\":\"\u00c9quipe GERESO\"},\"url\":\"https:\/\/www.gereso.com\/actualites\/author\/gereso\/\"}]}<\/script>\n<!-- \/ Yoast SEO plugin. -->","yoast_head_json":{"title":"Fonction publique : nouvelle actualit\u00e9 sur le cong\u00e9 de deuil - Le Blog GERESO","robots":{"index":"index","follow":"follow","max-snippet":"max-snippet:-1","max-image-preview":"max-image-preview:large","max-video-preview":"max-video-preview:-1"},"canonical":"https:\/\/www.gereso.com\/actualites\/2023\/12\/11\/fonction-publique-actualites-dsn-conge-deuil\/","og_locale":"fr_FR","og_type":"article","og_title":"Fonction publique : nouvelle actualit\u00e9 sur le cong\u00e9 de deuil - Le Blog GERESO","og_description":"Ce nouveau type d\u2019arr\u00eat n\u2019est pas \u00e0 ce jour substitu\u00e9 via la DSN Par cons\u00e9quent, aucun signalement DSN ne peut \u00eatre transmis \u00e0 la CPAM pour prise en charge. La substitution via la DSN est pr\u00e9vue \u00e0 compter de la version de norme P24V01. En l\u2019attente, ces \u00ab&nbsp;cong\u00e9s de deuil&nbsp;\u00bb sont \u00e0 d\u00e9clarer aupr\u00e8s de [&hellip;]","og_url":"https:\/\/www.gereso.com\/actualites\/2023\/12\/11\/fonction-publique-actualites-dsn-conge-deuil\/","og_site_name":"Le Blog GERESO","article_published_time":"2023-12-11T14:32:11+00:00","article_modified_time":"2023-12-11T14:32:13+00:00","og_image":[{"width":600,"height":400,"url":"https:\/\/www.gereso.com\/actualites\/wp-content\/uploads\/2023\/12\/fonction-publique-actualites-dsn-conge-deuil.jpg","type":"image\/jpeg"}],"author":"\u00c9quipe GERESO","twitter_card":"summary_large_image","schema":{"@context":"https:\/\/schema.org","@graph":[{"@type":"WebPage","@id":"https:\/\/www.gereso.com\/actualites\/2023\/12\/11\/fonction-publique-actualites-dsn-conge-deuil\/","url":"https:\/\/www.gereso.com\/actualites\/2023\/12\/11\/fonction-publique-actualites-dsn-conge-deuil\/","name":"Fonction publique : nouvelle actualit\u00e9 sur le cong\u00e9 de deuil - Le Blog GERESO","isPartOf":{"@id":"https:\/\/www.gereso.com\/actualites\/#website"},"primaryImageOfPage":{"@id":"https:\/\/www.gereso.com\/actualites\/2023\/12\/11\/fonction-publique-actualites-dsn-conge-deuil\/#primaryimage"},"image":{"@id":"https:\/\/www.gereso.com\/actualites\/2023\/12\/11\/fonction-publique-actualites-dsn-conge-deuil\/#primaryimage"},"thumbnailUrl":"https:\/\/www.gereso.com\/actualites\/wp-content\/uploads\/2023\/12\/fonction-publique-actualites-dsn-conge-deuil.jpg","datePublished":"2023-12-11T14:32:11+00:00","dateModified":"2023-12-11T14:32:13+00:00","author":{"@id":"https:\/\/www.gereso.com\/actualites\/#\/schema\/person\/197d8aef40cb4ae3f6a0aa9e1d3df2a6"},"breadcrumb":{"@id":"https:\/\/www.gereso.com\/actualites\/2023\/12\/11\/fonction-publique-actualites-dsn-conge-deuil\/#breadcrumb"},"inLanguage":"fr-FR","potentialAction":[{"@type":"ReadAction","target":["https:\/\/www.gereso.com\/actualites\/2023\/12\/11\/fonction-publique-actualites-dsn-conge-deuil\/"]}]},{"@type":"ImageObject","inLanguage":"fr-FR","@id":"https:\/\/www.gereso.com\/actualites\/2023\/12\/11\/fonction-publique-actualites-dsn-conge-deuil\/#primaryimage","url":"https:\/\/www.gereso.com\/actualites\/wp-content\/uploads\/2023\/12\/fonction-publique-actualites-dsn-conge-deuil.jpg","contentUrl":"https:\/\/www.gereso.com\/actualites\/wp-content\/uploads\/2023\/12\/fonction-publique-actualites-dsn-conge-deuil.jpg","width":600,"height":400,"caption":"Loi n\u00b0 2020-692 : mise en place d'un cong\u00e9 de deuil en cas de d\u00e9c\u00e8s d'un enfant."},{"@type":"BreadcrumbList","@id":"https:\/\/www.gereso.com\/actualites\/2023\/12\/11\/fonction-publique-actualites-dsn-conge-deuil\/#breadcrumb","itemListElement":[{"@type":"ListItem","position":1,"name":"Home","item":"https:\/\/www.gereso.com\/actualites\/"},{"@type":"ListItem","position":2,"name":"Fonction publique : nouvelle actualit\u00e9 sur le cong\u00e9 de deuil"}]},{"@type":"WebSite","@id":"https:\/\/www.gereso.com\/actualites\/#website","url":"https:\/\/www.gereso.com\/actualites\/","name":"Le Blog GERESO","description":"Toute l&#039;actu RH, Finance, Fonction Publique, Management...","potentialAction":[{"@type":"SearchAction","target":{"@type":"EntryPoint","urlTemplate":"https:\/\/www.gereso.com\/actualites\/?s={search_term_string}"},"query-input":{"@type":"PropertyValueSpecification","valueRequired":true,"valueName":"search_term_string"}}],"inLanguage":"fr-FR"},{"@type":"Person","@id":"https:\/\/www.gereso.com\/actualites\/#\/schema\/person\/197d8aef40cb4ae3f6a0aa9e1d3df2a6","name":"\u00c9quipe GERESO","image":{"@type":"ImageObject","inLanguage":"fr-FR","@id":"https:\/\/www.gereso.com\/actualites\/#\/schema\/person\/image\/","url":"https:\/\/www.gereso.com\/actualites\/wp-content\/uploads\/2013\/12\/avatar-gereso-1.png","contentUrl":"https:\/\/www.gereso.com\/actualites\/wp-content\/uploads\/2013\/12\/avatar-gereso-1.png","caption":"\u00c9quipe GERESO"},"url":"https:\/\/www.gereso.com\/actualites\/author\/gereso\/"}]}},"_links":{"self":[{"href":"https:\/\/www.gereso.com\/actualites\/wp-json\/wp\/v2\/posts\/38095","targetHints":{"allow":["GET"]}}],"collection":[{"href":"https:\/\/www.gereso.com\/actualites\/wp-json\/wp\/v2\/posts"}],"about":[{"href":"https:\/\/www.gereso.com\/actualites\/wp-json\/wp\/v2\/types\/post"}],"author":[{"embeddable":true,"href":"https:\/\/www.gereso.com\/actualites\/wp-json\/wp\/v2\/users\/32"}],"replies":[{"embeddable":true,"href":"https:\/\/www.gereso.com\/actualites\/wp-json\/wp\/v2\/comments?post=38095"}],"version-history":[{"count":5,"href":"https:\/\/www.gereso.com\/actualites\/wp-json\/wp\/v2\/posts\/38095\/revisions"}],"predecessor-version":[{"id":38149,"href":"https:\/\/www.gereso.com\/actualites\/wp-json\/wp\/v2\/posts\/38095\/revisions\/38149"}],"wp:featuredmedia":[{"embeddable":true,"href":"https:\/\/www.gereso.com\/actualites\/wp-json\/wp\/v2\/media\/38101"}],"wp:attachment":[{"href":"https:\/\/www.gereso.com\/actualites\/wp-json\/wp\/v2\/media?parent=38095"}],"wp:term":[{"taxonomy":"category","embeddable":true,"href":"https:\/\/www.gereso.com\/actualites\/wp-json\/wp\/v2\/categories?post=38095"},{"taxonomy":"post_tag","embeddable":true,"href":"https:\/\/www.gereso.com\/actualites\/wp-json\/wp\/v2\/tags?post=38095"}],"curies":[{"name":"wp","href":"https:\/\/api.w.org\/{rel}","templated":true}]}}