{"id":38102,"date":"2023-12-11T17:09:53","date_gmt":"2023-12-11T15:09:53","guid":{"rendered":"https:\/\/www.gereso.com\/actualites\/?p=38102"},"modified":"2024-01-08T12:53:49","modified_gmt":"2024-01-08T10:53:49","slug":"signature-protocole-accord-protection-sociale-prevoyance-agents-publics-etat","status":"publish","type":"post","link":"https:\/\/www.gereso.com\/actualites\/2023\/12\/11\/signature-protocole-accord-protection-sociale-prevoyance-agents-publics-etat\/","title":{"rendered":"Signature d\u2019un protocole d\u2019accord sur la protection sociale et la pr\u00e9voyance des agents publics de l\u2019\u00c9tat\u2026 mais qui sera n\u00e9cessairement appliqu\u00e9 en partie aux autres versants"},"content":{"rendered":"\n<p>\u00ab<em>\u00a0La couverture de ces risques sera d\u2019abord assur\u00e9e par le d\u00e9ploiement de nouvelles garanties \u00ab\u00a0employeur\u00a0<\/em>\u00bb, dont la charge financi\u00e8re sera int\u00e9gralement assum\u00e9e par l\u2019\u00c9tat, compl\u00e9t\u00e9e par une offre de couverture compl\u00e9mentaire, dont la charge financi\u00e8re sera assum\u00e9e par les agents et les employeurs publics qui encourageront la souscription via une participation financi\u00e8re\u00a0\u00bb, peut-on lire dans le projet d\u2019accord.<\/p>\n\n\n\n<h2 style=\"color:#D10016\">S\u2019agissant de la protection Sociale Compl\u00e9mentaire dans le versant \u00c9tat<\/h2>\n\n\n\n<p>\u00c0 compter de 2025, les employeurs pourront proposer \u00e0 leurs agents, dans des conditions d\u00e9finies par d\u00e9cret, des <strong>contrats collectifs<\/strong> conclus entre eux et un ou plusieurs organismes compl\u00e9mentaires, apr\u00e8s une proc\u00e9dure de mise en concurrence. Tous les agents actifs employ\u00e9s et r\u00e9mun\u00e9r\u00e9s par l\u2019\u00c9tat auront la facult\u00e9 de souscrire \u00e0 ces contrats. L\u2019\u00c9tat participerait au financement de ces contrats, \u00e0 hauteur de <strong>7\u00a0euros par mois<\/strong> (contre 5\u00a0\u20ac envisag\u00e9s un temps\u2026).<\/p>\n\n\n\n<p>Par ailleurs, plusieurs mesures statuaires viendront modifier les dispositions applicables en mati\u00e8re de cong\u00e9s pour raison de sant\u00e9 et d\u2019invalidit\u00e9&nbsp;:<\/p>\n\n\n\n<h3 class=\"wp-block-heading\">Cong\u00e9 Longue Maladie<\/h3>\n\n\n\n<p>Outre la modification de la liste permettant de b\u00e9n\u00e9ficier d\u2019un cong\u00e9 de longue maladie (d\u00e9j\u00e0 pr\u00e9vue par l\u2019ordonnance sant\u00e9 travail du 20 novembre 2020), d\u2019une part, l\u2019accord pr\u00e9voit que les agents pourront acc\u00e9der au cong\u00e9 de longue maladie quand bien m\u00eame ils ont d\u00e9j\u00e0 b\u00e9n\u00e9fici\u00e9 d\u2019un cong\u00e9 de longue dur\u00e9e pour la m\u00eame pathologie.<\/p>\n\n\n\n<p>L\u2019indemnisation sera port\u00e9e \u00e0 hauteur de <strong>100&nbsp;% de la r\u00e9mun\u00e9ration indiciaire et 33&nbsp;% de la r\u00e9mun\u00e9ration indemnitaire la premi\u00e8re ann\u00e9e<\/strong> puis 60&nbsp;% de la r\u00e9mun\u00e9ration indiciaire et indemnitaire la deuxi\u00e8me et troisi\u00e8me ann\u00e9e.<\/p>\n\n\n\n<h3 class=\"wp-block-heading\">Invalidit\u00e9<\/h3>\n\n\n\n<p>La radiation des cadres et la mise \u00e0 la retraite pour invalidit\u00e9 d\u2019origine non professionnelle sera supprim\u00e9e, pour lui substituer un dispositif similaire \u00e0 la pension d\u2019invalidit\u00e9 temporaire du r\u00e9gime g\u00e9n\u00e9ral cumulable le cas \u00e9ch\u00e9ant avec une reprise d\u2019activit\u00e9 et permettant l\u2019agent de se cr\u00e9er des droits \u00e0 pension.<\/p>\n\n\n\n<p>Ainsi, pour les fonctionnaires invalides mais encore en capacit\u00e9 de travailler, l\u2019\u00c9tat versera, en plus, le cas \u00e9ch\u00e9ant, de la r\u00e9mun\u00e9ration li\u00e9e \u00e0 leur travail, une <strong>rente mensuelle correspondant \u00e0 40&nbsp;% de leur traitement indiciaire et de leurs primes<\/strong>. En revanche, dans le cas o\u00f9 il leur est impossible de reprendre une activit\u00e9, l\u2019agent reconnu invalide sera maintenu en disponibilit\u00e9 pour raison de sant\u00e9 (DRS), sans limitation de dur\u00e9e tout en percevant cette indemnit\u00e9, dans la m\u00eame logique que l\u2019Allocation d\u2019invalidit\u00e9 temporaire.<\/p>\n\n\n\n<h3 class=\"wp-block-heading\">Capital d\u00e9c\u00e8s<\/h3>\n\n\n\n<p>L\u2019accord pr\u00e9voit un <strong>assouplissement du capital d\u00e9c\u00e8s<\/strong> aux ayants droit d\u2019un agent public d\u00e9c\u00e9d\u00e9.<\/p>\n\n\n\n<article class=\"obj_encart-formation\">\n<div class=\"ctn_encart\">\n<h3>Votre formation sur ce th\u00e8me<\/h3>\n<h2>&nbsp;LA PROTECTION SOCIALE COMPL\u00c9MENTAIRE (PSC) DES AGENTS DE LA FONCTION PUBLIQUE&nbsp;<\/h2>\n<h4>1 jour &#8211; En pr\u00e9sentiel ou \u00e0 distance<\/h4>\n<ul>\n<li><strong>Int\u00e9grer les m\u00e9canismes de la protection sociale statutaire<\/strong> des agents de la fonction publique.<\/li>\n<li><strong>\u00c9valuer les faiblesse et carences en mati\u00e8re de protection sociale de base.<\/strong><\/li>\n<li><strong>Identifier les m\u00e9canismes actuels de Protection Sociale Compl\u00e9mentaire (PSC) :<\/strong> r\u00e9f\u00e9rencement, labellisation, convention de participation.<\/li>\n<li><strong>Mesurer l&rsquo;impact de la r\u00e9forme introduite par la loi du 7 ao\u00fbt 2020 et des ordonnances du 17 f\u00e9vrier 2021.<\/strong><\/li>\n<li><strong>Anticiper les cons\u00e9quences des \u00e9volutions en pr\u00e9paration au sein de son \u00e9tablissement.<\/strong><\/li>\n<\/ul>\n<div class=\"ctn_btn\">\n<a class=\"obj_btn\" target=\"_blank\" href=\"https:\/\/www.gereso.com\/PVCL\" rel=\"noopener\"><span>En savoir plus<\/span><\/a>\n<a class=\"obj_btn\" target=\"_blank\" href=\"https:\/\/www.gereso.com\/client\/programme-pdf\/PVCL.pdf\" rel=\"noopener\"><span>T\u00e9l\u00e9charger le programme PDF<\/span><\/a>\n<\/div>\n<\/article>\n\n\n\n<h3 class=\"wp-block-heading\">Contractuels<\/h3>\n\n\n\n<p>S\u2019agissant des contractuels, l\u2019accord stipule une <strong>diminution de l\u2019anciennet\u00e9 n\u00e9cessaire pour b\u00e9n\u00e9ficier des cong\u00e9s r\u00e9mun\u00e9r\u00e9s<\/strong> et un alignement des droits sur ceux des fonctionnaires.<\/p>\n\n\n\n<p>Mise \u00e0 part le PSC, l\u2019ensemble des engagements n\u00e9cessitent des modifications l\u00e9gislatives et r\u00e9glementaires qui ne pourront, compte tenu du principe d\u2019\u00e9galit\u00e9 de traitement des fonctionnaires, qu\u2019\u00eatre \u00e9tendus aux trois versants de la Fonction publique.<\/p>\n\n\n\n<p>En termes de calendrier de mise en \u0153uvre de ces mesures, les garanties employeurs relatives aux risques incapacit\u00e9 et d\u00e9c\u00e8s seront mises en place au cours de l\u2019exercice 2024, tandis que les garanties employeurs relatives au risque invalidit\u00e9 entreront en vigueur au plus tard le 1<sup>er<\/sup> janvier 2017, en application des dispositions l\u00e9gislatives qui seront prises d\u00e8s 2025.<\/p>\n\n\n\n<p><a href=\"https:\/\/www.transformation.gouv.fr\/files\/ressource\/accord_signe_prevoyance.pdf\" target=\"_blank\" rel=\"noreferrer noopener\">https:\/\/www.transformation.gouv.fr\/files\/ressource\/accord_signe_prevoyance.pdf<\/a><\/p>\n","protected":false},"excerpt":{"rendered":"<p>\u00ab\u00a0La couverture de ces risques sera d\u2019abord assur\u00e9e par le d\u00e9ploiement de nouvelles garanties \u00ab\u00a0employeur\u00a0\u00bb, dont la charge financi\u00e8re sera int\u00e9gralement assum\u00e9e par l\u2019\u00c9tat, compl\u00e9t\u00e9e par une offre de couverture compl\u00e9mentaire, dont la charge financi\u00e8re sera assum\u00e9e par les agents et les employeurs publics qui encourageront la souscription via une participation financi\u00e8re\u00a0\u00bb, peut-on lire dans [&hellip;]<\/p>\n","protected":false},"author":32,"featured_media":38105,"comment_status":"open","ping_status":"open","sticky":false,"template":"","format":"standard","meta":{"_acf_changed":false,"_mi_skip_tracking":false,"footnotes":""},"categories":[12,6],"tags":[],"class_list":["post-38102","post","type-post","status-publish","format-standard","has-post-thumbnail","hentry","category-actualites","category-fonction-publique"],"acf":[],"yoast_head":"<!-- This site is optimized with the Yoast SEO plugin v23.4 - https:\/\/yoast.com\/wordpress\/plugins\/seo\/ -->\n<title>Signature d\u2019un protocole d\u2019accord sur la protection sociale et la pr\u00e9voyance des agents publics de l\u2019\u00c9tat\u2026 mais qui sera n\u00e9cessairement appliqu\u00e9 en partie aux autres versants - Le Blog GERESO<\/title>\n<meta name=\"robots\" content=\"index, follow, max-snippet:-1, max-image-preview:large, max-video-preview:-1\" \/>\n<link rel=\"canonical\" href=\"https:\/\/www.gereso.com\/actualites\/2023\/12\/11\/signature-protocole-accord-protection-sociale-prevoyance-agents-publics-etat\/\" \/>\n<meta property=\"og:locale\" content=\"fr_FR\" \/>\n<meta property=\"og:type\" content=\"article\" \/>\n<meta property=\"og:title\" content=\"Signature d\u2019un protocole d\u2019accord sur la protection sociale et la pr\u00e9voyance des agents publics de l\u2019\u00c9tat\u2026 mais qui sera n\u00e9cessairement appliqu\u00e9 en partie aux autres versants - Le Blog GERESO\" \/>\n<meta property=\"og:description\" content=\"\u00ab\u00a0La couverture de ces risques sera d\u2019abord assur\u00e9e par le d\u00e9ploiement de nouvelles garanties \u00ab\u00a0employeur\u00a0\u00bb, dont la charge financi\u00e8re sera int\u00e9gralement assum\u00e9e par l\u2019\u00c9tat, compl\u00e9t\u00e9e par une offre de couverture compl\u00e9mentaire, dont la charge financi\u00e8re sera assum\u00e9e par les agents et les employeurs publics qui encourageront la souscription via une participation financi\u00e8re\u00a0\u00bb, peut-on lire dans [&hellip;]\" \/>\n<meta property=\"og:url\" content=\"https:\/\/www.gereso.com\/actualites\/2023\/12\/11\/signature-protocole-accord-protection-sociale-prevoyance-agents-publics-etat\/\" \/>\n<meta property=\"og:site_name\" content=\"Le Blog GERESO\" \/>\n<meta property=\"article:published_time\" content=\"2023-12-11T15:09:53+00:00\" \/>\n<meta property=\"article:modified_time\" content=\"2024-01-08T10:53:49+00:00\" \/>\n<meta property=\"og:image\" content=\"https:\/\/www.gereso.com\/actualites\/wp-content\/uploads\/2023\/12\/signature-protocole-accord-protection-sociale-prevoyance-agents-publics-etat.jpg\" \/>\n\t<meta property=\"og:image:width\" content=\"600\" \/>\n\t<meta property=\"og:image:height\" content=\"400\" \/>\n\t<meta property=\"og:image:type\" content=\"image\/jpeg\" \/>\n<meta name=\"author\" content=\"\u00c9quipe GERESO\" \/>\n<meta name=\"twitter:card\" content=\"summary_large_image\" \/>\n<script type=\"application\/ld+json\" class=\"yoast-schema-graph\">{\"@context\":\"https:\/\/schema.org\",\"@graph\":[{\"@type\":\"WebPage\",\"@id\":\"https:\/\/www.gereso.com\/actualites\/2023\/12\/11\/signature-protocole-accord-protection-sociale-prevoyance-agents-publics-etat\/\",\"url\":\"https:\/\/www.gereso.com\/actualites\/2023\/12\/11\/signature-protocole-accord-protection-sociale-prevoyance-agents-publics-etat\/\",\"name\":\"Signature d\u2019un protocole d\u2019accord sur la protection sociale et la pr\u00e9voyance des agents publics de l\u2019\u00c9tat\u2026 mais qui sera n\u00e9cessairement appliqu\u00e9 en partie aux autres versants - Le Blog GERESO\",\"isPartOf\":{\"@id\":\"https:\/\/www.gereso.com\/actualites\/#website\"},\"primaryImageOfPage\":{\"@id\":\"https:\/\/www.gereso.com\/actualites\/2023\/12\/11\/signature-protocole-accord-protection-sociale-prevoyance-agents-publics-etat\/#primaryimage\"},\"image\":{\"@id\":\"https:\/\/www.gereso.com\/actualites\/2023\/12\/11\/signature-protocole-accord-protection-sociale-prevoyance-agents-publics-etat\/#primaryimage\"},\"thumbnailUrl\":\"https:\/\/www.gereso.com\/actualites\/wp-content\/uploads\/2023\/12\/signature-protocole-accord-protection-sociale-prevoyance-agents-publics-etat.jpg\",\"datePublished\":\"2023-12-11T15:09:53+00:00\",\"dateModified\":\"2024-01-08T10:53:49+00:00\",\"author\":{\"@id\":\"https:\/\/www.gereso.com\/actualites\/#\/schema\/person\/197d8aef40cb4ae3f6a0aa9e1d3df2a6\"},\"breadcrumb\":{\"@id\":\"https:\/\/www.gereso.com\/actualites\/2023\/12\/11\/signature-protocole-accord-protection-sociale-prevoyance-agents-publics-etat\/#breadcrumb\"},\"inLanguage\":\"fr-FR\",\"potentialAction\":[{\"@type\":\"ReadAction\",\"target\":[\"https:\/\/www.gereso.com\/actualites\/2023\/12\/11\/signature-protocole-accord-protection-sociale-prevoyance-agents-publics-etat\/\"]}]},{\"@type\":\"ImageObject\",\"inLanguage\":\"fr-FR\",\"@id\":\"https:\/\/www.gereso.com\/actualites\/2023\/12\/11\/signature-protocole-accord-protection-sociale-prevoyance-agents-publics-etat\/#primaryimage\",\"url\":\"https:\/\/www.gereso.com\/actualites\/wp-content\/uploads\/2023\/12\/signature-protocole-accord-protection-sociale-prevoyance-agents-publics-etat.jpg\",\"contentUrl\":\"https:\/\/www.gereso.com\/actualites\/wp-content\/uploads\/2023\/12\/signature-protocole-accord-protection-sociale-prevoyance-agents-publics-etat.jpg\",\"width\":600,\"height\":400,\"caption\":\"Signature d'un protocole d'accord le 20 octobre : nouvelles garanties \u00ab employeur \u00bb et nouvelle offre de couverture compl\u00e9mentaire.\"},{\"@type\":\"BreadcrumbList\",\"@id\":\"https:\/\/www.gereso.com\/actualites\/2023\/12\/11\/signature-protocole-accord-protection-sociale-prevoyance-agents-publics-etat\/#breadcrumb\",\"itemListElement\":[{\"@type\":\"ListItem\",\"position\":1,\"name\":\"Home\",\"item\":\"https:\/\/www.gereso.com\/actualites\/\"},{\"@type\":\"ListItem\",\"position\":2,\"name\":\"Signature d\u2019un protocole d\u2019accord sur la protection sociale et la pr\u00e9voyance des agents publics de l\u2019\u00c9tat\u2026 mais qui sera n\u00e9cessairement appliqu\u00e9 en partie aux autres versants\"}]},{\"@type\":\"WebSite\",\"@id\":\"https:\/\/www.gereso.com\/actualites\/#website\",\"url\":\"https:\/\/www.gereso.com\/actualites\/\",\"name\":\"Le Blog GERESO\",\"description\":\"Toute l&#039;actu RH, Finance, Fonction Publique, Management...\",\"potentialAction\":[{\"@type\":\"SearchAction\",\"target\":{\"@type\":\"EntryPoint\",\"urlTemplate\":\"https:\/\/www.gereso.com\/actualites\/?s={search_term_string}\"},\"query-input\":{\"@type\":\"PropertyValueSpecification\",\"valueRequired\":true,\"valueName\":\"search_term_string\"}}],\"inLanguage\":\"fr-FR\"},{\"@type\":\"Person\",\"@id\":\"https:\/\/www.gereso.com\/actualites\/#\/schema\/person\/197d8aef40cb4ae3f6a0aa9e1d3df2a6\",\"name\":\"\u00c9quipe GERESO\",\"image\":{\"@type\":\"ImageObject\",\"inLanguage\":\"fr-FR\",\"@id\":\"https:\/\/www.gereso.com\/actualites\/#\/schema\/person\/image\/\",\"url\":\"https:\/\/www.gereso.com\/actualites\/wp-content\/uploads\/2013\/12\/avatar-gereso-1.png\",\"contentUrl\":\"https:\/\/www.gereso.com\/actualites\/wp-content\/uploads\/2013\/12\/avatar-gereso-1.png\",\"caption\":\"\u00c9quipe GERESO\"},\"url\":\"https:\/\/www.gereso.com\/actualites\/author\/gereso\/\"}]}<\/script>\n<!-- \/ Yoast SEO plugin. -->","yoast_head_json":{"title":"Signature d\u2019un protocole d\u2019accord sur la protection sociale et la pr\u00e9voyance des agents publics de l\u2019\u00c9tat\u2026 mais qui sera n\u00e9cessairement appliqu\u00e9 en partie aux autres versants - Le Blog GERESO","robots":{"index":"index","follow":"follow","max-snippet":"max-snippet:-1","max-image-preview":"max-image-preview:large","max-video-preview":"max-video-preview:-1"},"canonical":"https:\/\/www.gereso.com\/actualites\/2023\/12\/11\/signature-protocole-accord-protection-sociale-prevoyance-agents-publics-etat\/","og_locale":"fr_FR","og_type":"article","og_title":"Signature d\u2019un protocole d\u2019accord sur la protection sociale et la pr\u00e9voyance des agents publics de l\u2019\u00c9tat\u2026 mais qui sera n\u00e9cessairement appliqu\u00e9 en partie aux autres versants - Le Blog GERESO","og_description":"\u00ab\u00a0La couverture de ces risques sera d\u2019abord assur\u00e9e par le d\u00e9ploiement de nouvelles garanties \u00ab\u00a0employeur\u00a0\u00bb, dont la charge financi\u00e8re sera int\u00e9gralement assum\u00e9e par l\u2019\u00c9tat, compl\u00e9t\u00e9e par une offre de couverture compl\u00e9mentaire, dont la charge financi\u00e8re sera assum\u00e9e par les agents et les employeurs publics qui encourageront la souscription via une participation financi\u00e8re\u00a0\u00bb, peut-on lire dans [&hellip;]","og_url":"https:\/\/www.gereso.com\/actualites\/2023\/12\/11\/signature-protocole-accord-protection-sociale-prevoyance-agents-publics-etat\/","og_site_name":"Le Blog GERESO","article_published_time":"2023-12-11T15:09:53+00:00","article_modified_time":"2024-01-08T10:53:49+00:00","og_image":[{"width":600,"height":400,"url":"https:\/\/www.gereso.com\/actualites\/wp-content\/uploads\/2023\/12\/signature-protocole-accord-protection-sociale-prevoyance-agents-publics-etat.jpg","type":"image\/jpeg"}],"author":"\u00c9quipe GERESO","twitter_card":"summary_large_image","schema":{"@context":"https:\/\/schema.org","@graph":[{"@type":"WebPage","@id":"https:\/\/www.gereso.com\/actualites\/2023\/12\/11\/signature-protocole-accord-protection-sociale-prevoyance-agents-publics-etat\/","url":"https:\/\/www.gereso.com\/actualites\/2023\/12\/11\/signature-protocole-accord-protection-sociale-prevoyance-agents-publics-etat\/","name":"Signature d\u2019un protocole d\u2019accord sur la protection sociale et la pr\u00e9voyance des agents publics de l\u2019\u00c9tat\u2026 mais qui sera n\u00e9cessairement appliqu\u00e9 en partie aux autres versants - Le Blog GERESO","isPartOf":{"@id":"https:\/\/www.gereso.com\/actualites\/#website"},"primaryImageOfPage":{"@id":"https:\/\/www.gereso.com\/actualites\/2023\/12\/11\/signature-protocole-accord-protection-sociale-prevoyance-agents-publics-etat\/#primaryimage"},"image":{"@id":"https:\/\/www.gereso.com\/actualites\/2023\/12\/11\/signature-protocole-accord-protection-sociale-prevoyance-agents-publics-etat\/#primaryimage"},"thumbnailUrl":"https:\/\/www.gereso.com\/actualites\/wp-content\/uploads\/2023\/12\/signature-protocole-accord-protection-sociale-prevoyance-agents-publics-etat.jpg","datePublished":"2023-12-11T15:09:53+00:00","dateModified":"2024-01-08T10:53:49+00:00","author":{"@id":"https:\/\/www.gereso.com\/actualites\/#\/schema\/person\/197d8aef40cb4ae3f6a0aa9e1d3df2a6"},"breadcrumb":{"@id":"https:\/\/www.gereso.com\/actualites\/2023\/12\/11\/signature-protocole-accord-protection-sociale-prevoyance-agents-publics-etat\/#breadcrumb"},"inLanguage":"fr-FR","potentialAction":[{"@type":"ReadAction","target":["https:\/\/www.gereso.com\/actualites\/2023\/12\/11\/signature-protocole-accord-protection-sociale-prevoyance-agents-publics-etat\/"]}]},{"@type":"ImageObject","inLanguage":"fr-FR","@id":"https:\/\/www.gereso.com\/actualites\/2023\/12\/11\/signature-protocole-accord-protection-sociale-prevoyance-agents-publics-etat\/#primaryimage","url":"https:\/\/www.gereso.com\/actualites\/wp-content\/uploads\/2023\/12\/signature-protocole-accord-protection-sociale-prevoyance-agents-publics-etat.jpg","contentUrl":"https:\/\/www.gereso.com\/actualites\/wp-content\/uploads\/2023\/12\/signature-protocole-accord-protection-sociale-prevoyance-agents-publics-etat.jpg","width":600,"height":400,"caption":"Signature d'un protocole d'accord le 20 octobre : nouvelles garanties \u00ab employeur \u00bb et nouvelle offre de couverture compl\u00e9mentaire."},{"@type":"BreadcrumbList","@id":"https:\/\/www.gereso.com\/actualites\/2023\/12\/11\/signature-protocole-accord-protection-sociale-prevoyance-agents-publics-etat\/#breadcrumb","itemListElement":[{"@type":"ListItem","position":1,"name":"Home","item":"https:\/\/www.gereso.com\/actualites\/"},{"@type":"ListItem","position":2,"name":"Signature d\u2019un protocole d\u2019accord sur la protection sociale et la pr\u00e9voyance des agents publics de l\u2019\u00c9tat\u2026 mais qui sera n\u00e9cessairement appliqu\u00e9 en partie aux autres versants"}]},{"@type":"WebSite","@id":"https:\/\/www.gereso.com\/actualites\/#website","url":"https:\/\/www.gereso.com\/actualites\/","name":"Le Blog GERESO","description":"Toute l&#039;actu RH, Finance, Fonction Publique, Management...","potentialAction":[{"@type":"SearchAction","target":{"@type":"EntryPoint","urlTemplate":"https:\/\/www.gereso.com\/actualites\/?s={search_term_string}"},"query-input":{"@type":"PropertyValueSpecification","valueRequired":true,"valueName":"search_term_string"}}],"inLanguage":"fr-FR"},{"@type":"Person","@id":"https:\/\/www.gereso.com\/actualites\/#\/schema\/person\/197d8aef40cb4ae3f6a0aa9e1d3df2a6","name":"\u00c9quipe GERESO","image":{"@type":"ImageObject","inLanguage":"fr-FR","@id":"https:\/\/www.gereso.com\/actualites\/#\/schema\/person\/image\/","url":"https:\/\/www.gereso.com\/actualites\/wp-content\/uploads\/2013\/12\/avatar-gereso-1.png","contentUrl":"https:\/\/www.gereso.com\/actualites\/wp-content\/uploads\/2013\/12\/avatar-gereso-1.png","caption":"\u00c9quipe GERESO"},"url":"https:\/\/www.gereso.com\/actualites\/author\/gereso\/"}]}},"_links":{"self":[{"href":"https:\/\/www.gereso.com\/actualites\/wp-json\/wp\/v2\/posts\/38102","targetHints":{"allow":["GET"]}}],"collection":[{"href":"https:\/\/www.gereso.com\/actualites\/wp-json\/wp\/v2\/posts"}],"about":[{"href":"https:\/\/www.gereso.com\/actualites\/wp-json\/wp\/v2\/types\/post"}],"author":[{"embeddable":true,"href":"https:\/\/www.gereso.com\/actualites\/wp-json\/wp\/v2\/users\/32"}],"replies":[{"embeddable":true,"href":"https:\/\/www.gereso.com\/actualites\/wp-json\/wp\/v2\/comments?post=38102"}],"version-history":[{"count":12,"href":"https:\/\/www.gereso.com\/actualites\/wp-json\/wp\/v2\/posts\/38102\/revisions"}],"predecessor-version":[{"id":38518,"href":"https:\/\/www.gereso.com\/actualites\/wp-json\/wp\/v2\/posts\/38102\/revisions\/38518"}],"wp:featuredmedia":[{"embeddable":true,"href":"https:\/\/www.gereso.com\/actualites\/wp-json\/wp\/v2\/media\/38105"}],"wp:attachment":[{"href":"https:\/\/www.gereso.com\/actualites\/wp-json\/wp\/v2\/media?parent=38102"}],"wp:term":[{"taxonomy":"category","embeddable":true,"href":"https:\/\/www.gereso.com\/actualites\/wp-json\/wp\/v2\/categories?post=38102"},{"taxonomy":"post_tag","embeddable":true,"href":"https:\/\/www.gereso.com\/actualites\/wp-json\/wp\/v2\/tags?post=38102"}],"curies":[{"name":"wp","href":"https:\/\/api.w.org\/{rel}","templated":true}]}}