{"id":38564,"date":"2024-01-08T15:52:26","date_gmt":"2024-01-08T13:52:26","guid":{"rendered":"https:\/\/www.gereso.com\/actualites\/?p=38564"},"modified":"2024-02-05T12:52:41","modified_gmt":"2024-02-05T10:52:41","slug":"laicite-fonction-publique-dernieres-actualites","status":"publish","type":"post","link":"https:\/\/www.gereso.com\/actualites\/2024\/01\/08\/laicite-fonction-publique-dernieres-actualites\/","title":{"rendered":"La\u00efcit\u00e9 dans la fonction publique : les derni\u00e8res actualit\u00e9s"},"content":{"rendered":"\n\n\n<p>Dans cette affaire, une employ\u00e9e de commune en Belgique s\u2019est vu interdire le port du foulard islamique sur son lieu de travail alors qu\u2019elle exer\u00e7ait des fonctions de chef de bureau, principalement sans contact avec les usagers. Dans la foul\u00e9e, la commune a modifi\u00e9 son r\u00e8glement de travail pour imposer \u00e0 ses agents de <strong>respecter une stricte neutralit\u00e9 dite \u00ab\u00a0exclusive\u00a0\u00bb<\/strong> &#8211; par opposition \u00e0 une neutralit\u00e9 \u00ab\u00a0inclusive\u00a0\u00bb &#8211; leur interdisant le port visible de tout signe r\u00e9v\u00e9lant leurs convictions, notamment philosophiques ou religieuses, y compris s\u2019ils ne sont pas en relation avec les administr\u00e9s.<\/p>\n\n\n\n<p>Saisi de l\u2019affaire, le Tribunal du travail de Li\u00e8ge a interrog\u00e9 la CJUE dans le cadre d\u2019une question pr\u00e9judicielle quant \u00e0 l\u2019interpr\u00e9tation des dispositions de la directive 2000\/78\/CE du Conseil du 27 novembre 2000 \u00e9tablissant un cadre g\u00e9n\u00e9ral pour lutter contre la discrimination fond\u00e9e notamment sur la religion ou les convictions.<\/p>\n\n\n\n<p>La question \u00e9tait de savoir si l\u2019article 2, paragraphe 2, sous a) et [\u2026] b), de la directive 2000\/78 peut \u00eatre interpr\u00e9t\u00e9 comme autorisant une administration publique \u00e0 organiser un environnement administratif totalement neutre et partant \u00e0 interdire le port de signes susceptibles de r\u00e9v\u00e9ler des convictions religieuses \u00e0 l\u2019ensemble des membres du personnel, qu\u2019ils soient ou non en contact direct avec le public&nbsp;?<\/p>\n\n\n\n<p>En r\u00e9ponse, <strong>la CJUE affirme d\u2019abord la marge d\u2019appr\u00e9ciation que doit se voir reconna\u00eetre chaque \u00c9tat membre, en l\u2019absence de consensus, <\/strong>dans la conception de la neutralit\u00e9 du service public qu\u2019il entend promouvoir sur le lieu de travail. <\/p>\n\n\n\n<p>Elle en d\u00e9duit que le choix, par une administration publique, d\u2019une <strong>politique de \u00ab&nbsp;neutralit\u00e9 exclusive&nbsp;\u00bb peut \u00eatre <\/strong>justifi\u00e9, compte tenu du contexte qui est le sien, par la poursuite d\u2019un objectif l\u00e9gitime.<\/p>\n\n\n\n<p>De la m\u00eame mani\u00e8re, peut \u00eatre justifi\u00e9 le choix d\u2019une autre administration publique, en faveur d\u2019une autre politique de neutralit\u00e9, telle qu\u2019une <strong>autorisation g\u00e9n\u00e9rale et indiff\u00e9renci\u00e9e du port de signes visibles de convictions philosophiques ou religieuses,<\/strong> y compris dans les contacts avec les usagers, ou encore une <strong>interdiction du port de tels signes limit\u00e9s aux situations impliquant de tels contacts. <\/strong><\/p>\n\n\n\n<p>Pour autant, la Cour rappelle que la <strong>r\u00e8gle adopt\u00e9e doit \u00eatre apte, n\u00e9cessaire et proportionn\u00e9e au regard du contexte et compte tenu des diff\u00e9rents droits et int\u00e9r\u00eats en pr\u00e9sence. <\/strong><\/p>\n\n\n\n<h2 style=\"color:#D10016\"><strong>La la\u00efcit\u00e9 dans la fonction publique fran\u00e7aise <\/strong><\/h2>\n\n\n\n<p>Cet arr\u00eat, rendu apr\u00e8s renvoi pr\u00e9judiciel d\u2019une juridiction Belge constitue une occasion de <strong>revenir sur la situation juridique des agents publics fran\u00e7ais face au principe de la\u00efcit\u00e9.<\/strong><\/p>\n\n\n\n<p>En droit interne le principe de la\u00efcit\u00e9 est affirm\u00e9 \u00e0 l\u2019article 1er de la Constitution de 1958 : \u00ab <em>la France est une R\u00e9publique indivisible, la\u00efque, d\u00e9mocratique et sociale. Elle assure l\u2019\u00e9galit\u00e9 devant la loi de tous les citoyens sans distinction d\u2019origine, de race ou de religion. Elle respecte toutes les croyances (\u2026).<\/em> \u00bb<\/p>\n\n\n\n<p>En droit de la fonction publique sp\u00e9cifiquement, la la\u00efcit\u00e9 n\u2019appara\u00eet explicitement dans les statuts que depuis la loi du 20 avril 2016 relative \u00e0 la d\u00e9ontologie et aux droits et obligations des fonctionnaires. Elle figure aujourd\u2019hui \u00e0 l\u2019<a href=\"https:\/\/www.legifrance.gouv.fr\/codes\/article_lc\/LEGIARTI000044427911\" target=\"_blank\" rel=\"noreferrer noopener\">article L.121-2 du Code g\u00e9n\u00e9ral de la fonction publique<\/a> : \u00ab\u00a0<em>Dans l\u2019exercice de ses fonctions, <strong>l\u2019agent public est tenu \u00e0 l\u2019obligation de neutralit\u00e9<\/strong>. Il exerce ses fonctions dans le respect du principe de la\u00efcit\u00e9. \u00c0 ce titre il s\u2019abstient notamment de manifester ses opinions religieuses. Il est form\u00e9 \u00e0 ce principe. L\u2019agent public traite de fa\u00e7on \u00e9gale toutes les personnes et respecte leur libert\u00e9 de conscience et leur dignit\u00e9<\/em>.\u00a0\u00bb<\/p>\n\n\n\n<p>Si le principe de la\u00efcit\u00e9 interdit \u00e0 l\u2019agent public de manifester ses opinions religieuses dans l\u2019exercice de ses fonctions, il implique aussi qu\u2019il \u00ab&nbsp;<em>traite de fa\u00e7on \u00e9gale toutes les personnes et respecte leur libert\u00e9 de conscience et leur dignit\u00e9.&nbsp;<\/em>\u00bb<\/p>\n\n\n\n<h2 style=\"color:#D10016\"><strong>Une restriction \u00e0 la libert\u00e9 d&rsquo;expression religieuse des agents publics dans l&rsquo;exercice de leurs fonctions<\/strong><\/h2>\n\n\n\n<p>Bien avant 2016, le Conseil d\u2019\u00c9tat dans un avis du 3 mai 2000, Delle Marteaux (req. n\u00b0 217017), estimait que \u00ab&nbsp;<em>le principe de la\u00efcit\u00e9 fait obstacle \u00e0 ce que [les agents publics] disposent, dans le cadre du service public, du droit de manifester leurs croyances religieuses<\/em>&nbsp;\u00bb.<\/p>\n\n\n\n<p>La Cour de cassation ajoutait que \u00ab&nbsp;<em>les principes de neutralit\u00e9 et de la\u00efcit\u00e9 sont applicables \u00e0 l\u2019ensemble des services publics, y compris lorsque ceux-ci sont assur\u00e9s par des organismes de droit priv\u00e9<\/em>&nbsp;\u00bb. Un agent d&rsquo;un organisme de S\u00e9curit\u00e9 sociale est, par exemple, soumis \u00e0 l&rsquo;obligation de neutralit\u00e9 religieuse<sup>4<\/sup>.<\/p>\n\n\n\n<p>Saisie par une ancienne aide-soignante dont le contrat n\u2019avait pas \u00e9t\u00e9 renouvel\u00e9 parce qu\u2019elle refusait d\u2019\u00f4ter son voile pendant son service \u00e0 l\u2019h\u00f4pital, la Cour europ\u00e9enne des Droits de l\u2019Homme a jug\u00e9 en 2015 que l\u2019interdiction du port du voile par les agents publics ne constitue pas une violation de l\u2019article 9 de la Convention<sup>5<\/sup>.<\/p>\n\n\n\n<p><strong>La loi mentionne d\u00e9sormais express\u00e9ment l\u2019interdiction faite aux agents publics de manifester leurs opinions religieuses au titre du respect du principe de la\u00efcit\u00e9<\/strong>, corollaire de la neutralit\u00e9 du service. La m\u00e9connaissance de cette obligation constitue un manquement aux obligations professionnelles de l\u2019agent et peut justifier le prononc\u00e9 d\u2019une sanction disciplinaire. Le juge administratif op\u00e8re toutefois un <strong>contr\u00f4le de proportionnalit\u00e9 ente la faute et la sanction, <\/strong>tenant compte des circonstances telles que la nature des fonctions exerc\u00e9es, la r\u00e9it\u00e9ration du manquement, le degr\u00e9 d&rsquo;ostentation du signe d&rsquo;appartenance religieuse, le port du signe au contact ou non avec le public&#8230; <\/p>\n\n\n\n<p>Si le principe de la\u00efcit\u00e9 s\u2019applique \u00e0 l\u2019ensemble du service public, la question s\u2019est pos\u00e9e pour les <strong>m\u00e8res accompagnatrices des sorties scolaires. <\/strong>Le Conseil d\u2019\u00c9tat avait estim\u00e9 en 19936 que ces parents accompagnateurs \u00e9taient des <strong>collaborateurs occasionnels du service public<\/strong> et b\u00e9n\u00e9ficiaient du r\u00e9gime favorable de responsabilit\u00e9 sans faute de l\u2019administration scolaire. Dans cette logique, des juges administratifs en 2013<sup>7<\/sup> ont estim\u00e9 qu\u2019<strong>une maman sollicit\u00e9e par une \u00e9cole pour accompagner une sortie scolaire soit soumise au principe de neutralit\u00e9 du service public de l\u2019\u00e9ducation<\/strong> et ne puisse \u00e0 ce titre porter un voile religieux durant la sortie. D\u2019autres juges en 2015 ont consid\u00e9r\u00e9 que cette notion juridique de \u00ab\u00a0<em>collaborateur occasionnel du service public<\/em>\u00a0\u00bb emporterait uniquement l\u2019application d\u2019un r\u00e9gime sp\u00e9cifique de responsabilit\u00e9 mais excluait la suj\u00e9tion au principe de neutralit\u00e9 religieuse<sup>8<\/sup>.<\/p>\n\n\n\n<p>Outre le port de signe d\u2019appartenance religieuse, un agent public qui fait appara\u00eetre son adresse \u00e9lectronique professionnelle sur le site d\u2019une association cultuelle peut \u00eatre l\u00e9galement sanctionn\u00e9 par son administration<sup>9<\/sup>.<\/p>\n\n\n\n<p>La <strong>distribution par un agent public aux usagers de documents \u00e0 caract\u00e8re religieux <\/strong>\u00e0 l\u2019occasion de son service constitue une forme de pros\u00e9lytisme passible de sanction<sup>10<\/sup>, y compris par l\u2019utilisation d\u2019outils num\u00e9riques mis \u00e0 sa disposition, ou de propos visant \u00e0 diffuser ses convictions religieuses aupr\u00e8s des usagers et de ses coll\u00e8gues<sup>11<\/sup>. <\/p>\n\n\n\n<p>Il est cependant<strong> impossible, sous couvert du principe de la\u00efcit\u00e9, de discriminer un agent au seul motif de son apparence physique ou de son appartenance religieuse<\/strong>. Le seul fait, par exemple de porter une barbe pour un agent public, quelle que soit sa taille, ne suffit pas pour caract\u00e9riser la manifestation de convictions religieuses contraire aux principes de la\u00efcit\u00e9 et de neutralit\u00e9 dans la fonction publique. <\/p>\n\n\n\n<article class=\"obj_encart-formation\">\n<div class=\"ctn_encart\">\n<h3>Votre formation sur ce th\u00e8me<\/h3>\n<h2>&nbsp;R\u00c9F\u00c9RENT LA\u00cfCIT\u00c9 DANS LA FONCTION PUBLIQUE&nbsp;<\/h2>\n<h4>1 jour &#8211; En pr\u00e9sentiel ou \u00e0 distance<\/h4>\n<ul>\n<li><strong>Agir en tenant compte de la signification juridique<\/strong> de la la\u00efcit\u00e9 et du devoir de r\u00e9serve.<\/li>\n<li><strong>Appliquer, \u00e0 destination des agents et des usagers,<\/strong> le principe de la\u00efcit\u00e9 \u00e0 l\u2019appui des outils appropri\u00e9s.<\/li>\n<li><strong>Pr\u00e9venir, dans le cadre r\u00e9glementaire,<\/strong> les situations de d\u00e9rive.<\/li>\n<li><strong>Respecter, sans remettre en cause le principe de neutralit\u00e9,<\/strong> les droits de l\u2019agent au respect de sa confession.<\/li>\n<\/ul>\n<div class=\"ctn_btn\">\n<a class=\"obj_btn\" target=\"_blank\" href=\"https:\/\/www.gereso.com\/RFLA\" rel=\"noopener\"><span>En savoir plus<\/span><\/a>\n<a class=\"obj_btn\" target=\"_blank\" href=\"https:\/\/www.gereso.com\/client\/programme-pdf\/RFLA.pdf\" rel=\"noopener\"><span>T\u00e9l\u00e9charger le programme PDF<\/span><\/a>\n<\/div>\n<\/article>\n\n\n\n<h2 style=\"color:#D10016\"><strong>Le droit des agents publics au respect de leur libert\u00e9 d&rsquo;opinion et de conscience <\/strong><\/h2>\n\n\n\n<p>La neutralit\u00e9 et la la\u00efcit\u00e9 du service public ne peuvent pas non plus conduire \u00e0 la <strong>n\u00e9gation de la libert\u00e9 d\u2019opinion et de conscience<\/strong> prot\u00e9g\u00e9e par l\u2019article 10 de la D\u00e9claration de 1789 pour tous citoyens.<\/p>\n\n\n\n<p><strong>Ce principe interdit toute discrimination fond\u00e9e sur les opinions ou convictions religieuses dans le recrutement et la gestion de carri\u00e8re des agents publics.<\/strong><\/p>\n\n\n\n<p>S\u2019agissant du recrutement, le Conseil d\u2019\u00c9tat a notamment annul\u00e9 le refus de concourir oppos\u00e9 \u00e0 une candidate au motif soit qu\u2019elle avait \u00e9tudi\u00e9 dans un pensionnat religieux<sup>12<\/sup>, soit qu\u2019elle \u00e9tait de confession catholique<sup>13<\/sup>, ou encore les sanctions prises en raison d\u2019activit\u00e9s religieuses pourtant men\u00e9es hors du cadre professionnel<sup>14<\/sup>. Si de tels comportements aussi grossi\u00e8rement discriminatoires disparaissent progressivement des juridictions la vigilance reste de mise&nbsp;: le juge administratif a ainsi r\u00e9cemment annul\u00e9 un concours \u00e0 l\u2019occasion duquel le jury avait pos\u00e9 \u00e0 un candidat des questions portant sur son origine et ses pratiques confessionnelles<sup>15<\/sup>.<\/p>\n\n\n\n<p>La question s\u2019est pos\u00e9e quant \u00e0 l\u2019acc\u00e8s des ministres du culte \u00e0 la fonction publique de l\u2019enseignement. Ici la solution diff\u00e8re selon le niveau d\u2019enseignement. L\u2019<a href=\"https:\/\/www.legifrance.gouv.fr\/codes\/article_lc\/LEGIARTI000006524456\" target=\"_blank\" rel=\"noreferrer noopener\">article 141-5 du Code de l\u2019\u00e9ducation<\/a> dispose&nbsp;: \u00ab<em>&nbsp;Dans les \u00e9tablissements du premier degr\u00e9 publics, l\u2019enseignement est exclusivement confi\u00e9 \u00e0 un personnel la\u00efque&nbsp;<\/em>\u00bb. <\/p>\n\n\n\n<p>Pour l\u2019enseignement du second degr\u00e9, et en l\u2019absence de texte, le Conseil d\u2019\u00c9tat a finalement admis qu\u2019<strong>il n\u2019y avait pas d\u2019incompatibilit\u00e9 de principe entre le sacerdoce et les fonctions enseignantes sous r\u00e9serve du respect de la la\u00efcit\u00e9 et de non-cumul de r\u00e9mun\u00e9ration<sup>16<\/sup><\/strong>. Il ne devra ni arborer de signe religieux distinctif<sup>17<\/sup>, ni faire preuve publiquement de pros\u00e9lytisme dans l\u2019exercice de la fonction enseignante. De la m\u00eame fa\u00e7on, l\u2019ordination d\u2019un enseignant en qualit\u00e9 de diacre lui conf\u00e8re l\u2019\u00e9tat cl\u00e9rical. Acc\u00e9dant au diaconat, il ne pourra plus \u00eatre professeur des \u00e9coles mais pourra continuer \u00e0 enseigner dans le second degr\u00e9 dans les conditions de neutralit\u00e9 sus-\u00e9voqu\u00e9es.<\/p>\n\n\n\n<p>Pour l\u2019enseignement sup\u00e9rieur, aucune incompatibilit\u00e9 n\u2019existe. Les principes de neutralit\u00e9 et de la\u00efcit\u00e9 ne s\u2019opposent donc pas, par exemple, \u00e0 l\u2019\u00e9ligibilit\u00e9 d\u2019un pr\u00eatre, professeur des universit\u00e9s en th\u00e9ologie catholique, en qualit\u00e9 de pr\u00e9sident d\u2019universit\u00e9<sup>18<\/sup>.<\/p>\n\n\n\n<p>S&rsquo;agissant de la <strong>gestion de carri\u00e8re, <\/strong>dans cette logique de respect des convictions religieuses des agents, des autorisations d&rsquo;absence pour motifs confessionnels peuvent \u00eatre octroy\u00e9es. Le juge consid\u00e8re \u00ab\u00a0<em>que l\u2019institution par la loi de f\u00eates l\u00e9gales ne fait pas, en elle-m\u00eame, obstacle \u00e0 ce que, sous r\u00e9serve des n\u00e9cessit\u00e9s du fonctionnement normal du service, des autorisations d\u2019absence soient accord\u00e9es<br>\u00e0 des agents publics pour participer \u00e0 d\u2019autres f\u00eates religieuses correspondant \u00e0 leur confession.<\/em>\u00a0\u00bb<sup>19<\/sup><\/p>\n\n\n\n<p>Le sens et la port\u00e9e des dispositions l\u00e9gislatives consacrant la la\u00efcit\u00e9 du service public ont \u00e9t\u00e9 pr\u00e9cis\u00e9s par la circulaire du 17 mars 2017 qui, pour <strong>renforcer \u00ab\u00a0la culture de la la\u00efcit\u00e9 dans la fonction publique\u00a0\u00bb,<\/strong> a pr\u00e9vu la mise en place d\u203aun <strong>r\u00e9f\u00e9rent la\u00efcit\u00e9<\/strong> dans chaque administration, charg\u00e9 d&rsquo;accompagner les agents publics et les encadrants dans l\u203aexercice de leurs fonctions en mati\u00e8re de la\u00efcit\u00e9. <br><br>Comme le pr\u00e9conisait express\u00e9ment la circulaire, les fonctions de r\u00e9f\u00e9rents la\u00efcit\u00e9 ont souvent \u00e9t\u00e9 confi\u00e9es aux <strong>r\u00e9f\u00e9rents d\u00e9ontologues<\/strong> qui venaient de voir le jour avec la loi du 20 avril 2016. Le r\u00e9f\u00e9rent la\u00efcit\u00e9 a ensuite vu son existence consacr\u00e9e par la <strong>loi du 24 ao\u00fbt 2021. <\/strong><br><br>Aujourd\u2019hui, <strong>les administrations sont tenues de d\u00e9signer un r\u00e9f\u00e9rent la\u00efcit\u00e9, <\/strong>charg\u00e9 d\u2019apporter tout conseil utile au respect du principe de la\u00efcit\u00e9 \u00e0 tout agent public ou chef de service qui le consulte. Chaque ann\u00e9e, le 9 d\u00e9cembre, jour anniversaire de la loi du 9 d\u00e9cembre 1905 concernant la s\u00e9paration des \u00c9glises et de l\u2019\u00c9tat, il organise une <strong>journ\u00e9e la\u00efcit\u00e9<\/strong> (Art. L.124-2 CGFP). <br><br>Il dresse un rapport annuel d\u2019activit\u00e9 faisant l\u2019\u00e9tat des lieux de l\u2019application du principe de la\u00efcit\u00e9, des manquements constat\u00e9s dans le service et de l\u2019ensemble des actions men\u00e9es durant l\u2019ann\u00e9e. Une synth\u00e8se de ce rapport est adress\u00e9e aux membres du comit\u00e9 social ainsi qu\u2019au pr\u00e9fet ou \u00e0 l\u2019ARS selon le versant concern\u00e9.<sup>21<\/sup><\/p>\n\n\n\n<hr class=\"wp-block-separator has-alpha-channel-opacity\"\/>\n\n\n\n<h2 style=\"color:#D10016\"><strong>R\u00e9f\u00e9rences&nbsp;:<\/strong><\/h2>\n\n\n\n<ol>\n<li>La CJUE est charg\u00e9e d\u2019assurer le respect du droit dans l\u2019interpr\u00e9tation et l\u2019application des trait\u00e9s. Compos\u00e9e d\u2019autant de juges que d\u2019\u00c9tats membres et de 11 avocats g\u00e9n\u00e9raux, nomm\u00e9s d\u2019un commun accord par les \u00c9tats et ind\u00e9pendants, la Cour a de nombreuses comp\u00e9tences (elle peut, par ex., annuler un acte du Conseil ou de la Commission, constater le manquement par un \u00c9tat \u00e0 l\u2019une des obligations lui incombant, interpr\u00e9ter, sur renvoi pr\u00e9judiciel des juridictions nationales, les trait\u00e9s et actes de droit d\u00e9riv\u00e9\u2026). Rendant environ 800 arr\u00eats par an, la Cour qui si\u00e8ge \u00e0 Luxembourg est devenue une sorte de Cour supr\u00eame europ\u00e9enne, surtout du fait du renvoi pr\u00e9judiciel (plus de 500 affaires par an) ; par ailleurs, elle statue souvent \u00e0 la mani\u00e8re d\u2019un juge constitutionnel dans le contentieux opposant les \u00c9tats aux institutions de l\u2019Union ou celles-ci entre elles. Elle a exerc\u00e9 un r\u00f4le moteur dans la construction europ\u00e9enne par une interpr\u00e9tation souvent extensive des comp\u00e9tences de l\u2019Union et par l\u2019unit\u00e9 assur\u00e9e au droit de l\u2019Union.<\/li>\n<li>CJUE, 28 novembre 2023, n\u00b0C-148\/22<\/li>\n<li>Les arr\u00eats interpr\u00e9tatifs de la Cour de Justice de l\u2019Union europ\u00e9enne, saisie par renvoi pr\u00e9judiciel d\u2019une juridiction nationale, ont force obligatoire \u00e0 l\u2019\u00e9gard de cette juridiction et, au-del\u00e0, \u00e0 l\u2019\u00e9gard de toutes les autres juridictions nationales appel\u00e9es \u00e0 faire application des r\u00e8gles interpr\u00e9t\u00e9es.<\/li>\n<li>Soc., 19 mars 2013, n\u00b0 12-11690, Mme X. c\/ CPAM de Seine-St-Denis<\/li>\n<li>CEDH, 26 novembre 2015, Ebrahimian c. France, n\u00b0 64846\/11<\/li>\n<li>CE Sect. 15 janv. 1993, 63044 66929<\/li>\n<li>TA Montreuil, 22 nov. 2011, req. n\u00b0 1012015<\/li>\n<li>TA Nice, 9 juin 2015, req. n\u00b0 1305386<\/li>\n<li>CE, 15 octobre 2003, n\u00b0 244428<\/li>\n<li>CE, 19 f\u00e9vrier 2009, n\u00b0 311633<\/li>\n<li>CAA de Versailles, 30 juin 2016, n\u00b0 15VE00140<\/li>\n<li>CE 25 juill. 1939, Dlle Beis, Lebon 524<\/li>\n<li>CE 8 &#8211;. 1948, Dlle Pasteau, Lebon 463 ; CE 4 mai 1948, Connet<\/li>\n<li>CE 28 avr. 1938, Dlle Weiss, Lebon 379 ; CE 3 mars 1950, Dlle Jamet, Lebon 247<\/li>\n<li>CE 10 avr. 2009, n\u00b0 311888<\/li>\n<li>CE, avis, 21 sept. 1972 concernant l\u2019ill\u00e9galit\u00e9 du refus oppos\u00e9 \u00e0 la candidature d\u2019un eccl\u00e9siastique au concours d\u2019agr\u00e9gation d\u2019anglais, pour \u00eatre affect\u00e9 dans un \u00e9tablissement priv\u00e9 d\u2019enseignement sous contrat<\/li>\n<li>CE, avis, 3 mai 2000, Melle Marteaux<\/li>\n<li>TA Strasbourg, 14 d\u00e9c. 2017, req. n\u00b0 1703016<\/li>\n<li>CE 12 f\u00e9vr. 1997, Delle Henny, Lebon ; CAA Paris, 22 mars 2001, Crouzat, req. n\u00b0 99PA02621<\/li>\n<li>Loi n\u00b0 2021-1109 du 24 ao\u00fbt 2021<\/li>\n<li>D\u00e9cret n\u00b0 2021-1802 relatif au r\u00e9f\u00e9rent la\u00efcit\u00e9 dans la Fonction Publique.<\/li>\n<\/ol>\n\n\n\n<p><\/p>\n","protected":false},"excerpt":{"rendered":"<p>Dans cette affaire, une employ\u00e9e de commune en Belgique s\u2019est vu interdire le port du foulard islamique sur son lieu de travail alors qu\u2019elle exer\u00e7ait des fonctions de chef de bureau, principalement sans contact avec les usagers. Dans la foul\u00e9e, la commune a modifi\u00e9 son r\u00e8glement de travail pour imposer \u00e0 ses agents de respecter [&hellip;]<\/p>\n","protected":false},"author":32,"featured_media":38656,"comment_status":"open","ping_status":"open","sticky":false,"template":"","format":"standard","meta":{"_acf_changed":false,"_mi_skip_tracking":false,"footnotes":""},"categories":[12,6],"tags":[],"class_list":["post-38564","post","type-post","status-publish","format-standard","has-post-thumbnail","hentry","category-actualites","category-fonction-publique"],"acf":[],"yoast_head":"<!-- This site is optimized with the Yoast SEO plugin v23.4 - https:\/\/yoast.com\/wordpress\/plugins\/seo\/ -->\n<title>La\u00efcit\u00e9 dans la fonction publique : les derni\u00e8res actualit\u00e9s - Le Blog GERESO<\/title>\n<meta name=\"robots\" content=\"index, follow, max-snippet:-1, max-image-preview:large, max-video-preview:-1\" \/>\n<link rel=\"canonical\" href=\"https:\/\/www.gereso.com\/actualites\/2024\/01\/08\/laicite-fonction-publique-dernieres-actualites\/\" \/>\n<meta property=\"og:locale\" content=\"fr_FR\" \/>\n<meta property=\"og:type\" content=\"article\" \/>\n<meta property=\"og:title\" content=\"La\u00efcit\u00e9 dans la fonction publique : les derni\u00e8res actualit\u00e9s - Le Blog GERESO\" \/>\n<meta property=\"og:description\" content=\"Dans cette affaire, une employ\u00e9e de commune en Belgique s\u2019est vu interdire le port du foulard islamique sur son lieu de travail alors qu\u2019elle exer\u00e7ait des fonctions de chef de bureau, principalement sans contact avec les usagers. Dans la foul\u00e9e, la commune a modifi\u00e9 son r\u00e8glement de travail pour imposer \u00e0 ses agents de respecter [&hellip;]\" \/>\n<meta property=\"og:url\" content=\"https:\/\/www.gereso.com\/actualites\/2024\/01\/08\/laicite-fonction-publique-dernieres-actualites\/\" \/>\n<meta property=\"og:site_name\" content=\"Le Blog GERESO\" \/>\n<meta property=\"article:published_time\" content=\"2024-01-08T13:52:26+00:00\" \/>\n<meta property=\"article:modified_time\" content=\"2024-02-05T10:52:41+00:00\" \/>\n<meta property=\"og:image\" content=\"https:\/\/www.gereso.com\/actualites\/wp-content\/uploads\/2024\/01\/referent-laicite-fonction-publique.jpg\" \/>\n\t<meta property=\"og:image:width\" content=\"600\" \/>\n\t<meta property=\"og:image:height\" content=\"400\" \/>\n\t<meta property=\"og:image:type\" content=\"image\/jpeg\" \/>\n<meta name=\"author\" content=\"\u00c9quipe GERESO\" \/>\n<meta name=\"twitter:card\" content=\"summary_large_image\" \/>\n<script type=\"application\/ld+json\" class=\"yoast-schema-graph\">{\"@context\":\"https:\/\/schema.org\",\"@graph\":[{\"@type\":\"WebPage\",\"@id\":\"https:\/\/www.gereso.com\/actualites\/2024\/01\/08\/laicite-fonction-publique-dernieres-actualites\/\",\"url\":\"https:\/\/www.gereso.com\/actualites\/2024\/01\/08\/laicite-fonction-publique-dernieres-actualites\/\",\"name\":\"La\u00efcit\u00e9 dans la fonction publique : les derni\u00e8res actualit\u00e9s - Le Blog GERESO\",\"isPartOf\":{\"@id\":\"https:\/\/www.gereso.com\/actualites\/#website\"},\"primaryImageOfPage\":{\"@id\":\"https:\/\/www.gereso.com\/actualites\/2024\/01\/08\/laicite-fonction-publique-dernieres-actualites\/#primaryimage\"},\"image\":{\"@id\":\"https:\/\/www.gereso.com\/actualites\/2024\/01\/08\/laicite-fonction-publique-dernieres-actualites\/#primaryimage\"},\"thumbnailUrl\":\"https:\/\/www.gereso.com\/actualites\/wp-content\/uploads\/2024\/01\/referent-laicite-fonction-publique.jpg\",\"datePublished\":\"2024-01-08T13:52:26+00:00\",\"dateModified\":\"2024-02-05T10:52:41+00:00\",\"author\":{\"@id\":\"https:\/\/www.gereso.com\/actualites\/#\/schema\/person\/197d8aef40cb4ae3f6a0aa9e1d3df2a6\"},\"breadcrumb\":{\"@id\":\"https:\/\/www.gereso.com\/actualites\/2024\/01\/08\/laicite-fonction-publique-dernieres-actualites\/#breadcrumb\"},\"inLanguage\":\"fr-FR\",\"potentialAction\":[{\"@type\":\"ReadAction\",\"target\":[\"https:\/\/www.gereso.com\/actualites\/2024\/01\/08\/laicite-fonction-publique-dernieres-actualites\/\"]}]},{\"@type\":\"ImageObject\",\"inLanguage\":\"fr-FR\",\"@id\":\"https:\/\/www.gereso.com\/actualites\/2024\/01\/08\/laicite-fonction-publique-dernieres-actualites\/#primaryimage\",\"url\":\"https:\/\/www.gereso.com\/actualites\/wp-content\/uploads\/2024\/01\/referent-laicite-fonction-publique.jpg\",\"contentUrl\":\"https:\/\/www.gereso.com\/actualites\/wp-content\/uploads\/2024\/01\/referent-laicite-fonction-publique.jpg\",\"width\":600,\"height\":400,\"caption\":\"La\u00efcit\u00e9 dans la fonction publique : les derni\u00e8res actualit\u00e9s\"},{\"@type\":\"BreadcrumbList\",\"@id\":\"https:\/\/www.gereso.com\/actualites\/2024\/01\/08\/laicite-fonction-publique-dernieres-actualites\/#breadcrumb\",\"itemListElement\":[{\"@type\":\"ListItem\",\"position\":1,\"name\":\"Home\",\"item\":\"https:\/\/www.gereso.com\/actualites\/\"},{\"@type\":\"ListItem\",\"position\":2,\"name\":\"La\u00efcit\u00e9 dans la fonction publique : les derni\u00e8res actualit\u00e9s\"}]},{\"@type\":\"WebSite\",\"@id\":\"https:\/\/www.gereso.com\/actualites\/#website\",\"url\":\"https:\/\/www.gereso.com\/actualites\/\",\"name\":\"Le Blog GERESO\",\"description\":\"Toute l&#039;actu RH, Finance, Fonction Publique, Management...\",\"potentialAction\":[{\"@type\":\"SearchAction\",\"target\":{\"@type\":\"EntryPoint\",\"urlTemplate\":\"https:\/\/www.gereso.com\/actualites\/?s={search_term_string}\"},\"query-input\":{\"@type\":\"PropertyValueSpecification\",\"valueRequired\":true,\"valueName\":\"search_term_string\"}}],\"inLanguage\":\"fr-FR\"},{\"@type\":\"Person\",\"@id\":\"https:\/\/www.gereso.com\/actualites\/#\/schema\/person\/197d8aef40cb4ae3f6a0aa9e1d3df2a6\",\"name\":\"\u00c9quipe GERESO\",\"image\":{\"@type\":\"ImageObject\",\"inLanguage\":\"fr-FR\",\"@id\":\"https:\/\/www.gereso.com\/actualites\/#\/schema\/person\/image\/\",\"url\":\"https:\/\/www.gereso.com\/actualites\/wp-content\/uploads\/2013\/12\/avatar-gereso-1.png\",\"contentUrl\":\"https:\/\/www.gereso.com\/actualites\/wp-content\/uploads\/2013\/12\/avatar-gereso-1.png\",\"caption\":\"\u00c9quipe GERESO\"},\"url\":\"https:\/\/www.gereso.com\/actualites\/author\/gereso\/\"}]}<\/script>\n<!-- \/ Yoast SEO plugin. -->","yoast_head_json":{"title":"La\u00efcit\u00e9 dans la fonction publique : les derni\u00e8res actualit\u00e9s - Le Blog GERESO","robots":{"index":"index","follow":"follow","max-snippet":"max-snippet:-1","max-image-preview":"max-image-preview:large","max-video-preview":"max-video-preview:-1"},"canonical":"https:\/\/www.gereso.com\/actualites\/2024\/01\/08\/laicite-fonction-publique-dernieres-actualites\/","og_locale":"fr_FR","og_type":"article","og_title":"La\u00efcit\u00e9 dans la fonction publique : les derni\u00e8res actualit\u00e9s - Le Blog GERESO","og_description":"Dans cette affaire, une employ\u00e9e de commune en Belgique s\u2019est vu interdire le port du foulard islamique sur son lieu de travail alors qu\u2019elle exer\u00e7ait des fonctions de chef de bureau, principalement sans contact avec les usagers. Dans la foul\u00e9e, la commune a modifi\u00e9 son r\u00e8glement de travail pour imposer \u00e0 ses agents de respecter [&hellip;]","og_url":"https:\/\/www.gereso.com\/actualites\/2024\/01\/08\/laicite-fonction-publique-dernieres-actualites\/","og_site_name":"Le Blog GERESO","article_published_time":"2024-01-08T13:52:26+00:00","article_modified_time":"2024-02-05T10:52:41+00:00","og_image":[{"width":600,"height":400,"url":"https:\/\/www.gereso.com\/actualites\/wp-content\/uploads\/2024\/01\/referent-laicite-fonction-publique.jpg","type":"image\/jpeg"}],"author":"\u00c9quipe GERESO","twitter_card":"summary_large_image","schema":{"@context":"https:\/\/schema.org","@graph":[{"@type":"WebPage","@id":"https:\/\/www.gereso.com\/actualites\/2024\/01\/08\/laicite-fonction-publique-dernieres-actualites\/","url":"https:\/\/www.gereso.com\/actualites\/2024\/01\/08\/laicite-fonction-publique-dernieres-actualites\/","name":"La\u00efcit\u00e9 dans la fonction publique : les derni\u00e8res actualit\u00e9s - Le Blog GERESO","isPartOf":{"@id":"https:\/\/www.gereso.com\/actualites\/#website"},"primaryImageOfPage":{"@id":"https:\/\/www.gereso.com\/actualites\/2024\/01\/08\/laicite-fonction-publique-dernieres-actualites\/#primaryimage"},"image":{"@id":"https:\/\/www.gereso.com\/actualites\/2024\/01\/08\/laicite-fonction-publique-dernieres-actualites\/#primaryimage"},"thumbnailUrl":"https:\/\/www.gereso.com\/actualites\/wp-content\/uploads\/2024\/01\/referent-laicite-fonction-publique.jpg","datePublished":"2024-01-08T13:52:26+00:00","dateModified":"2024-02-05T10:52:41+00:00","author":{"@id":"https:\/\/www.gereso.com\/actualites\/#\/schema\/person\/197d8aef40cb4ae3f6a0aa9e1d3df2a6"},"breadcrumb":{"@id":"https:\/\/www.gereso.com\/actualites\/2024\/01\/08\/laicite-fonction-publique-dernieres-actualites\/#breadcrumb"},"inLanguage":"fr-FR","potentialAction":[{"@type":"ReadAction","target":["https:\/\/www.gereso.com\/actualites\/2024\/01\/08\/laicite-fonction-publique-dernieres-actualites\/"]}]},{"@type":"ImageObject","inLanguage":"fr-FR","@id":"https:\/\/www.gereso.com\/actualites\/2024\/01\/08\/laicite-fonction-publique-dernieres-actualites\/#primaryimage","url":"https:\/\/www.gereso.com\/actualites\/wp-content\/uploads\/2024\/01\/referent-laicite-fonction-publique.jpg","contentUrl":"https:\/\/www.gereso.com\/actualites\/wp-content\/uploads\/2024\/01\/referent-laicite-fonction-publique.jpg","width":600,"height":400,"caption":"La\u00efcit\u00e9 dans la fonction publique : les derni\u00e8res actualit\u00e9s"},{"@type":"BreadcrumbList","@id":"https:\/\/www.gereso.com\/actualites\/2024\/01\/08\/laicite-fonction-publique-dernieres-actualites\/#breadcrumb","itemListElement":[{"@type":"ListItem","position":1,"name":"Home","item":"https:\/\/www.gereso.com\/actualites\/"},{"@type":"ListItem","position":2,"name":"La\u00efcit\u00e9 dans la fonction publique : les derni\u00e8res actualit\u00e9s"}]},{"@type":"WebSite","@id":"https:\/\/www.gereso.com\/actualites\/#website","url":"https:\/\/www.gereso.com\/actualites\/","name":"Le Blog GERESO","description":"Toute l&#039;actu RH, Finance, Fonction Publique, Management...","potentialAction":[{"@type":"SearchAction","target":{"@type":"EntryPoint","urlTemplate":"https:\/\/www.gereso.com\/actualites\/?s={search_term_string}"},"query-input":{"@type":"PropertyValueSpecification","valueRequired":true,"valueName":"search_term_string"}}],"inLanguage":"fr-FR"},{"@type":"Person","@id":"https:\/\/www.gereso.com\/actualites\/#\/schema\/person\/197d8aef40cb4ae3f6a0aa9e1d3df2a6","name":"\u00c9quipe GERESO","image":{"@type":"ImageObject","inLanguage":"fr-FR","@id":"https:\/\/www.gereso.com\/actualites\/#\/schema\/person\/image\/","url":"https:\/\/www.gereso.com\/actualites\/wp-content\/uploads\/2013\/12\/avatar-gereso-1.png","contentUrl":"https:\/\/www.gereso.com\/actualites\/wp-content\/uploads\/2013\/12\/avatar-gereso-1.png","caption":"\u00c9quipe GERESO"},"url":"https:\/\/www.gereso.com\/actualites\/author\/gereso\/"}]}},"_links":{"self":[{"href":"https:\/\/www.gereso.com\/actualites\/wp-json\/wp\/v2\/posts\/38564","targetHints":{"allow":["GET"]}}],"collection":[{"href":"https:\/\/www.gereso.com\/actualites\/wp-json\/wp\/v2\/posts"}],"about":[{"href":"https:\/\/www.gereso.com\/actualites\/wp-json\/wp\/v2\/types\/post"}],"author":[{"embeddable":true,"href":"https:\/\/www.gereso.com\/actualites\/wp-json\/wp\/v2\/users\/32"}],"replies":[{"embeddable":true,"href":"https:\/\/www.gereso.com\/actualites\/wp-json\/wp\/v2\/comments?post=38564"}],"version-history":[{"count":91,"href":"https:\/\/www.gereso.com\/actualites\/wp-json\/wp\/v2\/posts\/38564\/revisions"}],"predecessor-version":[{"id":39277,"href":"https:\/\/www.gereso.com\/actualites\/wp-json\/wp\/v2\/posts\/38564\/revisions\/39277"}],"wp:featuredmedia":[{"embeddable":true,"href":"https:\/\/www.gereso.com\/actualites\/wp-json\/wp\/v2\/media\/38656"}],"wp:attachment":[{"href":"https:\/\/www.gereso.com\/actualites\/wp-json\/wp\/v2\/media?parent=38564"}],"wp:term":[{"taxonomy":"category","embeddable":true,"href":"https:\/\/www.gereso.com\/actualites\/wp-json\/wp\/v2\/categories?post=38564"},{"taxonomy":"post_tag","embeddable":true,"href":"https:\/\/www.gereso.com\/actualites\/wp-json\/wp\/v2\/tags?post=38564"}],"curies":[{"name":"wp","href":"https:\/\/api.w.org\/{rel}","templated":true}]}}