{"id":3865,"date":"2015-04-07T17:52:43","date_gmt":"2015-04-07T15:52:43","guid":{"rendered":"https:\/\/www.gereso.com\/actualites\/?p=3865"},"modified":"2015-04-07T17:52:43","modified_gmt":"2015-04-07T15:52:43","slug":"lentretien-professionnel","status":"publish","type":"post","link":"https:\/\/www.gereso.com\/actualites\/2015\/04\/07\/lentretien-professionnel\/","title":{"rendered":"L\u2019entretien professionnel"},"content":{"rendered":"<p style=\"text-align: justify;\">Vous travaillez dans le service des ressources humaines et vous allez bient\u00f4t devoir mettre en place les premiers <strong>entretiens professionnels<\/strong> dans votre entreprise\u00a0? D\u00e9couvrez plus d\u2019informations sur ce point de la r\u00e9forme 2014\u00a0:<\/p>\n<p style=\"text-align: justify;\"><!--more--><\/p>\n<figure id=\"attachment_3894\" aria-describedby=\"caption-attachment-3894\" style=\"width: 520px\" class=\"wp-caption aligncenter\"><img fetchpriority=\"high\" decoding=\"async\" class=\"size-full wp-image-3894\" src=\"https:\/\/www.gereso.com\/actualites\/wp-content\/uploads\/2015\/03\/entretien-professionnel-1.jpg\" alt=\"L'entretien professionnel\" width=\"520\" height=\"347\" srcset=\"https:\/\/www.gereso.com\/actualites\/wp-content\/uploads\/2015\/03\/entretien-professionnel-1.jpg 520w, https:\/\/www.gereso.com\/actualites\/wp-content\/uploads\/2015\/03\/entretien-professionnel-1-300x200.jpg 300w\" sizes=\"(max-width: 520px) 100vw, 520px\" \/><figcaption id=\"caption-attachment-3894\" class=\"wp-caption-text\">L&rsquo;entretien professionnel<\/figcaption><\/figure>\n<h2 style=\"text-align: justify;\"><strong>La r\u00e9forme de la formation 2014<\/strong><\/h2>\n<p style=\"text-align: justify;\">Une nouvelle <strong>r\u00e9forme de la formation<\/strong> a \u00e9t\u00e9 vot\u00e9e en 2014. Parmi les nombreuses d\u00e9cisions qui ont \u00e9t\u00e9 prises, il y a notamment la mise en place de l\u2019entretien professionnel en entreprise. C\u2019est sur ce point dont nous allons nous int\u00e9resser dans cet article, car il s\u2019agit d\u2019une initiative aussi importante pour les employeurs que pour les salari\u00e9s.<\/p>\n<h2 style=\"text-align: justify;\"><strong>Qu\u2019est-ce que l\u2019entretien professionnel\u00a0?<\/strong><\/h2>\n<p style=\"text-align: justify;\">Avant tout, il ne faut pas confondre l\u2019entretien professionnel avec l\u2019entretien annuel et d\u2019\u00e9valuation. En effet, l\u2019objectif de l\u2019entretien professionnel est clair\u00a0: il doit permettre de faire le point sur les perspectives d\u2019\u00e9volution professionnelle d\u2019un salari\u00e9 et d\u2019en retirer un plan d\u2019actions. Les perspectives d\u2019\u00e9volution qui sont concern\u00e9es peuvent tout aussi bien \u00eatre la mobilit\u00e9 internationale, le besoin en formation ou encore le changement de poste.<\/p>\n<h2 style=\"text-align: justify;\"><strong>Quelles sont les modalit\u00e9s d\u2019application de cet entretien en entreprise\u00a0?<\/strong><\/h2>\n<p style=\"text-align: justify;\">Cet entretien doit avoir lieu tous les 2 ans dans les entreprises. Il s\u2019agit d\u2019une obligation depuis le 1<sup>er<\/sup> janvier 2015. Les soci\u00e9t\u00e9s qui ne respectent pas cette obligation seront soumises \u00e0 des sanctions. Il faut savoir que c\u2019est le responsable RH ou le manager qui doit \u00eatre \u00e0 l\u2019origine de l\u2019organisation de cette entrevue.<\/p>\n<p style=\"text-align: justify;\">Pour y voir plus clair, GERESO propose maintenant une <a title=\"formation entretien professionnel\" href=\"http:\/\/www.gereso.com\/formations\/ressources-humaines\/formation-entretien-professionnel\" target=\"_blank\">formation sur l\u2019entretien professionnel<\/a>\u00a0: en tant que responsable RH ou manager, vous pourrez donc faire le point sur les tenants et les aboutissants de la r\u00e9forme 2014 sur la formation.<\/p>\n<p>&nbsp;<\/p>\n","protected":false},"excerpt":{"rendered":"<p>Vous travaillez dans le service des ressources humaines et vous allez bient\u00f4t devoir mettre en place les premiers entretiens professionnels dans votre entreprise\u00a0? D\u00e9couvrez plus d\u2019informations sur ce point de la r\u00e9forme 2014\u00a0:<\/p>\n","protected":false},"author":32,"featured_media":3894,"comment_status":"open","ping_status":"open","sticky":false,"template":"","format":"standard","meta":{"_acf_changed":false,"_mi_skip_tracking":false,"footnotes":""},"categories":[2],"tags":[580,311],"class_list":["post-3865","post","type-post","status-publish","format-standard","has-post-thumbnail","hentry","category-ressources-humaines","tag-entretien-professionnel","tag-reforme-de-la-formation"],"acf":[],"yoast_head":"<!-- This site is optimized with the Yoast SEO plugin v23.4 - https:\/\/yoast.com\/wordpress\/plugins\/seo\/ -->\n<title>L\u2019entretien professionnel - Le Blog GERESO<\/title>\n<meta name=\"robots\" content=\"index, follow, max-snippet:-1, max-image-preview:large, max-video-preview:-1\" \/>\n<link rel=\"canonical\" href=\"https:\/\/www.gereso.com\/actualites\/2015\/04\/07\/lentretien-professionnel\/\" \/>\n<meta property=\"og:locale\" content=\"fr_FR\" \/>\n<meta property=\"og:type\" content=\"article\" \/>\n<meta property=\"og:title\" content=\"L\u2019entretien professionnel - Le Blog GERESO\" \/>\n<meta property=\"og:description\" content=\"Vous travaillez dans le service des ressources humaines et vous allez bient\u00f4t devoir mettre en place les premiers entretiens professionnels dans votre entreprise\u00a0? D\u00e9couvrez plus d\u2019informations sur ce point de la r\u00e9forme 2014\u00a0:\" \/>\n<meta property=\"og:url\" content=\"https:\/\/www.gereso.com\/actualites\/2015\/04\/07\/lentretien-professionnel\/\" \/>\n<meta property=\"og:site_name\" content=\"Le Blog GERESO\" \/>\n<meta property=\"article:published_time\" content=\"2015-04-07T15:52:43+00:00\" \/>\n<meta property=\"og:image\" content=\"https:\/\/www.gereso.com\/actualites\/wp-content\/uploads\/2015\/03\/entretien-professionnel-1.jpg\" \/>\n\t<meta property=\"og:image:width\" content=\"520\" \/>\n\t<meta property=\"og:image:height\" content=\"347\" \/>\n\t<meta property=\"og:image:type\" content=\"image\/jpeg\" \/>\n<meta name=\"author\" content=\"\u00c9quipe GERESO\" \/>\n<meta name=\"twitter:card\" content=\"summary_large_image\" \/>\n<script type=\"application\/ld+json\" class=\"yoast-schema-graph\">{\"@context\":\"https:\/\/schema.org\",\"@graph\":[{\"@type\":\"WebPage\",\"@id\":\"https:\/\/www.gereso.com\/actualites\/2015\/04\/07\/lentretien-professionnel\/\",\"url\":\"https:\/\/www.gereso.com\/actualites\/2015\/04\/07\/lentretien-professionnel\/\",\"name\":\"L\u2019entretien professionnel - Le Blog GERESO\",\"isPartOf\":{\"@id\":\"https:\/\/www.gereso.com\/actualites\/#website\"},\"primaryImageOfPage\":{\"@id\":\"https:\/\/www.gereso.com\/actualites\/2015\/04\/07\/lentretien-professionnel\/#primaryimage\"},\"image\":{\"@id\":\"https:\/\/www.gereso.com\/actualites\/2015\/04\/07\/lentretien-professionnel\/#primaryimage\"},\"thumbnailUrl\":\"https:\/\/www.gereso.com\/actualites\/wp-content\/uploads\/2015\/03\/entretien-professionnel-1.jpg\",\"datePublished\":\"2015-04-07T15:52:43+00:00\",\"dateModified\":\"2015-04-07T15:52:43+00:00\",\"author\":{\"@id\":\"https:\/\/www.gereso.com\/actualites\/#\/schema\/person\/197d8aef40cb4ae3f6a0aa9e1d3df2a6\"},\"breadcrumb\":{\"@id\":\"https:\/\/www.gereso.com\/actualites\/2015\/04\/07\/lentretien-professionnel\/#breadcrumb\"},\"inLanguage\":\"fr-FR\",\"potentialAction\":[{\"@type\":\"ReadAction\",\"target\":[\"https:\/\/www.gereso.com\/actualites\/2015\/04\/07\/lentretien-professionnel\/\"]}]},{\"@type\":\"ImageObject\",\"inLanguage\":\"fr-FR\",\"@id\":\"https:\/\/www.gereso.com\/actualites\/2015\/04\/07\/lentretien-professionnel\/#primaryimage\",\"url\":\"https:\/\/www.gereso.com\/actualites\/wp-content\/uploads\/2015\/03\/entretien-professionnel-1.jpg\",\"contentUrl\":\"https:\/\/www.gereso.com\/actualites\/wp-content\/uploads\/2015\/03\/entretien-professionnel-1.jpg\",\"width\":520,\"height\":347,\"caption\":\"L'entretien d'\u00e9valuation\"},{\"@type\":\"BreadcrumbList\",\"@id\":\"https:\/\/www.gereso.com\/actualites\/2015\/04\/07\/lentretien-professionnel\/#breadcrumb\",\"itemListElement\":[{\"@type\":\"ListItem\",\"position\":1,\"name\":\"Home\",\"item\":\"https:\/\/www.gereso.com\/actualites\/\"},{\"@type\":\"ListItem\",\"position\":2,\"name\":\"L\u2019entretien professionnel\"}]},{\"@type\":\"WebSite\",\"@id\":\"https:\/\/www.gereso.com\/actualites\/#website\",\"url\":\"https:\/\/www.gereso.com\/actualites\/\",\"name\":\"Le Blog GERESO\",\"description\":\"Toute l&#039;actu RH, Finance, Fonction Publique, Management...\",\"potentialAction\":[{\"@type\":\"SearchAction\",\"target\":{\"@type\":\"EntryPoint\",\"urlTemplate\":\"https:\/\/www.gereso.com\/actualites\/?s={search_term_string}\"},\"query-input\":{\"@type\":\"PropertyValueSpecification\",\"valueRequired\":true,\"valueName\":\"search_term_string\"}}],\"inLanguage\":\"fr-FR\"},{\"@type\":\"Person\",\"@id\":\"https:\/\/www.gereso.com\/actualites\/#\/schema\/person\/197d8aef40cb4ae3f6a0aa9e1d3df2a6\",\"name\":\"\u00c9quipe GERESO\",\"image\":{\"@type\":\"ImageObject\",\"inLanguage\":\"fr-FR\",\"@id\":\"https:\/\/www.gereso.com\/actualites\/#\/schema\/person\/image\/\",\"url\":\"https:\/\/www.gereso.com\/actualites\/wp-content\/uploads\/2013\/12\/avatar-gereso-1.png\",\"contentUrl\":\"https:\/\/www.gereso.com\/actualites\/wp-content\/uploads\/2013\/12\/avatar-gereso-1.png\",\"caption\":\"\u00c9quipe GERESO\"},\"url\":\"https:\/\/www.gereso.com\/actualites\/author\/gereso\/\"}]}<\/script>\n<!-- \/ Yoast SEO plugin. -->","yoast_head_json":{"title":"L\u2019entretien professionnel - Le Blog GERESO","robots":{"index":"index","follow":"follow","max-snippet":"max-snippet:-1","max-image-preview":"max-image-preview:large","max-video-preview":"max-video-preview:-1"},"canonical":"https:\/\/www.gereso.com\/actualites\/2015\/04\/07\/lentretien-professionnel\/","og_locale":"fr_FR","og_type":"article","og_title":"L\u2019entretien professionnel - Le Blog GERESO","og_description":"Vous travaillez dans le service des ressources humaines et vous allez bient\u00f4t devoir mettre en place les premiers entretiens professionnels dans votre entreprise\u00a0? D\u00e9couvrez plus d\u2019informations sur ce point de la r\u00e9forme 2014\u00a0:","og_url":"https:\/\/www.gereso.com\/actualites\/2015\/04\/07\/lentretien-professionnel\/","og_site_name":"Le Blog GERESO","article_published_time":"2015-04-07T15:52:43+00:00","og_image":[{"width":520,"height":347,"url":"https:\/\/www.gereso.com\/actualites\/wp-content\/uploads\/2015\/03\/entretien-professionnel-1.jpg","type":"image\/jpeg"}],"author":"\u00c9quipe GERESO","twitter_card":"summary_large_image","schema":{"@context":"https:\/\/schema.org","@graph":[{"@type":"WebPage","@id":"https:\/\/www.gereso.com\/actualites\/2015\/04\/07\/lentretien-professionnel\/","url":"https:\/\/www.gereso.com\/actualites\/2015\/04\/07\/lentretien-professionnel\/","name":"L\u2019entretien professionnel - Le Blog GERESO","isPartOf":{"@id":"https:\/\/www.gereso.com\/actualites\/#website"},"primaryImageOfPage":{"@id":"https:\/\/www.gereso.com\/actualites\/2015\/04\/07\/lentretien-professionnel\/#primaryimage"},"image":{"@id":"https:\/\/www.gereso.com\/actualites\/2015\/04\/07\/lentretien-professionnel\/#primaryimage"},"thumbnailUrl":"https:\/\/www.gereso.com\/actualites\/wp-content\/uploads\/2015\/03\/entretien-professionnel-1.jpg","datePublished":"2015-04-07T15:52:43+00:00","dateModified":"2015-04-07T15:52:43+00:00","author":{"@id":"https:\/\/www.gereso.com\/actualites\/#\/schema\/person\/197d8aef40cb4ae3f6a0aa9e1d3df2a6"},"breadcrumb":{"@id":"https:\/\/www.gereso.com\/actualites\/2015\/04\/07\/lentretien-professionnel\/#breadcrumb"},"inLanguage":"fr-FR","potentialAction":[{"@type":"ReadAction","target":["https:\/\/www.gereso.com\/actualites\/2015\/04\/07\/lentretien-professionnel\/"]}]},{"@type":"ImageObject","inLanguage":"fr-FR","@id":"https:\/\/www.gereso.com\/actualites\/2015\/04\/07\/lentretien-professionnel\/#primaryimage","url":"https:\/\/www.gereso.com\/actualites\/wp-content\/uploads\/2015\/03\/entretien-professionnel-1.jpg","contentUrl":"https:\/\/www.gereso.com\/actualites\/wp-content\/uploads\/2015\/03\/entretien-professionnel-1.jpg","width":520,"height":347,"caption":"L'entretien d'\u00e9valuation"},{"@type":"BreadcrumbList","@id":"https:\/\/www.gereso.com\/actualites\/2015\/04\/07\/lentretien-professionnel\/#breadcrumb","itemListElement":[{"@type":"ListItem","position":1,"name":"Home","item":"https:\/\/www.gereso.com\/actualites\/"},{"@type":"ListItem","position":2,"name":"L\u2019entretien professionnel"}]},{"@type":"WebSite","@id":"https:\/\/www.gereso.com\/actualites\/#website","url":"https:\/\/www.gereso.com\/actualites\/","name":"Le Blog GERESO","description":"Toute l&#039;actu RH, Finance, Fonction Publique, Management...","potentialAction":[{"@type":"SearchAction","target":{"@type":"EntryPoint","urlTemplate":"https:\/\/www.gereso.com\/actualites\/?s={search_term_string}"},"query-input":{"@type":"PropertyValueSpecification","valueRequired":true,"valueName":"search_term_string"}}],"inLanguage":"fr-FR"},{"@type":"Person","@id":"https:\/\/www.gereso.com\/actualites\/#\/schema\/person\/197d8aef40cb4ae3f6a0aa9e1d3df2a6","name":"\u00c9quipe GERESO","image":{"@type":"ImageObject","inLanguage":"fr-FR","@id":"https:\/\/www.gereso.com\/actualites\/#\/schema\/person\/image\/","url":"https:\/\/www.gereso.com\/actualites\/wp-content\/uploads\/2013\/12\/avatar-gereso-1.png","contentUrl":"https:\/\/www.gereso.com\/actualites\/wp-content\/uploads\/2013\/12\/avatar-gereso-1.png","caption":"\u00c9quipe GERESO"},"url":"https:\/\/www.gereso.com\/actualites\/author\/gereso\/"}]}},"_links":{"self":[{"href":"https:\/\/www.gereso.com\/actualites\/wp-json\/wp\/v2\/posts\/3865","targetHints":{"allow":["GET"]}}],"collection":[{"href":"https:\/\/www.gereso.com\/actualites\/wp-json\/wp\/v2\/posts"}],"about":[{"href":"https:\/\/www.gereso.com\/actualites\/wp-json\/wp\/v2\/types\/post"}],"author":[{"embeddable":true,"href":"https:\/\/www.gereso.com\/actualites\/wp-json\/wp\/v2\/users\/32"}],"replies":[{"embeddable":true,"href":"https:\/\/www.gereso.com\/actualites\/wp-json\/wp\/v2\/comments?post=3865"}],"version-history":[{"count":0,"href":"https:\/\/www.gereso.com\/actualites\/wp-json\/wp\/v2\/posts\/3865\/revisions"}],"wp:featuredmedia":[{"embeddable":true,"href":"https:\/\/www.gereso.com\/actualites\/wp-json\/wp\/v2\/media\/3894"}],"wp:attachment":[{"href":"https:\/\/www.gereso.com\/actualites\/wp-json\/wp\/v2\/media?parent=3865"}],"wp:term":[{"taxonomy":"category","embeddable":true,"href":"https:\/\/www.gereso.com\/actualites\/wp-json\/wp\/v2\/categories?post=3865"},{"taxonomy":"post_tag","embeddable":true,"href":"https:\/\/www.gereso.com\/actualites\/wp-json\/wp\/v2\/tags?post=3865"}],"curies":[{"name":"wp","href":"https:\/\/api.w.org\/{rel}","templated":true}]}}