{"id":38667,"date":"2024-01-09T17:55:53","date_gmt":"2024-01-09T15:55:53","guid":{"rendered":"https:\/\/www.gereso.com\/actualites\/?p=38667"},"modified":"2024-01-09T17:55:56","modified_gmt":"2024-01-09T15:55:56","slug":"prime-exceptionnelle-pouvoir-achat-collectivites-locales","status":"publish","type":"post","link":"https:\/\/www.gereso.com\/actualites\/2024\/01\/09\/prime-exceptionnelle-pouvoir-achat-collectivites-locales\/","title":{"rendered":"Prime exceptionnelle de pouvoir d&rsquo;achat dans les collectivit\u00e9s locales"},"content":{"rendered":"\n\n\n<p>Dans une note d\u2019information, la direction g\u00e9n\u00e9rale des collectivit\u00e9s locales pr\u00e9cise les modalit\u00e9s de mise en \u0153uvre de la <strong>prime de pouvoir d\u2019achat exceptionnelle.<\/strong><\/p>\n\n\n\n<h2 style=\"color:#D10016\"><strong>Les agents \u00e9ligibles <\/strong><\/h2>\n\n\n\n<ul class=\"wp-block-list\">\n<li>fonctionnaires (stagiaires et titulaires)<\/li>\n\n\n\n<li>agents contractuels de droit public <\/li>\n\n\n\n<li>\u00e9l\u00e8ves du CNFPT <\/li>\n\n\n\n<li>assistants maternels et familiaux employ\u00e9s par les collectivit\u00e9s <\/li>\n\n\n\n<li>EPCI<\/li>\n<\/ul>\n\n\n\n<p>En revanche, n&rsquo;y ont pas droit, entre autres, les agents contractuels de droit priv\u00e9 employ\u00e9s par les collectivit\u00e9s, les vacataires, les apprentis, les stagiaires gratifi\u00e9s, les services civiques, les collaborateurs occasionnels du service public ou encore les agents publics qui sont d\u00e9j\u00e0 \u00e9ligibles \u00e0 la prime de partage de la valeur. <\/p>\n\n\n\n<p>Par ailleurs, les agents sont \u00e9ligibles quelle que soit leur <strong>position statuaire<\/strong>, d\u00e8s lors qu&rsquo;ils sont employ\u00e9s et r\u00e9mun\u00e9r\u00e9s <strong>au 30 juin 2023<\/strong>. Sont ainsi exclus les agents en disponibilit\u00e9 ou en cong\u00e9 parental \u00e0 ce m\u00eame date. <\/p>\n\n\n\n<p>Enfin, la prime ne peut pas \u00eatre per\u00e7ue au titre d\u2019une activit\u00e9 accessoire r\u00e9alis\u00e9e aupr\u00e8s d\u2019un autre employeur public.<\/p>\n\n\n\n<h2 style=\"color:#D10016\"><strong>R\u00e9mun\u00e9ration prise en compte <\/strong><\/h2>\n\n\n\n<p>Pour rappel, la r\u00e9mun\u00e9ration prise en compte pour d\u00e9terminer l\u2019\u00e9ligibilit\u00e9 \u00e0 la prime ainsi que le montant de cette derni\u00e8re est la <strong>r\u00e9mun\u00e9ration per\u00e7ue au titre de la p\u00e9riode courant du 1er juillet 2022 au 30 juin 2023.<\/strong><\/p>\n\n\n\n<p>La r\u00e9mun\u00e9ration prise en compte correspond aux sommes vers\u00e9es par les employeurs publics. Autrement dit, si l&rsquo;agent touche d&rsquo;autres r\u00e9mun\u00e9rations venant d&#8217;employeurs priv\u00e9s, au titre d&rsquo;un cumul d&#8217;emploi, ils ne sont pas pris en compte.<\/p>\n\n\n\n<p>Concernant les r\u00e9gularisations en paie&nbsp;: <\/p>\n\n\n\n<ul class=\"wp-block-list\">\n<li>Une r\u00e9gularisation au titre d&rsquo;un mois pr\u00e9c\u00e9dant la date du 1<sup>er<\/sup> juillet 2022 intervenue apr\u00e8s cette date n&rsquo;est pas prise en compte. <\/li>\n\n\n\n<li>Une r\u00e9gularisation effectu\u00e9e apr\u00e8s le 30 juin 2023 au titre d&rsquo;un mois pr\u00e9c\u00e9dant est en revanche prise en compte. <\/li>\n<\/ul>\n\n\n\n<h2 style=\"color:#D10016\"><strong>Modulation du montant de la prime <\/strong><\/h2>\n\n\n\n<p>Le seul crit\u00e8re possible pour moduler le montant de la prime est celui de la<strong> r\u00e9mun\u00e9ration de l\u2019agent<\/strong>. Il est de ce fait impossible par exemple de d\u00e9terminer un montant diff\u00e9rent en fonction de la mani\u00e8re de servir.<\/p>\n\n\n\n<h2 style=\"color:#D10016\"><strong>Versement<\/strong><\/h2>\n\n\n\n<p>La prime devra \u00eatre vers\u00e9e avant le 30 juin 2024.<\/p>\n\n\n\n<p>Un agent qui aurait quitt\u00e9 la collectivit\u00e9 apr\u00e8s le 30 juin 2023, mais aurait \u00e9t\u00e9 employ\u00e9 entre le 1<sup>er<\/sup> juillet 2022 et le 30 juin 2023, a pleinement droit \u00e0 la prime. L&#8217;employeur devra donc \u00ab&nbsp;proc\u00e9der \u00e0 une r\u00e9gularisation de la paye de son ancien agent&nbsp;\u00bb.<\/p>\n\n\n\n<h2 style=\"color:#D10016\"><strong>Cas particulier&nbsp;: agent \u00e0 temps non complet <\/strong><\/h2>\n\n\n\n<p>Pour les cas des agents employ\u00e9s \u00e0 temps non complet (TNC) par plusieurs collectivit\u00e9s, chaque employeur devra verser la prime \u00e0 proportion de la quotit\u00e9 de travail effectu\u00e9 \u2013 sous r\u00e9serve d\u2019avoir d\u00e9lib\u00e9r\u00e9 en ce sens. Autrement dit, une secr\u00e9taire de mairie qui travaille pour deux communes, par exemple, peut se voir verser la prime par l\u2019une des communes, qui aurait d\u00e9lib\u00e9r\u00e9 dans ce sens, et non par la deuxi\u00e8me qui ne l\u2019aurait pas fait.<\/p>\n\n\n\n<p>La r\u00e9mun\u00e9ration \u00e0 prendre en compte est celle vers\u00e9e par chaque employeur, et non la r\u00e9mun\u00e9ration cumul\u00e9e vers\u00e9e par tous les employeurs\u00a0: \u00ab\u00a0<em>Apr\u00e8s avoir d\u00e9termin\u00e9 la r\u00e9mun\u00e9ration brute per\u00e7ue au titre de la p\u00e9riode courant du 1<sup>er<\/sup> juillet 2022 au 30 juin 2023, chaque employeur de l\u2019agent \u00e0 TNC peut situer ce dernier dans l\u2019un des niveaux de r\u00e9mun\u00e9ration pr\u00e9vu par le bar\u00e8me<\/em>\u00a0\u00bb. Puis, le montant de la prime, pour chaque employeur, \u00ab\u00a0<em>est r\u00e9duit \u00e0 proportion de la quotit\u00e9 de travail et de la dur\u00e9e d\u2019emploi sur la p\u00e9riode courant du 1<sup>er<\/sup> juillet 2022 au 30 juin 2023de l\u2019agent<\/em>\u00a0\u00bb.<\/p>\n\n\n\n<h2 style=\"color:#D10016\"><strong>Budget <\/strong><\/h2>\n\n\n\n<p>Les organes d\u00e9lib\u00e9rants peuvent, jusqu&rsquo;au 21 janvier 2024, apporter \u00e0 leur budget 2023 les modifications permettant d&rsquo;int\u00e9grer les d\u00e9penses li\u00e9es au versement de cette prime. <\/p>\n\n\n\n<p><em>Note 23-017787-D du 15 novembre 2023, Direction g\u00e9n\u00e9rale des collectivit\u00e9s locales<\/em><\/p>\n","protected":false},"excerpt":{"rendered":"<p>Dans une note d\u2019information, la direction g\u00e9n\u00e9rale des collectivit\u00e9s locales pr\u00e9cise les modalit\u00e9s de mise en \u0153uvre de la prime de pouvoir d\u2019achat exceptionnelle. Les agents \u00e9ligibles En revanche, n&rsquo;y ont pas droit, entre autres, les agents contractuels de droit priv\u00e9 employ\u00e9s par les collectivit\u00e9s, les vacataires, les apprentis, les stagiaires gratifi\u00e9s, les services civiques, [&hellip;]<\/p>\n","protected":false},"author":32,"featured_media":0,"comment_status":"open","ping_status":"open","sticky":false,"template":"","format":"quote","meta":{"_acf_changed":false,"_mi_skip_tracking":false,"footnotes":""},"categories":[12,6],"tags":[],"class_list":["post-38667","post","type-post","status-publish","format-quote","hentry","category-actualites","category-fonction-publique","post_format-post-format-quote"],"acf":[],"yoast_head":"<!-- This site is optimized with the Yoast SEO plugin v23.4 - https:\/\/yoast.com\/wordpress\/plugins\/seo\/ -->\n<title>Prime exceptionnelle de pouvoir d&rsquo;achat dans les collectivit\u00e9s locales - Le Blog GERESO<\/title>\n<meta name=\"robots\" content=\"index, follow, max-snippet:-1, max-image-preview:large, max-video-preview:-1\" \/>\n<link rel=\"canonical\" href=\"https:\/\/www.gereso.com\/actualites\/2024\/01\/09\/prime-exceptionnelle-pouvoir-achat-collectivites-locales\/\" \/>\n<meta property=\"og:locale\" content=\"fr_FR\" \/>\n<meta property=\"og:type\" content=\"article\" \/>\n<meta property=\"og:title\" content=\"Prime exceptionnelle de pouvoir d&rsquo;achat dans les collectivit\u00e9s locales - Le Blog GERESO\" \/>\n<meta property=\"og:description\" content=\"Dans une note d\u2019information, la direction g\u00e9n\u00e9rale des collectivit\u00e9s locales pr\u00e9cise les modalit\u00e9s de mise en \u0153uvre de la prime de pouvoir d\u2019achat exceptionnelle. Les agents \u00e9ligibles En revanche, n&rsquo;y ont pas droit, entre autres, les agents contractuels de droit priv\u00e9 employ\u00e9s par les collectivit\u00e9s, les vacataires, les apprentis, les stagiaires gratifi\u00e9s, les services civiques, [&hellip;]\" \/>\n<meta property=\"og:url\" content=\"https:\/\/www.gereso.com\/actualites\/2024\/01\/09\/prime-exceptionnelle-pouvoir-achat-collectivites-locales\/\" \/>\n<meta property=\"og:site_name\" content=\"Le Blog GERESO\" \/>\n<meta property=\"article:published_time\" content=\"2024-01-09T15:55:53+00:00\" \/>\n<meta property=\"article:modified_time\" content=\"2024-01-09T15:55:56+00:00\" \/>\n<meta name=\"author\" content=\"\u00c9quipe GERESO\" \/>\n<meta name=\"twitter:card\" content=\"summary_large_image\" \/>\n<script type=\"application\/ld+json\" class=\"yoast-schema-graph\">{\"@context\":\"https:\/\/schema.org\",\"@graph\":[{\"@type\":\"WebPage\",\"@id\":\"https:\/\/www.gereso.com\/actualites\/2024\/01\/09\/prime-exceptionnelle-pouvoir-achat-collectivites-locales\/\",\"url\":\"https:\/\/www.gereso.com\/actualites\/2024\/01\/09\/prime-exceptionnelle-pouvoir-achat-collectivites-locales\/\",\"name\":\"Prime exceptionnelle de pouvoir d&rsquo;achat dans les collectivit\u00e9s locales - Le Blog GERESO\",\"isPartOf\":{\"@id\":\"https:\/\/www.gereso.com\/actualites\/#website\"},\"datePublished\":\"2024-01-09T15:55:53+00:00\",\"dateModified\":\"2024-01-09T15:55:56+00:00\",\"author\":{\"@id\":\"https:\/\/www.gereso.com\/actualites\/#\/schema\/person\/197d8aef40cb4ae3f6a0aa9e1d3df2a6\"},\"breadcrumb\":{\"@id\":\"https:\/\/www.gereso.com\/actualites\/2024\/01\/09\/prime-exceptionnelle-pouvoir-achat-collectivites-locales\/#breadcrumb\"},\"inLanguage\":\"fr-FR\",\"potentialAction\":[{\"@type\":\"ReadAction\",\"target\":[\"https:\/\/www.gereso.com\/actualites\/2024\/01\/09\/prime-exceptionnelle-pouvoir-achat-collectivites-locales\/\"]}]},{\"@type\":\"BreadcrumbList\",\"@id\":\"https:\/\/www.gereso.com\/actualites\/2024\/01\/09\/prime-exceptionnelle-pouvoir-achat-collectivites-locales\/#breadcrumb\",\"itemListElement\":[{\"@type\":\"ListItem\",\"position\":1,\"name\":\"Home\",\"item\":\"https:\/\/www.gereso.com\/actualites\/\"},{\"@type\":\"ListItem\",\"position\":2,\"name\":\"Prime exceptionnelle de pouvoir d&rsquo;achat dans les collectivit\u00e9s locales\"}]},{\"@type\":\"WebSite\",\"@id\":\"https:\/\/www.gereso.com\/actualites\/#website\",\"url\":\"https:\/\/www.gereso.com\/actualites\/\",\"name\":\"Le Blog GERESO\",\"description\":\"Toute l&#039;actu RH, Finance, Fonction Publique, Management...\",\"potentialAction\":[{\"@type\":\"SearchAction\",\"target\":{\"@type\":\"EntryPoint\",\"urlTemplate\":\"https:\/\/www.gereso.com\/actualites\/?s={search_term_string}\"},\"query-input\":{\"@type\":\"PropertyValueSpecification\",\"valueRequired\":true,\"valueName\":\"search_term_string\"}}],\"inLanguage\":\"fr-FR\"},{\"@type\":\"Person\",\"@id\":\"https:\/\/www.gereso.com\/actualites\/#\/schema\/person\/197d8aef40cb4ae3f6a0aa9e1d3df2a6\",\"name\":\"\u00c9quipe GERESO\",\"image\":{\"@type\":\"ImageObject\",\"inLanguage\":\"fr-FR\",\"@id\":\"https:\/\/www.gereso.com\/actualites\/#\/schema\/person\/image\/\",\"url\":\"https:\/\/www.gereso.com\/actualites\/wp-content\/uploads\/2013\/12\/avatar-gereso-1.png\",\"contentUrl\":\"https:\/\/www.gereso.com\/actualites\/wp-content\/uploads\/2013\/12\/avatar-gereso-1.png\",\"caption\":\"\u00c9quipe GERESO\"},\"url\":\"https:\/\/www.gereso.com\/actualites\/author\/gereso\/\"}]}<\/script>\n<!-- \/ Yoast SEO plugin. -->","yoast_head_json":{"title":"Prime exceptionnelle de pouvoir d&rsquo;achat dans les collectivit\u00e9s locales - Le Blog GERESO","robots":{"index":"index","follow":"follow","max-snippet":"max-snippet:-1","max-image-preview":"max-image-preview:large","max-video-preview":"max-video-preview:-1"},"canonical":"https:\/\/www.gereso.com\/actualites\/2024\/01\/09\/prime-exceptionnelle-pouvoir-achat-collectivites-locales\/","og_locale":"fr_FR","og_type":"article","og_title":"Prime exceptionnelle de pouvoir d&rsquo;achat dans les collectivit\u00e9s locales - Le Blog GERESO","og_description":"Dans une note d\u2019information, la direction g\u00e9n\u00e9rale des collectivit\u00e9s locales pr\u00e9cise les modalit\u00e9s de mise en \u0153uvre de la prime de pouvoir d\u2019achat exceptionnelle. Les agents \u00e9ligibles En revanche, n&rsquo;y ont pas droit, entre autres, les agents contractuels de droit priv\u00e9 employ\u00e9s par les collectivit\u00e9s, les vacataires, les apprentis, les stagiaires gratifi\u00e9s, les services civiques, [&hellip;]","og_url":"https:\/\/www.gereso.com\/actualites\/2024\/01\/09\/prime-exceptionnelle-pouvoir-achat-collectivites-locales\/","og_site_name":"Le Blog GERESO","article_published_time":"2024-01-09T15:55:53+00:00","article_modified_time":"2024-01-09T15:55:56+00:00","author":"\u00c9quipe GERESO","twitter_card":"summary_large_image","schema":{"@context":"https:\/\/schema.org","@graph":[{"@type":"WebPage","@id":"https:\/\/www.gereso.com\/actualites\/2024\/01\/09\/prime-exceptionnelle-pouvoir-achat-collectivites-locales\/","url":"https:\/\/www.gereso.com\/actualites\/2024\/01\/09\/prime-exceptionnelle-pouvoir-achat-collectivites-locales\/","name":"Prime exceptionnelle de pouvoir d&rsquo;achat dans les collectivit\u00e9s locales - Le Blog GERESO","isPartOf":{"@id":"https:\/\/www.gereso.com\/actualites\/#website"},"datePublished":"2024-01-09T15:55:53+00:00","dateModified":"2024-01-09T15:55:56+00:00","author":{"@id":"https:\/\/www.gereso.com\/actualites\/#\/schema\/person\/197d8aef40cb4ae3f6a0aa9e1d3df2a6"},"breadcrumb":{"@id":"https:\/\/www.gereso.com\/actualites\/2024\/01\/09\/prime-exceptionnelle-pouvoir-achat-collectivites-locales\/#breadcrumb"},"inLanguage":"fr-FR","potentialAction":[{"@type":"ReadAction","target":["https:\/\/www.gereso.com\/actualites\/2024\/01\/09\/prime-exceptionnelle-pouvoir-achat-collectivites-locales\/"]}]},{"@type":"BreadcrumbList","@id":"https:\/\/www.gereso.com\/actualites\/2024\/01\/09\/prime-exceptionnelle-pouvoir-achat-collectivites-locales\/#breadcrumb","itemListElement":[{"@type":"ListItem","position":1,"name":"Home","item":"https:\/\/www.gereso.com\/actualites\/"},{"@type":"ListItem","position":2,"name":"Prime exceptionnelle de pouvoir d&rsquo;achat dans les collectivit\u00e9s locales"}]},{"@type":"WebSite","@id":"https:\/\/www.gereso.com\/actualites\/#website","url":"https:\/\/www.gereso.com\/actualites\/","name":"Le Blog GERESO","description":"Toute l&#039;actu RH, Finance, Fonction Publique, Management...","potentialAction":[{"@type":"SearchAction","target":{"@type":"EntryPoint","urlTemplate":"https:\/\/www.gereso.com\/actualites\/?s={search_term_string}"},"query-input":{"@type":"PropertyValueSpecification","valueRequired":true,"valueName":"search_term_string"}}],"inLanguage":"fr-FR"},{"@type":"Person","@id":"https:\/\/www.gereso.com\/actualites\/#\/schema\/person\/197d8aef40cb4ae3f6a0aa9e1d3df2a6","name":"\u00c9quipe GERESO","image":{"@type":"ImageObject","inLanguage":"fr-FR","@id":"https:\/\/www.gereso.com\/actualites\/#\/schema\/person\/image\/","url":"https:\/\/www.gereso.com\/actualites\/wp-content\/uploads\/2013\/12\/avatar-gereso-1.png","contentUrl":"https:\/\/www.gereso.com\/actualites\/wp-content\/uploads\/2013\/12\/avatar-gereso-1.png","caption":"\u00c9quipe GERESO"},"url":"https:\/\/www.gereso.com\/actualites\/author\/gereso\/"}]}},"_links":{"self":[{"href":"https:\/\/www.gereso.com\/actualites\/wp-json\/wp\/v2\/posts\/38667","targetHints":{"allow":["GET"]}}],"collection":[{"href":"https:\/\/www.gereso.com\/actualites\/wp-json\/wp\/v2\/posts"}],"about":[{"href":"https:\/\/www.gereso.com\/actualites\/wp-json\/wp\/v2\/types\/post"}],"author":[{"embeddable":true,"href":"https:\/\/www.gereso.com\/actualites\/wp-json\/wp\/v2\/users\/32"}],"replies":[{"embeddable":true,"href":"https:\/\/www.gereso.com\/actualites\/wp-json\/wp\/v2\/comments?post=38667"}],"version-history":[{"count":36,"href":"https:\/\/www.gereso.com\/actualites\/wp-json\/wp\/v2\/posts\/38667\/revisions"}],"predecessor-version":[{"id":38704,"href":"https:\/\/www.gereso.com\/actualites\/wp-json\/wp\/v2\/posts\/38667\/revisions\/38704"}],"wp:attachment":[{"href":"https:\/\/www.gereso.com\/actualites\/wp-json\/wp\/v2\/media?parent=38667"}],"wp:term":[{"taxonomy":"category","embeddable":true,"href":"https:\/\/www.gereso.com\/actualites\/wp-json\/wp\/v2\/categories?post=38667"},{"taxonomy":"post_tag","embeddable":true,"href":"https:\/\/www.gereso.com\/actualites\/wp-json\/wp\/v2\/tags?post=38667"}],"curies":[{"name":"wp","href":"https:\/\/api.w.org\/{rel}","templated":true}]}}