{"id":3870,"date":"2015-03-20T10:16:44","date_gmt":"2015-03-20T08:16:44","guid":{"rendered":"https:\/\/www.gereso.com\/actualites\/?p=3870"},"modified":"2015-03-20T10:16:44","modified_gmt":"2015-03-20T08:16:44","slug":"mobilite-quand-un-plaisir-peut-devenir-un-metier","status":"publish","type":"post","link":"https:\/\/www.gereso.com\/actualites\/2015\/03\/20\/mobilite-quand-un-plaisir-peut-devenir-un-metier\/","title":{"rendered":"Mobilit\u00e9, quand un plaisir peut devenir un m\u00e9tier"},"content":{"rendered":"<p><span style=\"font-size: 14pt;\"><strong>Assistante DRH mobilit\u00e9 intra-groupe chez ABB France, V\u00e9ronique Leighton a suivi une <a href=\"http:\/\/www.gereso.com\/formations\/mobilite-internationale\/formation-certifiante-chargee-de-mobilite-internationale\">certification de charg\u00e9e de mobilit\u00e9 internationale<\/a> chez GERESO. Retour sur un choix de formation dict\u00e9 par le besoin d&rsquo;asseoir des comp\u00e9tences acquises sur le terrain.<\/strong><\/span><\/p>\n<p>&nbsp;<\/p>\n<figure id=\"attachment_3872\" aria-describedby=\"caption-attachment-3872\" style=\"width: 530px\" class=\"wp-caption aligncenter\"><img fetchpriority=\"high\" decoding=\"async\" class=\"size-full wp-image-3872\" src=\"https:\/\/www.gereso.com\/actualites\/wp-content\/uploads\/2015\/03\/certificat-rh-1.jpg\" alt=\"T\u00e9moignage de V\u00e9ronique Leighton pour le magazine Activ\u2019Assistante\" width=\"530\" height=\"350\" srcset=\"https:\/\/www.gereso.com\/actualites\/wp-content\/uploads\/2015\/03\/certificat-rh-1.jpg 530w, https:\/\/www.gereso.com\/actualites\/wp-content\/uploads\/2015\/03\/certificat-rh-1-300x198.jpg 300w\" sizes=\"(max-width: 530px) 100vw, 530px\" \/><figcaption id=\"caption-attachment-3872\" class=\"wp-caption-text\">T\u00e9moignage de V\u00e9ronique Leighton pour le magazine Activ\u2019Assistante<\/figcaption><\/figure>\n<p>&nbsp;<\/p>\n<p>D\u00e8s son entr\u00e9e dans la vie active \u00e0 Londres, au\u00a0 bureau\u00a0 mondial\u00a0 de\u00a0 WAGGGS\u00a0 (World Association of Girl Guides and Girl Scouts), V\u00e9ronique Leighton a baign\u00e9 dans un milieu international\u00a0 en\u00a0 travaillant\u00a0 aupr\u00e8s\u00a0 d\u2019une\u00a0 directrice canadienne, de traducteurs et de coll\u00e8gues originaires de tous les pays du monde. \u00ab De quoi aiguiser ma curiosit\u00e9 sur tous les sujets li\u00e9s \u00e0 la gestion de la mobilit\u00e9 et en faire, plus tard, ma sp\u00e9cialit\u00e9 \u00bb, se souvient V\u00e9ronique.<\/p>\n<p>&nbsp;<\/p>\n<h3>DO YOU SPEAK ENGLISH&nbsp;?<\/h3>\n<p>De retour en France, V\u00e9ronique Leighton a occup\u00e9 plusieurs postes non bilingues, mais elle a su entretenir cette comp\u00e9tence. Excellente initiative puisqu\u2019elle est devenue, il y a douze ans, l\u2019assistante du directeur des relations sociales et du directeur d\u2019une division d\u2019ABB France.<\/p>\n<p>Dans les groupes internationaux, la mobilit\u00e9 des employ\u00e9s, managers et directeurs est une r\u00e9alit\u00e9 tangible. Pour V\u00e9ronique Leighton, le jeu des mutations au poste de directeur des ressources humaines s\u2019est traduit par des opportunit\u00e9s personnelles \u00e0 saisir. \u00ab Mut\u00e9e en France, l\u2019une de mes directrices, qui est allemande, a soutenu ma candidature \u00e0 un poste dans les ressources humaines internationales. J\u2019avais tout \u00e0 d\u00e9couvrir. Gr\u00e2ce \u00e0 elle, j\u2019ai pu relever ce premier d\u00e9fi \u00bb, ajoute-t-elle.<\/p>\n<p>&nbsp;<\/p>\n<h3>DE L\u2019ACTION \u00c0 LA CERTIFICATION<\/h3>\n<p>Quelques ann\u00e9es plus tard, nouvelle directrice (italienne) et nouvelle envie pour V\u00e9ronique Leighton : \u00ab celle de compl\u00e9ter mes connaissances et de v\u00e9rifier celles appliqu\u00e9es \u00e0 mon poste \u00bb. Soutenue dans sa d\u00e9marche par sa hi\u00e9rarchie, V\u00e9ronique, qui r\u00e9side \u00e0 Lyon, s\u2019est inscrite \u00e0 une formation de charg\u00e9e de mobilit\u00e9 internationale, financ\u00e9e par son entreprise et dispens\u00e9e par GERESO \u00e0 Paris. \u00ab Ma formation a d\u00e9but\u00e9 en mars et s\u2019est termin\u00e9e en juin. Chaque module a \u00e9t\u00e9 valid\u00e9 par un test. En octobre, j\u2019ai ensuite pr\u00e9sent\u00e9 mon m\u00e9moire devant un jury qui a certifi\u00e9 mes connaissances \u00bb, explique V\u00e9ronique.<\/p>\n<p>&nbsp;<\/p>\n<h3>LE CASSE-T\u00caTE FRAN\u00c7AIS DE LA FISCALIT\u00c9<\/h3>\n<p>Au cours de sa formation, V\u00e9ronique Leighton a \u00e9tudi\u00e9 la protection sociale, la fi\u00a0\u00a0 \u00a0la paie, les aspects juridiques&#8230; Dans la pratique, pr\u00e9cise V\u00e9ronique, \u00ab je me suis aper\u00e7ue que je connaissais d\u00e9j\u00e0 bien le sujet, \u00e0 l&rsquo;exception du volet fiscalit\u00e9. Il faut dire qu\u2019en France, les explications \u00e0 apporter sont complexes et reposent sur une multitude de situations. Au final l\u2019objectif n\u2019est pas tant de devenir des sp\u00e9cialistes de la fiscalit\u00e9 fran\u00e7aise, mais d\u2019attirer l\u2019attention des personnes sur les points de vigilance \u00e0 conna\u00eetre afin d\u2019\u00e9viter de mauvaises surprises \u00bb.<\/p>\n<p>&nbsp;<\/p>\n<h3>UN CHALLENGE 100% GAGNANT<\/h3>\n<p>Au-del\u00e0 de l\u2019obtention de la certification de charg\u00e9e de mobilit\u00e9 internationale, V\u00e9ronique Leighton a relev\u00e9 \u00e0 la fois un d\u00e9fi professionnel et priv\u00e9. \u00ab Inscrite \u00e0 tous les modules, j\u2019ai d\u00fb planifier les urgences au bureau et veiller \u00e0 r\u00e9aliser mon travail en temps et en heure. \u00c0 titre personnel, mes deux \u00ab\u00a0ados\u00a0\u00bb ont pris conscience qu\u2019un adulte peut se remettre en question et prendre plaisir \u00e0 suivre des \u00e9tudes \u00bb. F\u00e9licitations V\u00e9ronique !<\/p>\n<p>&nbsp;<\/p>\n<h3>ZOOM<\/h3>\n<p>Sp\u00e9cialis\u00e9 dans les formations en ressources humaines, le conseil et l\u2019\u00e9dition, le groupe GERESO propose \u00e0 ses clients pr\u00e8s de 500 th\u00e9matiques de formation distinctes, dans onze villes en France. Experts de terrain, les consultants s\u00e9lectionn\u00e9s par GERESO proposent des contenus 100% op\u00e9rationnels, pour des comp\u00e9tences imm\u00e9diatement transposables au travail.<\/p>\n<p>Contact\u00a0: Isabelle ROCHE au 0\u00a0800\u00a0400\u00a0460 (appel gratuit)<br \/>\nFormation certifiante charg\u00e9 de mobilit\u00e9 internationale : <a href=\"http:\/\/www.gereso.com\/formations\/mobilite-internationale\/formation-certifiante-chargee-de-mobilite-internationale\">http:\/\/www.gereso.com\/formations\/mobilite-internationale\/formation-certifiante-chargee-de-mobilite-internationale<\/a><\/p>\n<p>&nbsp;<\/p>\n<p>&#8212;<\/p>\n<p>&nbsp;<\/p>\n<p>Article \u00e9crit par Agn\u00e8s Taupin pour Activ&rsquo;Assistante &#8211; Mars 2015 : <a href=\"https:\/\/www.gereso.com\/actualites\/wp-content\/uploads\/2015\/03\/ActiveAssistante-TemoignageVeroniqueLeighton-1.pdf\">T\u00e9l\u00e9charger l&rsquo;original en PDF<\/a>.<\/p>\n<p>&nbsp;<\/p>\n<p>&#8212;<\/p>\n<p>&nbsp;<\/p>\n","protected":false},"excerpt":{"rendered":"<p>Assistante DRH mobilit\u00e9 intra-groupe chez ABB France, V\u00e9ronique Leighton a suivi une certification de charg\u00e9e de mobilit\u00e9 internationale chez GERESO. Retour sur un choix de formation dict\u00e9 par le besoin d&rsquo;asseoir des comp\u00e9tences acquises sur le terrain. &nbsp; &nbsp; D\u00e8s son entr\u00e9e dans la vie active \u00e0 Londres, au\u00a0 bureau\u00a0 mondial\u00a0 de\u00a0 WAGGGS\u00a0 (World Association [&hellip;]<\/p>\n","protected":false},"author":32,"featured_media":3872,"comment_status":"open","ping_status":"open","sticky":false,"template":"","format":"standard","meta":{"_acf_changed":false,"_mi_skip_tracking":false,"footnotes":""},"categories":[12,7],"tags":[405,516],"class_list":["post-3870","post","type-post","status-publish","format-standard","has-post-thumbnail","hentry","category-actualites","category-mobilite-internationale","tag-certificat-professionnel-charge-de-mobilite-internationale","tag-formation-certifiante"],"acf":[],"yoast_head":"<!-- This site is optimized with the Yoast SEO plugin v23.4 - https:\/\/yoast.com\/wordpress\/plugins\/seo\/ -->\n<title>Mobilit\u00e9, quand un plaisir peut devenir un m\u00e9tier - Le Blog GERESO<\/title>\n<meta name=\"robots\" content=\"index, follow, max-snippet:-1, max-image-preview:large, max-video-preview:-1\" \/>\n<link rel=\"canonical\" href=\"https:\/\/www.gereso.com\/actualites\/2015\/03\/20\/mobilite-quand-un-plaisir-peut-devenir-un-metier\/\" \/>\n<meta property=\"og:locale\" content=\"fr_FR\" \/>\n<meta property=\"og:type\" content=\"article\" \/>\n<meta property=\"og:title\" content=\"Mobilit\u00e9, quand un plaisir peut devenir un m\u00e9tier - Le Blog GERESO\" \/>\n<meta property=\"og:description\" content=\"Assistante DRH mobilit\u00e9 intra-groupe chez ABB France, V\u00e9ronique Leighton a suivi une certification de charg\u00e9e de mobilit\u00e9 internationale chez GERESO. Retour sur un choix de formation dict\u00e9 par le besoin d&rsquo;asseoir des comp\u00e9tences acquises sur le terrain. &nbsp; &nbsp; D\u00e8s son entr\u00e9e dans la vie active \u00e0 Londres, au\u00a0 bureau\u00a0 mondial\u00a0 de\u00a0 WAGGGS\u00a0 (World Association [&hellip;]\" \/>\n<meta property=\"og:url\" content=\"https:\/\/www.gereso.com\/actualites\/2015\/03\/20\/mobilite-quand-un-plaisir-peut-devenir-un-metier\/\" \/>\n<meta property=\"og:site_name\" content=\"Le Blog GERESO\" \/>\n<meta property=\"article:published_time\" content=\"2015-03-20T08:16:44+00:00\" \/>\n<meta property=\"og:image\" content=\"https:\/\/www.gereso.com\/actualites\/wp-content\/uploads\/2015\/03\/certificat-rh-1.jpg\" \/>\n\t<meta property=\"og:image:width\" content=\"530\" \/>\n\t<meta property=\"og:image:height\" content=\"350\" \/>\n\t<meta property=\"og:image:type\" content=\"image\/jpeg\" \/>\n<meta name=\"author\" content=\"\u00c9quipe GERESO\" \/>\n<meta name=\"twitter:card\" content=\"summary_large_image\" \/>\n<script type=\"application\/ld+json\" class=\"yoast-schema-graph\">{\"@context\":\"https:\/\/schema.org\",\"@graph\":[{\"@type\":\"WebPage\",\"@id\":\"https:\/\/www.gereso.com\/actualites\/2015\/03\/20\/mobilite-quand-un-plaisir-peut-devenir-un-metier\/\",\"url\":\"https:\/\/www.gereso.com\/actualites\/2015\/03\/20\/mobilite-quand-un-plaisir-peut-devenir-un-metier\/\",\"name\":\"Mobilit\u00e9, quand un plaisir peut devenir un m\u00e9tier - Le Blog GERESO\",\"isPartOf\":{\"@id\":\"https:\/\/www.gereso.com\/actualites\/#website\"},\"primaryImageOfPage\":{\"@id\":\"https:\/\/www.gereso.com\/actualites\/2015\/03\/20\/mobilite-quand-un-plaisir-peut-devenir-un-metier\/#primaryimage\"},\"image\":{\"@id\":\"https:\/\/www.gereso.com\/actualites\/2015\/03\/20\/mobilite-quand-un-plaisir-peut-devenir-un-metier\/#primaryimage\"},\"thumbnailUrl\":\"https:\/\/www.gereso.com\/actualites\/wp-content\/uploads\/2015\/03\/certificat-rh-1.jpg\",\"datePublished\":\"2015-03-20T08:16:44+00:00\",\"dateModified\":\"2015-03-20T08:16:44+00:00\",\"author\":{\"@id\":\"https:\/\/www.gereso.com\/actualites\/#\/schema\/person\/197d8aef40cb4ae3f6a0aa9e1d3df2a6\"},\"breadcrumb\":{\"@id\":\"https:\/\/www.gereso.com\/actualites\/2015\/03\/20\/mobilite-quand-un-plaisir-peut-devenir-un-metier\/#breadcrumb\"},\"inLanguage\":\"fr-FR\",\"potentialAction\":[{\"@type\":\"ReadAction\",\"target\":[\"https:\/\/www.gereso.com\/actualites\/2015\/03\/20\/mobilite-quand-un-plaisir-peut-devenir-un-metier\/\"]}]},{\"@type\":\"ImageObject\",\"inLanguage\":\"fr-FR\",\"@id\":\"https:\/\/www.gereso.com\/actualites\/2015\/03\/20\/mobilite-quand-un-plaisir-peut-devenir-un-metier\/#primaryimage\",\"url\":\"https:\/\/www.gereso.com\/actualites\/wp-content\/uploads\/2015\/03\/certificat-rh-1.jpg\",\"contentUrl\":\"https:\/\/www.gereso.com\/actualites\/wp-content\/uploads\/2015\/03\/certificat-rh-1.jpg\",\"width\":530,\"height\":350,\"caption\":\"T\u00e9moignage de V\u00e9ronique Leighton pour le magazine Activ\u2019Assistante\"},{\"@type\":\"BreadcrumbList\",\"@id\":\"https:\/\/www.gereso.com\/actualites\/2015\/03\/20\/mobilite-quand-un-plaisir-peut-devenir-un-metier\/#breadcrumb\",\"itemListElement\":[{\"@type\":\"ListItem\",\"position\":1,\"name\":\"Home\",\"item\":\"https:\/\/www.gereso.com\/actualites\/\"},{\"@type\":\"ListItem\",\"position\":2,\"name\":\"Mobilit\u00e9, quand un plaisir peut devenir un m\u00e9tier\"}]},{\"@type\":\"WebSite\",\"@id\":\"https:\/\/www.gereso.com\/actualites\/#website\",\"url\":\"https:\/\/www.gereso.com\/actualites\/\",\"name\":\"Le Blog GERESO\",\"description\":\"Toute l&#039;actu RH, Finance, Fonction Publique, Management...\",\"potentialAction\":[{\"@type\":\"SearchAction\",\"target\":{\"@type\":\"EntryPoint\",\"urlTemplate\":\"https:\/\/www.gereso.com\/actualites\/?s={search_term_string}\"},\"query-input\":{\"@type\":\"PropertyValueSpecification\",\"valueRequired\":true,\"valueName\":\"search_term_string\"}}],\"inLanguage\":\"fr-FR\"},{\"@type\":\"Person\",\"@id\":\"https:\/\/www.gereso.com\/actualites\/#\/schema\/person\/197d8aef40cb4ae3f6a0aa9e1d3df2a6\",\"name\":\"\u00c9quipe GERESO\",\"image\":{\"@type\":\"ImageObject\",\"inLanguage\":\"fr-FR\",\"@id\":\"https:\/\/www.gereso.com\/actualites\/#\/schema\/person\/image\/\",\"url\":\"https:\/\/www.gereso.com\/actualites\/wp-content\/uploads\/2013\/12\/avatar-gereso-1.png\",\"contentUrl\":\"https:\/\/www.gereso.com\/actualites\/wp-content\/uploads\/2013\/12\/avatar-gereso-1.png\",\"caption\":\"\u00c9quipe GERESO\"},\"url\":\"https:\/\/www.gereso.com\/actualites\/author\/gereso\/\"}]}<\/script>\n<!-- \/ Yoast SEO plugin. -->","yoast_head_json":{"title":"Mobilit\u00e9, quand un plaisir peut devenir un m\u00e9tier - Le Blog GERESO","robots":{"index":"index","follow":"follow","max-snippet":"max-snippet:-1","max-image-preview":"max-image-preview:large","max-video-preview":"max-video-preview:-1"},"canonical":"https:\/\/www.gereso.com\/actualites\/2015\/03\/20\/mobilite-quand-un-plaisir-peut-devenir-un-metier\/","og_locale":"fr_FR","og_type":"article","og_title":"Mobilit\u00e9, quand un plaisir peut devenir un m\u00e9tier - Le Blog GERESO","og_description":"Assistante DRH mobilit\u00e9 intra-groupe chez ABB France, V\u00e9ronique Leighton a suivi une certification de charg\u00e9e de mobilit\u00e9 internationale chez GERESO. Retour sur un choix de formation dict\u00e9 par le besoin d&rsquo;asseoir des comp\u00e9tences acquises sur le terrain. &nbsp; &nbsp; D\u00e8s son entr\u00e9e dans la vie active \u00e0 Londres, au\u00a0 bureau\u00a0 mondial\u00a0 de\u00a0 WAGGGS\u00a0 (World Association [&hellip;]","og_url":"https:\/\/www.gereso.com\/actualites\/2015\/03\/20\/mobilite-quand-un-plaisir-peut-devenir-un-metier\/","og_site_name":"Le Blog GERESO","article_published_time":"2015-03-20T08:16:44+00:00","og_image":[{"width":530,"height":350,"url":"https:\/\/www.gereso.com\/actualites\/wp-content\/uploads\/2015\/03\/certificat-rh-1.jpg","type":"image\/jpeg"}],"author":"\u00c9quipe GERESO","twitter_card":"summary_large_image","schema":{"@context":"https:\/\/schema.org","@graph":[{"@type":"WebPage","@id":"https:\/\/www.gereso.com\/actualites\/2015\/03\/20\/mobilite-quand-un-plaisir-peut-devenir-un-metier\/","url":"https:\/\/www.gereso.com\/actualites\/2015\/03\/20\/mobilite-quand-un-plaisir-peut-devenir-un-metier\/","name":"Mobilit\u00e9, quand un plaisir peut devenir un m\u00e9tier - Le Blog GERESO","isPartOf":{"@id":"https:\/\/www.gereso.com\/actualites\/#website"},"primaryImageOfPage":{"@id":"https:\/\/www.gereso.com\/actualites\/2015\/03\/20\/mobilite-quand-un-plaisir-peut-devenir-un-metier\/#primaryimage"},"image":{"@id":"https:\/\/www.gereso.com\/actualites\/2015\/03\/20\/mobilite-quand-un-plaisir-peut-devenir-un-metier\/#primaryimage"},"thumbnailUrl":"https:\/\/www.gereso.com\/actualites\/wp-content\/uploads\/2015\/03\/certificat-rh-1.jpg","datePublished":"2015-03-20T08:16:44+00:00","dateModified":"2015-03-20T08:16:44+00:00","author":{"@id":"https:\/\/www.gereso.com\/actualites\/#\/schema\/person\/197d8aef40cb4ae3f6a0aa9e1d3df2a6"},"breadcrumb":{"@id":"https:\/\/www.gereso.com\/actualites\/2015\/03\/20\/mobilite-quand-un-plaisir-peut-devenir-un-metier\/#breadcrumb"},"inLanguage":"fr-FR","potentialAction":[{"@type":"ReadAction","target":["https:\/\/www.gereso.com\/actualites\/2015\/03\/20\/mobilite-quand-un-plaisir-peut-devenir-un-metier\/"]}]},{"@type":"ImageObject","inLanguage":"fr-FR","@id":"https:\/\/www.gereso.com\/actualites\/2015\/03\/20\/mobilite-quand-un-plaisir-peut-devenir-un-metier\/#primaryimage","url":"https:\/\/www.gereso.com\/actualites\/wp-content\/uploads\/2015\/03\/certificat-rh-1.jpg","contentUrl":"https:\/\/www.gereso.com\/actualites\/wp-content\/uploads\/2015\/03\/certificat-rh-1.jpg","width":530,"height":350,"caption":"T\u00e9moignage de V\u00e9ronique Leighton pour le magazine Activ\u2019Assistante"},{"@type":"BreadcrumbList","@id":"https:\/\/www.gereso.com\/actualites\/2015\/03\/20\/mobilite-quand-un-plaisir-peut-devenir-un-metier\/#breadcrumb","itemListElement":[{"@type":"ListItem","position":1,"name":"Home","item":"https:\/\/www.gereso.com\/actualites\/"},{"@type":"ListItem","position":2,"name":"Mobilit\u00e9, quand un plaisir peut devenir un m\u00e9tier"}]},{"@type":"WebSite","@id":"https:\/\/www.gereso.com\/actualites\/#website","url":"https:\/\/www.gereso.com\/actualites\/","name":"Le Blog GERESO","description":"Toute l&#039;actu RH, Finance, Fonction Publique, Management...","potentialAction":[{"@type":"SearchAction","target":{"@type":"EntryPoint","urlTemplate":"https:\/\/www.gereso.com\/actualites\/?s={search_term_string}"},"query-input":{"@type":"PropertyValueSpecification","valueRequired":true,"valueName":"search_term_string"}}],"inLanguage":"fr-FR"},{"@type":"Person","@id":"https:\/\/www.gereso.com\/actualites\/#\/schema\/person\/197d8aef40cb4ae3f6a0aa9e1d3df2a6","name":"\u00c9quipe GERESO","image":{"@type":"ImageObject","inLanguage":"fr-FR","@id":"https:\/\/www.gereso.com\/actualites\/#\/schema\/person\/image\/","url":"https:\/\/www.gereso.com\/actualites\/wp-content\/uploads\/2013\/12\/avatar-gereso-1.png","contentUrl":"https:\/\/www.gereso.com\/actualites\/wp-content\/uploads\/2013\/12\/avatar-gereso-1.png","caption":"\u00c9quipe GERESO"},"url":"https:\/\/www.gereso.com\/actualites\/author\/gereso\/"}]}},"_links":{"self":[{"href":"https:\/\/www.gereso.com\/actualites\/wp-json\/wp\/v2\/posts\/3870","targetHints":{"allow":["GET"]}}],"collection":[{"href":"https:\/\/www.gereso.com\/actualites\/wp-json\/wp\/v2\/posts"}],"about":[{"href":"https:\/\/www.gereso.com\/actualites\/wp-json\/wp\/v2\/types\/post"}],"author":[{"embeddable":true,"href":"https:\/\/www.gereso.com\/actualites\/wp-json\/wp\/v2\/users\/32"}],"replies":[{"embeddable":true,"href":"https:\/\/www.gereso.com\/actualites\/wp-json\/wp\/v2\/comments?post=3870"}],"version-history":[{"count":0,"href":"https:\/\/www.gereso.com\/actualites\/wp-json\/wp\/v2\/posts\/3870\/revisions"}],"wp:featuredmedia":[{"embeddable":true,"href":"https:\/\/www.gereso.com\/actualites\/wp-json\/wp\/v2\/media\/3872"}],"wp:attachment":[{"href":"https:\/\/www.gereso.com\/actualites\/wp-json\/wp\/v2\/media?parent=3870"}],"wp:term":[{"taxonomy":"category","embeddable":true,"href":"https:\/\/www.gereso.com\/actualites\/wp-json\/wp\/v2\/categories?post=3870"},{"taxonomy":"post_tag","embeddable":true,"href":"https:\/\/www.gereso.com\/actualites\/wp-json\/wp\/v2\/tags?post=3870"}],"curies":[{"name":"wp","href":"https:\/\/api.w.org\/{rel}","templated":true}]}}