{"id":38705,"date":"2024-01-09T18:33:44","date_gmt":"2024-01-09T16:33:44","guid":{"rendered":"https:\/\/www.gereso.com\/actualites\/?p=38705"},"modified":"2024-01-09T18:33:46","modified_gmt":"2024-01-09T16:33:46","slug":"dsn-fonction-publique-actualites-decembre-2023","status":"publish","type":"post","link":"https:\/\/www.gereso.com\/actualites\/2024\/01\/09\/dsn-fonction-publique-actualites-decembre-2023\/","title":{"rendered":"DSN dans la fonction publique : les actualit\u00e9s de d\u00e9cembre 2023"},"content":{"rendered":"\n\n\n<h2 style=\"color:#D10016\"><strong>D\u00e9clarer le bloc \u00ab&nbsp;Activit\u00e9&nbsp;\u00bb<\/strong><\/h2>\n\n\n\n<p>Une nouvelle fiche vient pr\u00e9ciser comment d\u00e9clarer le bloc \u00ab&nbsp;Activit\u00e9 \u2013 S21.G00.53&nbsp;\u00bb pour la fonction publique.<\/p>\n\n\n\n<p>Pour rappel, le bloc \u00ab Activit\u00e9 \u2013 S21.G00.53 \u00bb permet de d\u00e9clarer l\u2019activit\u00e9 r\u00e9alis\u00e9e au cours du mois.<\/p>\n\n\n\n<p>De ce fait, il convient de distinguer en DSN, pour la gestion des absences et de l\u2019activit\u00e9 de l\u2019individu, le volume d\u2019activit\u00e9 correspondant \u00e0 du travail r\u00e9mun\u00e9r\u00e9 de celui correspondant \u00e0 des absences r\u00e9mun\u00e9r\u00e9es, non r\u00e9mun\u00e9r\u00e9es ou partiellement r\u00e9mun\u00e9r\u00e9es.<\/p>\n\n\n\n<p>Les cat\u00e9gories d\u2019absences r\u00e9mun\u00e9r\u00e9es, partiellement r\u00e9mun\u00e9r\u00e9es ou non r\u00e9mun\u00e9r\u00e9es pour la fonction publique s\u2019apparentent \u00e0 celles du secteur priv\u00e9, avec quelques particularit\u00e9s. Pour les fonctionnaires,<br>les temps partiels th\u00e9rapeutiques sont consid\u00e9r\u00e9s comme des absences r\u00e9mun\u00e9r\u00e9es.<\/p>\n\n\n\n<p>D\u2019autre part, pour les fonctionnaires comme pour les contractuels de droit public, les absences pour cause de maladie sont consid\u00e9r\u00e9es&nbsp;:<\/p>\n\n\n\n<ul class=\"wp-block-list\">\n<li>Comme des absences r\u00e9mun\u00e9r\u00e9es pour les 3 premiers mois ;<\/li>\n\n\n\n<li>Comme des absences partiellement r\u00e9mun\u00e9r\u00e9es (\u00e0 demi-traitement) pour les 9 mois suivants ;<\/li>\n\n\n\n<li>Comme des absences non r\u00e9mun\u00e9r\u00e9es au-del\u00e0.<\/li>\n<\/ul>\n\n\n\n<p>Il existe des particularit\u00e9s concernant les modalit\u00e9s d\u00e9claratives pour les agents de la fonction publique hospitali\u00e8re, reprises \u00e9galement dans cette fiche. Certains agents de la FPH ont en effet une quotit\u00e9<br>de travail de 208 jours par an, et dont le calcul de l\u2019activit\u00e9 se fait par demi-journ\u00e9es.<\/p>\n\n\n\n<p>Enfin, diff\u00e9rents exemples sont pr\u00e9sents.<\/p>\n\n\n\n<p><em>DSN-info, fiche n\u00b0 2456, mise \u00e0 jour le 8 d\u00e9cembre 2023<\/em><\/p>\n\n\n\n<h2 style=\"color:#D10016\"><strong>D\u00e9clarer le cong\u00e9 d&rsquo;adoption <\/strong><\/h2>\n\n\n\n<p>Une fiche a \u00e9t\u00e9 cr\u00e9\u00e9e concernant la d\u00e9claration du cong\u00e9 d&rsquo;adoption. <\/p>\n\n\n\n<p>Les modalit\u00e9s d\u00e9claratives du cong\u00e9 d&rsquo;adoption en DSN sont identiques \u00e0 celles des autres arr\u00eats de travail indemnis\u00e9s par la S\u00e9curit\u00e9 sociale \u00e0 la seule diff\u00e9rence que le \u00ab&nbsp;Motif de l\u2019arr\u00eat &#8211; S21.G00.60.001&nbsp;\u00bb doit \u00eatre renseign\u00e9 \u00e0 \u00ab&nbsp;09 &#8211; adoption&nbsp;\u00bb.<\/p>\n\n\n\n<p><em>DSN-info, fiche n\u00b0 2650, cr\u00e9\u00e9e le 6 d\u00e9cembre 2023<\/em><\/p>\n\n\n\n<h2 style=\"color:#D10016\"><strong>Temps partiel th\u00e9rapeutique <\/strong><\/h2>\n\n\n\n<p>Afin d&rsquo;assurer la bonne prise en compte des d\u00e9clarations en TPT et le versement des indemnit\u00e9s journali\u00e8res associ\u00e9es, les consignes d\u00e9claratives actuelles du TPT resteront applicables durant toute l&rsquo;ann\u00e9e 2024. <\/p>\n\n\n\n<p>Il est donc toujours demand\u00e9 aux d\u00e9clarants relevant du r\u00e9gime g\u00e9n\u00e9ral sur les mois de paie depuis mars 2023 et durant toute l&rsquo;ann\u00e9e 2024, de r\u00e9aliser syst\u00e9matiquement une DSIJ TPT, que le TPT soit d\u00e9clar\u00e9 en DSN ou non.<\/p>\n\n\n\n<p><em>Net-entreprises, actualit\u00e9 du 5 d\u00e9cembre 2023<\/em><\/p>\n\n\n\n<h2 style=\"color:#D10016\"><strong>Prime exceptionnelle de pouvoir d&rsquo;achat<\/strong><\/h2>\n\n\n\n<p>Une fiche sur les modalit\u00e9s d\u00e9claratives de la prime de pouvoir d&rsquo;achat exceptionnelle pour la fonction publique (PPAE-FP) a \u00e9t\u00e9 cr\u00e9\u00e9e. <\/p>\n\n\n\n<p><em>DSN-info, fiche n\u00b0 2654, cr\u00e9\u00e9e le 19 d\u00e9cembre 2023<\/em><\/p>\n","protected":false},"excerpt":{"rendered":"<p>D\u00e9clarer le bloc \u00ab&nbsp;Activit\u00e9&nbsp;\u00bb Une nouvelle fiche vient pr\u00e9ciser comment d\u00e9clarer le bloc \u00ab&nbsp;Activit\u00e9 \u2013 S21.G00.53&nbsp;\u00bb pour la fonction publique. Pour rappel, le bloc \u00ab Activit\u00e9 \u2013 S21.G00.53 \u00bb permet de d\u00e9clarer l\u2019activit\u00e9 r\u00e9alis\u00e9e au cours du mois. De ce fait, il convient de distinguer en DSN, pour la gestion des absences et de l\u2019activit\u00e9 [&hellip;]<\/p>\n","protected":false},"author":32,"featured_media":38719,"comment_status":"open","ping_status":"open","sticky":false,"template":"","format":"standard","meta":{"_acf_changed":false,"_mi_skip_tracking":false,"footnotes":""},"categories":[12,6],"tags":[],"class_list":["post-38705","post","type-post","status-publish","format-standard","has-post-thumbnail","hentry","category-actualites","category-fonction-publique"],"acf":[],"yoast_head":"<!-- This site is optimized with the Yoast SEO plugin v23.4 - https:\/\/yoast.com\/wordpress\/plugins\/seo\/ -->\n<title>DSN dans la fonction publique : les actualit\u00e9s de d\u00e9cembre 2023 - Le Blog GERESO<\/title>\n<meta name=\"robots\" content=\"index, follow, max-snippet:-1, max-image-preview:large, max-video-preview:-1\" \/>\n<link rel=\"canonical\" href=\"https:\/\/www.gereso.com\/actualites\/2024\/01\/09\/dsn-fonction-publique-actualites-decembre-2023\/\" \/>\n<meta property=\"og:locale\" content=\"fr_FR\" \/>\n<meta property=\"og:type\" content=\"article\" \/>\n<meta property=\"og:title\" content=\"DSN dans la fonction publique : les actualit\u00e9s de d\u00e9cembre 2023 - Le Blog GERESO\" \/>\n<meta property=\"og:description\" content=\"D\u00e9clarer le bloc \u00ab&nbsp;Activit\u00e9&nbsp;\u00bb Une nouvelle fiche vient pr\u00e9ciser comment d\u00e9clarer le bloc \u00ab&nbsp;Activit\u00e9 \u2013 S21.G00.53&nbsp;\u00bb pour la fonction publique. Pour rappel, le bloc \u00ab Activit\u00e9 \u2013 S21.G00.53 \u00bb permet de d\u00e9clarer l\u2019activit\u00e9 r\u00e9alis\u00e9e au cours du mois. De ce fait, il convient de distinguer en DSN, pour la gestion des absences et de l\u2019activit\u00e9 [&hellip;]\" \/>\n<meta property=\"og:url\" content=\"https:\/\/www.gereso.com\/actualites\/2024\/01\/09\/dsn-fonction-publique-actualites-decembre-2023\/\" \/>\n<meta property=\"og:site_name\" content=\"Le Blog GERESO\" \/>\n<meta property=\"article:published_time\" content=\"2024-01-09T16:33:44+00:00\" \/>\n<meta property=\"article:modified_time\" content=\"2024-01-09T16:33:46+00:00\" \/>\n<meta property=\"og:image\" content=\"https:\/\/www.gereso.com\/actualites\/wp-content\/uploads\/2024\/01\/dsn-fonction-publique-actualites-decembre-2023.jpg\" \/>\n\t<meta property=\"og:image:width\" content=\"600\" \/>\n\t<meta property=\"og:image:height\" content=\"400\" \/>\n\t<meta property=\"og:image:type\" content=\"image\/jpeg\" \/>\n<meta name=\"author\" content=\"\u00c9quipe GERESO\" \/>\n<meta name=\"twitter:card\" content=\"summary_large_image\" \/>\n<script type=\"application\/ld+json\" class=\"yoast-schema-graph\">{\"@context\":\"https:\/\/schema.org\",\"@graph\":[{\"@type\":\"WebPage\",\"@id\":\"https:\/\/www.gereso.com\/actualites\/2024\/01\/09\/dsn-fonction-publique-actualites-decembre-2023\/\",\"url\":\"https:\/\/www.gereso.com\/actualites\/2024\/01\/09\/dsn-fonction-publique-actualites-decembre-2023\/\",\"name\":\"DSN dans la fonction publique : les actualit\u00e9s de d\u00e9cembre 2023 - Le Blog GERESO\",\"isPartOf\":{\"@id\":\"https:\/\/www.gereso.com\/actualites\/#website\"},\"primaryImageOfPage\":{\"@id\":\"https:\/\/www.gereso.com\/actualites\/2024\/01\/09\/dsn-fonction-publique-actualites-decembre-2023\/#primaryimage\"},\"image\":{\"@id\":\"https:\/\/www.gereso.com\/actualites\/2024\/01\/09\/dsn-fonction-publique-actualites-decembre-2023\/#primaryimage\"},\"thumbnailUrl\":\"https:\/\/www.gereso.com\/actualites\/wp-content\/uploads\/2024\/01\/dsn-fonction-publique-actualites-decembre-2023.jpg\",\"datePublished\":\"2024-01-09T16:33:44+00:00\",\"dateModified\":\"2024-01-09T16:33:46+00:00\",\"author\":{\"@id\":\"https:\/\/www.gereso.com\/actualites\/#\/schema\/person\/197d8aef40cb4ae3f6a0aa9e1d3df2a6\"},\"breadcrumb\":{\"@id\":\"https:\/\/www.gereso.com\/actualites\/2024\/01\/09\/dsn-fonction-publique-actualites-decembre-2023\/#breadcrumb\"},\"inLanguage\":\"fr-FR\",\"potentialAction\":[{\"@type\":\"ReadAction\",\"target\":[\"https:\/\/www.gereso.com\/actualites\/2024\/01\/09\/dsn-fonction-publique-actualites-decembre-2023\/\"]}]},{\"@type\":\"ImageObject\",\"inLanguage\":\"fr-FR\",\"@id\":\"https:\/\/www.gereso.com\/actualites\/2024\/01\/09\/dsn-fonction-publique-actualites-decembre-2023\/#primaryimage\",\"url\":\"https:\/\/www.gereso.com\/actualites\/wp-content\/uploads\/2024\/01\/dsn-fonction-publique-actualites-decembre-2023.jpg\",\"contentUrl\":\"https:\/\/www.gereso.com\/actualites\/wp-content\/uploads\/2024\/01\/dsn-fonction-publique-actualites-decembre-2023.jpg\",\"width\":600,\"height\":400,\"caption\":\"DSN dans la fonction publique : les actualit\u00e9s de d\u00e9cembre 2023\"},{\"@type\":\"BreadcrumbList\",\"@id\":\"https:\/\/www.gereso.com\/actualites\/2024\/01\/09\/dsn-fonction-publique-actualites-decembre-2023\/#breadcrumb\",\"itemListElement\":[{\"@type\":\"ListItem\",\"position\":1,\"name\":\"Home\",\"item\":\"https:\/\/www.gereso.com\/actualites\/\"},{\"@type\":\"ListItem\",\"position\":2,\"name\":\"DSN dans la fonction publique : les actualit\u00e9s de d\u00e9cembre 2023\"}]},{\"@type\":\"WebSite\",\"@id\":\"https:\/\/www.gereso.com\/actualites\/#website\",\"url\":\"https:\/\/www.gereso.com\/actualites\/\",\"name\":\"Le Blog GERESO\",\"description\":\"Toute l&#039;actu RH, Finance, Fonction Publique, Management...\",\"potentialAction\":[{\"@type\":\"SearchAction\",\"target\":{\"@type\":\"EntryPoint\",\"urlTemplate\":\"https:\/\/www.gereso.com\/actualites\/?s={search_term_string}\"},\"query-input\":{\"@type\":\"PropertyValueSpecification\",\"valueRequired\":true,\"valueName\":\"search_term_string\"}}],\"inLanguage\":\"fr-FR\"},{\"@type\":\"Person\",\"@id\":\"https:\/\/www.gereso.com\/actualites\/#\/schema\/person\/197d8aef40cb4ae3f6a0aa9e1d3df2a6\",\"name\":\"\u00c9quipe GERESO\",\"image\":{\"@type\":\"ImageObject\",\"inLanguage\":\"fr-FR\",\"@id\":\"https:\/\/www.gereso.com\/actualites\/#\/schema\/person\/image\/\",\"url\":\"https:\/\/www.gereso.com\/actualites\/wp-content\/uploads\/2013\/12\/avatar-gereso-1.png\",\"contentUrl\":\"https:\/\/www.gereso.com\/actualites\/wp-content\/uploads\/2013\/12\/avatar-gereso-1.png\",\"caption\":\"\u00c9quipe GERESO\"},\"url\":\"https:\/\/www.gereso.com\/actualites\/author\/gereso\/\"}]}<\/script>\n<!-- \/ Yoast SEO plugin. -->","yoast_head_json":{"title":"DSN dans la fonction publique : les actualit\u00e9s de d\u00e9cembre 2023 - Le Blog GERESO","robots":{"index":"index","follow":"follow","max-snippet":"max-snippet:-1","max-image-preview":"max-image-preview:large","max-video-preview":"max-video-preview:-1"},"canonical":"https:\/\/www.gereso.com\/actualites\/2024\/01\/09\/dsn-fonction-publique-actualites-decembre-2023\/","og_locale":"fr_FR","og_type":"article","og_title":"DSN dans la fonction publique : les actualit\u00e9s de d\u00e9cembre 2023 - Le Blog GERESO","og_description":"D\u00e9clarer le bloc \u00ab&nbsp;Activit\u00e9&nbsp;\u00bb Une nouvelle fiche vient pr\u00e9ciser comment d\u00e9clarer le bloc \u00ab&nbsp;Activit\u00e9 \u2013 S21.G00.53&nbsp;\u00bb pour la fonction publique. Pour rappel, le bloc \u00ab Activit\u00e9 \u2013 S21.G00.53 \u00bb permet de d\u00e9clarer l\u2019activit\u00e9 r\u00e9alis\u00e9e au cours du mois. De ce fait, il convient de distinguer en DSN, pour la gestion des absences et de l\u2019activit\u00e9 [&hellip;]","og_url":"https:\/\/www.gereso.com\/actualites\/2024\/01\/09\/dsn-fonction-publique-actualites-decembre-2023\/","og_site_name":"Le Blog GERESO","article_published_time":"2024-01-09T16:33:44+00:00","article_modified_time":"2024-01-09T16:33:46+00:00","og_image":[{"width":600,"height":400,"url":"https:\/\/www.gereso.com\/actualites\/wp-content\/uploads\/2024\/01\/dsn-fonction-publique-actualites-decembre-2023.jpg","type":"image\/jpeg"}],"author":"\u00c9quipe GERESO","twitter_card":"summary_large_image","schema":{"@context":"https:\/\/schema.org","@graph":[{"@type":"WebPage","@id":"https:\/\/www.gereso.com\/actualites\/2024\/01\/09\/dsn-fonction-publique-actualites-decembre-2023\/","url":"https:\/\/www.gereso.com\/actualites\/2024\/01\/09\/dsn-fonction-publique-actualites-decembre-2023\/","name":"DSN dans la fonction publique : les actualit\u00e9s de d\u00e9cembre 2023 - Le Blog GERESO","isPartOf":{"@id":"https:\/\/www.gereso.com\/actualites\/#website"},"primaryImageOfPage":{"@id":"https:\/\/www.gereso.com\/actualites\/2024\/01\/09\/dsn-fonction-publique-actualites-decembre-2023\/#primaryimage"},"image":{"@id":"https:\/\/www.gereso.com\/actualites\/2024\/01\/09\/dsn-fonction-publique-actualites-decembre-2023\/#primaryimage"},"thumbnailUrl":"https:\/\/www.gereso.com\/actualites\/wp-content\/uploads\/2024\/01\/dsn-fonction-publique-actualites-decembre-2023.jpg","datePublished":"2024-01-09T16:33:44+00:00","dateModified":"2024-01-09T16:33:46+00:00","author":{"@id":"https:\/\/www.gereso.com\/actualites\/#\/schema\/person\/197d8aef40cb4ae3f6a0aa9e1d3df2a6"},"breadcrumb":{"@id":"https:\/\/www.gereso.com\/actualites\/2024\/01\/09\/dsn-fonction-publique-actualites-decembre-2023\/#breadcrumb"},"inLanguage":"fr-FR","potentialAction":[{"@type":"ReadAction","target":["https:\/\/www.gereso.com\/actualites\/2024\/01\/09\/dsn-fonction-publique-actualites-decembre-2023\/"]}]},{"@type":"ImageObject","inLanguage":"fr-FR","@id":"https:\/\/www.gereso.com\/actualites\/2024\/01\/09\/dsn-fonction-publique-actualites-decembre-2023\/#primaryimage","url":"https:\/\/www.gereso.com\/actualites\/wp-content\/uploads\/2024\/01\/dsn-fonction-publique-actualites-decembre-2023.jpg","contentUrl":"https:\/\/www.gereso.com\/actualites\/wp-content\/uploads\/2024\/01\/dsn-fonction-publique-actualites-decembre-2023.jpg","width":600,"height":400,"caption":"DSN dans la fonction publique : les actualit\u00e9s de d\u00e9cembre 2023"},{"@type":"BreadcrumbList","@id":"https:\/\/www.gereso.com\/actualites\/2024\/01\/09\/dsn-fonction-publique-actualites-decembre-2023\/#breadcrumb","itemListElement":[{"@type":"ListItem","position":1,"name":"Home","item":"https:\/\/www.gereso.com\/actualites\/"},{"@type":"ListItem","position":2,"name":"DSN dans la fonction publique : les actualit\u00e9s de d\u00e9cembre 2023"}]},{"@type":"WebSite","@id":"https:\/\/www.gereso.com\/actualites\/#website","url":"https:\/\/www.gereso.com\/actualites\/","name":"Le Blog GERESO","description":"Toute l&#039;actu RH, Finance, Fonction Publique, Management...","potentialAction":[{"@type":"SearchAction","target":{"@type":"EntryPoint","urlTemplate":"https:\/\/www.gereso.com\/actualites\/?s={search_term_string}"},"query-input":{"@type":"PropertyValueSpecification","valueRequired":true,"valueName":"search_term_string"}}],"inLanguage":"fr-FR"},{"@type":"Person","@id":"https:\/\/www.gereso.com\/actualites\/#\/schema\/person\/197d8aef40cb4ae3f6a0aa9e1d3df2a6","name":"\u00c9quipe GERESO","image":{"@type":"ImageObject","inLanguage":"fr-FR","@id":"https:\/\/www.gereso.com\/actualites\/#\/schema\/person\/image\/","url":"https:\/\/www.gereso.com\/actualites\/wp-content\/uploads\/2013\/12\/avatar-gereso-1.png","contentUrl":"https:\/\/www.gereso.com\/actualites\/wp-content\/uploads\/2013\/12\/avatar-gereso-1.png","caption":"\u00c9quipe GERESO"},"url":"https:\/\/www.gereso.com\/actualites\/author\/gereso\/"}]}},"_links":{"self":[{"href":"https:\/\/www.gereso.com\/actualites\/wp-json\/wp\/v2\/posts\/38705","targetHints":{"allow":["GET"]}}],"collection":[{"href":"https:\/\/www.gereso.com\/actualites\/wp-json\/wp\/v2\/posts"}],"about":[{"href":"https:\/\/www.gereso.com\/actualites\/wp-json\/wp\/v2\/types\/post"}],"author":[{"embeddable":true,"href":"https:\/\/www.gereso.com\/actualites\/wp-json\/wp\/v2\/users\/32"}],"replies":[{"embeddable":true,"href":"https:\/\/www.gereso.com\/actualites\/wp-json\/wp\/v2\/comments?post=38705"}],"version-history":[{"count":12,"href":"https:\/\/www.gereso.com\/actualites\/wp-json\/wp\/v2\/posts\/38705\/revisions"}],"predecessor-version":[{"id":38723,"href":"https:\/\/www.gereso.com\/actualites\/wp-json\/wp\/v2\/posts\/38705\/revisions\/38723"}],"wp:featuredmedia":[{"embeddable":true,"href":"https:\/\/www.gereso.com\/actualites\/wp-json\/wp\/v2\/media\/38719"}],"wp:attachment":[{"href":"https:\/\/www.gereso.com\/actualites\/wp-json\/wp\/v2\/media?parent=38705"}],"wp:term":[{"taxonomy":"category","embeddable":true,"href":"https:\/\/www.gereso.com\/actualites\/wp-json\/wp\/v2\/categories?post=38705"},{"taxonomy":"post_tag","embeddable":true,"href":"https:\/\/www.gereso.com\/actualites\/wp-json\/wp\/v2\/tags?post=38705"}],"curies":[{"name":"wp","href":"https:\/\/api.w.org\/{rel}","templated":true}]}}